{"id":68611,"date":"2026-05-01T00:04:59","date_gmt":"2026-05-01T03:04:59","guid":{"rendered":"https:\/\/www.p31noticias.com.br\/?p=68611"},"modified":"2026-05-01T00:06:22","modified_gmt":"2026-05-01T03:06:22","slug":"apos-reuniao-com-banco-central-governadora-celina-leao-destaca-que-brb-tem-solucao-tecnica-para-momento-atual","status":"publish","type":"post","link":"https:\/\/www.p31noticias.com.br\/?p=68611","title":{"rendered":"Ap\u00f3s reuni\u00e3o com Banco Central, governadora Celina Le\u00e3o destaca que BRB tem solu\u00e7\u00e3o t\u00e9cnica para momento atual"},"content":{"rendered":"<p style=\"text-align: justify;\"><em><strong>Chefe do Executivo destacou que clientes podem ficar tranquilos e que banco segue s\u00f3lido<\/strong><\/em><\/p>\n<p style=\"text-align: justify;\">A governadora Celina Le\u00e3o afirmou, nesta quinta-feira (30), que o Banco de Bras\u00edlia (BRB) tem solu\u00e7\u00f5es t\u00e9cnicas em andamento para o momento atual e que os clientes podem permanecer tranquilos. A declara\u00e7\u00e3o foi dada ap\u00f3s reuni\u00e3o com o presidente do Banco Central, Gabriel Gal\u00edpolo; o secret\u00e1rio de Economia, Valdino Oliveira; e o presidente do BRB, Nelson Ant\u00f4nio de Souza.<\/p>\n<p style=\"text-align: justify;\">Segundo a governadora, o encontro tratou de quest\u00f5es t\u00e9cnicas relacionadas ao banco, com foco na estabilidade da institui\u00e7\u00e3o e na continuidade dos servi\u00e7os prestados \u00e0 popula\u00e7\u00e3o. \u201cO BRB n\u00e3o vai ter nenhum problema de liquida\u00e7\u00e3o. N\u00f3s j\u00e1 estamos em encaminhamento com a solu\u00e7\u00e3o t\u00e9cnica e, com certeza, o problema do BRB est\u00e1 sendo resolvido. A solu\u00e7\u00e3o \u00e9 t\u00e9cnica\u201d, afirmou Celina Le\u00e3o.<\/p>\n<div class=\"text-content\" style=\"text-align: justify;\">\n<p>Ela ressaltou que, por se tratar de um tema sens\u00edvel ao mercado financeiro, alguns detalhes n\u00e3o podem ser divulgados neste momento. Ainda assim, refor\u00e7ou que o cen\u00e1rio \u00e9 positivo e que o banco seguir\u00e1 operando normalmente: \u201cO que nos deixa mais tranquilos \u00e9 que temos solu\u00e7\u00f5es. Nenhum correntista, ningu\u00e9m que tem conta no BRB precisa ficar preocupado\u201d.<\/p>\n<\/div>\n<div class=\"text-content\">\n<p style=\"text-align: justify;\">A reuni\u00e3o foi solicitada pelo Governo do Distrito Federal e abordou diferentes aspectos da atua\u00e7\u00e3o do banco, incluindo temas estrat\u00e9gicos e financeiros. Ao final, a governadora refor\u00e7ou a confian\u00e7a na capacidade de recupera\u00e7\u00e3o e fortalecimento da institui\u00e7\u00e3o: \u201cO BRB \u00e9 um banco s\u00f3lido e vai sair desse momento da melhor forma poss\u00edvel\u201d.<\/p>\n<p style=\"text-align: justify;\"><em><strong>Ag\u00eancia Bras\u00edlia<\/strong><\/em><\/p>\n<\/div>\n","protected":false},"excerpt":{"rendered":"<p>Chefe do Executivo destacou que clientes podem ficar tranquilos e que banco segue s\u00f3lido A governadora Celina Le\u00e3o afirmou, nesta quinta-feira (30), que o Banco de Bras\u00edlia (BRB) tem solu\u00e7\u00f5es t\u00e9cnicas em andamento para o momento atual e que os clientes podem permanecer tranquilos. A declara\u00e7\u00e3o foi dada ap\u00f3s reuni\u00e3o com o presidente do Banco [&hellip;]<\/p>\n","protected":false},"author":2,"featured_media":68612,"comment_status":"open","ping_status":"closed","sticky":false,"template":"","format":"standard","meta":{"footnotes":""},"categories":[21,3307,637,57],"tags":[],"class_list":{"0":"post-68611","1":"post","2":"type-post","3":"status-publish","4":"format-standard","5":"has-post-thumbnail","7":"category-brasilia","8":"category-direito-e-justica","9":"category-economia","10":"category-politica"},"yoast_head":"<!-- This site is optimized with the Yoast SEO Premium plugin v24.5 (Yoast SEO v27.5) - https:\/\/yoast.com\/product\/yoast-seo-premium-wordpress\/ -->\n<title>Ap\u00f3s reuni\u00e3o com Banco Central, governadora Celina Le\u00e3o destaca que BRB tem solu\u00e7\u00e3o t\u00e9cnica para momento atual - P31<\/title>\n<meta name=\"robots\" content=\"index, follow, max-snippet:-1, max-image-preview:large, max-video-preview:-1\" \/>\n<link rel=\"canonical\" href=\"https:\/\/www.p31noticias.com.br\/?p=68611\" \/>\n<meta property=\"og:locale\" content=\"pt_BR\" \/>\n<meta property=\"og:type\" content=\"article\" \/>\n<meta property=\"og:title\" content=\"Ap\u00f3s reuni\u00e3o com Banco Central, governadora Celina Le\u00e3o destaca que BRB tem solu\u00e7\u00e3o t\u00e9cnica para momento atual\" \/>\n<meta property=\"og:description\" content=\"Chefe do Executivo destacou que clientes podem ficar tranquilos e que banco segue s\u00f3lido A governadora Celina Le\u00e3o afirmou, nesta quinta-feira (30), que o Banco de Bras\u00edlia (BRB) tem solu\u00e7\u00f5es t\u00e9cnicas em andamento para o momento atual e que os clientes podem permanecer tranquilos. A declara\u00e7\u00e3o foi dada ap\u00f3s reuni\u00e3o com o presidente do Banco [&hellip;]\" \/>\n<meta property=\"og:url\" content=\"https:\/\/www.p31noticias.com.br\/?p=68611\" \/>\n<meta property=\"og:site_name\" content=\"P31\" \/>\n<meta property=\"article:published_time\" content=\"2026-05-01T03:04:59+00:00\" \/>\n<meta property=\"article:modified_time\" content=\"2026-05-01T03:06:22+00:00\" \/>\n<meta property=\"og:image\" content=\"https:\/\/www.p31noticias.com.br\/wp-content\/uploads\/2026\/04\/Capa-287.jpg\" \/>\n\t<meta property=\"og:image:width\" content=\"1181\" \/>\n\t<meta property=\"og:image:height\" content=\"787\" \/>\n\t<meta property=\"og:image:type\" content=\"image\/jpeg\" \/>\n<meta name=\"author\" content=\"Gon\u00e7alves Junior\" \/>\n<meta name=\"twitter:card\" content=\"summary_large_image\" \/>\n<meta name=\"twitter:label1\" content=\"Escrito por\" \/>\n\t<meta name=\"twitter:data1\" content=\"Gon\u00e7alves Junior\" \/>\n\t<meta name=\"twitter:label2\" content=\"Est. tempo de leitura\" \/>\n\t<meta name=\"twitter:data2\" content=\"2 minutos\" \/>\n<script type=\"application\/ld+json\" class=\"yoast-schema-graph\">{\"@context\":\"https:\\\/\\\/schema.org\",\"@graph\":[{\"@type\":\"Article\",\"@id\":\"https:\\\/\\\/www.p31noticias.com.br\\\/?p=68611#article\",\"isPartOf\":{\"@id\":\"https:\\\/\\\/www.p31noticias.com.br\\\/?p=68611\"},\"author\":{\"name\":\"Gon\u00e7alves Junior\",\"@id\":\"https:\\\/\\\/www.p31noticias.com.br\\\/#\\\/schema\\\/person\\\/95f2ece30e3b4132065b915150cd0f94\"},\"headline\":\"Ap\u00f3s reuni\u00e3o com Banco Central, governadora Celina Le\u00e3o destaca que BRB tem solu\u00e7\u00e3o t\u00e9cnica para momento atual\",\"datePublished\":\"2026-05-01T03:04:59+00:00\",\"dateModified\":\"2026-05-01T03:06:22+00:00\",\"mainEntityOfPage\":{\"@id\":\"https:\\\/\\\/www.p31noticias.com.br\\\/?p=68611\"},\"wordCount\":302,\"commentCount\":0,\"image\":{\"@id\":\"https:\\\/\\\/www.p31noticias.com.br\\\/?p=68611#primaryimage\"},\"thumbnailUrl\":\"https:\\\/\\\/www.p31noticias.com.br\\\/wp-content\\\/uploads\\\/2026\\\/04\\\/Capa-287.jpg\",\"articleSection\":[\"Bras\u00edlia\",\"Direito e Justi\u00e7a\",\"Economia\",\"Pol\u00edtica\"],\"inLanguage\":\"pt-BR\",\"potentialAction\":[{\"@type\":\"CommentAction\",\"name\":\"Comment\",\"target\":[\"https:\\\/\\\/www.p31noticias.com.br\\\/?p=68611#respond\"]}],\"copyrightYear\":\"2026\",\"copyrightHolder\":{\"@id\":\"https:\\\/\\\/www.p31noticias.com.br\\\/#organization\"}},{\"@type\":\"WebPage\",\"@id\":\"https:\\\/\\\/www.p31noticias.com.br\\\/?p=68611\",\"url\":\"https:\\\/\\\/www.p31noticias.com.br\\\/?p=68611\",\"name\":\"Ap\u00f3s reuni\u00e3o com Banco Central, governadora Celina Le\u00e3o destaca que BRB tem solu\u00e7\u00e3o t\u00e9cnica para momento atual - P31\",\"isPartOf\":{\"@id\":\"https:\\\/\\\/www.p31noticias.com.br\\\/#website\"},\"primaryImageOfPage\":{\"@id\":\"https:\\\/\\\/www.p31noticias.com.br\\\/?p=68611#primaryimage\"},\"image\":{\"@id\":\"https:\\\/\\\/www.p31noticias.com.br\\\/?p=68611#primaryimage\"},\"thumbnailUrl\":\"https:\\\/\\\/www.p31noticias.com.br\\\/wp-content\\\/uploads\\\/2026\\\/04\\\/Capa-287.jpg\",\"datePublished\":\"2026-05-01T03:04:59+00:00\",\"dateModified\":\"2026-05-01T03:06:22+00:00\",\"author\":{\"@id\":\"https:\\\/\\\/www.p31noticias.com.br\\\/#\\\/schema\\\/person\\\/95f2ece30e3b4132065b915150cd0f94\"},\"breadcrumb\":{\"@id\":\"https:\\\/\\\/www.p31noticias.com.br\\\/?p=68611#breadcrumb\"},\"inLanguage\":\"pt-BR\",\"potentialAction\":[{\"@type\":\"ReadAction\",\"target\":[\"https:\\\/\\\/www.p31noticias.com.br\\\/?p=68611\"]}]},{\"@type\":\"ImageObject\",\"inLanguage\":\"pt-BR\",\"@id\":\"https:\\\/\\\/www.p31noticias.com.br\\\/?p=68611#primaryimage\",\"url\":\"https:\\\/\\\/www.p31noticias.com.br\\\/wp-content\\\/uploads\\\/2026\\\/04\\\/Capa-287.jpg\",\"contentUrl\":\"https:\\\/\\\/www.p31noticias.com.br\\\/wp-content\\\/uploads\\\/2026\\\/04\\\/Capa-287.jpg\",\"width\":1181,\"height\":787},{\"@type\":\"BreadcrumbList\",\"@id\":\"https:\\\/\\\/www.p31noticias.com.br\\\/?p=68611#breadcrumb\",\"itemListElement\":[{\"@type\":\"ListItem\",\"position\":1,\"name\":\"In\u00edcio\",\"item\":\"https:\\\/\\\/www.p31noticias.com.br\\\/\"},{\"@type\":\"ListItem\",\"position\":2,\"name\":\"Ap\u00f3s reuni\u00e3o com Banco Central, governadora Celina Le\u00e3o destaca que BRB tem solu\u00e7\u00e3o t\u00e9cnica para momento atual\"}]},{\"@type\":\"WebSite\",\"@id\":\"https:\\\/\\\/www.p31noticias.com.br\\\/#website\",\"url\":\"https:\\\/\\\/www.p31noticias.com.br\\\/\",\"name\":\"P31\",\"description\":\"NOT\u00cdCIAS\",\"potentialAction\":[{\"@type\":\"SearchAction\",\"target\":{\"@type\":\"EntryPoint\",\"urlTemplate\":\"https:\\\/\\\/www.p31noticias.com.br\\\/?s={search_term_string}\"},\"query-input\":{\"@type\":\"PropertyValueSpecification\",\"valueRequired\":true,\"valueName\":\"search_term_string\"}}],\"inLanguage\":\"pt-BR\"},{\"@type\":\"Person\",\"@id\":\"https:\\\/\\\/www.p31noticias.com.br\\\/#\\\/schema\\\/person\\\/95f2ece30e3b4132065b915150cd0f94\",\"name\":\"Gon\u00e7alves Junior\",\"image\":{\"@type\":\"ImageObject\",\"inLanguage\":\"pt-BR\",\"@id\":\"https:\\\/\\\/secure.gravatar.com\\\/avatar\\\/6711f350116a89762687a48d66f723c799e5438a5b7578508d4294cd7a5d0800?s=96&d=mm&r=g\",\"url\":\"https:\\\/\\\/secure.gravatar.com\\\/avatar\\\/6711f350116a89762687a48d66f723c799e5438a5b7578508d4294cd7a5d0800?s=96&d=mm&r=g\",\"contentUrl\":\"https:\\\/\\\/secure.gravatar.com\\\/avatar\\\/6711f350116a89762687a48d66f723c799e5438a5b7578508d4294cd7a5d0800?s=96&d=mm&r=g\",\"caption\":\"Gon\u00e7alves Junior\"},\"url\":\"https:\\\/\\\/www.p31noticias.com.br\\\/?author=2\"}]}<\/script>\n<!-- \/ Yoast SEO Premium plugin. -->","yoast_head_json":{"title":"Ap\u00f3s reuni\u00e3o com Banco Central, governadora Celina Le\u00e3o destaca que BRB tem solu\u00e7\u00e3o t\u00e9cnica para momento atual - P31","robots":{"index":"index","follow":"follow","max-snippet":"max-snippet:-1","max-image-preview":"max-image-preview:large","max-video-preview":"max-video-preview:-1"},"canonical":"https:\/\/www.p31noticias.com.br\/?p=68611","og_locale":"pt_BR","og_type":"article","og_title":"Ap\u00f3s reuni\u00e3o com Banco Central, governadora Celina Le\u00e3o destaca que BRB tem solu\u00e7\u00e3o t\u00e9cnica para momento atual","og_description":"Chefe do Executivo destacou que clientes podem ficar tranquilos e que banco segue s\u00f3lido A governadora Celina Le\u00e3o afirmou, nesta quinta-feira (30), que o Banco de Bras\u00edlia (BRB) tem solu\u00e7\u00f5es t\u00e9cnicas em andamento para o momento atual e que os clientes podem permanecer tranquilos. A declara\u00e7\u00e3o foi dada ap\u00f3s reuni\u00e3o com o presidente do Banco [&hellip;]","og_url":"https:\/\/www.p31noticias.com.br\/?p=68611","og_site_name":"P31","article_published_time":"2026-05-01T03:04:59+00:00","article_modified_time":"2026-05-01T03:06:22+00:00","og_image":[{"width":1181,"height":787,"url":"https:\/\/www.p31noticias.com.br\/wp-content\/uploads\/2026\/04\/Capa-287.jpg","type":"image\/jpeg"}],"author":"Gon\u00e7alves Junior","twitter_card":"summary_large_image","twitter_misc":{"Escrito por":"Gon\u00e7alves Junior","Est. tempo de leitura":"2 minutos"},"schema":{"@context":"https:\/\/schema.org","@graph":[{"@type":"Article","@id":"https:\/\/www.p31noticias.com.br\/?p=68611#article","isPartOf":{"@id":"https:\/\/www.p31noticias.com.br\/?p=68611"},"author":{"name":"Gon\u00e7alves Junior","@id":"https:\/\/www.p31noticias.com.br\/#\/schema\/person\/95f2ece30e3b4132065b915150cd0f94"},"headline":"Ap\u00f3s reuni\u00e3o com Banco Central, governadora Celina Le\u00e3o destaca que BRB tem solu\u00e7\u00e3o t\u00e9cnica para momento atual","datePublished":"2026-05-01T03:04:59+00:00","dateModified":"2026-05-01T03:06:22+00:00","mainEntityOfPage":{"@id":"https:\/\/www.p31noticias.com.br\/?p=68611"},"wordCount":302,"commentCount":0,"image":{"@id":"https:\/\/www.p31noticias.com.br\/?p=68611#primaryimage"},"thumbnailUrl":"https:\/\/www.p31noticias.com.br\/wp-content\/uploads\/2026\/04\/Capa-287.jpg","articleSection":["Bras\u00edlia","Direito e Justi\u00e7a","Economia","Pol\u00edtica"],"inLanguage":"pt-BR","potentialAction":[{"@type":"CommentAction","name":"Comment","target":["https:\/\/www.p31noticias.com.br\/?p=68611#respond"]}],"copyrightYear":"2026","copyrightHolder":{"@id":"https:\/\/www.p31noticias.com.br\/#organization"}},{"@type":"WebPage","@id":"https:\/\/www.p31noticias.com.br\/?p=68611","url":"https:\/\/www.p31noticias.com.br\/?p=68611","name":"Ap\u00f3s reuni\u00e3o com Banco Central, governadora Celina Le\u00e3o destaca que BRB tem solu\u00e7\u00e3o t\u00e9cnica para momento atual - P31","isPartOf":{"@id":"https:\/\/www.p31noticias.com.br\/#website"},"primaryImageOfPage":{"@id":"https:\/\/www.p31noticias.com.br\/?p=68611#primaryimage"},"image":{"@id":"https:\/\/www.p31noticias.com.br\/?p=68611#primaryimage"},"thumbnailUrl":"https:\/\/www.p31noticias.com.br\/wp-content\/uploads\/2026\/04\/Capa-287.jpg","datePublished":"2026-05-01T03:04:59+00:00","dateModified":"2026-05-01T03:06:22+00:00","author":{"@id":"https:\/\/www.p31noticias.com.br\/#\/schema\/person\/95f2ece30e3b4132065b915150cd0f94"},"breadcrumb":{"@id":"https:\/\/www.p31noticias.com.br\/?p=68611#breadcrumb"},"inLanguage":"pt-BR","potentialAction":[{"@type":"ReadAction","target":["https:\/\/www.p31noticias.com.br\/?p=68611"]}]},{"@type":"ImageObject","inLanguage":"pt-BR","@id":"https:\/\/www.p31noticias.com.br\/?p=68611#primaryimage","url":"https:\/\/www.p31noticias.com.br\/wp-content\/uploads\/2026\/04\/Capa-287.jpg","contentUrl":"https:\/\/www.p31noticias.com.br\/wp-content\/uploads\/2026\/04\/Capa-287.jpg","width":1181,"height":787},{"@type":"BreadcrumbList","@id":"https:\/\/www.p31noticias.com.br\/?p=68611#breadcrumb","itemListElement":[{"@type":"ListItem","position":1,"name":"In\u00edcio","item":"https:\/\/www.p31noticias.com.br\/"},{"@type":"ListItem","position":2,"name":"Ap\u00f3s reuni\u00e3o com Banco Central, governadora Celina Le\u00e3o destaca que BRB tem solu\u00e7\u00e3o t\u00e9cnica para momento atual"}]},{"@type":"WebSite","@id":"https:\/\/www.p31noticias.com.br\/#website","url":"https:\/\/www.p31noticias.com.br\/","name":"P31","description":"NOT\u00cdCIAS","potentialAction":[{"@type":"SearchAction","target":{"@type":"EntryPoint","urlTemplate":"https:\/\/www.p31noticias.com.br\/?s={search_term_string}"},"query-input":{"@type":"PropertyValueSpecification","valueRequired":true,"valueName":"search_term_string"}}],"inLanguage":"pt-BR"},{"@type":"Person","@id":"https:\/\/www.p31noticias.com.br\/#\/schema\/person\/95f2ece30e3b4132065b915150cd0f94","name":"Gon\u00e7alves Junior","image":{"@type":"ImageObject","inLanguage":"pt-BR","@id":"https:\/\/secure.gravatar.com\/avatar\/6711f350116a89762687a48d66f723c799e5438a5b7578508d4294cd7a5d0800?s=96&d=mm&r=g","url":"https:\/\/secure.gravatar.com\/avatar\/6711f350116a89762687a48d66f723c799e5438a5b7578508d4294cd7a5d0800?s=96&d=mm&r=g","contentUrl":"https:\/\/secure.gravatar.com\/avatar\/6711f350116a89762687a48d66f723c799e5438a5b7578508d4294cd7a5d0800?s=96&d=mm&r=g","caption":"Gon\u00e7alves Junior"},"url":"https:\/\/www.p31noticias.com.br\/?author=2"}]}},"amp_enabled":true,"_links":{"self":[{"href":"https:\/\/www.p31noticias.com.br\/index.php?rest_route=\/wp\/v2\/posts\/68611","targetHints":{"allow":["GET"]}}],"collection":[{"href":"https:\/\/www.p31noticias.com.br\/index.php?rest_route=\/wp\/v2\/posts"}],"about":[{"href":"https:\/\/www.p31noticias.com.br\/index.php?rest_route=\/wp\/v2\/types\/post"}],"author":[{"embeddable":true,"href":"https:\/\/www.p31noticias.com.br\/index.php?rest_route=\/wp\/v2\/users\/2"}],"replies":[{"embeddable":true,"href":"https:\/\/www.p31noticias.com.br\/index.php?rest_route=%2Fwp%2Fv2%2Fcomments&post=68611"}],"version-history":[{"count":1,"href":"https:\/\/www.p31noticias.com.br\/index.php?rest_route=\/wp\/v2\/posts\/68611\/revisions"}],"predecessor-version":[{"id":68613,"href":"https:\/\/www.p31noticias.com.br\/index.php?rest_route=\/wp\/v2\/posts\/68611\/revisions\/68613"}],"wp:featuredmedia":[{"embeddable":true,"href":"https:\/\/www.p31noticias.com.br\/index.php?rest_route=\/wp\/v2\/media\/68612"}],"wp:attachment":[{"href":"https:\/\/www.p31noticias.com.br\/index.php?rest_route=%2Fwp%2Fv2%2Fmedia&parent=68611"}],"wp:term":[{"taxonomy":"category","embeddable":true,"href":"https:\/\/www.p31noticias.com.br\/index.php?rest_route=%2Fwp%2Fv2%2Fcategories&post=68611"},{"taxonomy":"post_tag","embeddable":true,"href":"https:\/\/www.p31noticias.com.br\/index.php?rest_route=%2Fwp%2Fv2%2Ftags&post=68611"}],"curies":[{"name":"wp","href":"https:\/\/api.w.org\/{rel}","templated":true}]}}