{"id":68608,"date":"2026-04-30T23:58:35","date_gmt":"2026-05-01T02:58:35","guid":{"rendered":"https:\/\/www.p31noticias.com.br\/?p=68608"},"modified":"2026-04-30T23:58:35","modified_gmt":"2026-05-01T02:58:35","slug":"dolar-cai-para-r-495-e-fecha-no-menor-valor-em-dois-anos","status":"publish","type":"post","link":"https:\/\/www.p31noticias.com.br\/?p=68608","title":{"rendered":"D\u00f3lar cai para R$ 4,95 e fecha no menor valor em dois anos"},"content":{"rendered":"<p style=\"text-align: justify;\"><em><strong>Bolsa recupera-se ap\u00f3s seis quedas seguidas e sobe 1,39%<\/strong><\/em><\/p>\n<p style=\"text-align: justify;\">O mercado financeiro brasileiro encerrou abril em clima de euforia.\u00a0<strong>Beneficiado pelo cen\u00e1rio externo e pelo tom duro do comunicado do Comit\u00ea de Pol\u00edtica Monet\u00e1ria (Copom), o d\u00f3lar caiu com for\u00e7a e fechou no menor n\u00edvel em mais de dois anos.\u00a0<\/strong><img decoding=\"async\" src=\"https:\/\/agenciabrasil.ebc.com.br\/ebc.png?id=1688043&amp;o=node\" \/><img decoding=\"async\" src=\"https:\/\/agenciabrasil.ebc.com.br\/ebc.gif?id=1688043&amp;o=node\" \/><\/p>\n<p style=\"text-align: justify;\"><strong>A bolsa subiu ap\u00f3s seis quedas seguidas, em meio ao apetite global por risco que favoreceu pa\u00edses emergentes como o Brasil.<\/strong><\/p>\n<p style=\"text-align: justify;\">Esse ambiente mais favor\u00e1vel levou a uma combina\u00e7\u00e3o t\u00edpica de entrada de capital estrangeiro: investidores venderam d\u00f3lares e direcionaram recursos para ativos brasileiros, como a\u00e7\u00f5es.\u00a0<strong>O d\u00f3lar comercial fechou a sess\u00e3o desta quinta-feira (30) cotado a R$ 4,952, em queda de R$ 0,049 (-0,99%). A cota\u00e7\u00e3o atingiu o menor n\u00edvel desde 7 de mar\u00e7o de 2024.<\/strong><\/p>\n<p style=\"text-align: justify;\">Ao longo de abril, a moeda estadunidense acumulou desvaloriza\u00e7\u00e3o de 4,38% frente ao real. No ano, a queda est\u00e1 em 9,77%, colocando o real entre as moedas com melhor desempenho no per\u00edodo.<\/p>\n<p style=\"text-align: justify;\">O movimento reflete, em grande medida, a perda de for\u00e7a global do d\u00f3lar, observada tamb\u00e9m em outros mercados, al\u00e9m do redirecionamento de investimentos para economias com juros mais elevados.<\/p>\n<p style=\"text-align: justify;\">No caso brasileiro, mesmo com o in\u00edcio de um ciclo de cortes, a taxa b\u00e1sica de juros permanece em patamar alto. Na quarta-feira (29), o Banco Central\u00a0<a href=\"https:\/\/agenciabrasil.ebc.com.br\/economia\/noticia\/2026-04\/banco-central-reduz-juros-basicos-para-145-ao-ano\">reduziu a Selic para 14,50% ao ano<\/a>, mas indicou cautela quanto aos pr\u00f3ximos passos, diante de riscos inflacion\u00e1rios.<\/p>\n<p style=\"text-align: justify;\">Nos Estados Unidos, o Federal Reserve manteve os juros entre 3,50% e 3,75%, ampliando o diferencial de taxas entre os dois pa\u00edses. Esse diferencial \u00e9 um dos principais fatores que sustentam a valoriza\u00e7\u00e3o do real, ao tornar o Brasil mais atrativo para investidores em busca de rendimento.<\/p>\n<p style=\"text-align: justify;\"><strong>O euro comercial tamb\u00e9m teve forte recuo nesta quinta, fechando a R$ 5,811, com queda de 0,48%. A divisa est\u00e1 no valor mais baixo desde 24 de junho de 2024.<\/strong><\/p>\n<h2 style=\"text-align: justify;\">Ibovespa<\/h2>\n<p style=\"text-align: justify;\"><strong>O dia foi marcado pela recupera\u00e7\u00e3o no mercado de a\u00e7\u00f5es. O \u00edndice Ibovespa, da B3, fechou esta quinta aos 187.318 pontos, com alta de 1,39%.<\/strong><\/p>\n<p style=\"text-align: justify;\">O ganho foi influenciado tanto pelo fluxo estrangeiro quanto pela reavalia\u00e7\u00e3o das expectativas para a pol\u00edtica monet\u00e1ria. Com a indica\u00e7\u00e3o de cortes mais graduais da Selic, cresce a percep\u00e7\u00e3o de estabilidade econ\u00f4mica, o que tende a favorecer o mercado de a\u00e7\u00f5es.<\/p>\n<p style=\"text-align: justify;\">Apesar da alta desta quinta, o \u00edndice terminou o m\u00eas praticamente est\u00e1vel, ap\u00f3s uma sequ\u00eancia recente de quedas que apagou parte dos ganhos anteriores.<\/p>\n<p style=\"text-align: justify;\">No cen\u00e1rio dom\u00e9stico, os investidores tamb\u00e9m acompanharam dados econ\u00f4micos e decis\u00f5es pol\u00edticas, embora com impacto limitado sobre os pre\u00e7os. Indicadores do mercado de trabalho mostraram resili\u00eancia da economia, refor\u00e7ando a leitura de que h\u00e1 menos espa\u00e7o para cortes agressivos de juros no curto prazo.<\/p>\n<h2 style=\"text-align: justify;\">Petr\u00f3leo<\/h2>\n<p style=\"text-align: justify;\"><strong>O comportamento do petr\u00f3leo continuou sendo um fator relevante para os mercados globais.\u00a0<\/strong>A\u00a0<em>commodity\u00a0<\/em>(bem prim\u00e1rio com cota\u00e7\u00e3o internacional) teve um dia de forte volatilidade, influenciada pelas tens\u00f5es geopol\u00edticas no Oriente M\u00e9dio.<\/p>\n<p style=\"text-align: justify;\">Os pre\u00e7os chegaram a subir de forma significativa durante o preg\u00e3o, superando os US$ 120, mas perderam for\u00e7a ao longo do dia.<\/p>\n<p style=\"text-align: justify;\">O barril do tipo Brent, refer\u00eancia para a Petrobras, encerrou em US$ 110,40, praticamente est\u00e1vel. O barril WTI, do Texas, usado nas negocia\u00e7\u00f5es nos Estados Unidos, ficou em US$ 105,07, com queda de 1,69%.<\/p>\n<p style=\"text-align: justify;\">As oscila\u00e7\u00f5es refletem incertezas sobre o fornecimento global, especialmente diante das tens\u00f5es envolvendo Estados Unidos, Ir\u00e3 e Israel, al\u00e9m das restri\u00e7\u00f5es no Estreito de Hormuz, uma das principais rotas do petr\u00f3leo no mundo. Mesmo com recuos pontuais, os pre\u00e7os ainda permanecem elevados, o que mant\u00e9m press\u00e3o sobre a infla\u00e7\u00e3o global e influencia decis\u00f5es de pol\u00edtica monet\u00e1ria.<\/p>\n<p style=\"text-align: justify;\"><strong><em>\u00a0Com informa\u00e7\u00f5es da Reuters<\/em><\/strong><\/p>\n","protected":false},"excerpt":{"rendered":"<p>Bolsa recupera-se ap\u00f3s seis quedas seguidas e sobe 1,39% O mercado financeiro brasileiro encerrou abril em clima de euforia.\u00a0Beneficiado pelo cen\u00e1rio externo e pelo tom duro do comunicado do Comit\u00ea de Pol\u00edtica Monet\u00e1ria (Copom), o d\u00f3lar caiu com for\u00e7a e fechou no menor n\u00edvel em mais de dois anos.\u00a0 A bolsa subiu ap\u00f3s seis quedas [&hellip;]<\/p>\n","protected":false},"author":2,"featured_media":68609,"comment_status":"open","ping_status":"closed","sticky":false,"template":"","format":"standard","meta":{"footnotes":""},"categories":[68,637],"tags":[],"class_list":{"0":"post-68608","1":"post","2":"type-post","3":"status-publish","4":"format-standard","5":"has-post-thumbnail","7":"category-brasil","8":"category-economia"},"yoast_head":"<!-- This site is optimized with the Yoast SEO Premium plugin v24.5 (Yoast SEO v27.5) - https:\/\/yoast.com\/product\/yoast-seo-premium-wordpress\/ -->\n<title>D\u00f3lar cai para R$ 4,95 e fecha no menor valor em dois anos - P31<\/title>\n<meta name=\"robots\" content=\"index, follow, max-snippet:-1, max-image-preview:large, max-video-preview:-1\" \/>\n<link rel=\"canonical\" href=\"https:\/\/www.p31noticias.com.br\/?p=68608\" \/>\n<meta property=\"og:locale\" content=\"pt_BR\" \/>\n<meta property=\"og:type\" content=\"article\" \/>\n<meta property=\"og:title\" content=\"D\u00f3lar cai para R$ 4,95 e fecha no menor valor em dois anos\" \/>\n<meta property=\"og:description\" content=\"Bolsa recupera-se ap\u00f3s seis quedas seguidas e sobe 1,39% O mercado financeiro brasileiro encerrou abril em clima de euforia.\u00a0Beneficiado pelo cen\u00e1rio externo e pelo tom duro do comunicado do Comit\u00ea de Pol\u00edtica Monet\u00e1ria (Copom), o d\u00f3lar caiu com for\u00e7a e fechou no menor n\u00edvel em mais de dois anos.\u00a0 A bolsa subiu ap\u00f3s seis quedas [&hellip;]\" \/>\n<meta property=\"og:url\" content=\"https:\/\/www.p31noticias.com.br\/?p=68608\" \/>\n<meta property=\"og:site_name\" content=\"P31\" \/>\n<meta property=\"article:published_time\" content=\"2026-05-01T02:58:35+00:00\" \/>\n<meta property=\"og:image\" content=\"https:\/\/www.p31noticias.com.br\/wp-content\/uploads\/2026\/04\/dolar_moeda_0803221210-1.webp\" \/>\n\t<meta property=\"og:image:width\" content=\"390\" \/>\n\t<meta property=\"og:image:height\" content=\"240\" \/>\n\t<meta property=\"og:image:type\" content=\"image\/webp\" \/>\n<meta name=\"author\" content=\"Gon\u00e7alves Junior\" \/>\n<meta name=\"twitter:card\" content=\"summary_large_image\" \/>\n<meta name=\"twitter:label1\" content=\"Escrito por\" \/>\n\t<meta name=\"twitter:data1\" content=\"Gon\u00e7alves Junior\" \/>\n\t<meta name=\"twitter:label2\" content=\"Est. tempo de leitura\" \/>\n\t<meta name=\"twitter:data2\" content=\"4 minutos\" \/>\n<script type=\"application\/ld+json\" class=\"yoast-schema-graph\">{\"@context\":\"https:\\\/\\\/schema.org\",\"@graph\":[{\"@type\":\"Article\",\"@id\":\"https:\\\/\\\/www.p31noticias.com.br\\\/?p=68608#article\",\"isPartOf\":{\"@id\":\"https:\\\/\\\/www.p31noticias.com.br\\\/?p=68608\"},\"author\":{\"name\":\"Gon\u00e7alves Junior\",\"@id\":\"https:\\\/\\\/www.p31noticias.com.br\\\/#\\\/schema\\\/person\\\/95f2ece30e3b4132065b915150cd0f94\"},\"headline\":\"D\u00f3lar cai para R$ 4,95 e fecha no menor valor em dois anos\",\"datePublished\":\"2026-05-01T02:58:35+00:00\",\"mainEntityOfPage\":{\"@id\":\"https:\\\/\\\/www.p31noticias.com.br\\\/?p=68608\"},\"wordCount\":666,\"commentCount\":0,\"image\":{\"@id\":\"https:\\\/\\\/www.p31noticias.com.br\\\/?p=68608#primaryimage\"},\"thumbnailUrl\":\"https:\\\/\\\/www.p31noticias.com.br\\\/wp-content\\\/uploads\\\/2026\\\/04\\\/dolar_moeda_0803221210-1.webp\",\"articleSection\":[\"Brasil\",\"Economia\"],\"inLanguage\":\"pt-BR\",\"potentialAction\":[{\"@type\":\"CommentAction\",\"name\":\"Comment\",\"target\":[\"https:\\\/\\\/www.p31noticias.com.br\\\/?p=68608#respond\"]}],\"copyrightYear\":\"2026\",\"copyrightHolder\":{\"@id\":\"https:\\\/\\\/www.p31noticias.com.br\\\/#organization\"}},{\"@type\":\"WebPage\",\"@id\":\"https:\\\/\\\/www.p31noticias.com.br\\\/?p=68608\",\"url\":\"https:\\\/\\\/www.p31noticias.com.br\\\/?p=68608\",\"name\":\"D\u00f3lar cai para R$ 4,95 e fecha no menor valor em dois anos - P31\",\"isPartOf\":{\"@id\":\"https:\\\/\\\/www.p31noticias.com.br\\\/#website\"},\"primaryImageOfPage\":{\"@id\":\"https:\\\/\\\/www.p31noticias.com.br\\\/?p=68608#primaryimage\"},\"image\":{\"@id\":\"https:\\\/\\\/www.p31noticias.com.br\\\/?p=68608#primaryimage\"},\"thumbnailUrl\":\"https:\\\/\\\/www.p31noticias.com.br\\\/wp-content\\\/uploads\\\/2026\\\/04\\\/dolar_moeda_0803221210-1.webp\",\"datePublished\":\"2026-05-01T02:58:35+00:00\",\"author\":{\"@id\":\"https:\\\/\\\/www.p31noticias.com.br\\\/#\\\/schema\\\/person\\\/95f2ece30e3b4132065b915150cd0f94\"},\"breadcrumb\":{\"@id\":\"https:\\\/\\\/www.p31noticias.com.br\\\/?p=68608#breadcrumb\"},\"inLanguage\":\"pt-BR\",\"potentialAction\":[{\"@type\":\"ReadAction\",\"target\":[\"https:\\\/\\\/www.p31noticias.com.br\\\/?p=68608\"]}]},{\"@type\":\"ImageObject\",\"inLanguage\":\"pt-BR\",\"@id\":\"https:\\\/\\\/www.p31noticias.com.br\\\/?p=68608#primaryimage\",\"url\":\"https:\\\/\\\/www.p31noticias.com.br\\\/wp-content\\\/uploads\\\/2026\\\/04\\\/dolar_moeda_0803221210-1.webp\",\"contentUrl\":\"https:\\\/\\\/www.p31noticias.com.br\\\/wp-content\\\/uploads\\\/2026\\\/04\\\/dolar_moeda_0803221210-1.webp\",\"width\":390,\"height\":240},{\"@type\":\"BreadcrumbList\",\"@id\":\"https:\\\/\\\/www.p31noticias.com.br\\\/?p=68608#breadcrumb\",\"itemListElement\":[{\"@type\":\"ListItem\",\"position\":1,\"name\":\"In\u00edcio\",\"item\":\"https:\\\/\\\/www.p31noticias.com.br\\\/\"},{\"@type\":\"ListItem\",\"position\":2,\"name\":\"D\u00f3lar cai para R$ 4,95 e fecha no menor valor em dois anos\"}]},{\"@type\":\"WebSite\",\"@id\":\"https:\\\/\\\/www.p31noticias.com.br\\\/#website\",\"url\":\"https:\\\/\\\/www.p31noticias.com.br\\\/\",\"name\":\"P31\",\"description\":\"NOT\u00cdCIAS\",\"potentialAction\":[{\"@type\":\"SearchAction\",\"target\":{\"@type\":\"EntryPoint\",\"urlTemplate\":\"https:\\\/\\\/www.p31noticias.com.br\\\/?s={search_term_string}\"},\"query-input\":{\"@type\":\"PropertyValueSpecification\",\"valueRequired\":true,\"valueName\":\"search_term_string\"}}],\"inLanguage\":\"pt-BR\"},{\"@type\":\"Person\",\"@id\":\"https:\\\/\\\/www.p31noticias.com.br\\\/#\\\/schema\\\/person\\\/95f2ece30e3b4132065b915150cd0f94\",\"name\":\"Gon\u00e7alves Junior\",\"image\":{\"@type\":\"ImageObject\",\"inLanguage\":\"pt-BR\",\"@id\":\"https:\\\/\\\/secure.gravatar.com\\\/avatar\\\/6711f350116a89762687a48d66f723c799e5438a5b7578508d4294cd7a5d0800?s=96&d=mm&r=g\",\"url\":\"https:\\\/\\\/secure.gravatar.com\\\/avatar\\\/6711f350116a89762687a48d66f723c799e5438a5b7578508d4294cd7a5d0800?s=96&d=mm&r=g\",\"contentUrl\":\"https:\\\/\\\/secure.gravatar.com\\\/avatar\\\/6711f350116a89762687a48d66f723c799e5438a5b7578508d4294cd7a5d0800?s=96&d=mm&r=g\",\"caption\":\"Gon\u00e7alves Junior\"},\"url\":\"https:\\\/\\\/www.p31noticias.com.br\\\/?author=2\"}]}<\/script>\n<!-- \/ Yoast SEO Premium plugin. -->","yoast_head_json":{"title":"D\u00f3lar cai para R$ 4,95 e fecha no menor valor em dois anos - P31","robots":{"index":"index","follow":"follow","max-snippet":"max-snippet:-1","max-image-preview":"max-image-preview:large","max-video-preview":"max-video-preview:-1"},"canonical":"https:\/\/www.p31noticias.com.br\/?p=68608","og_locale":"pt_BR","og_type":"article","og_title":"D\u00f3lar cai para R$ 4,95 e fecha no menor valor em dois anos","og_description":"Bolsa recupera-se ap\u00f3s seis quedas seguidas e sobe 1,39% O mercado financeiro brasileiro encerrou abril em clima de euforia.\u00a0Beneficiado pelo cen\u00e1rio externo e pelo tom duro do comunicado do Comit\u00ea de Pol\u00edtica Monet\u00e1ria (Copom), o d\u00f3lar caiu com for\u00e7a e fechou no menor n\u00edvel em mais de dois anos.\u00a0 A bolsa subiu ap\u00f3s seis quedas [&hellip;]","og_url":"https:\/\/www.p31noticias.com.br\/?p=68608","og_site_name":"P31","article_published_time":"2026-05-01T02:58:35+00:00","og_image":[{"width":390,"height":240,"url":"https:\/\/www.p31noticias.com.br\/wp-content\/uploads\/2026\/04\/dolar_moeda_0803221210-1.webp","type":"image\/webp"}],"author":"Gon\u00e7alves Junior","twitter_card":"summary_large_image","twitter_misc":{"Escrito por":"Gon\u00e7alves Junior","Est. tempo de leitura":"4 minutos"},"schema":{"@context":"https:\/\/schema.org","@graph":[{"@type":"Article","@id":"https:\/\/www.p31noticias.com.br\/?p=68608#article","isPartOf":{"@id":"https:\/\/www.p31noticias.com.br\/?p=68608"},"author":{"name":"Gon\u00e7alves Junior","@id":"https:\/\/www.p31noticias.com.br\/#\/schema\/person\/95f2ece30e3b4132065b915150cd0f94"},"headline":"D\u00f3lar cai para R$ 4,95 e fecha no menor valor em dois anos","datePublished":"2026-05-01T02:58:35+00:00","mainEntityOfPage":{"@id":"https:\/\/www.p31noticias.com.br\/?p=68608"},"wordCount":666,"commentCount":0,"image":{"@id":"https:\/\/www.p31noticias.com.br\/?p=68608#primaryimage"},"thumbnailUrl":"https:\/\/www.p31noticias.com.br\/wp-content\/uploads\/2026\/04\/dolar_moeda_0803221210-1.webp","articleSection":["Brasil","Economia"],"inLanguage":"pt-BR","potentialAction":[{"@type":"CommentAction","name":"Comment","target":["https:\/\/www.p31noticias.com.br\/?p=68608#respond"]}],"copyrightYear":"2026","copyrightHolder":{"@id":"https:\/\/www.p31noticias.com.br\/#organization"}},{"@type":"WebPage","@id":"https:\/\/www.p31noticias.com.br\/?p=68608","url":"https:\/\/www.p31noticias.com.br\/?p=68608","name":"D\u00f3lar cai para R$ 4,95 e fecha no menor valor em dois anos - P31","isPartOf":{"@id":"https:\/\/www.p31noticias.com.br\/#website"},"primaryImageOfPage":{"@id":"https:\/\/www.p31noticias.com.br\/?p=68608#primaryimage"},"image":{"@id":"https:\/\/www.p31noticias.com.br\/?p=68608#primaryimage"},"thumbnailUrl":"https:\/\/www.p31noticias.com.br\/wp-content\/uploads\/2026\/04\/dolar_moeda_0803221210-1.webp","datePublished":"2026-05-01T02:58:35+00:00","author":{"@id":"https:\/\/www.p31noticias.com.br\/#\/schema\/person\/95f2ece30e3b4132065b915150cd0f94"},"breadcrumb":{"@id":"https:\/\/www.p31noticias.com.br\/?p=68608#breadcrumb"},"inLanguage":"pt-BR","potentialAction":[{"@type":"ReadAction","target":["https:\/\/www.p31noticias.com.br\/?p=68608"]}]},{"@type":"ImageObject","inLanguage":"pt-BR","@id":"https:\/\/www.p31noticias.com.br\/?p=68608#primaryimage","url":"https:\/\/www.p31noticias.com.br\/wp-content\/uploads\/2026\/04\/dolar_moeda_0803221210-1.webp","contentUrl":"https:\/\/www.p31noticias.com.br\/wp-content\/uploads\/2026\/04\/dolar_moeda_0803221210-1.webp","width":390,"height":240},{"@type":"BreadcrumbList","@id":"https:\/\/www.p31noticias.com.br\/?p=68608#breadcrumb","itemListElement":[{"@type":"ListItem","position":1,"name":"In\u00edcio","item":"https:\/\/www.p31noticias.com.br\/"},{"@type":"ListItem","position":2,"name":"D\u00f3lar cai para R$ 4,95 e fecha no menor valor em dois anos"}]},{"@type":"WebSite","@id":"https:\/\/www.p31noticias.com.br\/#website","url":"https:\/\/www.p31noticias.com.br\/","name":"P31","description":"NOT\u00cdCIAS","potentialAction":[{"@type":"SearchAction","target":{"@type":"EntryPoint","urlTemplate":"https:\/\/www.p31noticias.com.br\/?s={search_term_string}"},"query-input":{"@type":"PropertyValueSpecification","valueRequired":true,"valueName":"search_term_string"}}],"inLanguage":"pt-BR"},{"@type":"Person","@id":"https:\/\/www.p31noticias.com.br\/#\/schema\/person\/95f2ece30e3b4132065b915150cd0f94","name":"Gon\u00e7alves Junior","image":{"@type":"ImageObject","inLanguage":"pt-BR","@id":"https:\/\/secure.gravatar.com\/avatar\/6711f350116a89762687a48d66f723c799e5438a5b7578508d4294cd7a5d0800?s=96&d=mm&r=g","url":"https:\/\/secure.gravatar.com\/avatar\/6711f350116a89762687a48d66f723c799e5438a5b7578508d4294cd7a5d0800?s=96&d=mm&r=g","contentUrl":"https:\/\/secure.gravatar.com\/avatar\/6711f350116a89762687a48d66f723c799e5438a5b7578508d4294cd7a5d0800?s=96&d=mm&r=g","caption":"Gon\u00e7alves Junior"},"url":"https:\/\/www.p31noticias.com.br\/?author=2"}]}},"amp_enabled":true,"_links":{"self":[{"href":"https:\/\/www.p31noticias.com.br\/index.php?rest_route=\/wp\/v2\/posts\/68608","targetHints":{"allow":["GET"]}}],"collection":[{"href":"https:\/\/www.p31noticias.com.br\/index.php?rest_route=\/wp\/v2\/posts"}],"about":[{"href":"https:\/\/www.p31noticias.com.br\/index.php?rest_route=\/wp\/v2\/types\/post"}],"author":[{"embeddable":true,"href":"https:\/\/www.p31noticias.com.br\/index.php?rest_route=\/wp\/v2\/users\/2"}],"replies":[{"embeddable":true,"href":"https:\/\/www.p31noticias.com.br\/index.php?rest_route=%2Fwp%2Fv2%2Fcomments&post=68608"}],"version-history":[{"count":1,"href":"https:\/\/www.p31noticias.com.br\/index.php?rest_route=\/wp\/v2\/posts\/68608\/revisions"}],"predecessor-version":[{"id":68610,"href":"https:\/\/www.p31noticias.com.br\/index.php?rest_route=\/wp\/v2\/posts\/68608\/revisions\/68610"}],"wp:featuredmedia":[{"embeddable":true,"href":"https:\/\/www.p31noticias.com.br\/index.php?rest_route=\/wp\/v2\/media\/68609"}],"wp:attachment":[{"href":"https:\/\/www.p31noticias.com.br\/index.php?rest_route=%2Fwp%2Fv2%2Fmedia&parent=68608"}],"wp:term":[{"taxonomy":"category","embeddable":true,"href":"https:\/\/www.p31noticias.com.br\/index.php?rest_route=%2Fwp%2Fv2%2Fcategories&post=68608"},{"taxonomy":"post_tag","embeddable":true,"href":"https:\/\/www.p31noticias.com.br\/index.php?rest_route=%2Fwp%2Fv2%2Ftags&post=68608"}],"curies":[{"name":"wp","href":"https:\/\/api.w.org\/{rel}","templated":true}]}}