{"id":68595,"date":"2026-04-27T22:07:16","date_gmt":"2026-04-28T01:07:16","guid":{"rendered":"https:\/\/www.p31noticias.com.br\/?p=68595"},"modified":"2026-04-27T22:07:16","modified_gmt":"2026-04-28T01:07:16","slug":"dormencia-e-formigamento-nas-maos-podem-indicar-sindrome-do-tunel-do-carpo","status":"publish","type":"post","link":"https:\/\/www.p31noticias.com.br\/?p=68595","title":{"rendered":"Dorm\u00eancia e formigamento nas m\u00e3os podem indicar s\u00edndrome do t\u00fanel do carpo"},"content":{"rendered":"<p style=\"text-align: justify;\"><em><strong>O ortopedista Dr. Bruno Azevedo Veronesi explica sinais, causas e tratamentos da s\u00edndrome que pode piorar com a rotina no computador e no celular<\/strong><\/em><\/p>\n<p style=\"text-align: justify;\">A rotina atual, marcada por horas no computador e uso frequente de celulares, trouxe praticidade, mas tamb\u00e9m novos desafios para a sa\u00fade. Entre eles, a s\u00edndrome do t\u00fanel do carpo se destaca como uma das condi\u00e7\u00f5es mais comuns que afetam as m\u00e3os e os punhos. Mas at\u00e9 que ponto ela pode ser considerada uma consequ\u00eancia direta do trabalho moderno?<\/p>\n<p style=\"text-align: justify;\">Essa s\u00edndrome ocorre quando o nervo mediano \u2013 respons\u00e1vel pela sensibilidade do polegar, indicador, dedo m\u00e9dio e parte do anelar \u2013 sofre compress\u00e3o dentro de um canal estreito no punho chamado t\u00fanel do carpo. Esse espa\u00e7o tamb\u00e9m abriga tend\u00f5es respons\u00e1veis pelos movimentos dos dedos, e o aumento de press\u00e3o ali pode afetar o funcionamento do nervo.<\/p>\n<h2 style=\"text-align: justify;\">Como identificar precocemente<\/h2>\n<p style=\"text-align: justify;\">Os sinais iniciais costumam ser sutis, mas bastante caracter\u00edsticos. Formigamento, dorm\u00eancia ou sensa\u00e7\u00e3o de choque nos dedos, especialmente \u00e0 noite, s\u00e3o sintomas frequentes. Muitas pessoas relatam acordar com a m\u00e3o \u201cdormente\u201d e a necessidade de sacudi-la para aliviar o desconforto.<\/p>\n<p style=\"text-align: justify;\">Com o tempo, esses sintomas podem aparecer tamb\u00e9m durante o dia, principalmente ao realizar atividades simples, como segurar o celular, dirigir ou ler um livro. Em fases mais avan\u00e7adas, pode surgir fraqueza, dificuldade para segurar objetos e perda de destreza fina.<\/p>\n<p style=\"text-align: justify;\">Reconhecer esses sinais precocemente \u00e9 fundamental. Quanto antes o diagn\u00f3stico \u00e9 feito, maiores s\u00e3o as chances de tratamento eficaz sem necessidade de cirurgia.<\/p>\n<h2 style=\"text-align: justify;\">Qual a rela\u00e7\u00e3o com o trabalho moderno?<\/h2>\n<p style=\"text-align: justify;\">Apesar de ser frequentemente associada ao uso de computadores e celulares, a s\u00edndrome do t\u00fanel do carpo n\u00e3o \u00e9 causada por um \u00fanico fator. Trata-se de uma condi\u00e7\u00e3o multifatorial.<\/p>\n<p style=\"text-align: justify;\">Atividades profissionais com movimentos repetitivos, uso de for\u00e7a manual ou posturas inadequadas do punho podem aumentar o risco e agravar os sintomas, mas n\u00e3o s\u00e3o, na maioria dos casos, a \u00fanica causa da doen\u00e7a.<\/p>\n<p style=\"text-align: justify;\">Al\u00e9m disso, condi\u00e7\u00f5es como diabetes, hipotireoidismo, obesidade, gravidez e altera\u00e7\u00f5es inflamat\u00f3rias tamb\u00e9m podem ter papel importante no seu aparecimento.<\/p>\n<h2 style=\"text-align: justify;\">O que acontece se ignorar os sintomas?<\/h2>\n<p style=\"text-align: justify;\">Ignorar os sinais iniciais pode levar \u00e0 progress\u00e3o da doen\u00e7a. Com o tempo, a compress\u00e3o cont\u00ednua do nervo pode causar perda permanente de sensibilidade e for\u00e7a na m\u00e3o.<\/p>\n<p style=\"text-align: justify;\">Nos casos mais avan\u00e7ados, h\u00e1 atrofia da musculatura da base do polegar, o que compromete movimentos essenciais do dia a dia, como segurar uma chave ou abotoar uma camisa. Nessa fase, mesmo com tratamento, a recupera\u00e7\u00e3o pode ser parcial.<\/p>\n<p style=\"text-align: justify;\">Por isso, procurar avalia\u00e7\u00e3o m\u00e9dica ao perceber os primeiros sintomas faz toda a diferen\u00e7a.<\/p>\n<h2 style=\"text-align: justify;\">Tratamentos modernos e recupera\u00e7\u00e3o r\u00e1pida<\/h2>\n<p style=\"text-align: justify;\">A boa not\u00edcia \u00e9 que a maioria dos casos pode ser tratada de forma eficaz, especialmente quando diagnosticada precocemente.<\/p>\n<p style=\"text-align: justify;\">As op\u00e7\u00f5es iniciais incluem:<br \/>\n* Ajustes nas atividades do dia a dia<br \/>\n* Uso de \u00f3rteses durante a noite<br \/>\n* Fisioterapia e terapia ocupacional<br \/>\n* Infiltra\u00e7\u00f5es para reduzir a inflama\u00e7\u00e3o<\/p>\n<p style=\"text-align: justify;\">Quando o tratamento conservador n\u00e3o \u00e9 suficiente, a cirurgia pode ser indicada. Trata-se de um procedimento seguro, realizado para aliviar a press\u00e3o sobre o nervo por meio da libera\u00e7\u00e3o do ligamento que forma o teto do t\u00fanel.<\/p>\n<p style=\"text-align: justify;\">Atualmente, t\u00e9cnicas minimamente invasivas permitem recupera\u00e7\u00e3o mais r\u00e1pida, com retorno precoce \u00e0s atividades. Em muitos casos, os sintomas melhoram j\u00e1 nos primeiros dias ap\u00f3s o procedimento.<\/p>\n<h2 style=\"text-align: justify;\">Um alerta para a rotina moderna<\/h2>\n<p style=\"text-align: justify;\">A s\u00edndrome do t\u00fanel do carpo \u00e9 um exemplo claro de como h\u00e1bitos e condi\u00e7\u00f5es de sa\u00fade se combinam para impactar o organismo. Embora o trabalho possa contribuir para o surgimento ou agravamento dos sintomas, ele raramente \u00e9 o \u00fanico respons\u00e1vel. Pequenas atitudes \u2013 como pausas regulares, alongamentos e ergonomia adequada \u2013 s\u00e3o boas medidas de preven\u00e7\u00e3o.<\/p>\n<p style=\"text-align: justify;\">Mais do que tratar, o objetivo \u00e9 preservar a fun\u00e7\u00e3o das m\u00e3os, ferramentas essenciais para nossa independ\u00eancia e qualidade de vida.<\/p>\n<p style=\"text-align: justify;\"><strong>Dr. Bruno Azevedo Veronesi \u2013 CRM DF 26115<\/strong><br \/>\n<strong>M\u00e9dico ortopedista, especialista em Cirurgia da M\u00e3o e Microcirurgia. Coordenador da Ortopedia do Hospital S\u00edrio-Liban\u00eas, em Bras\u00edlia<\/strong><\/p>\n<p style=\"text-align: justify;\"><em><strong>JP NEWS \/ SA\u00daDE<\/strong><\/em><\/p>\n","protected":false},"excerpt":{"rendered":"<p>O ortopedista Dr. Bruno Azevedo Veronesi explica sinais, causas e tratamentos da s\u00edndrome que pode piorar com a rotina no computador e no celular A rotina atual, marcada por horas no computador e uso frequente de celulares, trouxe praticidade, mas tamb\u00e9m novos desafios para a sa\u00fade. Entre eles, a s\u00edndrome do t\u00fanel do carpo se [&hellip;]<\/p>\n","protected":false},"author":2,"featured_media":68596,"comment_status":"open","ping_status":"closed","sticky":false,"template":"","format":"standard","meta":{"footnotes":""},"categories":[68,21,124],"tags":[],"class_list":{"0":"post-68595","1":"post","2":"type-post","3":"status-publish","4":"format-standard","5":"has-post-thumbnail","7":"category-brasil","8":"category-brasilia","9":"category-saude"},"yoast_head":"<!-- This site is optimized with the Yoast SEO Premium plugin v24.5 (Yoast SEO v27.4) - https:\/\/yoast.com\/product\/yoast-seo-premium-wordpress\/ -->\n<title>Dorm\u00eancia e formigamento nas m\u00e3os podem indicar s\u00edndrome do t\u00fanel do carpo - P31<\/title>\n<meta name=\"robots\" content=\"index, follow, max-snippet:-1, max-image-preview:large, max-video-preview:-1\" \/>\n<link rel=\"canonical\" href=\"https:\/\/www.p31noticias.com.br\/?p=68595\" \/>\n<meta property=\"og:locale\" content=\"pt_BR\" \/>\n<meta property=\"og:type\" content=\"article\" \/>\n<meta property=\"og:title\" content=\"Dorm\u00eancia e formigamento nas m\u00e3os podem indicar s\u00edndrome do t\u00fanel do carpo\" \/>\n<meta property=\"og:description\" content=\"O ortopedista Dr. Bruno Azevedo Veronesi explica sinais, causas e tratamentos da s\u00edndrome que pode piorar com a rotina no computador e no celular A rotina atual, marcada por horas no computador e uso frequente de celulares, trouxe praticidade, mas tamb\u00e9m novos desafios para a sa\u00fade. Entre eles, a s\u00edndrome do t\u00fanel do carpo se [&hellip;]\" \/>\n<meta property=\"og:url\" content=\"https:\/\/www.p31noticias.com.br\/?p=68595\" \/>\n<meta property=\"og:site_name\" content=\"P31\" \/>\n<meta property=\"article:published_time\" content=\"2026-04-28T01:07:16+00:00\" \/>\n<meta property=\"og:image\" content=\"https:\/\/www.p31noticias.com.br\/wp-content\/uploads\/2026\/04\/2149347576-300x170-1.jpg\" \/>\n\t<meta property=\"og:image:width\" content=\"300\" \/>\n\t<meta property=\"og:image:height\" content=\"170\" \/>\n\t<meta property=\"og:image:type\" content=\"image\/jpeg\" \/>\n<meta name=\"author\" content=\"Gon\u00e7alves Junior\" \/>\n<meta name=\"twitter:card\" content=\"summary_large_image\" \/>\n<meta name=\"twitter:label1\" content=\"Escrito por\" \/>\n\t<meta name=\"twitter:data1\" content=\"Gon\u00e7alves Junior\" \/>\n\t<meta name=\"twitter:label2\" content=\"Est. tempo de leitura\" \/>\n\t<meta name=\"twitter:data2\" content=\"4 minutos\" \/>\n<script type=\"application\/ld+json\" class=\"yoast-schema-graph\">{\"@context\":\"https:\\\/\\\/schema.org\",\"@graph\":[{\"@type\":\"Article\",\"@id\":\"https:\\\/\\\/www.p31noticias.com.br\\\/?p=68595#article\",\"isPartOf\":{\"@id\":\"https:\\\/\\\/www.p31noticias.com.br\\\/?p=68595\"},\"author\":{\"name\":\"Gon\u00e7alves Junior\",\"@id\":\"https:\\\/\\\/www.p31noticias.com.br\\\/#\\\/schema\\\/person\\\/95f2ece30e3b4132065b915150cd0f94\"},\"headline\":\"Dorm\u00eancia e formigamento nas m\u00e3os podem indicar s\u00edndrome do t\u00fanel do carpo\",\"datePublished\":\"2026-04-28T01:07:16+00:00\",\"mainEntityOfPage\":{\"@id\":\"https:\\\/\\\/www.p31noticias.com.br\\\/?p=68595\"},\"wordCount\":731,\"commentCount\":0,\"image\":{\"@id\":\"https:\\\/\\\/www.p31noticias.com.br\\\/?p=68595#primaryimage\"},\"thumbnailUrl\":\"https:\\\/\\\/www.p31noticias.com.br\\\/wp-content\\\/uploads\\\/2026\\\/04\\\/2149347576-300x170-1.jpg\",\"articleSection\":[\"Brasil\",\"Bras\u00edlia\",\"Sa\u00fade\"],\"inLanguage\":\"pt-BR\",\"potentialAction\":[{\"@type\":\"CommentAction\",\"name\":\"Comment\",\"target\":[\"https:\\\/\\\/www.p31noticias.com.br\\\/?p=68595#respond\"]}],\"copyrightYear\":\"2026\",\"copyrightHolder\":{\"@id\":\"https:\\\/\\\/www.p31noticias.com.br\\\/#organization\"}},{\"@type\":\"WebPage\",\"@id\":\"https:\\\/\\\/www.p31noticias.com.br\\\/?p=68595\",\"url\":\"https:\\\/\\\/www.p31noticias.com.br\\\/?p=68595\",\"name\":\"Dorm\u00eancia e formigamento nas m\u00e3os podem indicar s\u00edndrome do t\u00fanel do carpo - P31\",\"isPartOf\":{\"@id\":\"https:\\\/\\\/www.p31noticias.com.br\\\/#website\"},\"primaryImageOfPage\":{\"@id\":\"https:\\\/\\\/www.p31noticias.com.br\\\/?p=68595#primaryimage\"},\"image\":{\"@id\":\"https:\\\/\\\/www.p31noticias.com.br\\\/?p=68595#primaryimage\"},\"thumbnailUrl\":\"https:\\\/\\\/www.p31noticias.com.br\\\/wp-content\\\/uploads\\\/2026\\\/04\\\/2149347576-300x170-1.jpg\",\"datePublished\":\"2026-04-28T01:07:16+00:00\",\"author\":{\"@id\":\"https:\\\/\\\/www.p31noticias.com.br\\\/#\\\/schema\\\/person\\\/95f2ece30e3b4132065b915150cd0f94\"},\"breadcrumb\":{\"@id\":\"https:\\\/\\\/www.p31noticias.com.br\\\/?p=68595#breadcrumb\"},\"inLanguage\":\"pt-BR\",\"potentialAction\":[{\"@type\":\"ReadAction\",\"target\":[\"https:\\\/\\\/www.p31noticias.com.br\\\/?p=68595\"]}]},{\"@type\":\"ImageObject\",\"inLanguage\":\"pt-BR\",\"@id\":\"https:\\\/\\\/www.p31noticias.com.br\\\/?p=68595#primaryimage\",\"url\":\"https:\\\/\\\/www.p31noticias.com.br\\\/wp-content\\\/uploads\\\/2026\\\/04\\\/2149347576-300x170-1.jpg\",\"contentUrl\":\"https:\\\/\\\/www.p31noticias.com.br\\\/wp-content\\\/uploads\\\/2026\\\/04\\\/2149347576-300x170-1.jpg\",\"width\":300,\"height\":170},{\"@type\":\"BreadcrumbList\",\"@id\":\"https:\\\/\\\/www.p31noticias.com.br\\\/?p=68595#breadcrumb\",\"itemListElement\":[{\"@type\":\"ListItem\",\"position\":1,\"name\":\"In\u00edcio\",\"item\":\"https:\\\/\\\/www.p31noticias.com.br\\\/\"},{\"@type\":\"ListItem\",\"position\":2,\"name\":\"Dorm\u00eancia e formigamento nas m\u00e3os podem indicar s\u00edndrome do t\u00fanel do carpo\"}]},{\"@type\":\"WebSite\",\"@id\":\"https:\\\/\\\/www.p31noticias.com.br\\\/#website\",\"url\":\"https:\\\/\\\/www.p31noticias.com.br\\\/\",\"name\":\"P31\",\"description\":\"NOT\u00cdCIAS\",\"potentialAction\":[{\"@type\":\"SearchAction\",\"target\":{\"@type\":\"EntryPoint\",\"urlTemplate\":\"https:\\\/\\\/www.p31noticias.com.br\\\/?s={search_term_string}\"},\"query-input\":{\"@type\":\"PropertyValueSpecification\",\"valueRequired\":true,\"valueName\":\"search_term_string\"}}],\"inLanguage\":\"pt-BR\"},{\"@type\":\"Person\",\"@id\":\"https:\\\/\\\/www.p31noticias.com.br\\\/#\\\/schema\\\/person\\\/95f2ece30e3b4132065b915150cd0f94\",\"name\":\"Gon\u00e7alves Junior\",\"image\":{\"@type\":\"ImageObject\",\"inLanguage\":\"pt-BR\",\"@id\":\"https:\\\/\\\/secure.gravatar.com\\\/avatar\\\/6711f350116a89762687a48d66f723c799e5438a5b7578508d4294cd7a5d0800?s=96&d=mm&r=g\",\"url\":\"https:\\\/\\\/secure.gravatar.com\\\/avatar\\\/6711f350116a89762687a48d66f723c799e5438a5b7578508d4294cd7a5d0800?s=96&d=mm&r=g\",\"contentUrl\":\"https:\\\/\\\/secure.gravatar.com\\\/avatar\\\/6711f350116a89762687a48d66f723c799e5438a5b7578508d4294cd7a5d0800?s=96&d=mm&r=g\",\"caption\":\"Gon\u00e7alves Junior\"},\"url\":\"https:\\\/\\\/www.p31noticias.com.br\\\/?author=2\"}]}<\/script>\n<!-- \/ Yoast SEO Premium plugin. -->","yoast_head_json":{"title":"Dorm\u00eancia e formigamento nas m\u00e3os podem indicar s\u00edndrome do t\u00fanel do carpo - P31","robots":{"index":"index","follow":"follow","max-snippet":"max-snippet:-1","max-image-preview":"max-image-preview:large","max-video-preview":"max-video-preview:-1"},"canonical":"https:\/\/www.p31noticias.com.br\/?p=68595","og_locale":"pt_BR","og_type":"article","og_title":"Dorm\u00eancia e formigamento nas m\u00e3os podem indicar s\u00edndrome do t\u00fanel do carpo","og_description":"O ortopedista Dr. Bruno Azevedo Veronesi explica sinais, causas e tratamentos da s\u00edndrome que pode piorar com a rotina no computador e no celular A rotina atual, marcada por horas no computador e uso frequente de celulares, trouxe praticidade, mas tamb\u00e9m novos desafios para a sa\u00fade. Entre eles, a s\u00edndrome do t\u00fanel do carpo se [&hellip;]","og_url":"https:\/\/www.p31noticias.com.br\/?p=68595","og_site_name":"P31","article_published_time":"2026-04-28T01:07:16+00:00","og_image":[{"width":300,"height":170,"url":"https:\/\/www.p31noticias.com.br\/wp-content\/uploads\/2026\/04\/2149347576-300x170-1.jpg","type":"image\/jpeg"}],"author":"Gon\u00e7alves Junior","twitter_card":"summary_large_image","twitter_misc":{"Escrito por":"Gon\u00e7alves Junior","Est. tempo de leitura":"4 minutos"},"schema":{"@context":"https:\/\/schema.org","@graph":[{"@type":"Article","@id":"https:\/\/www.p31noticias.com.br\/?p=68595#article","isPartOf":{"@id":"https:\/\/www.p31noticias.com.br\/?p=68595"},"author":{"name":"Gon\u00e7alves Junior","@id":"https:\/\/www.p31noticias.com.br\/#\/schema\/person\/95f2ece30e3b4132065b915150cd0f94"},"headline":"Dorm\u00eancia e formigamento nas m\u00e3os podem indicar s\u00edndrome do t\u00fanel do carpo","datePublished":"2026-04-28T01:07:16+00:00","mainEntityOfPage":{"@id":"https:\/\/www.p31noticias.com.br\/?p=68595"},"wordCount":731,"commentCount":0,"image":{"@id":"https:\/\/www.p31noticias.com.br\/?p=68595#primaryimage"},"thumbnailUrl":"https:\/\/www.p31noticias.com.br\/wp-content\/uploads\/2026\/04\/2149347576-300x170-1.jpg","articleSection":["Brasil","Bras\u00edlia","Sa\u00fade"],"inLanguage":"pt-BR","potentialAction":[{"@type":"CommentAction","name":"Comment","target":["https:\/\/www.p31noticias.com.br\/?p=68595#respond"]}],"copyrightYear":"2026","copyrightHolder":{"@id":"https:\/\/www.p31noticias.com.br\/#organization"}},{"@type":"WebPage","@id":"https:\/\/www.p31noticias.com.br\/?p=68595","url":"https:\/\/www.p31noticias.com.br\/?p=68595","name":"Dorm\u00eancia e formigamento nas m\u00e3os podem indicar s\u00edndrome do t\u00fanel do carpo - P31","isPartOf":{"@id":"https:\/\/www.p31noticias.com.br\/#website"},"primaryImageOfPage":{"@id":"https:\/\/www.p31noticias.com.br\/?p=68595#primaryimage"},"image":{"@id":"https:\/\/www.p31noticias.com.br\/?p=68595#primaryimage"},"thumbnailUrl":"https:\/\/www.p31noticias.com.br\/wp-content\/uploads\/2026\/04\/2149347576-300x170-1.jpg","datePublished":"2026-04-28T01:07:16+00:00","author":{"@id":"https:\/\/www.p31noticias.com.br\/#\/schema\/person\/95f2ece30e3b4132065b915150cd0f94"},"breadcrumb":{"@id":"https:\/\/www.p31noticias.com.br\/?p=68595#breadcrumb"},"inLanguage":"pt-BR","potentialAction":[{"@type":"ReadAction","target":["https:\/\/www.p31noticias.com.br\/?p=68595"]}]},{"@type":"ImageObject","inLanguage":"pt-BR","@id":"https:\/\/www.p31noticias.com.br\/?p=68595#primaryimage","url":"https:\/\/www.p31noticias.com.br\/wp-content\/uploads\/2026\/04\/2149347576-300x170-1.jpg","contentUrl":"https:\/\/www.p31noticias.com.br\/wp-content\/uploads\/2026\/04\/2149347576-300x170-1.jpg","width":300,"height":170},{"@type":"BreadcrumbList","@id":"https:\/\/www.p31noticias.com.br\/?p=68595#breadcrumb","itemListElement":[{"@type":"ListItem","position":1,"name":"In\u00edcio","item":"https:\/\/www.p31noticias.com.br\/"},{"@type":"ListItem","position":2,"name":"Dorm\u00eancia e formigamento nas m\u00e3os podem indicar s\u00edndrome do t\u00fanel do carpo"}]},{"@type":"WebSite","@id":"https:\/\/www.p31noticias.com.br\/#website","url":"https:\/\/www.p31noticias.com.br\/","name":"P31","description":"NOT\u00cdCIAS","potentialAction":[{"@type":"SearchAction","target":{"@type":"EntryPoint","urlTemplate":"https:\/\/www.p31noticias.com.br\/?s={search_term_string}"},"query-input":{"@type":"PropertyValueSpecification","valueRequired":true,"valueName":"search_term_string"}}],"inLanguage":"pt-BR"},{"@type":"Person","@id":"https:\/\/www.p31noticias.com.br\/#\/schema\/person\/95f2ece30e3b4132065b915150cd0f94","name":"Gon\u00e7alves Junior","image":{"@type":"ImageObject","inLanguage":"pt-BR","@id":"https:\/\/secure.gravatar.com\/avatar\/6711f350116a89762687a48d66f723c799e5438a5b7578508d4294cd7a5d0800?s=96&d=mm&r=g","url":"https:\/\/secure.gravatar.com\/avatar\/6711f350116a89762687a48d66f723c799e5438a5b7578508d4294cd7a5d0800?s=96&d=mm&r=g","contentUrl":"https:\/\/secure.gravatar.com\/avatar\/6711f350116a89762687a48d66f723c799e5438a5b7578508d4294cd7a5d0800?s=96&d=mm&r=g","caption":"Gon\u00e7alves Junior"},"url":"https:\/\/www.p31noticias.com.br\/?author=2"}]}},"amp_enabled":true,"_links":{"self":[{"href":"https:\/\/www.p31noticias.com.br\/index.php?rest_route=\/wp\/v2\/posts\/68595","targetHints":{"allow":["GET"]}}],"collection":[{"href":"https:\/\/www.p31noticias.com.br\/index.php?rest_route=\/wp\/v2\/posts"}],"about":[{"href":"https:\/\/www.p31noticias.com.br\/index.php?rest_route=\/wp\/v2\/types\/post"}],"author":[{"embeddable":true,"href":"https:\/\/www.p31noticias.com.br\/index.php?rest_route=\/wp\/v2\/users\/2"}],"replies":[{"embeddable":true,"href":"https:\/\/www.p31noticias.com.br\/index.php?rest_route=%2Fwp%2Fv2%2Fcomments&post=68595"}],"version-history":[{"count":1,"href":"https:\/\/www.p31noticias.com.br\/index.php?rest_route=\/wp\/v2\/posts\/68595\/revisions"}],"predecessor-version":[{"id":68597,"href":"https:\/\/www.p31noticias.com.br\/index.php?rest_route=\/wp\/v2\/posts\/68595\/revisions\/68597"}],"wp:featuredmedia":[{"embeddable":true,"href":"https:\/\/www.p31noticias.com.br\/index.php?rest_route=\/wp\/v2\/media\/68596"}],"wp:attachment":[{"href":"https:\/\/www.p31noticias.com.br\/index.php?rest_route=%2Fwp%2Fv2%2Fmedia&parent=68595"}],"wp:term":[{"taxonomy":"category","embeddable":true,"href":"https:\/\/www.p31noticias.com.br\/index.php?rest_route=%2Fwp%2Fv2%2Fcategories&post=68595"},{"taxonomy":"post_tag","embeddable":true,"href":"https:\/\/www.p31noticias.com.br\/index.php?rest_route=%2Fwp%2Fv2%2Ftags&post=68595"}],"curies":[{"name":"wp","href":"https:\/\/api.w.org\/{rel}","templated":true}]}}