{"id":68592,"date":"2026-04-27T22:00:38","date_gmt":"2026-04-28T01:00:38","guid":{"rendered":"https:\/\/www.p31noticias.com.br\/?p=68592"},"modified":"2026-04-27T22:00:38","modified_gmt":"2026-04-28T01:00:38","slug":"organizacao-pede-que-fifa-pressione-trump-a-pausar-acoes-do-ice-na-copa","status":"publish","type":"post","link":"https:\/\/www.p31noticias.com.br\/?p=68592","title":{"rendered":"Organiza\u00e7\u00e3o pede que Fifa pressione Trump a pausar a\u00e7\u00f5es do ICE na Copa"},"content":{"rendered":"<h2 class=\"text-lg font-normal group-[.isActiveSource]:text-xl\" style=\"text-align: justify;\" data-single-excerpt=\"true\"><em><strong>HRW cobra a\u00e7\u00e3o junto ao governo dos EUA para suspender opera\u00e7\u00f5es durante o torneio<\/strong><\/em><\/h2>\n<p class=\"my-5 break-words group-[.isActiveSource]:text-xl\" style=\"text-align: justify;\">A Human Rights Watch pediu que a Fifa pressione o governo dos Estados Unidos a adotar uma \u201ctr\u00e9gua do ICE\u201d durante a Copa do Mundo de 2026.<\/p>\n<p class=\"my-5 break-words group-[.isActiveSource]:text-xl\" style=\"text-align: justify;\">A entidade defende garantia p\u00fablica para suspender a\u00e7\u00f5es migrat\u00f3rias em jogos e locais oficiais.<\/p>\n<p style=\"text-align: justify;\">O Mundial de 2026 ser\u00e1 disputado entre 11 de junho e 19 de julho, com sede conjunta de Estados Unidos, Canad\u00e1 e M\u00e9xico. Ser\u00e1 a primeira edi\u00e7\u00e3o com 48 sele\u00e7\u00f5es.<\/p>\n<p class=\"my-5 break-words group-[.isActiveSource]:text-xl\" style=\"text-align: justify;\">O Servi\u00e7o de Imigra\u00e7\u00e3o e Controle de Alf\u00e2ndegas (U.S. Immigration and Customs Enforcement) tem liderado pol\u00edticas de deporta\u00e7\u00e3o do governo de Donald Trump.<\/p>\n<p class=\"my-5 break-words group-[.isActiveSource]:text-xl\" style=\"text-align: justify;\">A HRW afirma que a\u00a0<a class=\"text-red-600 underline hover:text-red-500 font-medium break-words group-[.isActiveSource]:text-xl\" href=\"https:\/\/www.cnnbrasil.com.br\/esportes\/futebol\/copa-do-mundo\/fifa-avalia-pedir-a-trump-pausa-em-acoes-do-ice-durante-a-copa-diz-jornal\/\" target=\"_self\" rel=\"\">Fifa deve agir diante de riscos para atletas<\/a>, torcedores e trabalhadores. A entidade pede que o presidente\u00a0<a class=\"text-red-600 underline hover:text-red-500 font-medium break-words group-[.isActiveSource]:text-xl\" href=\"https:\/\/www.cnnbrasil.com.br\/esportes\/futebol\/copa-do-mundo\/infantino-diz-que-fifa-nao-resolve-conflitos-e-evita-mudancas-na-copa\/\" target=\"_self\" rel=\"\">Gianni Infantino<\/a>\u00a0use sua influ\u00eancia para cobrar medidas durante o torneio.<\/p>\n<p class=\"my-5 break-words group-[.isActiveSource]:text-xl\" style=\"text-align: justify;\">Entre as demandas est\u00e3o a revis\u00e3o de restri\u00e7\u00f5es de viagem, suspens\u00e3o de opera\u00e7\u00f5es migrat\u00f3rias em \u00e1reas da Copa e garantia de direitos como liberdade de express\u00e3o e reuni\u00e3o.<\/p>\n<p class=\"my-5 break-words group-[.isActiveSource]:text-xl\" style=\"text-align: justify;\">A proposta se inspira na \u201cTr\u00e9gua Ol\u00edmpica\u201d, tradi\u00e7\u00e3o da Gr\u00e9cia Antiga que previa a suspens\u00e3o de conflitos para garantir deslocamento seguro durante os Jogos.<\/p>\n<h2 class=\"text-2xl my-5 font-bold break-words\" style=\"text-align: justify;\">Prioridades e pr\u00eamio de paz<\/h2>\n<p class=\"my-5 break-words group-[.isActiveSource]:text-xl\" style=\"text-align: justify;\">A Casa Branca afirmou que o evento exigir\u00e1 coordena\u00e7\u00e3o entre governo e organizadores. Segundo o porta-voz Davis Ingle, a prioridade \u00e9 garantir seguran\u00e7a e organiza\u00e7\u00e3o durante a competi\u00e7\u00e3o.<\/p>\n<p class=\"my-5 break-words group-[.isActiveSource]:text-xl\" style=\"text-align: justify;\">Na quinta-feira (30), grupos divulgaram alerta de viagem para visitantes que ir\u00e3o aos EUA, citando risco de deten\u00e7\u00f5es e deporta\u00e7\u00f5es. O documento menciona possibilidade de revista de dispositivos e perfilamento racial.<\/p>\n<p class=\"my-5 break-words group-[.isActiveSource]:text-xl\" style=\"text-align: justify;\">O aviso ocorre ap\u00f3s declara\u00e7\u00e3o da Amnesty International, em mar\u00e7o, de que o torneio se afasta da promessa de evento seguro e inclusivo.<\/p>\n<p class=\"my-5 break-words group-[.isActiveSource]:text-xl\" style=\"text-align: justify;\">A HRW tamb\u00e9m solicitou detalhes \u00e0 Fifa sobre um pr\u00eamio de paz criado pela entidade. O reconhecimento foi concedido a Trump em dezembro por a\u00e7\u00f5es de di\u00e1logo internacional.<\/p>\n<p style=\"text-align: justify;\">Segundo a organiza\u00e7\u00e3o, a iniciativa pode transformar a Copa em instrumento de promo\u00e7\u00e3o de imagem. A Reuters procurou\u00a0<a class=\"text-red-600 underline hover:text-red-500 font-medium break-words group-[.isActiveSource]:text-xl\" href=\"https:\/\/www.cnnbrasil.com.br\/esportes\/futebol\/futebol-internacional\/com-brasileiros-garantindo-vagas-fifa-cria-ranking-para-mundial-de-clubes\/\" target=\"_self\" rel=\"\">Fifa<\/a>\u00a0e ICE para posicionamento, mas ianda n\u00e3o obteve retorno.<\/p>\n<p style=\"text-align: justify;\"><em><strong>CNN\u00a0 ESPORTES\u00a0<\/strong><\/em><\/p>\n","protected":false},"excerpt":{"rendered":"<p>HRW cobra a\u00e7\u00e3o junto ao governo dos EUA para suspender opera\u00e7\u00f5es durante o torneio A Human Rights Watch pediu que a Fifa pressione o governo dos Estados Unidos a adotar uma \u201ctr\u00e9gua do ICE\u201d durante a Copa do Mundo de 2026. A entidade defende garantia p\u00fablica para suspender a\u00e7\u00f5es migrat\u00f3rias em jogos e locais oficiais. [&hellip;]<\/p>\n","protected":false},"author":2,"featured_media":68593,"comment_status":"open","ping_status":"closed","sticky":false,"template":"","format":"standard","meta":{"footnotes":""},"categories":[68,21,753,752],"tags":[],"class_list":{"0":"post-68592","1":"post","2":"type-post","3":"status-publish","4":"format-standard","5":"has-post-thumbnail","7":"category-brasil","8":"category-brasilia","9":"category-esporte","10":"category-mundo"},"yoast_head":"<!-- This site is optimized with the Yoast SEO Premium plugin v24.5 (Yoast SEO v27.4) - https:\/\/yoast.com\/product\/yoast-seo-premium-wordpress\/ -->\n<title>Organiza\u00e7\u00e3o pede que Fifa pressione Trump a pausar a\u00e7\u00f5es do ICE na Copa - P31<\/title>\n<meta name=\"robots\" content=\"index, follow, max-snippet:-1, max-image-preview:large, max-video-preview:-1\" \/>\n<link rel=\"canonical\" href=\"https:\/\/www.p31noticias.com.br\/?p=68592\" \/>\n<meta property=\"og:locale\" content=\"pt_BR\" \/>\n<meta property=\"og:type\" content=\"article\" \/>\n<meta property=\"og:title\" content=\"Organiza\u00e7\u00e3o pede que Fifa pressione Trump a pausar a\u00e7\u00f5es do ICE na Copa\" \/>\n<meta property=\"og:description\" content=\"HRW cobra a\u00e7\u00e3o junto ao governo dos EUA para suspender opera\u00e7\u00f5es durante o torneio A Human Rights Watch pediu que a Fifa pressione o governo dos Estados Unidos a adotar uma \u201ctr\u00e9gua do ICE\u201d durante a Copa do Mundo de 2026. A entidade defende garantia p\u00fablica para suspender a\u00e7\u00f5es migrat\u00f3rias em jogos e locais oficiais. [&hellip;]\" \/>\n<meta property=\"og:url\" content=\"https:\/\/www.p31noticias.com.br\/?p=68592\" \/>\n<meta property=\"og:site_name\" content=\"P31\" \/>\n<meta property=\"article:published_time\" content=\"2026-04-28T01:00:38+00:00\" \/>\n<meta property=\"og:image\" content=\"https:\/\/www.p31noticias.com.br\/wp-content\/uploads\/2026\/04\/bola_oficial_copa_do_mundos_2026.webp\" \/>\n\t<meta property=\"og:image:width\" content=\"390\" \/>\n\t<meta property=\"og:image:height\" content=\"240\" \/>\n\t<meta property=\"og:image:type\" content=\"image\/webp\" \/>\n<meta name=\"author\" content=\"Gon\u00e7alves Junior\" \/>\n<meta name=\"twitter:card\" content=\"summary_large_image\" \/>\n<meta name=\"twitter:label1\" content=\"Escrito por\" \/>\n\t<meta name=\"twitter:data1\" content=\"Gon\u00e7alves Junior\" \/>\n\t<meta name=\"twitter:label2\" content=\"Est. tempo de leitura\" \/>\n\t<meta name=\"twitter:data2\" content=\"2 minutos\" \/>\n<script type=\"application\/ld+json\" class=\"yoast-schema-graph\">{\"@context\":\"https:\\\/\\\/schema.org\",\"@graph\":[{\"@type\":\"Article\",\"@id\":\"https:\\\/\\\/www.p31noticias.com.br\\\/?p=68592#article\",\"isPartOf\":{\"@id\":\"https:\\\/\\\/www.p31noticias.com.br\\\/?p=68592\"},\"author\":{\"name\":\"Gon\u00e7alves Junior\",\"@id\":\"https:\\\/\\\/www.p31noticias.com.br\\\/#\\\/schema\\\/person\\\/95f2ece30e3b4132065b915150cd0f94\"},\"headline\":\"Organiza\u00e7\u00e3o pede que Fifa pressione Trump a pausar a\u00e7\u00f5es do ICE na Copa\",\"datePublished\":\"2026-04-28T01:00:38+00:00\",\"mainEntityOfPage\":{\"@id\":\"https:\\\/\\\/www.p31noticias.com.br\\\/?p=68592\"},\"wordCount\":392,\"commentCount\":0,\"image\":{\"@id\":\"https:\\\/\\\/www.p31noticias.com.br\\\/?p=68592#primaryimage\"},\"thumbnailUrl\":\"https:\\\/\\\/www.p31noticias.com.br\\\/wp-content\\\/uploads\\\/2026\\\/04\\\/bola_oficial_copa_do_mundos_2026.webp\",\"articleSection\":[\"Brasil\",\"Bras\u00edlia\",\"Esporte\",\"Mundo\"],\"inLanguage\":\"pt-BR\",\"potentialAction\":[{\"@type\":\"CommentAction\",\"name\":\"Comment\",\"target\":[\"https:\\\/\\\/www.p31noticias.com.br\\\/?p=68592#respond\"]}],\"copyrightYear\":\"2026\",\"copyrightHolder\":{\"@id\":\"https:\\\/\\\/www.p31noticias.com.br\\\/#organization\"}},{\"@type\":\"WebPage\",\"@id\":\"https:\\\/\\\/www.p31noticias.com.br\\\/?p=68592\",\"url\":\"https:\\\/\\\/www.p31noticias.com.br\\\/?p=68592\",\"name\":\"Organiza\u00e7\u00e3o pede que Fifa pressione Trump a pausar a\u00e7\u00f5es do ICE na Copa - P31\",\"isPartOf\":{\"@id\":\"https:\\\/\\\/www.p31noticias.com.br\\\/#website\"},\"primaryImageOfPage\":{\"@id\":\"https:\\\/\\\/www.p31noticias.com.br\\\/?p=68592#primaryimage\"},\"image\":{\"@id\":\"https:\\\/\\\/www.p31noticias.com.br\\\/?p=68592#primaryimage\"},\"thumbnailUrl\":\"https:\\\/\\\/www.p31noticias.com.br\\\/wp-content\\\/uploads\\\/2026\\\/04\\\/bola_oficial_copa_do_mundos_2026.webp\",\"datePublished\":\"2026-04-28T01:00:38+00:00\",\"author\":{\"@id\":\"https:\\\/\\\/www.p31noticias.com.br\\\/#\\\/schema\\\/person\\\/95f2ece30e3b4132065b915150cd0f94\"},\"breadcrumb\":{\"@id\":\"https:\\\/\\\/www.p31noticias.com.br\\\/?p=68592#breadcrumb\"},\"inLanguage\":\"pt-BR\",\"potentialAction\":[{\"@type\":\"ReadAction\",\"target\":[\"https:\\\/\\\/www.p31noticias.com.br\\\/?p=68592\"]}]},{\"@type\":\"ImageObject\",\"inLanguage\":\"pt-BR\",\"@id\":\"https:\\\/\\\/www.p31noticias.com.br\\\/?p=68592#primaryimage\",\"url\":\"https:\\\/\\\/www.p31noticias.com.br\\\/wp-content\\\/uploads\\\/2026\\\/04\\\/bola_oficial_copa_do_mundos_2026.webp\",\"contentUrl\":\"https:\\\/\\\/www.p31noticias.com.br\\\/wp-content\\\/uploads\\\/2026\\\/04\\\/bola_oficial_copa_do_mundos_2026.webp\",\"width\":390,\"height\":240},{\"@type\":\"BreadcrumbList\",\"@id\":\"https:\\\/\\\/www.p31noticias.com.br\\\/?p=68592#breadcrumb\",\"itemListElement\":[{\"@type\":\"ListItem\",\"position\":1,\"name\":\"In\u00edcio\",\"item\":\"https:\\\/\\\/www.p31noticias.com.br\\\/\"},{\"@type\":\"ListItem\",\"position\":2,\"name\":\"Organiza\u00e7\u00e3o pede que Fifa pressione Trump a pausar a\u00e7\u00f5es do ICE na Copa\"}]},{\"@type\":\"WebSite\",\"@id\":\"https:\\\/\\\/www.p31noticias.com.br\\\/#website\",\"url\":\"https:\\\/\\\/www.p31noticias.com.br\\\/\",\"name\":\"P31\",\"description\":\"NOT\u00cdCIAS\",\"potentialAction\":[{\"@type\":\"SearchAction\",\"target\":{\"@type\":\"EntryPoint\",\"urlTemplate\":\"https:\\\/\\\/www.p31noticias.com.br\\\/?s={search_term_string}\"},\"query-input\":{\"@type\":\"PropertyValueSpecification\",\"valueRequired\":true,\"valueName\":\"search_term_string\"}}],\"inLanguage\":\"pt-BR\"},{\"@type\":\"Person\",\"@id\":\"https:\\\/\\\/www.p31noticias.com.br\\\/#\\\/schema\\\/person\\\/95f2ece30e3b4132065b915150cd0f94\",\"name\":\"Gon\u00e7alves Junior\",\"image\":{\"@type\":\"ImageObject\",\"inLanguage\":\"pt-BR\",\"@id\":\"https:\\\/\\\/secure.gravatar.com\\\/avatar\\\/6711f350116a89762687a48d66f723c799e5438a5b7578508d4294cd7a5d0800?s=96&d=mm&r=g\",\"url\":\"https:\\\/\\\/secure.gravatar.com\\\/avatar\\\/6711f350116a89762687a48d66f723c799e5438a5b7578508d4294cd7a5d0800?s=96&d=mm&r=g\",\"contentUrl\":\"https:\\\/\\\/secure.gravatar.com\\\/avatar\\\/6711f350116a89762687a48d66f723c799e5438a5b7578508d4294cd7a5d0800?s=96&d=mm&r=g\",\"caption\":\"Gon\u00e7alves Junior\"},\"url\":\"https:\\\/\\\/www.p31noticias.com.br\\\/?author=2\"}]}<\/script>\n<!-- \/ Yoast SEO Premium plugin. -->","yoast_head_json":{"title":"Organiza\u00e7\u00e3o pede que Fifa pressione Trump a pausar a\u00e7\u00f5es do ICE na Copa - P31","robots":{"index":"index","follow":"follow","max-snippet":"max-snippet:-1","max-image-preview":"max-image-preview:large","max-video-preview":"max-video-preview:-1"},"canonical":"https:\/\/www.p31noticias.com.br\/?p=68592","og_locale":"pt_BR","og_type":"article","og_title":"Organiza\u00e7\u00e3o pede que Fifa pressione Trump a pausar a\u00e7\u00f5es do ICE na Copa","og_description":"HRW cobra a\u00e7\u00e3o junto ao governo dos EUA para suspender opera\u00e7\u00f5es durante o torneio A Human Rights Watch pediu que a Fifa pressione o governo dos Estados Unidos a adotar uma \u201ctr\u00e9gua do ICE\u201d durante a Copa do Mundo de 2026. A entidade defende garantia p\u00fablica para suspender a\u00e7\u00f5es migrat\u00f3rias em jogos e locais oficiais. [&hellip;]","og_url":"https:\/\/www.p31noticias.com.br\/?p=68592","og_site_name":"P31","article_published_time":"2026-04-28T01:00:38+00:00","og_image":[{"width":390,"height":240,"url":"https:\/\/www.p31noticias.com.br\/wp-content\/uploads\/2026\/04\/bola_oficial_copa_do_mundos_2026.webp","type":"image\/webp"}],"author":"Gon\u00e7alves Junior","twitter_card":"summary_large_image","twitter_misc":{"Escrito por":"Gon\u00e7alves Junior","Est. tempo de leitura":"2 minutos"},"schema":{"@context":"https:\/\/schema.org","@graph":[{"@type":"Article","@id":"https:\/\/www.p31noticias.com.br\/?p=68592#article","isPartOf":{"@id":"https:\/\/www.p31noticias.com.br\/?p=68592"},"author":{"name":"Gon\u00e7alves Junior","@id":"https:\/\/www.p31noticias.com.br\/#\/schema\/person\/95f2ece30e3b4132065b915150cd0f94"},"headline":"Organiza\u00e7\u00e3o pede que Fifa pressione Trump a pausar a\u00e7\u00f5es do ICE na Copa","datePublished":"2026-04-28T01:00:38+00:00","mainEntityOfPage":{"@id":"https:\/\/www.p31noticias.com.br\/?p=68592"},"wordCount":392,"commentCount":0,"image":{"@id":"https:\/\/www.p31noticias.com.br\/?p=68592#primaryimage"},"thumbnailUrl":"https:\/\/www.p31noticias.com.br\/wp-content\/uploads\/2026\/04\/bola_oficial_copa_do_mundos_2026.webp","articleSection":["Brasil","Bras\u00edlia","Esporte","Mundo"],"inLanguage":"pt-BR","potentialAction":[{"@type":"CommentAction","name":"Comment","target":["https:\/\/www.p31noticias.com.br\/?p=68592#respond"]}],"copyrightYear":"2026","copyrightHolder":{"@id":"https:\/\/www.p31noticias.com.br\/#organization"}},{"@type":"WebPage","@id":"https:\/\/www.p31noticias.com.br\/?p=68592","url":"https:\/\/www.p31noticias.com.br\/?p=68592","name":"Organiza\u00e7\u00e3o pede que Fifa pressione Trump a pausar a\u00e7\u00f5es do ICE na Copa - P31","isPartOf":{"@id":"https:\/\/www.p31noticias.com.br\/#website"},"primaryImageOfPage":{"@id":"https:\/\/www.p31noticias.com.br\/?p=68592#primaryimage"},"image":{"@id":"https:\/\/www.p31noticias.com.br\/?p=68592#primaryimage"},"thumbnailUrl":"https:\/\/www.p31noticias.com.br\/wp-content\/uploads\/2026\/04\/bola_oficial_copa_do_mundos_2026.webp","datePublished":"2026-04-28T01:00:38+00:00","author":{"@id":"https:\/\/www.p31noticias.com.br\/#\/schema\/person\/95f2ece30e3b4132065b915150cd0f94"},"breadcrumb":{"@id":"https:\/\/www.p31noticias.com.br\/?p=68592#breadcrumb"},"inLanguage":"pt-BR","potentialAction":[{"@type":"ReadAction","target":["https:\/\/www.p31noticias.com.br\/?p=68592"]}]},{"@type":"ImageObject","inLanguage":"pt-BR","@id":"https:\/\/www.p31noticias.com.br\/?p=68592#primaryimage","url":"https:\/\/www.p31noticias.com.br\/wp-content\/uploads\/2026\/04\/bola_oficial_copa_do_mundos_2026.webp","contentUrl":"https:\/\/www.p31noticias.com.br\/wp-content\/uploads\/2026\/04\/bola_oficial_copa_do_mundos_2026.webp","width":390,"height":240},{"@type":"BreadcrumbList","@id":"https:\/\/www.p31noticias.com.br\/?p=68592#breadcrumb","itemListElement":[{"@type":"ListItem","position":1,"name":"In\u00edcio","item":"https:\/\/www.p31noticias.com.br\/"},{"@type":"ListItem","position":2,"name":"Organiza\u00e7\u00e3o pede que Fifa pressione Trump a pausar a\u00e7\u00f5es do ICE na Copa"}]},{"@type":"WebSite","@id":"https:\/\/www.p31noticias.com.br\/#website","url":"https:\/\/www.p31noticias.com.br\/","name":"P31","description":"NOT\u00cdCIAS","potentialAction":[{"@type":"SearchAction","target":{"@type":"EntryPoint","urlTemplate":"https:\/\/www.p31noticias.com.br\/?s={search_term_string}"},"query-input":{"@type":"PropertyValueSpecification","valueRequired":true,"valueName":"search_term_string"}}],"inLanguage":"pt-BR"},{"@type":"Person","@id":"https:\/\/www.p31noticias.com.br\/#\/schema\/person\/95f2ece30e3b4132065b915150cd0f94","name":"Gon\u00e7alves Junior","image":{"@type":"ImageObject","inLanguage":"pt-BR","@id":"https:\/\/secure.gravatar.com\/avatar\/6711f350116a89762687a48d66f723c799e5438a5b7578508d4294cd7a5d0800?s=96&d=mm&r=g","url":"https:\/\/secure.gravatar.com\/avatar\/6711f350116a89762687a48d66f723c799e5438a5b7578508d4294cd7a5d0800?s=96&d=mm&r=g","contentUrl":"https:\/\/secure.gravatar.com\/avatar\/6711f350116a89762687a48d66f723c799e5438a5b7578508d4294cd7a5d0800?s=96&d=mm&r=g","caption":"Gon\u00e7alves Junior"},"url":"https:\/\/www.p31noticias.com.br\/?author=2"}]}},"amp_enabled":true,"_links":{"self":[{"href":"https:\/\/www.p31noticias.com.br\/index.php?rest_route=\/wp\/v2\/posts\/68592","targetHints":{"allow":["GET"]}}],"collection":[{"href":"https:\/\/www.p31noticias.com.br\/index.php?rest_route=\/wp\/v2\/posts"}],"about":[{"href":"https:\/\/www.p31noticias.com.br\/index.php?rest_route=\/wp\/v2\/types\/post"}],"author":[{"embeddable":true,"href":"https:\/\/www.p31noticias.com.br\/index.php?rest_route=\/wp\/v2\/users\/2"}],"replies":[{"embeddable":true,"href":"https:\/\/www.p31noticias.com.br\/index.php?rest_route=%2Fwp%2Fv2%2Fcomments&post=68592"}],"version-history":[{"count":1,"href":"https:\/\/www.p31noticias.com.br\/index.php?rest_route=\/wp\/v2\/posts\/68592\/revisions"}],"predecessor-version":[{"id":68594,"href":"https:\/\/www.p31noticias.com.br\/index.php?rest_route=\/wp\/v2\/posts\/68592\/revisions\/68594"}],"wp:featuredmedia":[{"embeddable":true,"href":"https:\/\/www.p31noticias.com.br\/index.php?rest_route=\/wp\/v2\/media\/68593"}],"wp:attachment":[{"href":"https:\/\/www.p31noticias.com.br\/index.php?rest_route=%2Fwp%2Fv2%2Fmedia&parent=68592"}],"wp:term":[{"taxonomy":"category","embeddable":true,"href":"https:\/\/www.p31noticias.com.br\/index.php?rest_route=%2Fwp%2Fv2%2Fcategories&post=68592"},{"taxonomy":"post_tag","embeddable":true,"href":"https:\/\/www.p31noticias.com.br\/index.php?rest_route=%2Fwp%2Fv2%2Ftags&post=68592"}],"curies":[{"name":"wp","href":"https:\/\/api.w.org\/{rel}","templated":true}]}}