{"id":68589,"date":"2026-04-27T21:49:22","date_gmt":"2026-04-28T00:49:22","guid":{"rendered":"https:\/\/www.p31noticias.com.br\/?p=68589"},"modified":"2026-04-27T21:49:22","modified_gmt":"2026-04-28T00:49:22","slug":"ataque-dos-eua-a-embarcacao-no-pacifico-deixa-tres-mortos","status":"publish","type":"post","link":"https:\/\/www.p31noticias.com.br\/?p=68589","title":{"rendered":"Ataque dos EUA a embarca\u00e7\u00e3o no Pac\u00edfico deixa tr\u00eas mortos"},"content":{"rendered":"<p style=\"text-align: justify;\"><em><strong>O governo Trump n\u00e3o apresentou evid\u00eancias de que as embarca\u00e7\u00f5es atacadas desde setembro estavam envolvidas no tr\u00e1fico de drogas<\/strong><\/em><\/p>\n<p style=\"text-align: justify;\"><strong>Tr\u00eas pessoas morreram<\/strong>\u00a0em um ataque de for\u00e7as dos Estados Unidos<strong>\u00a0contra uma embarca\u00e7\u00e3o \u201cenvolvida em opera\u00e7\u00f5es de narcotr\u00e1fico\u201d no Oceano Pac\u00edfico<\/strong>, informou o Ex\u00e9rcito americano.<\/p>\n<p style=\"text-align: justify;\">O ataque \u2014 o mais recente de dezenas de a\u00e7\u00f5es similares nos \u00faltimos meses \u2014 eleva o n\u00famero de mortos na campanha americana a pelo menos 185, segundo uma contagem da AFP.<\/p>\n<p style=\"text-align: justify;\">Como em casos anteriores, o<strong>\u00a0Comando Sul das For\u00e7as Armadas dos Estados Unidos<\/strong>\u00a0anunciou na rede social X que a embarca\u00e7\u00e3o atingida era \u201coperada por organiza\u00e7\u00f5es designadas como terroristas\u201d e os \u201cservi\u00e7os de intelig\u00eancia confirmaram que transitava por rotas conhecidas do narcotr\u00e1fico\u201d.<\/p>\n<p style=\"text-align: justify;\"><strong>O governo de Donald Trump n\u00e3o apresentou evid\u00eancias de que as embarca\u00e7\u00f5es atacadas desde setembro estavam envolvidas no tr\u00e1fico de drogas<\/strong>, o que provoca um debate sobre a legalidade das opera\u00e7\u00f5es.<\/p>\n<p style=\"text-align: justify;\">Especialistas em direito internacional e grupos de defesa dos direitos humanos afirmam que os ataques poderiam constituir execu\u00e7\u00f5es extrajudiciais, j\u00e1 que aparentemente tiveram entre seus alvos civis que n\u00e3o representam uma amea\u00e7a imediata para os Estados Unidos.<\/p>\n<p style=\"text-align: justify;\"><em><strong>AFP<\/strong><\/em><\/p>\n","protected":false},"excerpt":{"rendered":"<p>O governo Trump n\u00e3o apresentou evid\u00eancias de que as embarca\u00e7\u00f5es atacadas desde setembro estavam envolvidas no tr\u00e1fico de drogas Tr\u00eas pessoas morreram\u00a0em um ataque de for\u00e7as dos Estados Unidos\u00a0contra uma embarca\u00e7\u00e3o \u201cenvolvida em opera\u00e7\u00f5es de narcotr\u00e1fico\u201d no Oceano Pac\u00edfico, informou o Ex\u00e9rcito americano. O ataque \u2014 o mais recente de dezenas de a\u00e7\u00f5es similares nos [&hellip;]<\/p>\n","protected":false},"author":2,"featured_media":68590,"comment_status":"open","ping_status":"closed","sticky":false,"template":"","format":"standard","meta":{"footnotes":""},"categories":[68,21,752,57],"tags":[],"class_list":{"0":"post-68589","1":"post","2":"type-post","3":"status-publish","4":"format-standard","5":"has-post-thumbnail","7":"category-brasil","8":"category-brasilia","9":"category-mundo","10":"category-politica"},"yoast_head":"<!-- This site is optimized with the Yoast SEO Premium plugin v24.5 (Yoast SEO v27.4) - https:\/\/yoast.com\/product\/yoast-seo-premium-wordpress\/ -->\n<title>Ataque dos EUA a embarca\u00e7\u00e3o no Pac\u00edfico deixa tr\u00eas mortos - P31<\/title>\n<meta name=\"robots\" content=\"index, follow, max-snippet:-1, max-image-preview:large, max-video-preview:-1\" \/>\n<link rel=\"canonical\" href=\"https:\/\/www.p31noticias.com.br\/?p=68589\" \/>\n<meta property=\"og:locale\" content=\"pt_BR\" \/>\n<meta property=\"og:type\" content=\"article\" \/>\n<meta property=\"og:title\" content=\"Ataque dos EUA a embarca\u00e7\u00e3o no Pac\u00edfico deixa tr\u00eas mortos\" \/>\n<meta property=\"og:description\" content=\"O governo Trump n\u00e3o apresentou evid\u00eancias de que as embarca\u00e7\u00f5es atacadas desde setembro estavam envolvidas no tr\u00e1fico de drogas Tr\u00eas pessoas morreram\u00a0em um ataque de for\u00e7as dos Estados Unidos\u00a0contra uma embarca\u00e7\u00e3o \u201cenvolvida em opera\u00e7\u00f5es de narcotr\u00e1fico\u201d no Oceano Pac\u00edfico, informou o Ex\u00e9rcito americano. O ataque \u2014 o mais recente de dezenas de a\u00e7\u00f5es similares nos [&hellip;]\" \/>\n<meta property=\"og:url\" content=\"https:\/\/www.p31noticias.com.br\/?p=68589\" \/>\n<meta property=\"og:site_name\" content=\"P31\" \/>\n<meta property=\"article:published_time\" content=\"2026-04-28T00:49:22+00:00\" \/>\n<meta property=\"og:image\" content=\"https:\/\/www.p31noticias.com.br\/wp-content\/uploads\/2026\/04\/imagem-jvp-64-300x170-1.png\" \/>\n\t<meta property=\"og:image:width\" content=\"300\" \/>\n\t<meta property=\"og:image:height\" content=\"170\" \/>\n\t<meta property=\"og:image:type\" content=\"image\/png\" \/>\n<meta name=\"author\" content=\"Gon\u00e7alves Junior\" \/>\n<meta name=\"twitter:card\" content=\"summary_large_image\" \/>\n<meta name=\"twitter:label1\" content=\"Escrito por\" \/>\n\t<meta name=\"twitter:data1\" content=\"Gon\u00e7alves Junior\" \/>\n\t<meta name=\"twitter:label2\" content=\"Est. tempo de leitura\" \/>\n\t<meta name=\"twitter:data2\" content=\"2 minutos\" \/>\n<script type=\"application\/ld+json\" class=\"yoast-schema-graph\">{\"@context\":\"https:\\\/\\\/schema.org\",\"@graph\":[{\"@type\":\"Article\",\"@id\":\"https:\\\/\\\/www.p31noticias.com.br\\\/?p=68589#article\",\"isPartOf\":{\"@id\":\"https:\\\/\\\/www.p31noticias.com.br\\\/?p=68589\"},\"author\":{\"name\":\"Gon\u00e7alves Junior\",\"@id\":\"https:\\\/\\\/www.p31noticias.com.br\\\/#\\\/schema\\\/person\\\/95f2ece30e3b4132065b915150cd0f94\"},\"headline\":\"Ataque dos EUA a embarca\u00e7\u00e3o no Pac\u00edfico deixa tr\u00eas mortos\",\"datePublished\":\"2026-04-28T00:49:22+00:00\",\"mainEntityOfPage\":{\"@id\":\"https:\\\/\\\/www.p31noticias.com.br\\\/?p=68589\"},\"wordCount\":225,\"commentCount\":0,\"image\":{\"@id\":\"https:\\\/\\\/www.p31noticias.com.br\\\/?p=68589#primaryimage\"},\"thumbnailUrl\":\"https:\\\/\\\/www.p31noticias.com.br\\\/wp-content\\\/uploads\\\/2026\\\/04\\\/imagem-jvp-64-300x170-1.png\",\"articleSection\":[\"Brasil\",\"Bras\u00edlia\",\"Mundo\",\"Pol\u00edtica\"],\"inLanguage\":\"pt-BR\",\"potentialAction\":[{\"@type\":\"CommentAction\",\"name\":\"Comment\",\"target\":[\"https:\\\/\\\/www.p31noticias.com.br\\\/?p=68589#respond\"]}],\"copyrightYear\":\"2026\",\"copyrightHolder\":{\"@id\":\"https:\\\/\\\/www.p31noticias.com.br\\\/#organization\"}},{\"@type\":\"WebPage\",\"@id\":\"https:\\\/\\\/www.p31noticias.com.br\\\/?p=68589\",\"url\":\"https:\\\/\\\/www.p31noticias.com.br\\\/?p=68589\",\"name\":\"Ataque dos EUA a embarca\u00e7\u00e3o no Pac\u00edfico deixa tr\u00eas mortos - P31\",\"isPartOf\":{\"@id\":\"https:\\\/\\\/www.p31noticias.com.br\\\/#website\"},\"primaryImageOfPage\":{\"@id\":\"https:\\\/\\\/www.p31noticias.com.br\\\/?p=68589#primaryimage\"},\"image\":{\"@id\":\"https:\\\/\\\/www.p31noticias.com.br\\\/?p=68589#primaryimage\"},\"thumbnailUrl\":\"https:\\\/\\\/www.p31noticias.com.br\\\/wp-content\\\/uploads\\\/2026\\\/04\\\/imagem-jvp-64-300x170-1.png\",\"datePublished\":\"2026-04-28T00:49:22+00:00\",\"author\":{\"@id\":\"https:\\\/\\\/www.p31noticias.com.br\\\/#\\\/schema\\\/person\\\/95f2ece30e3b4132065b915150cd0f94\"},\"breadcrumb\":{\"@id\":\"https:\\\/\\\/www.p31noticias.com.br\\\/?p=68589#breadcrumb\"},\"inLanguage\":\"pt-BR\",\"potentialAction\":[{\"@type\":\"ReadAction\",\"target\":[\"https:\\\/\\\/www.p31noticias.com.br\\\/?p=68589\"]}]},{\"@type\":\"ImageObject\",\"inLanguage\":\"pt-BR\",\"@id\":\"https:\\\/\\\/www.p31noticias.com.br\\\/?p=68589#primaryimage\",\"url\":\"https:\\\/\\\/www.p31noticias.com.br\\\/wp-content\\\/uploads\\\/2026\\\/04\\\/imagem-jvp-64-300x170-1.png\",\"contentUrl\":\"https:\\\/\\\/www.p31noticias.com.br\\\/wp-content\\\/uploads\\\/2026\\\/04\\\/imagem-jvp-64-300x170-1.png\",\"width\":300,\"height\":170},{\"@type\":\"BreadcrumbList\",\"@id\":\"https:\\\/\\\/www.p31noticias.com.br\\\/?p=68589#breadcrumb\",\"itemListElement\":[{\"@type\":\"ListItem\",\"position\":1,\"name\":\"In\u00edcio\",\"item\":\"https:\\\/\\\/www.p31noticias.com.br\\\/\"},{\"@type\":\"ListItem\",\"position\":2,\"name\":\"Ataque dos EUA a embarca\u00e7\u00e3o no Pac\u00edfico deixa tr\u00eas mortos\"}]},{\"@type\":\"WebSite\",\"@id\":\"https:\\\/\\\/www.p31noticias.com.br\\\/#website\",\"url\":\"https:\\\/\\\/www.p31noticias.com.br\\\/\",\"name\":\"P31\",\"description\":\"NOT\u00cdCIAS\",\"potentialAction\":[{\"@type\":\"SearchAction\",\"target\":{\"@type\":\"EntryPoint\",\"urlTemplate\":\"https:\\\/\\\/www.p31noticias.com.br\\\/?s={search_term_string}\"},\"query-input\":{\"@type\":\"PropertyValueSpecification\",\"valueRequired\":true,\"valueName\":\"search_term_string\"}}],\"inLanguage\":\"pt-BR\"},{\"@type\":\"Person\",\"@id\":\"https:\\\/\\\/www.p31noticias.com.br\\\/#\\\/schema\\\/person\\\/95f2ece30e3b4132065b915150cd0f94\",\"name\":\"Gon\u00e7alves Junior\",\"image\":{\"@type\":\"ImageObject\",\"inLanguage\":\"pt-BR\",\"@id\":\"https:\\\/\\\/secure.gravatar.com\\\/avatar\\\/6711f350116a89762687a48d66f723c799e5438a5b7578508d4294cd7a5d0800?s=96&d=mm&r=g\",\"url\":\"https:\\\/\\\/secure.gravatar.com\\\/avatar\\\/6711f350116a89762687a48d66f723c799e5438a5b7578508d4294cd7a5d0800?s=96&d=mm&r=g\",\"contentUrl\":\"https:\\\/\\\/secure.gravatar.com\\\/avatar\\\/6711f350116a89762687a48d66f723c799e5438a5b7578508d4294cd7a5d0800?s=96&d=mm&r=g\",\"caption\":\"Gon\u00e7alves Junior\"},\"url\":\"https:\\\/\\\/www.p31noticias.com.br\\\/?author=2\"}]}<\/script>\n<!-- \/ Yoast SEO Premium plugin. -->","yoast_head_json":{"title":"Ataque dos EUA a embarca\u00e7\u00e3o no Pac\u00edfico deixa tr\u00eas mortos - P31","robots":{"index":"index","follow":"follow","max-snippet":"max-snippet:-1","max-image-preview":"max-image-preview:large","max-video-preview":"max-video-preview:-1"},"canonical":"https:\/\/www.p31noticias.com.br\/?p=68589","og_locale":"pt_BR","og_type":"article","og_title":"Ataque dos EUA a embarca\u00e7\u00e3o no Pac\u00edfico deixa tr\u00eas mortos","og_description":"O governo Trump n\u00e3o apresentou evid\u00eancias de que as embarca\u00e7\u00f5es atacadas desde setembro estavam envolvidas no tr\u00e1fico de drogas Tr\u00eas pessoas morreram\u00a0em um ataque de for\u00e7as dos Estados Unidos\u00a0contra uma embarca\u00e7\u00e3o \u201cenvolvida em opera\u00e7\u00f5es de narcotr\u00e1fico\u201d no Oceano Pac\u00edfico, informou o Ex\u00e9rcito americano. O ataque \u2014 o mais recente de dezenas de a\u00e7\u00f5es similares nos [&hellip;]","og_url":"https:\/\/www.p31noticias.com.br\/?p=68589","og_site_name":"P31","article_published_time":"2026-04-28T00:49:22+00:00","og_image":[{"width":300,"height":170,"url":"https:\/\/www.p31noticias.com.br\/wp-content\/uploads\/2026\/04\/imagem-jvp-64-300x170-1.png","type":"image\/png"}],"author":"Gon\u00e7alves Junior","twitter_card":"summary_large_image","twitter_misc":{"Escrito por":"Gon\u00e7alves Junior","Est. tempo de leitura":"2 minutos"},"schema":{"@context":"https:\/\/schema.org","@graph":[{"@type":"Article","@id":"https:\/\/www.p31noticias.com.br\/?p=68589#article","isPartOf":{"@id":"https:\/\/www.p31noticias.com.br\/?p=68589"},"author":{"name":"Gon\u00e7alves Junior","@id":"https:\/\/www.p31noticias.com.br\/#\/schema\/person\/95f2ece30e3b4132065b915150cd0f94"},"headline":"Ataque dos EUA a embarca\u00e7\u00e3o no Pac\u00edfico deixa tr\u00eas mortos","datePublished":"2026-04-28T00:49:22+00:00","mainEntityOfPage":{"@id":"https:\/\/www.p31noticias.com.br\/?p=68589"},"wordCount":225,"commentCount":0,"image":{"@id":"https:\/\/www.p31noticias.com.br\/?p=68589#primaryimage"},"thumbnailUrl":"https:\/\/www.p31noticias.com.br\/wp-content\/uploads\/2026\/04\/imagem-jvp-64-300x170-1.png","articleSection":["Brasil","Bras\u00edlia","Mundo","Pol\u00edtica"],"inLanguage":"pt-BR","potentialAction":[{"@type":"CommentAction","name":"Comment","target":["https:\/\/www.p31noticias.com.br\/?p=68589#respond"]}],"copyrightYear":"2026","copyrightHolder":{"@id":"https:\/\/www.p31noticias.com.br\/#organization"}},{"@type":"WebPage","@id":"https:\/\/www.p31noticias.com.br\/?p=68589","url":"https:\/\/www.p31noticias.com.br\/?p=68589","name":"Ataque dos EUA a embarca\u00e7\u00e3o no Pac\u00edfico deixa tr\u00eas mortos - P31","isPartOf":{"@id":"https:\/\/www.p31noticias.com.br\/#website"},"primaryImageOfPage":{"@id":"https:\/\/www.p31noticias.com.br\/?p=68589#primaryimage"},"image":{"@id":"https:\/\/www.p31noticias.com.br\/?p=68589#primaryimage"},"thumbnailUrl":"https:\/\/www.p31noticias.com.br\/wp-content\/uploads\/2026\/04\/imagem-jvp-64-300x170-1.png","datePublished":"2026-04-28T00:49:22+00:00","author":{"@id":"https:\/\/www.p31noticias.com.br\/#\/schema\/person\/95f2ece30e3b4132065b915150cd0f94"},"breadcrumb":{"@id":"https:\/\/www.p31noticias.com.br\/?p=68589#breadcrumb"},"inLanguage":"pt-BR","potentialAction":[{"@type":"ReadAction","target":["https:\/\/www.p31noticias.com.br\/?p=68589"]}]},{"@type":"ImageObject","inLanguage":"pt-BR","@id":"https:\/\/www.p31noticias.com.br\/?p=68589#primaryimage","url":"https:\/\/www.p31noticias.com.br\/wp-content\/uploads\/2026\/04\/imagem-jvp-64-300x170-1.png","contentUrl":"https:\/\/www.p31noticias.com.br\/wp-content\/uploads\/2026\/04\/imagem-jvp-64-300x170-1.png","width":300,"height":170},{"@type":"BreadcrumbList","@id":"https:\/\/www.p31noticias.com.br\/?p=68589#breadcrumb","itemListElement":[{"@type":"ListItem","position":1,"name":"In\u00edcio","item":"https:\/\/www.p31noticias.com.br\/"},{"@type":"ListItem","position":2,"name":"Ataque dos EUA a embarca\u00e7\u00e3o no Pac\u00edfico deixa tr\u00eas mortos"}]},{"@type":"WebSite","@id":"https:\/\/www.p31noticias.com.br\/#website","url":"https:\/\/www.p31noticias.com.br\/","name":"P31","description":"NOT\u00cdCIAS","potentialAction":[{"@type":"SearchAction","target":{"@type":"EntryPoint","urlTemplate":"https:\/\/www.p31noticias.com.br\/?s={search_term_string}"},"query-input":{"@type":"PropertyValueSpecification","valueRequired":true,"valueName":"search_term_string"}}],"inLanguage":"pt-BR"},{"@type":"Person","@id":"https:\/\/www.p31noticias.com.br\/#\/schema\/person\/95f2ece30e3b4132065b915150cd0f94","name":"Gon\u00e7alves Junior","image":{"@type":"ImageObject","inLanguage":"pt-BR","@id":"https:\/\/secure.gravatar.com\/avatar\/6711f350116a89762687a48d66f723c799e5438a5b7578508d4294cd7a5d0800?s=96&d=mm&r=g","url":"https:\/\/secure.gravatar.com\/avatar\/6711f350116a89762687a48d66f723c799e5438a5b7578508d4294cd7a5d0800?s=96&d=mm&r=g","contentUrl":"https:\/\/secure.gravatar.com\/avatar\/6711f350116a89762687a48d66f723c799e5438a5b7578508d4294cd7a5d0800?s=96&d=mm&r=g","caption":"Gon\u00e7alves Junior"},"url":"https:\/\/www.p31noticias.com.br\/?author=2"}]}},"amp_enabled":true,"_links":{"self":[{"href":"https:\/\/www.p31noticias.com.br\/index.php?rest_route=\/wp\/v2\/posts\/68589","targetHints":{"allow":["GET"]}}],"collection":[{"href":"https:\/\/www.p31noticias.com.br\/index.php?rest_route=\/wp\/v2\/posts"}],"about":[{"href":"https:\/\/www.p31noticias.com.br\/index.php?rest_route=\/wp\/v2\/types\/post"}],"author":[{"embeddable":true,"href":"https:\/\/www.p31noticias.com.br\/index.php?rest_route=\/wp\/v2\/users\/2"}],"replies":[{"embeddable":true,"href":"https:\/\/www.p31noticias.com.br\/index.php?rest_route=%2Fwp%2Fv2%2Fcomments&post=68589"}],"version-history":[{"count":1,"href":"https:\/\/www.p31noticias.com.br\/index.php?rest_route=\/wp\/v2\/posts\/68589\/revisions"}],"predecessor-version":[{"id":68591,"href":"https:\/\/www.p31noticias.com.br\/index.php?rest_route=\/wp\/v2\/posts\/68589\/revisions\/68591"}],"wp:featuredmedia":[{"embeddable":true,"href":"https:\/\/www.p31noticias.com.br\/index.php?rest_route=\/wp\/v2\/media\/68590"}],"wp:attachment":[{"href":"https:\/\/www.p31noticias.com.br\/index.php?rest_route=%2Fwp%2Fv2%2Fmedia&parent=68589"}],"wp:term":[{"taxonomy":"category","embeddable":true,"href":"https:\/\/www.p31noticias.com.br\/index.php?rest_route=%2Fwp%2Fv2%2Fcategories&post=68589"},{"taxonomy":"post_tag","embeddable":true,"href":"https:\/\/www.p31noticias.com.br\/index.php?rest_route=%2Fwp%2Fv2%2Ftags&post=68589"}],"curies":[{"name":"wp","href":"https:\/\/api.w.org\/{rel}","templated":true}]}}