{"id":68583,"date":"2026-04-27T21:28:48","date_gmt":"2026-04-28T00:28:48","guid":{"rendered":"https:\/\/www.p31noticias.com.br\/?p=68583"},"modified":"2026-04-27T21:28:48","modified_gmt":"2026-04-28T00:28:48","slug":"brasilia-sedia-reuniao-com-secretarios-de-educacao-de-todo-o-pais-para-discutir-ensino-publico","status":"publish","type":"post","link":"https:\/\/www.p31noticias.com.br\/?p=68583","title":{"rendered":"Bras\u00edlia sedia reuni\u00e3o com secret\u00e1rios de Educa\u00e7\u00e3o de todo o pa\u00eds para discutir ensino p\u00fablico"},"content":{"rendered":"<p style=\"text-align: justify;\"><em><strong>Entre os temas abordados est\u00e3o Enem, tecnologia e educa\u00e7\u00e3o p\u00fablica\u00a0<\/strong><\/em><\/p>\n<p style=\"text-align: justify;\">Bras\u00edlia tornou-se, nesta segunda-feira (27), o centro das discuss\u00f5es sobre os rumos da educa\u00e7\u00e3o p\u00fablica no pa\u00eds com a realiza\u00e7\u00e3o da II Reuni\u00e3o Extraordin\u00e1ria de 2026 do Conselho Nacional de Secret\u00e1rios de Educa\u00e7\u00e3o (Consed). O encontro segue at\u00e9 esta ter\u00e7a (28) e re\u00fane gestores estaduais de Educa\u00e7\u00e3o, representantes do Minist\u00e9rio da Educa\u00e7\u00e3o (MEC), do Instituto Nacional de Estudos e Pesquisas Educacionais An\u00edsio Teixeira (Inep) e de institui\u00e7\u00f5es parceiras.<\/p>\n<p style=\"text-align: justify;\">A programa\u00e7\u00e3o do primeiro dia contou com a apresenta\u00e7\u00e3o dos secret\u00e1rios estaduais de Educa\u00e7\u00e3o, momento voltado \u00e0 integra\u00e7\u00e3o entre os gestores e ao alinhamento das principais pautas do setor. Representando a Secretaria de Educa\u00e7\u00e3o do Distrito Federal (SEEDF), a secret\u00e1ria interina, I\u00eades Soares Braga, falou da import\u00e2ncia do encontro para a troca de experi\u00eancias entre as redes de ensino.<\/p>\n<p><img decoding=\"async\" src=\"https:\/\/www.agenciabrasilia.df.gov.br\/documents\/d\/guest\/reuniao-extraordinaria-do-consed-foto1-jotta-casttro-jpg\" \/><\/p>\n<div class=\"text-content\" style=\"text-align: justify;\">\n<p>\u201cEsse \u00e9 um espa\u00e7o importante para compartilhar experi\u00eancias, conhecer boas pr\u00e1ticas e fortalecer o trabalho conjunto entre os estados e o Distrito Federal em favor da educa\u00e7\u00e3o p\u00fablica\u201d, afirmou I\u00eades.<\/p>\n<p>Fundado em 1986, o Consed \u00e9 uma associa\u00e7\u00e3o que re\u00fane as Secretarias de Educa\u00e7\u00e3o dos estados e do DF. Entre seus principais objetivos est\u00e3o a integra\u00e7\u00e3o das redes estaduais de ensino, a colabora\u00e7\u00e3o entre as unidades federativas e a participa\u00e7\u00e3o na constru\u00e7\u00e3o de pol\u00edticas nacionais para a educa\u00e7\u00e3o.<\/p>\n<\/div>\n<div class=\"text-content\">\n<p style=\"text-align: justify;\"><strong>Abertura<\/strong><\/p>\n<blockquote class=\"blockquote blockquote-direita\"><p>&#8220;Esperamos sair daqui com boas ideias para a educa\u00e7\u00e3o brasileira, com debates importantes sobre temas da atualidade&#8221;<\/p>\n<p><cite>Socorro Batista, professora<\/cite><\/p><\/blockquote>\n<p style=\"text-align: justify;\">A nova presidente do conselho, professora Socorro Batista, destacou a import\u00e2ncia do di\u00e1logo entre os gestores p\u00fablicos e da constru\u00e7\u00e3o conjunta de solu\u00e7\u00f5es para os desafios educacionais do pa\u00eds. \u201cEsperamos sair daqui com boas ideias para a educa\u00e7\u00e3o brasileira, com debates importantes sobre temas da atualidade e que dizem respeito ao sistema de educa\u00e7\u00e3o do pa\u00eds, como o Plano Nacional de Educa\u00e7\u00e3o\u201d.<\/p>\n<p style=\"text-align: justify;\">Na pauta do primeiro dia foram discutidos temas como o Exame Nacional do Ensino M\u00e9dio \u00a0(Enem) como instrumento do Sistema de Avalia\u00e7\u00e3o da Educa\u00e7\u00e3o B\u00e1sica (Saeb); o plano de trabalho do Grupo de Tecnologia do Consed para 2026; e o alinhamento entre os estados com a participa\u00e7\u00e3o de integrantes do MEC e do Inep.<\/p>\n<p style=\"text-align: justify;\">J\u00e1 nesta ter\u00e7a-feira (28), a agenda ser\u00e1 voltada ao aprofundamento das discuss\u00f5es sobre o Programa de Pleno Pagamento de D\u00edvidas dos Estados (Propag) e o programa Juros pela Educa\u00e7\u00e3o.<\/p>\n<p style=\"text-align: justify;\"><strong><em>Com informa\u00e7\u00f5es da Secretaria de Educa\u00e7\u00e3o<\/em><\/strong><\/p>\n<\/div>\n","protected":false},"excerpt":{"rendered":"<p>Entre os temas abordados est\u00e3o Enem, tecnologia e educa\u00e7\u00e3o p\u00fablica\u00a0 Bras\u00edlia tornou-se, nesta segunda-feira (27), o centro das discuss\u00f5es sobre os rumos da educa\u00e7\u00e3o p\u00fablica no pa\u00eds com a realiza\u00e7\u00e3o da II Reuni\u00e3o Extraordin\u00e1ria de 2026 do Conselho Nacional de Secret\u00e1rios de Educa\u00e7\u00e3o (Consed). O encontro segue at\u00e9 esta ter\u00e7a (28) e re\u00fane gestores estaduais [&hellip;]<\/p>\n","protected":false},"author":2,"featured_media":68584,"comment_status":"open","ping_status":"closed","sticky":false,"template":"","format":"standard","meta":{"footnotes":""},"categories":[68,21,1161,57],"tags":[],"class_list":{"0":"post-68583","1":"post","2":"type-post","3":"status-publish","4":"format-standard","5":"has-post-thumbnail","7":"category-brasil","8":"category-brasilia","9":"category-educacao","10":"category-politica"},"yoast_head":"<!-- This site is optimized with the Yoast SEO Premium plugin v24.5 (Yoast SEO v27.4) - https:\/\/yoast.com\/product\/yoast-seo-premium-wordpress\/ -->\n<title>Bras\u00edlia sedia reuni\u00e3o com secret\u00e1rios de Educa\u00e7\u00e3o de todo o pa\u00eds para discutir ensino p\u00fablico - P31<\/title>\n<meta name=\"robots\" content=\"index, follow, max-snippet:-1, max-image-preview:large, max-video-preview:-1\" \/>\n<link rel=\"canonical\" href=\"https:\/\/www.p31noticias.com.br\/?p=68583\" \/>\n<meta property=\"og:locale\" content=\"pt_BR\" \/>\n<meta property=\"og:type\" content=\"article\" \/>\n<meta property=\"og:title\" content=\"Bras\u00edlia sedia reuni\u00e3o com secret\u00e1rios de Educa\u00e7\u00e3o de todo o pa\u00eds para discutir ensino p\u00fablico\" \/>\n<meta property=\"og:description\" content=\"Entre os temas abordados est\u00e3o Enem, tecnologia e educa\u00e7\u00e3o p\u00fablica\u00a0 Bras\u00edlia tornou-se, nesta segunda-feira (27), o centro das discuss\u00f5es sobre os rumos da educa\u00e7\u00e3o p\u00fablica no pa\u00eds com a realiza\u00e7\u00e3o da II Reuni\u00e3o Extraordin\u00e1ria de 2026 do Conselho Nacional de Secret\u00e1rios de Educa\u00e7\u00e3o (Consed). O encontro segue at\u00e9 esta ter\u00e7a (28) e re\u00fane gestores estaduais [&hellip;]\" \/>\n<meta property=\"og:url\" content=\"https:\/\/www.p31noticias.com.br\/?p=68583\" \/>\n<meta property=\"og:site_name\" content=\"P31\" \/>\n<meta property=\"article:published_time\" content=\"2026-04-28T00:28:48+00:00\" \/>\n<meta property=\"og:image\" content=\"https:\/\/www.p31noticias.com.br\/wp-content\/uploads\/2026\/04\/Reuniao-Extraordinaria-do-Consed-CAPA-FOTO-jotta-casttro.jpg\" \/>\n\t<meta property=\"og:image:width\" content=\"2500\" \/>\n\t<meta property=\"og:image:height\" content=\"1667\" \/>\n\t<meta property=\"og:image:type\" content=\"image\/jpeg\" \/>\n<meta name=\"author\" content=\"Gon\u00e7alves Junior\" \/>\n<meta name=\"twitter:card\" content=\"summary_large_image\" \/>\n<meta name=\"twitter:label1\" content=\"Escrito por\" \/>\n\t<meta name=\"twitter:data1\" content=\"Gon\u00e7alves Junior\" \/>\n\t<meta name=\"twitter:label2\" content=\"Est. tempo de leitura\" \/>\n\t<meta name=\"twitter:data2\" content=\"3 minutos\" \/>\n<script type=\"application\/ld+json\" class=\"yoast-schema-graph\">{\"@context\":\"https:\\\/\\\/schema.org\",\"@graph\":[{\"@type\":\"Article\",\"@id\":\"https:\\\/\\\/www.p31noticias.com.br\\\/?p=68583#article\",\"isPartOf\":{\"@id\":\"https:\\\/\\\/www.p31noticias.com.br\\\/?p=68583\"},\"author\":{\"name\":\"Gon\u00e7alves Junior\",\"@id\":\"https:\\\/\\\/www.p31noticias.com.br\\\/#\\\/schema\\\/person\\\/95f2ece30e3b4132065b915150cd0f94\"},\"headline\":\"Bras\u00edlia sedia reuni\u00e3o com secret\u00e1rios de Educa\u00e7\u00e3o de todo o pa\u00eds para discutir ensino p\u00fablico\",\"datePublished\":\"2026-04-28T00:28:48+00:00\",\"mainEntityOfPage\":{\"@id\":\"https:\\\/\\\/www.p31noticias.com.br\\\/?p=68583\"},\"wordCount\":467,\"commentCount\":0,\"image\":{\"@id\":\"https:\\\/\\\/www.p31noticias.com.br\\\/?p=68583#primaryimage\"},\"thumbnailUrl\":\"https:\\\/\\\/www.p31noticias.com.br\\\/wp-content\\\/uploads\\\/2026\\\/04\\\/Reuniao-Extraordinaria-do-Consed-CAPA-FOTO-jotta-casttro.jpg\",\"articleSection\":[\"Brasil\",\"Bras\u00edlia\",\"Educa\u00e7\u00e3o\",\"Pol\u00edtica\"],\"inLanguage\":\"pt-BR\",\"potentialAction\":[{\"@type\":\"CommentAction\",\"name\":\"Comment\",\"target\":[\"https:\\\/\\\/www.p31noticias.com.br\\\/?p=68583#respond\"]}],\"copyrightYear\":\"2026\",\"copyrightHolder\":{\"@id\":\"https:\\\/\\\/www.p31noticias.com.br\\\/#organization\"}},{\"@type\":\"WebPage\",\"@id\":\"https:\\\/\\\/www.p31noticias.com.br\\\/?p=68583\",\"url\":\"https:\\\/\\\/www.p31noticias.com.br\\\/?p=68583\",\"name\":\"Bras\u00edlia sedia reuni\u00e3o com secret\u00e1rios de Educa\u00e7\u00e3o de todo o pa\u00eds para discutir ensino p\u00fablico - P31\",\"isPartOf\":{\"@id\":\"https:\\\/\\\/www.p31noticias.com.br\\\/#website\"},\"primaryImageOfPage\":{\"@id\":\"https:\\\/\\\/www.p31noticias.com.br\\\/?p=68583#primaryimage\"},\"image\":{\"@id\":\"https:\\\/\\\/www.p31noticias.com.br\\\/?p=68583#primaryimage\"},\"thumbnailUrl\":\"https:\\\/\\\/www.p31noticias.com.br\\\/wp-content\\\/uploads\\\/2026\\\/04\\\/Reuniao-Extraordinaria-do-Consed-CAPA-FOTO-jotta-casttro.jpg\",\"datePublished\":\"2026-04-28T00:28:48+00:00\",\"author\":{\"@id\":\"https:\\\/\\\/www.p31noticias.com.br\\\/#\\\/schema\\\/person\\\/95f2ece30e3b4132065b915150cd0f94\"},\"breadcrumb\":{\"@id\":\"https:\\\/\\\/www.p31noticias.com.br\\\/?p=68583#breadcrumb\"},\"inLanguage\":\"pt-BR\",\"potentialAction\":[{\"@type\":\"ReadAction\",\"target\":[\"https:\\\/\\\/www.p31noticias.com.br\\\/?p=68583\"]}]},{\"@type\":\"ImageObject\",\"inLanguage\":\"pt-BR\",\"@id\":\"https:\\\/\\\/www.p31noticias.com.br\\\/?p=68583#primaryimage\",\"url\":\"https:\\\/\\\/www.p31noticias.com.br\\\/wp-content\\\/uploads\\\/2026\\\/04\\\/Reuniao-Extraordinaria-do-Consed-CAPA-FOTO-jotta-casttro.jpg\",\"contentUrl\":\"https:\\\/\\\/www.p31noticias.com.br\\\/wp-content\\\/uploads\\\/2026\\\/04\\\/Reuniao-Extraordinaria-do-Consed-CAPA-FOTO-jotta-casttro.jpg\",\"width\":2500,\"height\":1667},{\"@type\":\"BreadcrumbList\",\"@id\":\"https:\\\/\\\/www.p31noticias.com.br\\\/?p=68583#breadcrumb\",\"itemListElement\":[{\"@type\":\"ListItem\",\"position\":1,\"name\":\"In\u00edcio\",\"item\":\"https:\\\/\\\/www.p31noticias.com.br\\\/\"},{\"@type\":\"ListItem\",\"position\":2,\"name\":\"Bras\u00edlia sedia reuni\u00e3o com secret\u00e1rios de Educa\u00e7\u00e3o de todo o pa\u00eds para discutir ensino p\u00fablico\"}]},{\"@type\":\"WebSite\",\"@id\":\"https:\\\/\\\/www.p31noticias.com.br\\\/#website\",\"url\":\"https:\\\/\\\/www.p31noticias.com.br\\\/\",\"name\":\"P31\",\"description\":\"NOT\u00cdCIAS\",\"potentialAction\":[{\"@type\":\"SearchAction\",\"target\":{\"@type\":\"EntryPoint\",\"urlTemplate\":\"https:\\\/\\\/www.p31noticias.com.br\\\/?s={search_term_string}\"},\"query-input\":{\"@type\":\"PropertyValueSpecification\",\"valueRequired\":true,\"valueName\":\"search_term_string\"}}],\"inLanguage\":\"pt-BR\"},{\"@type\":\"Person\",\"@id\":\"https:\\\/\\\/www.p31noticias.com.br\\\/#\\\/schema\\\/person\\\/95f2ece30e3b4132065b915150cd0f94\",\"name\":\"Gon\u00e7alves Junior\",\"image\":{\"@type\":\"ImageObject\",\"inLanguage\":\"pt-BR\",\"@id\":\"https:\\\/\\\/secure.gravatar.com\\\/avatar\\\/6711f350116a89762687a48d66f723c799e5438a5b7578508d4294cd7a5d0800?s=96&d=mm&r=g\",\"url\":\"https:\\\/\\\/secure.gravatar.com\\\/avatar\\\/6711f350116a89762687a48d66f723c799e5438a5b7578508d4294cd7a5d0800?s=96&d=mm&r=g\",\"contentUrl\":\"https:\\\/\\\/secure.gravatar.com\\\/avatar\\\/6711f350116a89762687a48d66f723c799e5438a5b7578508d4294cd7a5d0800?s=96&d=mm&r=g\",\"caption\":\"Gon\u00e7alves Junior\"},\"url\":\"https:\\\/\\\/www.p31noticias.com.br\\\/?author=2\"}]}<\/script>\n<!-- \/ Yoast SEO Premium plugin. -->","yoast_head_json":{"title":"Bras\u00edlia sedia reuni\u00e3o com secret\u00e1rios de Educa\u00e7\u00e3o de todo o pa\u00eds para discutir ensino p\u00fablico - P31","robots":{"index":"index","follow":"follow","max-snippet":"max-snippet:-1","max-image-preview":"max-image-preview:large","max-video-preview":"max-video-preview:-1"},"canonical":"https:\/\/www.p31noticias.com.br\/?p=68583","og_locale":"pt_BR","og_type":"article","og_title":"Bras\u00edlia sedia reuni\u00e3o com secret\u00e1rios de Educa\u00e7\u00e3o de todo o pa\u00eds para discutir ensino p\u00fablico","og_description":"Entre os temas abordados est\u00e3o Enem, tecnologia e educa\u00e7\u00e3o p\u00fablica\u00a0 Bras\u00edlia tornou-se, nesta segunda-feira (27), o centro das discuss\u00f5es sobre os rumos da educa\u00e7\u00e3o p\u00fablica no pa\u00eds com a realiza\u00e7\u00e3o da II Reuni\u00e3o Extraordin\u00e1ria de 2026 do Conselho Nacional de Secret\u00e1rios de Educa\u00e7\u00e3o (Consed). O encontro segue at\u00e9 esta ter\u00e7a (28) e re\u00fane gestores estaduais [&hellip;]","og_url":"https:\/\/www.p31noticias.com.br\/?p=68583","og_site_name":"P31","article_published_time":"2026-04-28T00:28:48+00:00","og_image":[{"width":2500,"height":1667,"url":"https:\/\/www.p31noticias.com.br\/wp-content\/uploads\/2026\/04\/Reuniao-Extraordinaria-do-Consed-CAPA-FOTO-jotta-casttro.jpg","type":"image\/jpeg"}],"author":"Gon\u00e7alves Junior","twitter_card":"summary_large_image","twitter_misc":{"Escrito por":"Gon\u00e7alves Junior","Est. tempo de leitura":"3 minutos"},"schema":{"@context":"https:\/\/schema.org","@graph":[{"@type":"Article","@id":"https:\/\/www.p31noticias.com.br\/?p=68583#article","isPartOf":{"@id":"https:\/\/www.p31noticias.com.br\/?p=68583"},"author":{"name":"Gon\u00e7alves Junior","@id":"https:\/\/www.p31noticias.com.br\/#\/schema\/person\/95f2ece30e3b4132065b915150cd0f94"},"headline":"Bras\u00edlia sedia reuni\u00e3o com secret\u00e1rios de Educa\u00e7\u00e3o de todo o pa\u00eds para discutir ensino p\u00fablico","datePublished":"2026-04-28T00:28:48+00:00","mainEntityOfPage":{"@id":"https:\/\/www.p31noticias.com.br\/?p=68583"},"wordCount":467,"commentCount":0,"image":{"@id":"https:\/\/www.p31noticias.com.br\/?p=68583#primaryimage"},"thumbnailUrl":"https:\/\/www.p31noticias.com.br\/wp-content\/uploads\/2026\/04\/Reuniao-Extraordinaria-do-Consed-CAPA-FOTO-jotta-casttro.jpg","articleSection":["Brasil","Bras\u00edlia","Educa\u00e7\u00e3o","Pol\u00edtica"],"inLanguage":"pt-BR","potentialAction":[{"@type":"CommentAction","name":"Comment","target":["https:\/\/www.p31noticias.com.br\/?p=68583#respond"]}],"copyrightYear":"2026","copyrightHolder":{"@id":"https:\/\/www.p31noticias.com.br\/#organization"}},{"@type":"WebPage","@id":"https:\/\/www.p31noticias.com.br\/?p=68583","url":"https:\/\/www.p31noticias.com.br\/?p=68583","name":"Bras\u00edlia sedia reuni\u00e3o com secret\u00e1rios de Educa\u00e7\u00e3o de todo o pa\u00eds para discutir ensino p\u00fablico - P31","isPartOf":{"@id":"https:\/\/www.p31noticias.com.br\/#website"},"primaryImageOfPage":{"@id":"https:\/\/www.p31noticias.com.br\/?p=68583#primaryimage"},"image":{"@id":"https:\/\/www.p31noticias.com.br\/?p=68583#primaryimage"},"thumbnailUrl":"https:\/\/www.p31noticias.com.br\/wp-content\/uploads\/2026\/04\/Reuniao-Extraordinaria-do-Consed-CAPA-FOTO-jotta-casttro.jpg","datePublished":"2026-04-28T00:28:48+00:00","author":{"@id":"https:\/\/www.p31noticias.com.br\/#\/schema\/person\/95f2ece30e3b4132065b915150cd0f94"},"breadcrumb":{"@id":"https:\/\/www.p31noticias.com.br\/?p=68583#breadcrumb"},"inLanguage":"pt-BR","potentialAction":[{"@type":"ReadAction","target":["https:\/\/www.p31noticias.com.br\/?p=68583"]}]},{"@type":"ImageObject","inLanguage":"pt-BR","@id":"https:\/\/www.p31noticias.com.br\/?p=68583#primaryimage","url":"https:\/\/www.p31noticias.com.br\/wp-content\/uploads\/2026\/04\/Reuniao-Extraordinaria-do-Consed-CAPA-FOTO-jotta-casttro.jpg","contentUrl":"https:\/\/www.p31noticias.com.br\/wp-content\/uploads\/2026\/04\/Reuniao-Extraordinaria-do-Consed-CAPA-FOTO-jotta-casttro.jpg","width":2500,"height":1667},{"@type":"BreadcrumbList","@id":"https:\/\/www.p31noticias.com.br\/?p=68583#breadcrumb","itemListElement":[{"@type":"ListItem","position":1,"name":"In\u00edcio","item":"https:\/\/www.p31noticias.com.br\/"},{"@type":"ListItem","position":2,"name":"Bras\u00edlia sedia reuni\u00e3o com secret\u00e1rios de Educa\u00e7\u00e3o de todo o pa\u00eds para discutir ensino p\u00fablico"}]},{"@type":"WebSite","@id":"https:\/\/www.p31noticias.com.br\/#website","url":"https:\/\/www.p31noticias.com.br\/","name":"P31","description":"NOT\u00cdCIAS","potentialAction":[{"@type":"SearchAction","target":{"@type":"EntryPoint","urlTemplate":"https:\/\/www.p31noticias.com.br\/?s={search_term_string}"},"query-input":{"@type":"PropertyValueSpecification","valueRequired":true,"valueName":"search_term_string"}}],"inLanguage":"pt-BR"},{"@type":"Person","@id":"https:\/\/www.p31noticias.com.br\/#\/schema\/person\/95f2ece30e3b4132065b915150cd0f94","name":"Gon\u00e7alves Junior","image":{"@type":"ImageObject","inLanguage":"pt-BR","@id":"https:\/\/secure.gravatar.com\/avatar\/6711f350116a89762687a48d66f723c799e5438a5b7578508d4294cd7a5d0800?s=96&d=mm&r=g","url":"https:\/\/secure.gravatar.com\/avatar\/6711f350116a89762687a48d66f723c799e5438a5b7578508d4294cd7a5d0800?s=96&d=mm&r=g","contentUrl":"https:\/\/secure.gravatar.com\/avatar\/6711f350116a89762687a48d66f723c799e5438a5b7578508d4294cd7a5d0800?s=96&d=mm&r=g","caption":"Gon\u00e7alves Junior"},"url":"https:\/\/www.p31noticias.com.br\/?author=2"}]}},"amp_enabled":true,"_links":{"self":[{"href":"https:\/\/www.p31noticias.com.br\/index.php?rest_route=\/wp\/v2\/posts\/68583","targetHints":{"allow":["GET"]}}],"collection":[{"href":"https:\/\/www.p31noticias.com.br\/index.php?rest_route=\/wp\/v2\/posts"}],"about":[{"href":"https:\/\/www.p31noticias.com.br\/index.php?rest_route=\/wp\/v2\/types\/post"}],"author":[{"embeddable":true,"href":"https:\/\/www.p31noticias.com.br\/index.php?rest_route=\/wp\/v2\/users\/2"}],"replies":[{"embeddable":true,"href":"https:\/\/www.p31noticias.com.br\/index.php?rest_route=%2Fwp%2Fv2%2Fcomments&post=68583"}],"version-history":[{"count":1,"href":"https:\/\/www.p31noticias.com.br\/index.php?rest_route=\/wp\/v2\/posts\/68583\/revisions"}],"predecessor-version":[{"id":68585,"href":"https:\/\/www.p31noticias.com.br\/index.php?rest_route=\/wp\/v2\/posts\/68583\/revisions\/68585"}],"wp:featuredmedia":[{"embeddable":true,"href":"https:\/\/www.p31noticias.com.br\/index.php?rest_route=\/wp\/v2\/media\/68584"}],"wp:attachment":[{"href":"https:\/\/www.p31noticias.com.br\/index.php?rest_route=%2Fwp%2Fv2%2Fmedia&parent=68583"}],"wp:term":[{"taxonomy":"category","embeddable":true,"href":"https:\/\/www.p31noticias.com.br\/index.php?rest_route=%2Fwp%2Fv2%2Fcategories&post=68583"},{"taxonomy":"post_tag","embeddable":true,"href":"https:\/\/www.p31noticias.com.br\/index.php?rest_route=%2Fwp%2Fv2%2Ftags&post=68583"}],"curies":[{"name":"wp","href":"https:\/\/api.w.org\/{rel}","templated":true}]}}