{"id":68580,"date":"2026-04-27T21:22:12","date_gmt":"2026-04-28T00:22:12","guid":{"rendered":"https:\/\/www.p31noticias.com.br\/?p=68580"},"modified":"2026-04-27T21:22:12","modified_gmt":"2026-04-28T00:22:12","slug":"igesdf-abre-edital-para-compra-de-ventiladores-pulmonares","status":"publish","type":"post","link":"https:\/\/www.p31noticias.com.br\/?p=68580","title":{"rendered":"IgesDF abre edital para compra de ventiladores pulmonares"},"content":{"rendered":"<p style=\"text-align: justify;\"><em><strong>Aquisi\u00e7\u00e3o refor\u00e7a a prepara\u00e7\u00e3o da rede para o aumento de doen\u00e7as respirat\u00f3rias<\/strong><\/em><\/p>\n<p style=\"text-align: justify;\">O Instituto de Gest\u00e3o Estrat\u00e9gica de Sa\u00fade do Distrito Federal (IgesDF) abriu o\u00a0<a href=\"https:\/\/igesdf.org.br\/ato\/selecao-de-fornecedores-n-28-2026-aquisicao-de-ventiladores-pulmonares\/\">Edital n\u00ba 028\/2026<\/a>\u00a0para a aquisi\u00e7\u00e3o de 20 ventiladores pulmonares. A medida integra o planejamento estrat\u00e9gico da rede para o per\u00edodo de maior incid\u00eancia de doen\u00e7as respirat\u00f3rias, refor\u00e7ando a capacidade de resposta das unidades de sa\u00fade diante do aumento sazonal da demanda.<\/p>\n<p style=\"text-align: justify;\">Os ventiladores s\u00e3o equipamentos essenciais para o suporte a pacientes com insufici\u00eancia respirat\u00f3ria aguda, em p\u00f3s-operat\u00f3rios complexos ou em quadros graves de doen\u00e7as infecciosas e cr\u00f4nicas. Ao garantir ventila\u00e7\u00e3o adequada e controlada, os aparelhos contribuem para a manuten\u00e7\u00e3o da oxigena\u00e7\u00e3o e da estabilidade cl\u00ednica, permitindo a recupera\u00e7\u00e3o do organismo.<\/p>\n<p style=\"text-align: justify;\">A aquisi\u00e7\u00e3o \u00e9 considerada estrat\u00e9gica para o fortalecimento da assist\u00eancia hospitalar, especialmente em unidades que atuam com alta complexidade. Os equipamentos ser\u00e3o distribu\u00eddos entre as unidades geridas pelo instituto, ampliando a capacidade de atendimento em setores como unidades de terapia intensiva (UTIs) e emerg\u00eancias.<\/p>\n<p style=\"text-align: justify;\">Com a proximidade dos meses de maior circula\u00e7\u00e3o de v\u00edrus respirat\u00f3rios, o investimento tamb\u00e9m busca antecipar cen\u00e1rios de aumento na procura por atendimento. Equipamentos mais modernos oferecem diferentes modos de ventila\u00e7\u00e3o, maior precis\u00e3o nos par\u00e2metros e monitoramento cont\u00ednuo, favorecendo uma assist\u00eancia mais segura, individualizada e baseada em evid\u00eancias.<\/p>\n<p style=\"text-align: justify;\">Os interessados em participar do processo seletivo podem consultar os crit\u00e9rios e requisitos no site oficial do IgesDF. As propostas devem ser enviadas entre os dias 27 de abril e 5 de maio, at\u00e9 as 23h55, por meio da plataforma Apoio Cota\u00e7\u00f5es.<\/p>\n<p style=\"text-align: justify;\"><strong>Aquisi\u00e7\u00e3o de 20 ventiladores pulmonares para unidades de sa\u00fade do IgesDF<\/strong><\/p>\n<ul style=\"text-align: justify;\">\n<li>Edital de Sele\u00e7\u00e3o de Fornecedores n\u00ba 028\/2026<\/li>\n<li>Identifica\u00e7\u00e3o SEI: 04016-00010184\/2026-45<\/li>\n<li>N\u00famero da cota\u00e7\u00e3o: 1512349<\/li>\n<li>Per\u00edodo de envio de propostas: de 27 de abril a 5 de maio<\/li>\n<li>Plataforma:\u00a0<a href=\"https:\/\/www.apoiocotacoes.com.br\/\">Apoio Cota\u00e7\u00f5es<\/a><\/li>\n<\/ul>\n<p style=\"text-align: justify;\"><strong><em>Com informa\u00e7\u00f5es do IgesDF<\/em><\/strong><\/p>\n","protected":false},"excerpt":{"rendered":"<p>Aquisi\u00e7\u00e3o refor\u00e7a a prepara\u00e7\u00e3o da rede para o aumento de doen\u00e7as respirat\u00f3rias O Instituto de Gest\u00e3o Estrat\u00e9gica de Sa\u00fade do Distrito Federal (IgesDF) abriu o\u00a0Edital n\u00ba 028\/2026\u00a0para a aquisi\u00e7\u00e3o de 20 ventiladores pulmonares. A medida integra o planejamento estrat\u00e9gico da rede para o per\u00edodo de maior incid\u00eancia de doen\u00e7as respirat\u00f3rias, refor\u00e7ando a capacidade de resposta [&hellip;]<\/p>\n","protected":false},"author":2,"featured_media":68581,"comment_status":"open","ping_status":"closed","sticky":false,"template":"","format":"standard","meta":{"footnotes":""},"categories":[68,21,57,124],"tags":[],"class_list":{"0":"post-68580","1":"post","2":"type-post","3":"status-publish","4":"format-standard","5":"has-post-thumbnail","7":"category-brasil","8":"category-brasilia","9":"category-politica","10":"category-saude"},"yoast_head":"<!-- This site is optimized with the Yoast SEO Premium plugin v24.5 (Yoast SEO v27.4) - https:\/\/yoast.com\/product\/yoast-seo-premium-wordpress\/ -->\n<title>IgesDF abre edital para compra de ventiladores pulmonares - P31<\/title>\n<meta name=\"robots\" content=\"index, follow, max-snippet:-1, max-image-preview:large, max-video-preview:-1\" \/>\n<link rel=\"canonical\" href=\"https:\/\/www.p31noticias.com.br\/?p=68580\" \/>\n<meta property=\"og:locale\" content=\"pt_BR\" \/>\n<meta property=\"og:type\" content=\"article\" \/>\n<meta property=\"og:title\" content=\"IgesDF abre edital para compra de ventiladores pulmonares\" \/>\n<meta property=\"og:description\" content=\"Aquisi\u00e7\u00e3o refor\u00e7a a prepara\u00e7\u00e3o da rede para o aumento de doen\u00e7as respirat\u00f3rias O Instituto de Gest\u00e3o Estrat\u00e9gica de Sa\u00fade do Distrito Federal (IgesDF) abriu o\u00a0Edital n\u00ba 028\/2026\u00a0para a aquisi\u00e7\u00e3o de 20 ventiladores pulmonares. A medida integra o planejamento estrat\u00e9gico da rede para o per\u00edodo de maior incid\u00eancia de doen\u00e7as respirat\u00f3rias, refor\u00e7ando a capacidade de resposta [&hellip;]\" \/>\n<meta property=\"og:url\" content=\"https:\/\/www.p31noticias.com.br\/?p=68580\" \/>\n<meta property=\"og:site_name\" content=\"P31\" \/>\n<meta property=\"article:published_time\" content=\"2026-04-28T00:22:12+00:00\" \/>\n<meta property=\"og:image\" content=\"https:\/\/www.p31noticias.com.br\/wp-content\/uploads\/2026\/04\/image-252.png\" \/>\n\t<meta property=\"og:image:width\" content=\"576\" \/>\n\t<meta property=\"og:image:height\" content=\"357\" \/>\n\t<meta property=\"og:image:type\" content=\"image\/png\" \/>\n<meta name=\"author\" content=\"Gon\u00e7alves Junior\" \/>\n<meta name=\"twitter:card\" content=\"summary_large_image\" \/>\n<meta name=\"twitter:label1\" content=\"Escrito por\" \/>\n\t<meta name=\"twitter:data1\" content=\"Gon\u00e7alves Junior\" \/>\n\t<meta name=\"twitter:label2\" content=\"Est. tempo de leitura\" \/>\n\t<meta name=\"twitter:data2\" content=\"2 minutos\" \/>\n<script type=\"application\/ld+json\" class=\"yoast-schema-graph\">{\"@context\":\"https:\\\/\\\/schema.org\",\"@graph\":[{\"@type\":\"Article\",\"@id\":\"https:\\\/\\\/www.p31noticias.com.br\\\/?p=68580#article\",\"isPartOf\":{\"@id\":\"https:\\\/\\\/www.p31noticias.com.br\\\/?p=68580\"},\"author\":{\"name\":\"Gon\u00e7alves Junior\",\"@id\":\"https:\\\/\\\/www.p31noticias.com.br\\\/#\\\/schema\\\/person\\\/95f2ece30e3b4132065b915150cd0f94\"},\"headline\":\"IgesDF abre edital para compra de ventiladores pulmonares\",\"datePublished\":\"2026-04-28T00:22:12+00:00\",\"mainEntityOfPage\":{\"@id\":\"https:\\\/\\\/www.p31noticias.com.br\\\/?p=68580\"},\"wordCount\":350,\"commentCount\":0,\"image\":{\"@id\":\"https:\\\/\\\/www.p31noticias.com.br\\\/?p=68580#primaryimage\"},\"thumbnailUrl\":\"https:\\\/\\\/www.p31noticias.com.br\\\/wp-content\\\/uploads\\\/2026\\\/04\\\/image-252.png\",\"articleSection\":[\"Brasil\",\"Bras\u00edlia\",\"Pol\u00edtica\",\"Sa\u00fade\"],\"inLanguage\":\"pt-BR\",\"potentialAction\":[{\"@type\":\"CommentAction\",\"name\":\"Comment\",\"target\":[\"https:\\\/\\\/www.p31noticias.com.br\\\/?p=68580#respond\"]}],\"copyrightYear\":\"2026\",\"copyrightHolder\":{\"@id\":\"https:\\\/\\\/www.p31noticias.com.br\\\/#organization\"}},{\"@type\":\"WebPage\",\"@id\":\"https:\\\/\\\/www.p31noticias.com.br\\\/?p=68580\",\"url\":\"https:\\\/\\\/www.p31noticias.com.br\\\/?p=68580\",\"name\":\"IgesDF abre edital para compra de ventiladores pulmonares - P31\",\"isPartOf\":{\"@id\":\"https:\\\/\\\/www.p31noticias.com.br\\\/#website\"},\"primaryImageOfPage\":{\"@id\":\"https:\\\/\\\/www.p31noticias.com.br\\\/?p=68580#primaryimage\"},\"image\":{\"@id\":\"https:\\\/\\\/www.p31noticias.com.br\\\/?p=68580#primaryimage\"},\"thumbnailUrl\":\"https:\\\/\\\/www.p31noticias.com.br\\\/wp-content\\\/uploads\\\/2026\\\/04\\\/image-252.png\",\"datePublished\":\"2026-04-28T00:22:12+00:00\",\"author\":{\"@id\":\"https:\\\/\\\/www.p31noticias.com.br\\\/#\\\/schema\\\/person\\\/95f2ece30e3b4132065b915150cd0f94\"},\"breadcrumb\":{\"@id\":\"https:\\\/\\\/www.p31noticias.com.br\\\/?p=68580#breadcrumb\"},\"inLanguage\":\"pt-BR\",\"potentialAction\":[{\"@type\":\"ReadAction\",\"target\":[\"https:\\\/\\\/www.p31noticias.com.br\\\/?p=68580\"]}]},{\"@type\":\"ImageObject\",\"inLanguage\":\"pt-BR\",\"@id\":\"https:\\\/\\\/www.p31noticias.com.br\\\/?p=68580#primaryimage\",\"url\":\"https:\\\/\\\/www.p31noticias.com.br\\\/wp-content\\\/uploads\\\/2026\\\/04\\\/image-252.png\",\"contentUrl\":\"https:\\\/\\\/www.p31noticias.com.br\\\/wp-content\\\/uploads\\\/2026\\\/04\\\/image-252.png\",\"width\":576,\"height\":357},{\"@type\":\"BreadcrumbList\",\"@id\":\"https:\\\/\\\/www.p31noticias.com.br\\\/?p=68580#breadcrumb\",\"itemListElement\":[{\"@type\":\"ListItem\",\"position\":1,\"name\":\"In\u00edcio\",\"item\":\"https:\\\/\\\/www.p31noticias.com.br\\\/\"},{\"@type\":\"ListItem\",\"position\":2,\"name\":\"IgesDF abre edital para compra de ventiladores pulmonares\"}]},{\"@type\":\"WebSite\",\"@id\":\"https:\\\/\\\/www.p31noticias.com.br\\\/#website\",\"url\":\"https:\\\/\\\/www.p31noticias.com.br\\\/\",\"name\":\"P31\",\"description\":\"NOT\u00cdCIAS\",\"potentialAction\":[{\"@type\":\"SearchAction\",\"target\":{\"@type\":\"EntryPoint\",\"urlTemplate\":\"https:\\\/\\\/www.p31noticias.com.br\\\/?s={search_term_string}\"},\"query-input\":{\"@type\":\"PropertyValueSpecification\",\"valueRequired\":true,\"valueName\":\"search_term_string\"}}],\"inLanguage\":\"pt-BR\"},{\"@type\":\"Person\",\"@id\":\"https:\\\/\\\/www.p31noticias.com.br\\\/#\\\/schema\\\/person\\\/95f2ece30e3b4132065b915150cd0f94\",\"name\":\"Gon\u00e7alves Junior\",\"image\":{\"@type\":\"ImageObject\",\"inLanguage\":\"pt-BR\",\"@id\":\"https:\\\/\\\/secure.gravatar.com\\\/avatar\\\/6711f350116a89762687a48d66f723c799e5438a5b7578508d4294cd7a5d0800?s=96&d=mm&r=g\",\"url\":\"https:\\\/\\\/secure.gravatar.com\\\/avatar\\\/6711f350116a89762687a48d66f723c799e5438a5b7578508d4294cd7a5d0800?s=96&d=mm&r=g\",\"contentUrl\":\"https:\\\/\\\/secure.gravatar.com\\\/avatar\\\/6711f350116a89762687a48d66f723c799e5438a5b7578508d4294cd7a5d0800?s=96&d=mm&r=g\",\"caption\":\"Gon\u00e7alves Junior\"},\"url\":\"https:\\\/\\\/www.p31noticias.com.br\\\/?author=2\"}]}<\/script>\n<!-- \/ Yoast SEO Premium plugin. -->","yoast_head_json":{"title":"IgesDF abre edital para compra de ventiladores pulmonares - P31","robots":{"index":"index","follow":"follow","max-snippet":"max-snippet:-1","max-image-preview":"max-image-preview:large","max-video-preview":"max-video-preview:-1"},"canonical":"https:\/\/www.p31noticias.com.br\/?p=68580","og_locale":"pt_BR","og_type":"article","og_title":"IgesDF abre edital para compra de ventiladores pulmonares","og_description":"Aquisi\u00e7\u00e3o refor\u00e7a a prepara\u00e7\u00e3o da rede para o aumento de doen\u00e7as respirat\u00f3rias O Instituto de Gest\u00e3o Estrat\u00e9gica de Sa\u00fade do Distrito Federal (IgesDF) abriu o\u00a0Edital n\u00ba 028\/2026\u00a0para a aquisi\u00e7\u00e3o de 20 ventiladores pulmonares. A medida integra o planejamento estrat\u00e9gico da rede para o per\u00edodo de maior incid\u00eancia de doen\u00e7as respirat\u00f3rias, refor\u00e7ando a capacidade de resposta [&hellip;]","og_url":"https:\/\/www.p31noticias.com.br\/?p=68580","og_site_name":"P31","article_published_time":"2026-04-28T00:22:12+00:00","og_image":[{"width":576,"height":357,"url":"https:\/\/www.p31noticias.com.br\/wp-content\/uploads\/2026\/04\/image-252.png","type":"image\/png"}],"author":"Gon\u00e7alves Junior","twitter_card":"summary_large_image","twitter_misc":{"Escrito por":"Gon\u00e7alves Junior","Est. tempo de leitura":"2 minutos"},"schema":{"@context":"https:\/\/schema.org","@graph":[{"@type":"Article","@id":"https:\/\/www.p31noticias.com.br\/?p=68580#article","isPartOf":{"@id":"https:\/\/www.p31noticias.com.br\/?p=68580"},"author":{"name":"Gon\u00e7alves Junior","@id":"https:\/\/www.p31noticias.com.br\/#\/schema\/person\/95f2ece30e3b4132065b915150cd0f94"},"headline":"IgesDF abre edital para compra de ventiladores pulmonares","datePublished":"2026-04-28T00:22:12+00:00","mainEntityOfPage":{"@id":"https:\/\/www.p31noticias.com.br\/?p=68580"},"wordCount":350,"commentCount":0,"image":{"@id":"https:\/\/www.p31noticias.com.br\/?p=68580#primaryimage"},"thumbnailUrl":"https:\/\/www.p31noticias.com.br\/wp-content\/uploads\/2026\/04\/image-252.png","articleSection":["Brasil","Bras\u00edlia","Pol\u00edtica","Sa\u00fade"],"inLanguage":"pt-BR","potentialAction":[{"@type":"CommentAction","name":"Comment","target":["https:\/\/www.p31noticias.com.br\/?p=68580#respond"]}],"copyrightYear":"2026","copyrightHolder":{"@id":"https:\/\/www.p31noticias.com.br\/#organization"}},{"@type":"WebPage","@id":"https:\/\/www.p31noticias.com.br\/?p=68580","url":"https:\/\/www.p31noticias.com.br\/?p=68580","name":"IgesDF abre edital para compra de ventiladores pulmonares - P31","isPartOf":{"@id":"https:\/\/www.p31noticias.com.br\/#website"},"primaryImageOfPage":{"@id":"https:\/\/www.p31noticias.com.br\/?p=68580#primaryimage"},"image":{"@id":"https:\/\/www.p31noticias.com.br\/?p=68580#primaryimage"},"thumbnailUrl":"https:\/\/www.p31noticias.com.br\/wp-content\/uploads\/2026\/04\/image-252.png","datePublished":"2026-04-28T00:22:12+00:00","author":{"@id":"https:\/\/www.p31noticias.com.br\/#\/schema\/person\/95f2ece30e3b4132065b915150cd0f94"},"breadcrumb":{"@id":"https:\/\/www.p31noticias.com.br\/?p=68580#breadcrumb"},"inLanguage":"pt-BR","potentialAction":[{"@type":"ReadAction","target":["https:\/\/www.p31noticias.com.br\/?p=68580"]}]},{"@type":"ImageObject","inLanguage":"pt-BR","@id":"https:\/\/www.p31noticias.com.br\/?p=68580#primaryimage","url":"https:\/\/www.p31noticias.com.br\/wp-content\/uploads\/2026\/04\/image-252.png","contentUrl":"https:\/\/www.p31noticias.com.br\/wp-content\/uploads\/2026\/04\/image-252.png","width":576,"height":357},{"@type":"BreadcrumbList","@id":"https:\/\/www.p31noticias.com.br\/?p=68580#breadcrumb","itemListElement":[{"@type":"ListItem","position":1,"name":"In\u00edcio","item":"https:\/\/www.p31noticias.com.br\/"},{"@type":"ListItem","position":2,"name":"IgesDF abre edital para compra de ventiladores pulmonares"}]},{"@type":"WebSite","@id":"https:\/\/www.p31noticias.com.br\/#website","url":"https:\/\/www.p31noticias.com.br\/","name":"P31","description":"NOT\u00cdCIAS","potentialAction":[{"@type":"SearchAction","target":{"@type":"EntryPoint","urlTemplate":"https:\/\/www.p31noticias.com.br\/?s={search_term_string}"},"query-input":{"@type":"PropertyValueSpecification","valueRequired":true,"valueName":"search_term_string"}}],"inLanguage":"pt-BR"},{"@type":"Person","@id":"https:\/\/www.p31noticias.com.br\/#\/schema\/person\/95f2ece30e3b4132065b915150cd0f94","name":"Gon\u00e7alves Junior","image":{"@type":"ImageObject","inLanguage":"pt-BR","@id":"https:\/\/secure.gravatar.com\/avatar\/6711f350116a89762687a48d66f723c799e5438a5b7578508d4294cd7a5d0800?s=96&d=mm&r=g","url":"https:\/\/secure.gravatar.com\/avatar\/6711f350116a89762687a48d66f723c799e5438a5b7578508d4294cd7a5d0800?s=96&d=mm&r=g","contentUrl":"https:\/\/secure.gravatar.com\/avatar\/6711f350116a89762687a48d66f723c799e5438a5b7578508d4294cd7a5d0800?s=96&d=mm&r=g","caption":"Gon\u00e7alves Junior"},"url":"https:\/\/www.p31noticias.com.br\/?author=2"}]}},"amp_enabled":true,"_links":{"self":[{"href":"https:\/\/www.p31noticias.com.br\/index.php?rest_route=\/wp\/v2\/posts\/68580","targetHints":{"allow":["GET"]}}],"collection":[{"href":"https:\/\/www.p31noticias.com.br\/index.php?rest_route=\/wp\/v2\/posts"}],"about":[{"href":"https:\/\/www.p31noticias.com.br\/index.php?rest_route=\/wp\/v2\/types\/post"}],"author":[{"embeddable":true,"href":"https:\/\/www.p31noticias.com.br\/index.php?rest_route=\/wp\/v2\/users\/2"}],"replies":[{"embeddable":true,"href":"https:\/\/www.p31noticias.com.br\/index.php?rest_route=%2Fwp%2Fv2%2Fcomments&post=68580"}],"version-history":[{"count":1,"href":"https:\/\/www.p31noticias.com.br\/index.php?rest_route=\/wp\/v2\/posts\/68580\/revisions"}],"predecessor-version":[{"id":68582,"href":"https:\/\/www.p31noticias.com.br\/index.php?rest_route=\/wp\/v2\/posts\/68580\/revisions\/68582"}],"wp:featuredmedia":[{"embeddable":true,"href":"https:\/\/www.p31noticias.com.br\/index.php?rest_route=\/wp\/v2\/media\/68581"}],"wp:attachment":[{"href":"https:\/\/www.p31noticias.com.br\/index.php?rest_route=%2Fwp%2Fv2%2Fmedia&parent=68580"}],"wp:term":[{"taxonomy":"category","embeddable":true,"href":"https:\/\/www.p31noticias.com.br\/index.php?rest_route=%2Fwp%2Fv2%2Fcategories&post=68580"},{"taxonomy":"post_tag","embeddable":true,"href":"https:\/\/www.p31noticias.com.br\/index.php?rest_route=%2Fwp%2Fv2%2Ftags&post=68580"}],"curies":[{"name":"wp","href":"https:\/\/api.w.org\/{rel}","templated":true}]}}