{"id":68577,"date":"2026-04-27T21:14:10","date_gmt":"2026-04-28T00:14:10","guid":{"rendered":"https:\/\/www.p31noticias.com.br\/?p=68577"},"modified":"2026-04-27T21:14:10","modified_gmt":"2026-04-28T00:14:10","slug":"casa-branca-culpa-o-culto-de-odio-da-esquerda-pelo-ataque-em-jantar-de-trump","status":"publish","type":"post","link":"https:\/\/www.p31noticias.com.br\/?p=68577","title":{"rendered":"Casa Branca culpa o \u2018culto de \u00f3dio da esquerda\u2019 pelo ataque em jantar de Trump"},"content":{"rendered":"<p style=\"text-align: justify;\"><em><strong>Cole Tomas Allen tentou invadir ala de correspondentes que cobrem a Casa Branca; caso aconteceu no s\u00e1bado (25) \u00e0 noite<\/strong><\/em><\/p>\n<p style=\"text-align: justify;\">A Casa Branca culpou, nesta segunda-feira (27), o \u201cculto de \u00f3dio da esquerda\u201d pelo\u00a0<a href=\"https:\/\/jovempan.com.br\/noticias\/mundo\/trump-e-retirado-de-jantar-da-imprensa-na-casa-branca-apos-suposto-tiroteio.html\"><strong>ataque a tiros<\/strong><\/a>\u00a0ocorrido durante um jantar da Associa\u00e7\u00e3o de Correspondentes da Casa Branca, em Washington, que contou com a\u00a0<strong>presen\u00e7a de Donald Trump<\/strong>.<\/p>\n<p style=\"text-align: justify;\">\u201cO culto de \u00f3dio da esquerda contra o presidente e todos aqueles que o apoiam e trabalham para ele resultou em v\u00e1rias pessoas feridas e mortas, e neste fim de semana quase aconteceu novamente\u201d, declarou a secret\u00e1ria de imprensa, Karoline Leavitt, em uma coletiva de imprensa.<\/p>\n<p style=\"text-align: justify;\">A secret\u00e1ria de imprensa da Casa Branca tamb\u00e9m afirmou que o ataque de s\u00e1bado (25) foi a\u00a0<strong>terceira grande tentativa de assassinato<\/strong>\u00a0contra o presidente Donald Trump.<\/p>\n<p style=\"text-align: justify;\">Leavitt confirmou que a chefe de gabinete da Casa Branca, Susie Wiles, convocar\u00e1 uma reuni\u00e3o com autoridades do Departamento de Seguran\u00e7a Interna, do Servi\u00e7o Secreto dos EUA e da equipe de opera\u00e7\u00f5es da Casa Branca para \u201cgarantir a seguran\u00e7a e a prote\u00e7\u00e3o do presidente\u201d.<\/p>\n<p style=\"text-align: justify;\">Um suspeito armado foi impedido pelos agentes do Servi\u00e7o Secreto antes que pudesse entrar no sal\u00e3o de baile lotado do hotel onde Trump, a primeira-dama Melania Trump, o vice-presidente JD Vance e muitas outras autoridades importantes estavam reunidas para o jantar anual.<\/p>\n<p style=\"text-align: justify;\">Leavitt culpou a\u00a0<strong>ret\u00f3rica pol\u00edtica dura<\/strong>\u00a0por promover um ambiente em que algu\u00e9m poderia querer atacar o presidente.<\/p>\n<p style=\"text-align: justify;\">\u201cN\u00e3o dever\u00edamos viver em um pa\u00eds onde o medo constante da viol\u00eancia pol\u00edtica permeia\u201d, disse ela.<\/p>\n<p style=\"text-align: justify;\"><strong><em>Com informa\u00e7\u00f5es da AFP e da Reuters<\/em><\/strong><\/p>\n","protected":false},"excerpt":{"rendered":"<p>Cole Tomas Allen tentou invadir ala de correspondentes que cobrem a Casa Branca; caso aconteceu no s\u00e1bado (25) \u00e0 noite A Casa Branca culpou, nesta segunda-feira (27), o \u201cculto de \u00f3dio da esquerda\u201d pelo\u00a0ataque a tiros\u00a0ocorrido durante um jantar da Associa\u00e7\u00e3o de Correspondentes da Casa Branca, em Washington, que contou com a\u00a0presen\u00e7a de Donald Trump. [&hellip;]<\/p>\n","protected":false},"author":2,"featured_media":68578,"comment_status":"open","ping_status":"closed","sticky":false,"template":"","format":"standard","meta":{"footnotes":""},"categories":[68,21,752,57],"tags":[],"class_list":{"0":"post-68577","1":"post","2":"type-post","3":"status-publish","4":"format-standard","5":"has-post-thumbnail","7":"category-brasil","8":"category-brasilia","9":"category-mundo","10":"category-politica"},"yoast_head":"<!-- This site is optimized with the Yoast SEO Premium plugin v24.5 (Yoast SEO v27.4) - https:\/\/yoast.com\/product\/yoast-seo-premium-wordpress\/ -->\n<title>Casa Branca culpa o \u2018culto de \u00f3dio da esquerda\u2019 pelo ataque em jantar de Trump - P31<\/title>\n<meta name=\"robots\" content=\"index, follow, max-snippet:-1, max-image-preview:large, max-video-preview:-1\" \/>\n<link rel=\"canonical\" href=\"https:\/\/www.p31noticias.com.br\/?p=68577\" \/>\n<meta property=\"og:locale\" content=\"pt_BR\" \/>\n<meta property=\"og:type\" content=\"article\" \/>\n<meta property=\"og:title\" content=\"Casa Branca culpa o \u2018culto de \u00f3dio da esquerda\u2019 pelo ataque em jantar de Trump\" \/>\n<meta property=\"og:description\" content=\"Cole Tomas Allen tentou invadir ala de correspondentes que cobrem a Casa Branca; caso aconteceu no s\u00e1bado (25) \u00e0 noite A Casa Branca culpou, nesta segunda-feira (27), o \u201cculto de \u00f3dio da esquerda\u201d pelo\u00a0ataque a tiros\u00a0ocorrido durante um jantar da Associa\u00e7\u00e3o de Correspondentes da Casa Branca, em Washington, que contou com a\u00a0presen\u00e7a de Donald Trump. [&hellip;]\" \/>\n<meta property=\"og:url\" content=\"https:\/\/www.p31noticias.com.br\/?p=68577\" \/>\n<meta property=\"og:site_name\" content=\"P31\" \/>\n<meta property=\"article:published_time\" content=\"2026-04-28T00:14:10+00:00\" \/>\n<meta property=\"og:image\" content=\"https:\/\/www.p31noticias.com.br\/wp-content\/uploads\/2026\/04\/karoline-leavitt-300x170-1.jpg\" \/>\n\t<meta property=\"og:image:width\" content=\"300\" \/>\n\t<meta property=\"og:image:height\" content=\"170\" \/>\n\t<meta property=\"og:image:type\" content=\"image\/jpeg\" \/>\n<meta name=\"author\" content=\"Gon\u00e7alves Junior\" \/>\n<meta name=\"twitter:card\" content=\"summary_large_image\" \/>\n<meta name=\"twitter:label1\" content=\"Escrito por\" \/>\n\t<meta name=\"twitter:data1\" content=\"Gon\u00e7alves Junior\" \/>\n\t<meta name=\"twitter:label2\" content=\"Est. tempo de leitura\" \/>\n\t<meta name=\"twitter:data2\" content=\"2 minutos\" \/>\n<script type=\"application\/ld+json\" class=\"yoast-schema-graph\">{\"@context\":\"https:\\\/\\\/schema.org\",\"@graph\":[{\"@type\":\"Article\",\"@id\":\"https:\\\/\\\/www.p31noticias.com.br\\\/?p=68577#article\",\"isPartOf\":{\"@id\":\"https:\\\/\\\/www.p31noticias.com.br\\\/?p=68577\"},\"author\":{\"name\":\"Gon\u00e7alves Junior\",\"@id\":\"https:\\\/\\\/www.p31noticias.com.br\\\/#\\\/schema\\\/person\\\/95f2ece30e3b4132065b915150cd0f94\"},\"headline\":\"Casa Branca culpa o \u2018culto de \u00f3dio da esquerda\u2019 pelo ataque em jantar de Trump\",\"datePublished\":\"2026-04-28T00:14:10+00:00\",\"mainEntityOfPage\":{\"@id\":\"https:\\\/\\\/www.p31noticias.com.br\\\/?p=68577\"},\"wordCount\":294,\"commentCount\":0,\"image\":{\"@id\":\"https:\\\/\\\/www.p31noticias.com.br\\\/?p=68577#primaryimage\"},\"thumbnailUrl\":\"https:\\\/\\\/www.p31noticias.com.br\\\/wp-content\\\/uploads\\\/2026\\\/04\\\/karoline-leavitt-300x170-1.jpg\",\"articleSection\":[\"Brasil\",\"Bras\u00edlia\",\"Mundo\",\"Pol\u00edtica\"],\"inLanguage\":\"pt-BR\",\"potentialAction\":[{\"@type\":\"CommentAction\",\"name\":\"Comment\",\"target\":[\"https:\\\/\\\/www.p31noticias.com.br\\\/?p=68577#respond\"]}],\"copyrightYear\":\"2026\",\"copyrightHolder\":{\"@id\":\"https:\\\/\\\/www.p31noticias.com.br\\\/#organization\"}},{\"@type\":\"WebPage\",\"@id\":\"https:\\\/\\\/www.p31noticias.com.br\\\/?p=68577\",\"url\":\"https:\\\/\\\/www.p31noticias.com.br\\\/?p=68577\",\"name\":\"Casa Branca culpa o \u2018culto de \u00f3dio da esquerda\u2019 pelo ataque em jantar de Trump - P31\",\"isPartOf\":{\"@id\":\"https:\\\/\\\/www.p31noticias.com.br\\\/#website\"},\"primaryImageOfPage\":{\"@id\":\"https:\\\/\\\/www.p31noticias.com.br\\\/?p=68577#primaryimage\"},\"image\":{\"@id\":\"https:\\\/\\\/www.p31noticias.com.br\\\/?p=68577#primaryimage\"},\"thumbnailUrl\":\"https:\\\/\\\/www.p31noticias.com.br\\\/wp-content\\\/uploads\\\/2026\\\/04\\\/karoline-leavitt-300x170-1.jpg\",\"datePublished\":\"2026-04-28T00:14:10+00:00\",\"author\":{\"@id\":\"https:\\\/\\\/www.p31noticias.com.br\\\/#\\\/schema\\\/person\\\/95f2ece30e3b4132065b915150cd0f94\"},\"breadcrumb\":{\"@id\":\"https:\\\/\\\/www.p31noticias.com.br\\\/?p=68577#breadcrumb\"},\"inLanguage\":\"pt-BR\",\"potentialAction\":[{\"@type\":\"ReadAction\",\"target\":[\"https:\\\/\\\/www.p31noticias.com.br\\\/?p=68577\"]}]},{\"@type\":\"ImageObject\",\"inLanguage\":\"pt-BR\",\"@id\":\"https:\\\/\\\/www.p31noticias.com.br\\\/?p=68577#primaryimage\",\"url\":\"https:\\\/\\\/www.p31noticias.com.br\\\/wp-content\\\/uploads\\\/2026\\\/04\\\/karoline-leavitt-300x170-1.jpg\",\"contentUrl\":\"https:\\\/\\\/www.p31noticias.com.br\\\/wp-content\\\/uploads\\\/2026\\\/04\\\/karoline-leavitt-300x170-1.jpg\",\"width\":300,\"height\":170},{\"@type\":\"BreadcrumbList\",\"@id\":\"https:\\\/\\\/www.p31noticias.com.br\\\/?p=68577#breadcrumb\",\"itemListElement\":[{\"@type\":\"ListItem\",\"position\":1,\"name\":\"In\u00edcio\",\"item\":\"https:\\\/\\\/www.p31noticias.com.br\\\/\"},{\"@type\":\"ListItem\",\"position\":2,\"name\":\"Casa Branca culpa o \u2018culto de \u00f3dio da esquerda\u2019 pelo ataque em jantar de Trump\"}]},{\"@type\":\"WebSite\",\"@id\":\"https:\\\/\\\/www.p31noticias.com.br\\\/#website\",\"url\":\"https:\\\/\\\/www.p31noticias.com.br\\\/\",\"name\":\"P31\",\"description\":\"NOT\u00cdCIAS\",\"potentialAction\":[{\"@type\":\"SearchAction\",\"target\":{\"@type\":\"EntryPoint\",\"urlTemplate\":\"https:\\\/\\\/www.p31noticias.com.br\\\/?s={search_term_string}\"},\"query-input\":{\"@type\":\"PropertyValueSpecification\",\"valueRequired\":true,\"valueName\":\"search_term_string\"}}],\"inLanguage\":\"pt-BR\"},{\"@type\":\"Person\",\"@id\":\"https:\\\/\\\/www.p31noticias.com.br\\\/#\\\/schema\\\/person\\\/95f2ece30e3b4132065b915150cd0f94\",\"name\":\"Gon\u00e7alves Junior\",\"image\":{\"@type\":\"ImageObject\",\"inLanguage\":\"pt-BR\",\"@id\":\"https:\\\/\\\/secure.gravatar.com\\\/avatar\\\/6711f350116a89762687a48d66f723c799e5438a5b7578508d4294cd7a5d0800?s=96&d=mm&r=g\",\"url\":\"https:\\\/\\\/secure.gravatar.com\\\/avatar\\\/6711f350116a89762687a48d66f723c799e5438a5b7578508d4294cd7a5d0800?s=96&d=mm&r=g\",\"contentUrl\":\"https:\\\/\\\/secure.gravatar.com\\\/avatar\\\/6711f350116a89762687a48d66f723c799e5438a5b7578508d4294cd7a5d0800?s=96&d=mm&r=g\",\"caption\":\"Gon\u00e7alves Junior\"},\"url\":\"https:\\\/\\\/www.p31noticias.com.br\\\/?author=2\"}]}<\/script>\n<!-- \/ Yoast SEO Premium plugin. -->","yoast_head_json":{"title":"Casa Branca culpa o \u2018culto de \u00f3dio da esquerda\u2019 pelo ataque em jantar de Trump - P31","robots":{"index":"index","follow":"follow","max-snippet":"max-snippet:-1","max-image-preview":"max-image-preview:large","max-video-preview":"max-video-preview:-1"},"canonical":"https:\/\/www.p31noticias.com.br\/?p=68577","og_locale":"pt_BR","og_type":"article","og_title":"Casa Branca culpa o \u2018culto de \u00f3dio da esquerda\u2019 pelo ataque em jantar de Trump","og_description":"Cole Tomas Allen tentou invadir ala de correspondentes que cobrem a Casa Branca; caso aconteceu no s\u00e1bado (25) \u00e0 noite A Casa Branca culpou, nesta segunda-feira (27), o \u201cculto de \u00f3dio da esquerda\u201d pelo\u00a0ataque a tiros\u00a0ocorrido durante um jantar da Associa\u00e7\u00e3o de Correspondentes da Casa Branca, em Washington, que contou com a\u00a0presen\u00e7a de Donald Trump. [&hellip;]","og_url":"https:\/\/www.p31noticias.com.br\/?p=68577","og_site_name":"P31","article_published_time":"2026-04-28T00:14:10+00:00","og_image":[{"width":300,"height":170,"url":"https:\/\/www.p31noticias.com.br\/wp-content\/uploads\/2026\/04\/karoline-leavitt-300x170-1.jpg","type":"image\/jpeg"}],"author":"Gon\u00e7alves Junior","twitter_card":"summary_large_image","twitter_misc":{"Escrito por":"Gon\u00e7alves Junior","Est. tempo de leitura":"2 minutos"},"schema":{"@context":"https:\/\/schema.org","@graph":[{"@type":"Article","@id":"https:\/\/www.p31noticias.com.br\/?p=68577#article","isPartOf":{"@id":"https:\/\/www.p31noticias.com.br\/?p=68577"},"author":{"name":"Gon\u00e7alves Junior","@id":"https:\/\/www.p31noticias.com.br\/#\/schema\/person\/95f2ece30e3b4132065b915150cd0f94"},"headline":"Casa Branca culpa o \u2018culto de \u00f3dio da esquerda\u2019 pelo ataque em jantar de Trump","datePublished":"2026-04-28T00:14:10+00:00","mainEntityOfPage":{"@id":"https:\/\/www.p31noticias.com.br\/?p=68577"},"wordCount":294,"commentCount":0,"image":{"@id":"https:\/\/www.p31noticias.com.br\/?p=68577#primaryimage"},"thumbnailUrl":"https:\/\/www.p31noticias.com.br\/wp-content\/uploads\/2026\/04\/karoline-leavitt-300x170-1.jpg","articleSection":["Brasil","Bras\u00edlia","Mundo","Pol\u00edtica"],"inLanguage":"pt-BR","potentialAction":[{"@type":"CommentAction","name":"Comment","target":["https:\/\/www.p31noticias.com.br\/?p=68577#respond"]}],"copyrightYear":"2026","copyrightHolder":{"@id":"https:\/\/www.p31noticias.com.br\/#organization"}},{"@type":"WebPage","@id":"https:\/\/www.p31noticias.com.br\/?p=68577","url":"https:\/\/www.p31noticias.com.br\/?p=68577","name":"Casa Branca culpa o \u2018culto de \u00f3dio da esquerda\u2019 pelo ataque em jantar de Trump - P31","isPartOf":{"@id":"https:\/\/www.p31noticias.com.br\/#website"},"primaryImageOfPage":{"@id":"https:\/\/www.p31noticias.com.br\/?p=68577#primaryimage"},"image":{"@id":"https:\/\/www.p31noticias.com.br\/?p=68577#primaryimage"},"thumbnailUrl":"https:\/\/www.p31noticias.com.br\/wp-content\/uploads\/2026\/04\/karoline-leavitt-300x170-1.jpg","datePublished":"2026-04-28T00:14:10+00:00","author":{"@id":"https:\/\/www.p31noticias.com.br\/#\/schema\/person\/95f2ece30e3b4132065b915150cd0f94"},"breadcrumb":{"@id":"https:\/\/www.p31noticias.com.br\/?p=68577#breadcrumb"},"inLanguage":"pt-BR","potentialAction":[{"@type":"ReadAction","target":["https:\/\/www.p31noticias.com.br\/?p=68577"]}]},{"@type":"ImageObject","inLanguage":"pt-BR","@id":"https:\/\/www.p31noticias.com.br\/?p=68577#primaryimage","url":"https:\/\/www.p31noticias.com.br\/wp-content\/uploads\/2026\/04\/karoline-leavitt-300x170-1.jpg","contentUrl":"https:\/\/www.p31noticias.com.br\/wp-content\/uploads\/2026\/04\/karoline-leavitt-300x170-1.jpg","width":300,"height":170},{"@type":"BreadcrumbList","@id":"https:\/\/www.p31noticias.com.br\/?p=68577#breadcrumb","itemListElement":[{"@type":"ListItem","position":1,"name":"In\u00edcio","item":"https:\/\/www.p31noticias.com.br\/"},{"@type":"ListItem","position":2,"name":"Casa Branca culpa o \u2018culto de \u00f3dio da esquerda\u2019 pelo ataque em jantar de Trump"}]},{"@type":"WebSite","@id":"https:\/\/www.p31noticias.com.br\/#website","url":"https:\/\/www.p31noticias.com.br\/","name":"P31","description":"NOT\u00cdCIAS","potentialAction":[{"@type":"SearchAction","target":{"@type":"EntryPoint","urlTemplate":"https:\/\/www.p31noticias.com.br\/?s={search_term_string}"},"query-input":{"@type":"PropertyValueSpecification","valueRequired":true,"valueName":"search_term_string"}}],"inLanguage":"pt-BR"},{"@type":"Person","@id":"https:\/\/www.p31noticias.com.br\/#\/schema\/person\/95f2ece30e3b4132065b915150cd0f94","name":"Gon\u00e7alves Junior","image":{"@type":"ImageObject","inLanguage":"pt-BR","@id":"https:\/\/secure.gravatar.com\/avatar\/6711f350116a89762687a48d66f723c799e5438a5b7578508d4294cd7a5d0800?s=96&d=mm&r=g","url":"https:\/\/secure.gravatar.com\/avatar\/6711f350116a89762687a48d66f723c799e5438a5b7578508d4294cd7a5d0800?s=96&d=mm&r=g","contentUrl":"https:\/\/secure.gravatar.com\/avatar\/6711f350116a89762687a48d66f723c799e5438a5b7578508d4294cd7a5d0800?s=96&d=mm&r=g","caption":"Gon\u00e7alves Junior"},"url":"https:\/\/www.p31noticias.com.br\/?author=2"}]}},"amp_enabled":true,"_links":{"self":[{"href":"https:\/\/www.p31noticias.com.br\/index.php?rest_route=\/wp\/v2\/posts\/68577","targetHints":{"allow":["GET"]}}],"collection":[{"href":"https:\/\/www.p31noticias.com.br\/index.php?rest_route=\/wp\/v2\/posts"}],"about":[{"href":"https:\/\/www.p31noticias.com.br\/index.php?rest_route=\/wp\/v2\/types\/post"}],"author":[{"embeddable":true,"href":"https:\/\/www.p31noticias.com.br\/index.php?rest_route=\/wp\/v2\/users\/2"}],"replies":[{"embeddable":true,"href":"https:\/\/www.p31noticias.com.br\/index.php?rest_route=%2Fwp%2Fv2%2Fcomments&post=68577"}],"version-history":[{"count":1,"href":"https:\/\/www.p31noticias.com.br\/index.php?rest_route=\/wp\/v2\/posts\/68577\/revisions"}],"predecessor-version":[{"id":68579,"href":"https:\/\/www.p31noticias.com.br\/index.php?rest_route=\/wp\/v2\/posts\/68577\/revisions\/68579"}],"wp:featuredmedia":[{"embeddable":true,"href":"https:\/\/www.p31noticias.com.br\/index.php?rest_route=\/wp\/v2\/media\/68578"}],"wp:attachment":[{"href":"https:\/\/www.p31noticias.com.br\/index.php?rest_route=%2Fwp%2Fv2%2Fmedia&parent=68577"}],"wp:term":[{"taxonomy":"category","embeddable":true,"href":"https:\/\/www.p31noticias.com.br\/index.php?rest_route=%2Fwp%2Fv2%2Fcategories&post=68577"},{"taxonomy":"post_tag","embeddable":true,"href":"https:\/\/www.p31noticias.com.br\/index.php?rest_route=%2Fwp%2Fv2%2Ftags&post=68577"}],"curies":[{"name":"wp","href":"https:\/\/api.w.org\/{rel}","templated":true}]}}