{"id":68574,"date":"2026-04-27T21:02:01","date_gmt":"2026-04-28T00:02:01","guid":{"rendered":"https:\/\/www.p31noticias.com.br\/?p=68574"},"modified":"2026-04-27T21:02:01","modified_gmt":"2026-04-28T00:02:01","slug":"abertas-inscricoes-para-programas-de-incentivo-a-pesquisa-cientifica","status":"publish","type":"post","link":"https:\/\/www.p31noticias.com.br\/?p=68574","title":{"rendered":"Abertas inscri\u00e7\u00f5es para programas de incentivo \u00e0 pesquisa cient\u00edfica"},"content":{"rendered":"<p style=\"text-align: justify;\"><em><strong>Iniciativa da UnDF oferece bolsas a estudantes da gradua\u00e7\u00e3o e do ensino m\u00e9dio<\/strong><\/em><\/p>\n<p dir=\"ltr\" style=\"text-align: justify;\">A Universidade do Distrito Federal Professor Jorge Amaury Maia Nunes (UnDF) abriu inscri\u00e7\u00f5es para a 3\u00aa edi\u00e7\u00e3o dos programas institucionais de Inicia\u00e7\u00e3o Cient\u00edfica (PICs) e de Desenvolvimento Tecnol\u00f3gico e Inova\u00e7\u00e3o (PIDTI), assim como para suas modalidades Afirmativas (PIC-AF e PIDTI-AF) e de Ensino M\u00e9dio (PIC-EM). Ao todo, ser\u00e3o ofertadas 65 bolsas, sendo 60 apoiadas pela UnDF e cinco pelo CNPq.<\/p>\n<p dir=\"ltr\" style=\"text-align: justify;\">Com valor mensal de R$ 700 e dura\u00e7\u00e3o de 12 meses, as bolsas ser\u00e3o distribu\u00eddas entre os dois programas e suas modalidades. Destinam-se a estudantes de gradua\u00e7\u00e3o da UnDF e de suas escolas vinculadas, assim como a estudantes do ensino m\u00e9dio de institui\u00e7\u00f5es p\u00fablicas do Distrito Federal.<\/p>\n<blockquote class=\"blockquote blockquote-esquerda\"><p>Carga hor\u00e1ria m\u00ednima dos bolsistas selecionados ser\u00e1 de dez horas semanais<\/p><\/blockquote>\n<p style=\"text-align: justify;\">As inscri\u00e7\u00f5es dever\u00e3o ser feitas do dia 25 deste m\u00eas a 27 de maio, por meio\u00a0<a href=\"https:\/\/universidade.df.gov.br\/\">deste site.<\/a>\u00a0Cada docente orientador de estudantes de gradua\u00e7\u00e3o poder\u00e1 inscrever at\u00e9 dois orientandos. J\u00e1 o orientador de estudantes do ensino m\u00e9dio dever\u00e1 indicar apenas um orientando, al\u00e9m de um professor da escola na qual o bolsista est\u00e1 matriculado, para atuar como preceptor.<\/p>\n<div class=\"text-content\" style=\"text-align: justify;\">\n<p dir=\"ltr\"><strong>Educa\u00e7\u00e3o b\u00e1sica<\/strong><\/p>\n<\/div>\n<div class=\"text-content\">\u201cEsta chamada acentua a preocupa\u00e7\u00e3o da institui\u00e7\u00e3o com a pesquisa inclusiva e voltada \u00e0s quest\u00f5es de ordem social e humana, assim como busca o estreitamento e o fortalecimento de la\u00e7os com a educa\u00e7\u00e3o b\u00e1sica\u201d, resume Maria Veralice Barroso, chefe da Unidade de Cursos de P\u00f3s-gradua\u00e7\u00e3o da UnDF.<\/p>\n<p dir=\"ltr\" style=\"text-align: justify;\">O PIC e o PIDTI s\u00e3o iniciativas voltadas para o aprimoramento da pesquisa cient\u00edfica no \u00e2mbito do ensino p\u00fablico distrital. Os bolsistas selecionados dever\u00e3o dedicar no m\u00ednimo dez horas semanais \u00e0 pesquisa, conforme o plano de trabalho aprovado.<\/p>\n<p dir=\"ltr\" style=\"text-align: justify;\">D\u00favidas sobre as inscri\u00e7\u00f5es podem ser solucionadas presencialmente, na Pr\u00f3-Reitoria de Pesquisa e P\u00f3s-Gradua\u00e7\u00e3o da UnDF, ou pelos e-mails\u00a0<a href=\"http:\/\/iniciacaocientifica@undf.edu.br%20\/\">iniciacaocientifica@undf.edu.br\u00a0<\/a>ou\u00a0<a href=\"http:\/\/codatec@undf.edu.br\/\">codatec@undf.edu.br<\/a>.<\/p>\n<p dir=\"ltr\" style=\"text-align: justify;\">Conhe\u00e7a mais sobre os programas e os projetos de pesquisa da UnDF\u00a0<a href=\"https:\/\/universidade.df.gov.br\/w\/edital-no-09\/2026-selecao-de-projetos-de-pesquisa-para-o-programa-institucional-de-iniciacao-cientifica-pic-e-o-programa-institucional-de-desenvolvimento-tecnologico-e-inovacao\">neste site.\u00a0<\/a><\/p>\n<p dir=\"ltr\" style=\"text-align: justify;\"><strong><em>Com informa\u00e7\u00f5es da UnDF<\/em><\/strong><\/p>\n<\/div>\n","protected":false},"excerpt":{"rendered":"<p>Iniciativa da UnDF oferece bolsas a estudantes da gradua\u00e7\u00e3o e do ensino m\u00e9dio A Universidade do Distrito Federal Professor Jorge Amaury Maia Nunes (UnDF) abriu inscri\u00e7\u00f5es para a 3\u00aa edi\u00e7\u00e3o dos programas institucionais de Inicia\u00e7\u00e3o Cient\u00edfica (PICs) e de Desenvolvimento Tecnol\u00f3gico e Inova\u00e7\u00e3o (PIDTI), assim como para suas modalidades Afirmativas (PIC-AF e PIDTI-AF) e de [&hellip;]<\/p>\n","protected":false},"author":2,"featured_media":68575,"comment_status":"open","ping_status":"closed","sticky":false,"template":"","format":"standard","meta":{"footnotes":""},"categories":[21,57],"tags":[],"class_list":{"0":"post-68574","1":"post","2":"type-post","3":"status-publish","4":"format-standard","5":"has-post-thumbnail","7":"category-brasilia","8":"category-politica"},"yoast_head":"<!-- This site is optimized with the Yoast SEO Premium plugin v24.5 (Yoast SEO v27.5) - https:\/\/yoast.com\/product\/yoast-seo-premium-wordpress\/ -->\n<title>Abertas inscri\u00e7\u00f5es para programas de incentivo \u00e0 pesquisa cient\u00edfica - P31<\/title>\n<meta name=\"robots\" content=\"index, follow, max-snippet:-1, max-image-preview:large, max-video-preview:-1\" \/>\n<link rel=\"canonical\" href=\"https:\/\/www.p31noticias.com.br\/?p=68574\" \/>\n<meta property=\"og:locale\" content=\"pt_BR\" \/>\n<meta property=\"og:type\" content=\"article\" \/>\n<meta property=\"og:title\" content=\"Abertas inscri\u00e7\u00f5es para programas de incentivo \u00e0 pesquisa cient\u00edfica\" \/>\n<meta property=\"og:description\" content=\"Iniciativa da UnDF oferece bolsas a estudantes da gradua\u00e7\u00e3o e do ensino m\u00e9dio A Universidade do Distrito Federal Professor Jorge Amaury Maia Nunes (UnDF) abriu inscri\u00e7\u00f5es para a 3\u00aa edi\u00e7\u00e3o dos programas institucionais de Inicia\u00e7\u00e3o Cient\u00edfica (PICs) e de Desenvolvimento Tecnol\u00f3gico e Inova\u00e7\u00e3o (PIDTI), assim como para suas modalidades Afirmativas (PIC-AF e PIDTI-AF) e de [&hellip;]\" \/>\n<meta property=\"og:url\" content=\"https:\/\/www.p31noticias.com.br\/?p=68574\" \/>\n<meta property=\"og:site_name\" content=\"P31\" \/>\n<meta property=\"article:published_time\" content=\"2026-04-28T00:02:01+00:00\" \/>\n<meta property=\"og:image\" content=\"https:\/\/www.p31noticias.com.br\/wp-content\/uploads\/2026\/04\/UnDF-fachada.jpg\" \/>\n\t<meta property=\"og:image:width\" content=\"799\" \/>\n\t<meta property=\"og:image:height\" content=\"533\" \/>\n\t<meta property=\"og:image:type\" content=\"image\/jpeg\" \/>\n<meta name=\"author\" content=\"Gon\u00e7alves Junior\" \/>\n<meta name=\"twitter:card\" content=\"summary_large_image\" \/>\n<meta name=\"twitter:label1\" content=\"Escrito por\" \/>\n\t<meta name=\"twitter:data1\" content=\"Gon\u00e7alves Junior\" \/>\n\t<meta name=\"twitter:label2\" content=\"Est. tempo de leitura\" \/>\n\t<meta name=\"twitter:data2\" content=\"2 minutos\" \/>\n<script type=\"application\/ld+json\" class=\"yoast-schema-graph\">{\"@context\":\"https:\\\/\\\/schema.org\",\"@graph\":[{\"@type\":\"Article\",\"@id\":\"https:\\\/\\\/www.p31noticias.com.br\\\/?p=68574#article\",\"isPartOf\":{\"@id\":\"https:\\\/\\\/www.p31noticias.com.br\\\/?p=68574\"},\"author\":{\"name\":\"Gon\u00e7alves Junior\",\"@id\":\"https:\\\/\\\/www.p31noticias.com.br\\\/#\\\/schema\\\/person\\\/95f2ece30e3b4132065b915150cd0f94\"},\"headline\":\"Abertas inscri\u00e7\u00f5es para programas de incentivo \u00e0 pesquisa cient\u00edfica\",\"datePublished\":\"2026-04-28T00:02:01+00:00\",\"mainEntityOfPage\":{\"@id\":\"https:\\\/\\\/www.p31noticias.com.br\\\/?p=68574\"},\"wordCount\":372,\"commentCount\":0,\"image\":{\"@id\":\"https:\\\/\\\/www.p31noticias.com.br\\\/?p=68574#primaryimage\"},\"thumbnailUrl\":\"https:\\\/\\\/www.p31noticias.com.br\\\/wp-content\\\/uploads\\\/2026\\\/04\\\/UnDF-fachada.jpg\",\"articleSection\":[\"Bras\u00edlia\",\"Pol\u00edtica\"],\"inLanguage\":\"pt-BR\",\"potentialAction\":[{\"@type\":\"CommentAction\",\"name\":\"Comment\",\"target\":[\"https:\\\/\\\/www.p31noticias.com.br\\\/?p=68574#respond\"]}],\"copyrightYear\":\"2026\",\"copyrightHolder\":{\"@id\":\"https:\\\/\\\/www.p31noticias.com.br\\\/#organization\"}},{\"@type\":\"WebPage\",\"@id\":\"https:\\\/\\\/www.p31noticias.com.br\\\/?p=68574\",\"url\":\"https:\\\/\\\/www.p31noticias.com.br\\\/?p=68574\",\"name\":\"Abertas inscri\u00e7\u00f5es para programas de incentivo \u00e0 pesquisa cient\u00edfica - P31\",\"isPartOf\":{\"@id\":\"https:\\\/\\\/www.p31noticias.com.br\\\/#website\"},\"primaryImageOfPage\":{\"@id\":\"https:\\\/\\\/www.p31noticias.com.br\\\/?p=68574#primaryimage\"},\"image\":{\"@id\":\"https:\\\/\\\/www.p31noticias.com.br\\\/?p=68574#primaryimage\"},\"thumbnailUrl\":\"https:\\\/\\\/www.p31noticias.com.br\\\/wp-content\\\/uploads\\\/2026\\\/04\\\/UnDF-fachada.jpg\",\"datePublished\":\"2026-04-28T00:02:01+00:00\",\"author\":{\"@id\":\"https:\\\/\\\/www.p31noticias.com.br\\\/#\\\/schema\\\/person\\\/95f2ece30e3b4132065b915150cd0f94\"},\"breadcrumb\":{\"@id\":\"https:\\\/\\\/www.p31noticias.com.br\\\/?p=68574#breadcrumb\"},\"inLanguage\":\"pt-BR\",\"potentialAction\":[{\"@type\":\"ReadAction\",\"target\":[\"https:\\\/\\\/www.p31noticias.com.br\\\/?p=68574\"]}]},{\"@type\":\"ImageObject\",\"inLanguage\":\"pt-BR\",\"@id\":\"https:\\\/\\\/www.p31noticias.com.br\\\/?p=68574#primaryimage\",\"url\":\"https:\\\/\\\/www.p31noticias.com.br\\\/wp-content\\\/uploads\\\/2026\\\/04\\\/UnDF-fachada.jpg\",\"contentUrl\":\"https:\\\/\\\/www.p31noticias.com.br\\\/wp-content\\\/uploads\\\/2026\\\/04\\\/UnDF-fachada.jpg\",\"width\":799,\"height\":533},{\"@type\":\"BreadcrumbList\",\"@id\":\"https:\\\/\\\/www.p31noticias.com.br\\\/?p=68574#breadcrumb\",\"itemListElement\":[{\"@type\":\"ListItem\",\"position\":1,\"name\":\"In\u00edcio\",\"item\":\"https:\\\/\\\/www.p31noticias.com.br\\\/\"},{\"@type\":\"ListItem\",\"position\":2,\"name\":\"Abertas inscri\u00e7\u00f5es para programas de incentivo \u00e0 pesquisa cient\u00edfica\"}]},{\"@type\":\"WebSite\",\"@id\":\"https:\\\/\\\/www.p31noticias.com.br\\\/#website\",\"url\":\"https:\\\/\\\/www.p31noticias.com.br\\\/\",\"name\":\"P31\",\"description\":\"NOT\u00cdCIAS\",\"potentialAction\":[{\"@type\":\"SearchAction\",\"target\":{\"@type\":\"EntryPoint\",\"urlTemplate\":\"https:\\\/\\\/www.p31noticias.com.br\\\/?s={search_term_string}\"},\"query-input\":{\"@type\":\"PropertyValueSpecification\",\"valueRequired\":true,\"valueName\":\"search_term_string\"}}],\"inLanguage\":\"pt-BR\"},{\"@type\":\"Person\",\"@id\":\"https:\\\/\\\/www.p31noticias.com.br\\\/#\\\/schema\\\/person\\\/95f2ece30e3b4132065b915150cd0f94\",\"name\":\"Gon\u00e7alves Junior\",\"image\":{\"@type\":\"ImageObject\",\"inLanguage\":\"pt-BR\",\"@id\":\"https:\\\/\\\/secure.gravatar.com\\\/avatar\\\/6711f350116a89762687a48d66f723c799e5438a5b7578508d4294cd7a5d0800?s=96&d=mm&r=g\",\"url\":\"https:\\\/\\\/secure.gravatar.com\\\/avatar\\\/6711f350116a89762687a48d66f723c799e5438a5b7578508d4294cd7a5d0800?s=96&d=mm&r=g\",\"contentUrl\":\"https:\\\/\\\/secure.gravatar.com\\\/avatar\\\/6711f350116a89762687a48d66f723c799e5438a5b7578508d4294cd7a5d0800?s=96&d=mm&r=g\",\"caption\":\"Gon\u00e7alves Junior\"},\"url\":\"https:\\\/\\\/www.p31noticias.com.br\\\/?author=2\"}]}<\/script>\n<!-- \/ Yoast SEO Premium plugin. -->","yoast_head_json":{"title":"Abertas inscri\u00e7\u00f5es para programas de incentivo \u00e0 pesquisa cient\u00edfica - P31","robots":{"index":"index","follow":"follow","max-snippet":"max-snippet:-1","max-image-preview":"max-image-preview:large","max-video-preview":"max-video-preview:-1"},"canonical":"https:\/\/www.p31noticias.com.br\/?p=68574","og_locale":"pt_BR","og_type":"article","og_title":"Abertas inscri\u00e7\u00f5es para programas de incentivo \u00e0 pesquisa cient\u00edfica","og_description":"Iniciativa da UnDF oferece bolsas a estudantes da gradua\u00e7\u00e3o e do ensino m\u00e9dio A Universidade do Distrito Federal Professor Jorge Amaury Maia Nunes (UnDF) abriu inscri\u00e7\u00f5es para a 3\u00aa edi\u00e7\u00e3o dos programas institucionais de Inicia\u00e7\u00e3o Cient\u00edfica (PICs) e de Desenvolvimento Tecnol\u00f3gico e Inova\u00e7\u00e3o (PIDTI), assim como para suas modalidades Afirmativas (PIC-AF e PIDTI-AF) e de [&hellip;]","og_url":"https:\/\/www.p31noticias.com.br\/?p=68574","og_site_name":"P31","article_published_time":"2026-04-28T00:02:01+00:00","og_image":[{"width":799,"height":533,"url":"https:\/\/www.p31noticias.com.br\/wp-content\/uploads\/2026\/04\/UnDF-fachada.jpg","type":"image\/jpeg"}],"author":"Gon\u00e7alves Junior","twitter_card":"summary_large_image","twitter_misc":{"Escrito por":"Gon\u00e7alves Junior","Est. tempo de leitura":"2 minutos"},"schema":{"@context":"https:\/\/schema.org","@graph":[{"@type":"Article","@id":"https:\/\/www.p31noticias.com.br\/?p=68574#article","isPartOf":{"@id":"https:\/\/www.p31noticias.com.br\/?p=68574"},"author":{"name":"Gon\u00e7alves Junior","@id":"https:\/\/www.p31noticias.com.br\/#\/schema\/person\/95f2ece30e3b4132065b915150cd0f94"},"headline":"Abertas inscri\u00e7\u00f5es para programas de incentivo \u00e0 pesquisa cient\u00edfica","datePublished":"2026-04-28T00:02:01+00:00","mainEntityOfPage":{"@id":"https:\/\/www.p31noticias.com.br\/?p=68574"},"wordCount":372,"commentCount":0,"image":{"@id":"https:\/\/www.p31noticias.com.br\/?p=68574#primaryimage"},"thumbnailUrl":"https:\/\/www.p31noticias.com.br\/wp-content\/uploads\/2026\/04\/UnDF-fachada.jpg","articleSection":["Bras\u00edlia","Pol\u00edtica"],"inLanguage":"pt-BR","potentialAction":[{"@type":"CommentAction","name":"Comment","target":["https:\/\/www.p31noticias.com.br\/?p=68574#respond"]}],"copyrightYear":"2026","copyrightHolder":{"@id":"https:\/\/www.p31noticias.com.br\/#organization"}},{"@type":"WebPage","@id":"https:\/\/www.p31noticias.com.br\/?p=68574","url":"https:\/\/www.p31noticias.com.br\/?p=68574","name":"Abertas inscri\u00e7\u00f5es para programas de incentivo \u00e0 pesquisa cient\u00edfica - P31","isPartOf":{"@id":"https:\/\/www.p31noticias.com.br\/#website"},"primaryImageOfPage":{"@id":"https:\/\/www.p31noticias.com.br\/?p=68574#primaryimage"},"image":{"@id":"https:\/\/www.p31noticias.com.br\/?p=68574#primaryimage"},"thumbnailUrl":"https:\/\/www.p31noticias.com.br\/wp-content\/uploads\/2026\/04\/UnDF-fachada.jpg","datePublished":"2026-04-28T00:02:01+00:00","author":{"@id":"https:\/\/www.p31noticias.com.br\/#\/schema\/person\/95f2ece30e3b4132065b915150cd0f94"},"breadcrumb":{"@id":"https:\/\/www.p31noticias.com.br\/?p=68574#breadcrumb"},"inLanguage":"pt-BR","potentialAction":[{"@type":"ReadAction","target":["https:\/\/www.p31noticias.com.br\/?p=68574"]}]},{"@type":"ImageObject","inLanguage":"pt-BR","@id":"https:\/\/www.p31noticias.com.br\/?p=68574#primaryimage","url":"https:\/\/www.p31noticias.com.br\/wp-content\/uploads\/2026\/04\/UnDF-fachada.jpg","contentUrl":"https:\/\/www.p31noticias.com.br\/wp-content\/uploads\/2026\/04\/UnDF-fachada.jpg","width":799,"height":533},{"@type":"BreadcrumbList","@id":"https:\/\/www.p31noticias.com.br\/?p=68574#breadcrumb","itemListElement":[{"@type":"ListItem","position":1,"name":"In\u00edcio","item":"https:\/\/www.p31noticias.com.br\/"},{"@type":"ListItem","position":2,"name":"Abertas inscri\u00e7\u00f5es para programas de incentivo \u00e0 pesquisa cient\u00edfica"}]},{"@type":"WebSite","@id":"https:\/\/www.p31noticias.com.br\/#website","url":"https:\/\/www.p31noticias.com.br\/","name":"P31","description":"NOT\u00cdCIAS","potentialAction":[{"@type":"SearchAction","target":{"@type":"EntryPoint","urlTemplate":"https:\/\/www.p31noticias.com.br\/?s={search_term_string}"},"query-input":{"@type":"PropertyValueSpecification","valueRequired":true,"valueName":"search_term_string"}}],"inLanguage":"pt-BR"},{"@type":"Person","@id":"https:\/\/www.p31noticias.com.br\/#\/schema\/person\/95f2ece30e3b4132065b915150cd0f94","name":"Gon\u00e7alves Junior","image":{"@type":"ImageObject","inLanguage":"pt-BR","@id":"https:\/\/secure.gravatar.com\/avatar\/6711f350116a89762687a48d66f723c799e5438a5b7578508d4294cd7a5d0800?s=96&d=mm&r=g","url":"https:\/\/secure.gravatar.com\/avatar\/6711f350116a89762687a48d66f723c799e5438a5b7578508d4294cd7a5d0800?s=96&d=mm&r=g","contentUrl":"https:\/\/secure.gravatar.com\/avatar\/6711f350116a89762687a48d66f723c799e5438a5b7578508d4294cd7a5d0800?s=96&d=mm&r=g","caption":"Gon\u00e7alves Junior"},"url":"https:\/\/www.p31noticias.com.br\/?author=2"}]}},"amp_enabled":true,"_links":{"self":[{"href":"https:\/\/www.p31noticias.com.br\/index.php?rest_route=\/wp\/v2\/posts\/68574","targetHints":{"allow":["GET"]}}],"collection":[{"href":"https:\/\/www.p31noticias.com.br\/index.php?rest_route=\/wp\/v2\/posts"}],"about":[{"href":"https:\/\/www.p31noticias.com.br\/index.php?rest_route=\/wp\/v2\/types\/post"}],"author":[{"embeddable":true,"href":"https:\/\/www.p31noticias.com.br\/index.php?rest_route=\/wp\/v2\/users\/2"}],"replies":[{"embeddable":true,"href":"https:\/\/www.p31noticias.com.br\/index.php?rest_route=%2Fwp%2Fv2%2Fcomments&post=68574"}],"version-history":[{"count":1,"href":"https:\/\/www.p31noticias.com.br\/index.php?rest_route=\/wp\/v2\/posts\/68574\/revisions"}],"predecessor-version":[{"id":68576,"href":"https:\/\/www.p31noticias.com.br\/index.php?rest_route=\/wp\/v2\/posts\/68574\/revisions\/68576"}],"wp:featuredmedia":[{"embeddable":true,"href":"https:\/\/www.p31noticias.com.br\/index.php?rest_route=\/wp\/v2\/media\/68575"}],"wp:attachment":[{"href":"https:\/\/www.p31noticias.com.br\/index.php?rest_route=%2Fwp%2Fv2%2Fmedia&parent=68574"}],"wp:term":[{"taxonomy":"category","embeddable":true,"href":"https:\/\/www.p31noticias.com.br\/index.php?rest_route=%2Fwp%2Fv2%2Fcategories&post=68574"},{"taxonomy":"post_tag","embeddable":true,"href":"https:\/\/www.p31noticias.com.br\/index.php?rest_route=%2Fwp%2Fv2%2Ftags&post=68574"}],"curies":[{"name":"wp","href":"https:\/\/api.w.org\/{rel}","templated":true}]}}