{"id":68571,"date":"2026-04-27T20:50:08","date_gmt":"2026-04-27T23:50:08","guid":{"rendered":"https:\/\/www.p31noticias.com.br\/?p=68571"},"modified":"2026-04-27T20:50:08","modified_gmt":"2026-04-27T23:50:08","slug":"el-nino-deve-entrar-em-acao-em-maio-e-afetar-chuvas-no-brasil-diz-entidade-internacional","status":"publish","type":"post","link":"https:\/\/www.p31noticias.com.br\/?p=68571","title":{"rendered":"El Ni\u00f1o deve entrar em a\u00e7\u00e3o em maio e afetar chuvas no Brasil, diz entidade internacional"},"content":{"rendered":"<p style=\"text-align: justify;\"><em><strong>Segundo a Organiza\u00e7\u00e3o Meteorol\u00f3gica Mundial, as temperaturas da superf\u00edcie do mar no Pac\u00edfico Equatorial est\u00e3o subindo rapidamente ap\u00f3s um per\u00edodo de neutralidade no in\u00edcio do ano<\/strong><\/em><\/p>\n<p style=\"text-align: justify;\">A Organiza\u00e7\u00e3o Meteorol\u00f3gica Mundial (<strong>OMM<\/strong>), ag\u00eancia das Na\u00e7\u00f5es Unidas para clima e tempo,\u00a0<strong>v\u00ea maior probabilidade de forma\u00e7\u00e3o de um novo El Ni\u00f1o j\u00e1 a partir de maio<\/strong>, com poss\u00edvel impacto sobre o padr\u00e3o de chuvas e temperaturas em v\u00e1rias regi\u00f5es do mundo, incluindo o Brasil. Segundo a OMM, as\u00a0<strong>temperaturas da superf\u00edcie do mar no Pac\u00edfico Equatorial est\u00e3o subindo rapidamente<\/strong>\u00a0ap\u00f3s um per\u00edodo de neutralidade no in\u00edcio do ano.<\/p>\n<p style=\"text-align: justify;\">A entidade afirma que os modelos clim\u00e1ticos indicam uma mudan\u00e7a clara no oceano e\u00a0<strong>apontam alta probabilidade de retorno das condi\u00e7\u00f5es de El Ni\u00f1o entre maio e julho<\/strong>, com intensifica\u00e7\u00e3o nos meses seguintes.<\/p>\n<p style=\"text-align: justify;\">\u201cAp\u00f3s um per\u00edodo de condi\u00e7\u00f5es neutras no in\u00edcio do ano, os modelos clim\u00e1ticos est\u00e3o agora fortemente alinhados, e h\u00e1 grande confian\u00e7a no in\u00edcio do El Ni\u00f1o, seguido por uma maior intensifica\u00e7\u00e3o nos meses seguintes\u201d, afirmou em nota o chefe de previs\u00e3o clim\u00e1tica da OMM, Wilfran Moufouma Okia.<\/p>\n<p style=\"text-align: justify;\">O El Ni\u00f1o ocorre quando as\u00a0<strong>\u00e1guas do Pac\u00edfico Equatorial central e oriental ficam mais quentes que o normal por um per\u00edodo prolongado<\/strong>. Esse aquecimento altera a circula\u00e7\u00e3o da atmosfera e pode mudar o comportamento das chuvas, das secas e das temperaturas em diferentes partes do planeta.<\/p>\n<p style=\"text-align: justify;\">A OMM pondera, por\u00e9m, que\u00a0<strong>ainda h\u00e1 incerteza nas previs\u00f5es feitas nesta \u00e9poca do ano<\/strong>. Segundo Okia, os modelos indicam que o evento pode ser significativo, mas a chamada barreira de previsibilidade da primavera no Hemisf\u00e9rio Norte dificulta proje\u00e7\u00f5es mais precisas antes do fim de abril.<\/p>\n<p style=\"text-align: justify;\">Para o trimestre de maio a julho, a entidade prev\u00ea temperaturas acima do normal em quase toda a superf\u00edcie terrestre. A OMM tamb\u00e9m destaca que o El Ni\u00f1o costuma\u00a0<strong>favorecer mais chuva em partes do sul da Am\u00e9rica do Sul<\/strong>\u00a0e tempo mais seco em \u00e1reas da Austr\u00e1lia, Indon\u00e9sia e sul da \u00c1sia.<\/p>\n<p style=\"text-align: justify;\">No Brasil, segundo o Instituto Nacional de Meteorologia (Inmet), o fen\u00f4meno costuma provocar efeitos opostos entre as regi\u00f5es: mais chuva no Sul e maior risco de seca na faixa norte das regi\u00f5es Norte e Nordeste. O impacto, no entanto,\u00a0<strong>depende da intensidade do evento<\/strong>, da \u00e9poca do ano e da intera\u00e7\u00e3o com outros fatores clim\u00e1ticos.<\/p>\n<p style=\"text-align: justify;\">A OMM afirma ainda que n\u00e3o usa a express\u00e3o \u201csuper El Ni\u00f1o\u201d, por n\u00e3o se tratar de uma classifica\u00e7\u00e3o t\u00e9cnica padronizada. A entidade diz que n\u00e3o h\u00e1 evid\u00eancia de que as mudan\u00e7as clim\u00e1ticas aumentem a frequ\u00eancia ou a intensidade dos eventos de El Ni\u00f1o, mas ressalta que\u00a0<strong>oceanos e atmosfera mais quentes podem ampliar efeitos associados<\/strong>, como calor intenso e chuva volumosa.<\/p>\n<p style=\"text-align: justify;\">A pr\u00f3xima atualiza\u00e7\u00e3o da OMM sobre El Ni\u00f1o ser\u00e1 divulgada no fim de maio.<\/p>\n<p style=\"text-align: justify;\"><em><strong>JP NEWS<\/strong><\/em><\/p>\n","protected":false},"excerpt":{"rendered":"<p>Segundo a Organiza\u00e7\u00e3o Meteorol\u00f3gica Mundial, as temperaturas da superf\u00edcie do mar no Pac\u00edfico Equatorial est\u00e3o subindo rapidamente ap\u00f3s um per\u00edodo de neutralidade no in\u00edcio do ano A Organiza\u00e7\u00e3o Meteorol\u00f3gica Mundial (OMM), ag\u00eancia das Na\u00e7\u00f5es Unidas para clima e tempo,\u00a0v\u00ea maior probabilidade de forma\u00e7\u00e3o de um novo El Ni\u00f1o j\u00e1 a partir de maio, com poss\u00edvel [&hellip;]<\/p>\n","protected":false},"author":2,"featured_media":68572,"comment_status":"open","ping_status":"closed","sticky":false,"template":"","format":"standard","meta":{"footnotes":""},"categories":[68,21,752],"tags":[],"class_list":{"0":"post-68571","1":"post","2":"type-post","3":"status-publish","4":"format-standard","5":"has-post-thumbnail","7":"category-brasil","8":"category-brasilia","9":"category-mundo"},"yoast_head":"<!-- This site is optimized with the Yoast SEO Premium plugin v24.5 (Yoast SEO v27.4) - https:\/\/yoast.com\/product\/yoast-seo-premium-wordpress\/ -->\n<title>El Ni\u00f1o deve entrar em a\u00e7\u00e3o em maio e afetar chuvas no Brasil, diz entidade internacional - P31<\/title>\n<meta name=\"robots\" content=\"index, follow, max-snippet:-1, max-image-preview:large, max-video-preview:-1\" \/>\n<link rel=\"canonical\" href=\"https:\/\/www.p31noticias.com.br\/?p=68571\" \/>\n<meta property=\"og:locale\" content=\"pt_BR\" \/>\n<meta property=\"og:type\" content=\"article\" \/>\n<meta property=\"og:title\" content=\"El Ni\u00f1o deve entrar em a\u00e7\u00e3o em maio e afetar chuvas no Brasil, diz entidade internacional\" \/>\n<meta property=\"og:description\" content=\"Segundo a Organiza\u00e7\u00e3o Meteorol\u00f3gica Mundial, as temperaturas da superf\u00edcie do mar no Pac\u00edfico Equatorial est\u00e3o subindo rapidamente ap\u00f3s um per\u00edodo de neutralidade no in\u00edcio do ano A Organiza\u00e7\u00e3o Meteorol\u00f3gica Mundial (OMM), ag\u00eancia das Na\u00e7\u00f5es Unidas para clima e tempo,\u00a0v\u00ea maior probabilidade de forma\u00e7\u00e3o de um novo El Ni\u00f1o j\u00e1 a partir de maio, com poss\u00edvel [&hellip;]\" \/>\n<meta property=\"og:url\" content=\"https:\/\/www.p31noticias.com.br\/?p=68571\" \/>\n<meta property=\"og:site_name\" content=\"P31\" \/>\n<meta property=\"article:published_time\" content=\"2026-04-27T23:50:08+00:00\" \/>\n<meta property=\"og:image\" content=\"https:\/\/www.p31noticias.com.br\/wp-content\/uploads\/2026\/04\/fta20251107156-300x170-1.jpg\" \/>\n\t<meta property=\"og:image:width\" content=\"300\" \/>\n\t<meta property=\"og:image:height\" content=\"170\" \/>\n\t<meta property=\"og:image:type\" content=\"image\/jpeg\" \/>\n<meta name=\"author\" content=\"Gon\u00e7alves Junior\" \/>\n<meta name=\"twitter:card\" content=\"summary_large_image\" \/>\n<meta name=\"twitter:label1\" content=\"Escrito por\" \/>\n\t<meta name=\"twitter:data1\" content=\"Gon\u00e7alves Junior\" \/>\n\t<meta name=\"twitter:label2\" content=\"Est. tempo de leitura\" \/>\n\t<meta name=\"twitter:data2\" content=\"3 minutos\" \/>\n<script type=\"application\/ld+json\" class=\"yoast-schema-graph\">{\"@context\":\"https:\\\/\\\/schema.org\",\"@graph\":[{\"@type\":\"Article\",\"@id\":\"https:\\\/\\\/www.p31noticias.com.br\\\/?p=68571#article\",\"isPartOf\":{\"@id\":\"https:\\\/\\\/www.p31noticias.com.br\\\/?p=68571\"},\"author\":{\"name\":\"Gon\u00e7alves Junior\",\"@id\":\"https:\\\/\\\/www.p31noticias.com.br\\\/#\\\/schema\\\/person\\\/95f2ece30e3b4132065b915150cd0f94\"},\"headline\":\"El Ni\u00f1o deve entrar em a\u00e7\u00e3o em maio e afetar chuvas no Brasil, diz entidade internacional\",\"datePublished\":\"2026-04-27T23:50:08+00:00\",\"mainEntityOfPage\":{\"@id\":\"https:\\\/\\\/www.p31noticias.com.br\\\/?p=68571\"},\"wordCount\":548,\"commentCount\":0,\"image\":{\"@id\":\"https:\\\/\\\/www.p31noticias.com.br\\\/?p=68571#primaryimage\"},\"thumbnailUrl\":\"https:\\\/\\\/www.p31noticias.com.br\\\/wp-content\\\/uploads\\\/2026\\\/04\\\/fta20251107156-300x170-1.jpg\",\"articleSection\":[\"Brasil\",\"Bras\u00edlia\",\"Mundo\"],\"inLanguage\":\"pt-BR\",\"potentialAction\":[{\"@type\":\"CommentAction\",\"name\":\"Comment\",\"target\":[\"https:\\\/\\\/www.p31noticias.com.br\\\/?p=68571#respond\"]}],\"copyrightYear\":\"2026\",\"copyrightHolder\":{\"@id\":\"https:\\\/\\\/www.p31noticias.com.br\\\/#organization\"}},{\"@type\":\"WebPage\",\"@id\":\"https:\\\/\\\/www.p31noticias.com.br\\\/?p=68571\",\"url\":\"https:\\\/\\\/www.p31noticias.com.br\\\/?p=68571\",\"name\":\"El Ni\u00f1o deve entrar em a\u00e7\u00e3o em maio e afetar chuvas no Brasil, diz entidade internacional - P31\",\"isPartOf\":{\"@id\":\"https:\\\/\\\/www.p31noticias.com.br\\\/#website\"},\"primaryImageOfPage\":{\"@id\":\"https:\\\/\\\/www.p31noticias.com.br\\\/?p=68571#primaryimage\"},\"image\":{\"@id\":\"https:\\\/\\\/www.p31noticias.com.br\\\/?p=68571#primaryimage\"},\"thumbnailUrl\":\"https:\\\/\\\/www.p31noticias.com.br\\\/wp-content\\\/uploads\\\/2026\\\/04\\\/fta20251107156-300x170-1.jpg\",\"datePublished\":\"2026-04-27T23:50:08+00:00\",\"author\":{\"@id\":\"https:\\\/\\\/www.p31noticias.com.br\\\/#\\\/schema\\\/person\\\/95f2ece30e3b4132065b915150cd0f94\"},\"breadcrumb\":{\"@id\":\"https:\\\/\\\/www.p31noticias.com.br\\\/?p=68571#breadcrumb\"},\"inLanguage\":\"pt-BR\",\"potentialAction\":[{\"@type\":\"ReadAction\",\"target\":[\"https:\\\/\\\/www.p31noticias.com.br\\\/?p=68571\"]}]},{\"@type\":\"ImageObject\",\"inLanguage\":\"pt-BR\",\"@id\":\"https:\\\/\\\/www.p31noticias.com.br\\\/?p=68571#primaryimage\",\"url\":\"https:\\\/\\\/www.p31noticias.com.br\\\/wp-content\\\/uploads\\\/2026\\\/04\\\/fta20251107156-300x170-1.jpg\",\"contentUrl\":\"https:\\\/\\\/www.p31noticias.com.br\\\/wp-content\\\/uploads\\\/2026\\\/04\\\/fta20251107156-300x170-1.jpg\",\"width\":300,\"height\":170},{\"@type\":\"BreadcrumbList\",\"@id\":\"https:\\\/\\\/www.p31noticias.com.br\\\/?p=68571#breadcrumb\",\"itemListElement\":[{\"@type\":\"ListItem\",\"position\":1,\"name\":\"In\u00edcio\",\"item\":\"https:\\\/\\\/www.p31noticias.com.br\\\/\"},{\"@type\":\"ListItem\",\"position\":2,\"name\":\"El Ni\u00f1o deve entrar em a\u00e7\u00e3o em maio e afetar chuvas no Brasil, diz entidade internacional\"}]},{\"@type\":\"WebSite\",\"@id\":\"https:\\\/\\\/www.p31noticias.com.br\\\/#website\",\"url\":\"https:\\\/\\\/www.p31noticias.com.br\\\/\",\"name\":\"P31\",\"description\":\"NOT\u00cdCIAS\",\"potentialAction\":[{\"@type\":\"SearchAction\",\"target\":{\"@type\":\"EntryPoint\",\"urlTemplate\":\"https:\\\/\\\/www.p31noticias.com.br\\\/?s={search_term_string}\"},\"query-input\":{\"@type\":\"PropertyValueSpecification\",\"valueRequired\":true,\"valueName\":\"search_term_string\"}}],\"inLanguage\":\"pt-BR\"},{\"@type\":\"Person\",\"@id\":\"https:\\\/\\\/www.p31noticias.com.br\\\/#\\\/schema\\\/person\\\/95f2ece30e3b4132065b915150cd0f94\",\"name\":\"Gon\u00e7alves Junior\",\"image\":{\"@type\":\"ImageObject\",\"inLanguage\":\"pt-BR\",\"@id\":\"https:\\\/\\\/secure.gravatar.com\\\/avatar\\\/6711f350116a89762687a48d66f723c799e5438a5b7578508d4294cd7a5d0800?s=96&d=mm&r=g\",\"url\":\"https:\\\/\\\/secure.gravatar.com\\\/avatar\\\/6711f350116a89762687a48d66f723c799e5438a5b7578508d4294cd7a5d0800?s=96&d=mm&r=g\",\"contentUrl\":\"https:\\\/\\\/secure.gravatar.com\\\/avatar\\\/6711f350116a89762687a48d66f723c799e5438a5b7578508d4294cd7a5d0800?s=96&d=mm&r=g\",\"caption\":\"Gon\u00e7alves Junior\"},\"url\":\"https:\\\/\\\/www.p31noticias.com.br\\\/?author=2\"}]}<\/script>\n<!-- \/ Yoast SEO Premium plugin. -->","yoast_head_json":{"title":"El Ni\u00f1o deve entrar em a\u00e7\u00e3o em maio e afetar chuvas no Brasil, diz entidade internacional - P31","robots":{"index":"index","follow":"follow","max-snippet":"max-snippet:-1","max-image-preview":"max-image-preview:large","max-video-preview":"max-video-preview:-1"},"canonical":"https:\/\/www.p31noticias.com.br\/?p=68571","og_locale":"pt_BR","og_type":"article","og_title":"El Ni\u00f1o deve entrar em a\u00e7\u00e3o em maio e afetar chuvas no Brasil, diz entidade internacional","og_description":"Segundo a Organiza\u00e7\u00e3o Meteorol\u00f3gica Mundial, as temperaturas da superf\u00edcie do mar no Pac\u00edfico Equatorial est\u00e3o subindo rapidamente ap\u00f3s um per\u00edodo de neutralidade no in\u00edcio do ano A Organiza\u00e7\u00e3o Meteorol\u00f3gica Mundial (OMM), ag\u00eancia das Na\u00e7\u00f5es Unidas para clima e tempo,\u00a0v\u00ea maior probabilidade de forma\u00e7\u00e3o de um novo El Ni\u00f1o j\u00e1 a partir de maio, com poss\u00edvel [&hellip;]","og_url":"https:\/\/www.p31noticias.com.br\/?p=68571","og_site_name":"P31","article_published_time":"2026-04-27T23:50:08+00:00","og_image":[{"width":300,"height":170,"url":"https:\/\/www.p31noticias.com.br\/wp-content\/uploads\/2026\/04\/fta20251107156-300x170-1.jpg","type":"image\/jpeg"}],"author":"Gon\u00e7alves Junior","twitter_card":"summary_large_image","twitter_misc":{"Escrito por":"Gon\u00e7alves Junior","Est. tempo de leitura":"3 minutos"},"schema":{"@context":"https:\/\/schema.org","@graph":[{"@type":"Article","@id":"https:\/\/www.p31noticias.com.br\/?p=68571#article","isPartOf":{"@id":"https:\/\/www.p31noticias.com.br\/?p=68571"},"author":{"name":"Gon\u00e7alves Junior","@id":"https:\/\/www.p31noticias.com.br\/#\/schema\/person\/95f2ece30e3b4132065b915150cd0f94"},"headline":"El Ni\u00f1o deve entrar em a\u00e7\u00e3o em maio e afetar chuvas no Brasil, diz entidade internacional","datePublished":"2026-04-27T23:50:08+00:00","mainEntityOfPage":{"@id":"https:\/\/www.p31noticias.com.br\/?p=68571"},"wordCount":548,"commentCount":0,"image":{"@id":"https:\/\/www.p31noticias.com.br\/?p=68571#primaryimage"},"thumbnailUrl":"https:\/\/www.p31noticias.com.br\/wp-content\/uploads\/2026\/04\/fta20251107156-300x170-1.jpg","articleSection":["Brasil","Bras\u00edlia","Mundo"],"inLanguage":"pt-BR","potentialAction":[{"@type":"CommentAction","name":"Comment","target":["https:\/\/www.p31noticias.com.br\/?p=68571#respond"]}],"copyrightYear":"2026","copyrightHolder":{"@id":"https:\/\/www.p31noticias.com.br\/#organization"}},{"@type":"WebPage","@id":"https:\/\/www.p31noticias.com.br\/?p=68571","url":"https:\/\/www.p31noticias.com.br\/?p=68571","name":"El Ni\u00f1o deve entrar em a\u00e7\u00e3o em maio e afetar chuvas no Brasil, diz entidade internacional - P31","isPartOf":{"@id":"https:\/\/www.p31noticias.com.br\/#website"},"primaryImageOfPage":{"@id":"https:\/\/www.p31noticias.com.br\/?p=68571#primaryimage"},"image":{"@id":"https:\/\/www.p31noticias.com.br\/?p=68571#primaryimage"},"thumbnailUrl":"https:\/\/www.p31noticias.com.br\/wp-content\/uploads\/2026\/04\/fta20251107156-300x170-1.jpg","datePublished":"2026-04-27T23:50:08+00:00","author":{"@id":"https:\/\/www.p31noticias.com.br\/#\/schema\/person\/95f2ece30e3b4132065b915150cd0f94"},"breadcrumb":{"@id":"https:\/\/www.p31noticias.com.br\/?p=68571#breadcrumb"},"inLanguage":"pt-BR","potentialAction":[{"@type":"ReadAction","target":["https:\/\/www.p31noticias.com.br\/?p=68571"]}]},{"@type":"ImageObject","inLanguage":"pt-BR","@id":"https:\/\/www.p31noticias.com.br\/?p=68571#primaryimage","url":"https:\/\/www.p31noticias.com.br\/wp-content\/uploads\/2026\/04\/fta20251107156-300x170-1.jpg","contentUrl":"https:\/\/www.p31noticias.com.br\/wp-content\/uploads\/2026\/04\/fta20251107156-300x170-1.jpg","width":300,"height":170},{"@type":"BreadcrumbList","@id":"https:\/\/www.p31noticias.com.br\/?p=68571#breadcrumb","itemListElement":[{"@type":"ListItem","position":1,"name":"In\u00edcio","item":"https:\/\/www.p31noticias.com.br\/"},{"@type":"ListItem","position":2,"name":"El Ni\u00f1o deve entrar em a\u00e7\u00e3o em maio e afetar chuvas no Brasil, diz entidade internacional"}]},{"@type":"WebSite","@id":"https:\/\/www.p31noticias.com.br\/#website","url":"https:\/\/www.p31noticias.com.br\/","name":"P31","description":"NOT\u00cdCIAS","potentialAction":[{"@type":"SearchAction","target":{"@type":"EntryPoint","urlTemplate":"https:\/\/www.p31noticias.com.br\/?s={search_term_string}"},"query-input":{"@type":"PropertyValueSpecification","valueRequired":true,"valueName":"search_term_string"}}],"inLanguage":"pt-BR"},{"@type":"Person","@id":"https:\/\/www.p31noticias.com.br\/#\/schema\/person\/95f2ece30e3b4132065b915150cd0f94","name":"Gon\u00e7alves Junior","image":{"@type":"ImageObject","inLanguage":"pt-BR","@id":"https:\/\/secure.gravatar.com\/avatar\/6711f350116a89762687a48d66f723c799e5438a5b7578508d4294cd7a5d0800?s=96&d=mm&r=g","url":"https:\/\/secure.gravatar.com\/avatar\/6711f350116a89762687a48d66f723c799e5438a5b7578508d4294cd7a5d0800?s=96&d=mm&r=g","contentUrl":"https:\/\/secure.gravatar.com\/avatar\/6711f350116a89762687a48d66f723c799e5438a5b7578508d4294cd7a5d0800?s=96&d=mm&r=g","caption":"Gon\u00e7alves Junior"},"url":"https:\/\/www.p31noticias.com.br\/?author=2"}]}},"amp_enabled":true,"_links":{"self":[{"href":"https:\/\/www.p31noticias.com.br\/index.php?rest_route=\/wp\/v2\/posts\/68571","targetHints":{"allow":["GET"]}}],"collection":[{"href":"https:\/\/www.p31noticias.com.br\/index.php?rest_route=\/wp\/v2\/posts"}],"about":[{"href":"https:\/\/www.p31noticias.com.br\/index.php?rest_route=\/wp\/v2\/types\/post"}],"author":[{"embeddable":true,"href":"https:\/\/www.p31noticias.com.br\/index.php?rest_route=\/wp\/v2\/users\/2"}],"replies":[{"embeddable":true,"href":"https:\/\/www.p31noticias.com.br\/index.php?rest_route=%2Fwp%2Fv2%2Fcomments&post=68571"}],"version-history":[{"count":1,"href":"https:\/\/www.p31noticias.com.br\/index.php?rest_route=\/wp\/v2\/posts\/68571\/revisions"}],"predecessor-version":[{"id":68573,"href":"https:\/\/www.p31noticias.com.br\/index.php?rest_route=\/wp\/v2\/posts\/68571\/revisions\/68573"}],"wp:featuredmedia":[{"embeddable":true,"href":"https:\/\/www.p31noticias.com.br\/index.php?rest_route=\/wp\/v2\/media\/68572"}],"wp:attachment":[{"href":"https:\/\/www.p31noticias.com.br\/index.php?rest_route=%2Fwp%2Fv2%2Fmedia&parent=68571"}],"wp:term":[{"taxonomy":"category","embeddable":true,"href":"https:\/\/www.p31noticias.com.br\/index.php?rest_route=%2Fwp%2Fv2%2Fcategories&post=68571"},{"taxonomy":"post_tag","embeddable":true,"href":"https:\/\/www.p31noticias.com.br\/index.php?rest_route=%2Fwp%2Fv2%2Ftags&post=68571"}],"curies":[{"name":"wp","href":"https:\/\/api.w.org\/{rel}","templated":true}]}}