{"id":68565,"date":"2026-04-27T20:37:05","date_gmt":"2026-04-27T23:37:05","guid":{"rendered":"https:\/\/www.p31noticias.com.br\/?p=68565"},"modified":"2026-04-27T22:13:20","modified_gmt":"2026-04-28T01:13:20","slug":"de-volta-a-antiga-casa","status":"publish","type":"post","link":"https:\/\/www.p31noticias.com.br\/?p=68565","title":{"rendered":"De volta \u00e0 antiga casa"},"content":{"rendered":"<p style=\"text-align: justify;\"><em><strong>Ex-secret\u00e1ria de Desenvolvimento Social, Ana Paula Marra, participa da reinaugura\u00e7\u00e3o do Cras na Candangol\u00e2ndia<\/strong><\/em><\/p>\n<p style=\"text-align: justify;\">Menos de um m\u00eas ap\u00f3s se desvincular da Secretaria de Desenvolvimento Social (Sedes), a advogada Ana Paula Marra participou, na manh\u00e3 desta segunda-feira (27), de uma agenda com a antiga equipe. \u00c0 frente da pasta por cerca de seis anos, sendo a gestora com mais tempo no cargo, ela foi convidada para a reinaugura\u00e7\u00e3o do Centro de Refer\u00eancia de Assist\u00eancia Social (Cras) da Candangol\u00e2ndia.<\/p>\n<p>Ao lado da governadora Celina Le\u00e3o; da atual secret\u00e1ria, Jaqueline Canhedo; al\u00e9m de demais chefes de pastas e parlamentares, Ana Paula Marra se emocionou ao reencontrar-se com profissionais os quais esteve ao longo dos \u00faltimos anos. \u201cEu fico muito feliz de estar aqui, pois \u00e9 um marco. S\u00e3o mais de 50 unidades entregues \u00e0 popula\u00e7\u00e3o, entre novas e reformadas\u201d, destacou a ex-gestora. \u201cAntes de assumirmos a Sedes, esses lugares estavam sucateados e insalubres tanto para os servidores e funcion\u00e1rios quanto para as fam\u00edlias atendidas. Foi mais de uma d\u00e9cada de descaso com o desenvolvimento social do DF\u201d, complementou.<\/p>\n<p><img loading=\"lazy\" decoding=\"async\" class=\"alignleft\" src=\"https:\/\/mail.google.com\/mail\/u\/0?ui=2&amp;ik=e51c0b2605&amp;attid=0.1&amp;permmsgid=msg-a:r-285440525482114677&amp;th=19dd146cc8428960&amp;view=fimg&amp;fur=ip&amp;permmsgid=msg-a:r-285440525482114677&amp;sz=s0-l75-ft&amp;attbid=ANGjdJ-oDoB3KHhlmHg3atN1KRw9oIojYKAPyYfqryooFhT-8WVGLuXEKrBcLX-hjgtotuhSdqex-DKw3ndRy51xXXq0HcAZLIXhdE9M6AbRXRPzWbC3oUQ03dzE0ig&amp;disp=emb&amp;realattid=15AEF166-DF52-4412-AB32-A87022BA3FD3&amp;zw\" width=\"374\" height=\"199\" \/><\/p>\n<p>Com investimento de R$ 2,067 milh\u00f5es do Governo do Distrito Federal, a obra \u2014 a primeira desde a inaugura\u00e7\u00e3o em 2008 \u2014, a unidade ganhou substitui\u00e7\u00e3o de piso e forro, revis\u00e3o das instala\u00e7\u00f5es el\u00e9tricas e hidr\u00e1ulicas, adequa\u00e7\u00e3o dos banheiros para pessoas com defici\u00eancia e uma sala multi\u00faso, al\u00e9m da renova\u00e7\u00e3o de portas, janelas e cobertura.<\/p>\n<p>Al\u00e9m do Cras da Candagol\u00e2ndia, Ana Paula Marra foi respons\u00e1vel pela constru\u00e7\u00e3o das unidades de Porto Rico, Itapo\u00e3 Parque, Sol Nascente e Recanto das Emas, por exemplo. Outro marco foram os quatro novos restaurantes comunit\u00e1rios: Arniqueira, Sol Nascente\/P\u00f4r do Sol, Varj\u00e3o e Samambaia. A\u00ed ainda contabiliza-se a entrega de Centros de Refer\u00eancia Especializados de Assist\u00eancia Socia (Creas), Centros de Conviv\u00eancia (Cecons) e dois Hot\u00e9is Sociais (Taguatinga e SAAN).<\/p>\n<p>O Cras da Candangol\u00e2ndia mant\u00e9m como principal servi\u00e7o o acompanhamento pelo Servi\u00e7o de Prote\u00e7\u00e3o e Atendimento Integral \u00e0 Fam\u00edlia (Paif), que oferece atendimentos individualizados, visitas domiciliares, orienta\u00e7\u00e3o sobre direitos, encaminhamentos para benef\u00edcios e outras pol\u00edticas p\u00fablicas.<\/p>\n<p>Somente em 2025, a unidade registrou 6.886 atendimentos, um aumento de 74% em rela\u00e7\u00e3o ao ano anterior, o que refor\u00e7a a import\u00e2ncia de uma estrutura adequada para atender \u00e0 demanda crescente.<\/p>\n<p style=\"text-align: justify;\"><em><strong>Da Reda\u00e7\u00e3o<\/strong><\/em><\/p>\n","protected":false},"excerpt":{"rendered":"<p>Ex-secret\u00e1ria de Desenvolvimento Social, Ana Paula Marra, participa da reinaugura\u00e7\u00e3o do Cras na Candangol\u00e2ndia Menos de um m\u00eas ap\u00f3s se desvincular da Secretaria de Desenvolvimento Social (Sedes), a advogada Ana Paula Marra participou, na manh\u00e3 desta segunda-feira (27), de uma agenda com a antiga equipe. \u00c0 frente da pasta por cerca de seis anos, sendo [&hellip;]<\/p>\n","protected":false},"author":2,"featured_media":68566,"comment_status":"open","ping_status":"closed","sticky":false,"template":"","format":"standard","meta":{"footnotes":""},"categories":[21,57],"tags":[],"class_list":{"0":"post-68565","1":"post","2":"type-post","3":"status-publish","4":"format-standard","5":"has-post-thumbnail","7":"category-brasilia","8":"category-politica"},"yoast_head":"<!-- This site is optimized with the Yoast SEO Premium plugin v24.5 (Yoast SEO v27.4) - https:\/\/yoast.com\/product\/yoast-seo-premium-wordpress\/ -->\n<title>De volta \u00e0 antiga casa - P31<\/title>\n<meta name=\"robots\" content=\"index, follow, max-snippet:-1, max-image-preview:large, max-video-preview:-1\" \/>\n<link rel=\"canonical\" href=\"https:\/\/www.p31noticias.com.br\/?p=68565\" \/>\n<meta property=\"og:locale\" content=\"pt_BR\" \/>\n<meta property=\"og:type\" content=\"article\" \/>\n<meta property=\"og:title\" content=\"De volta \u00e0 antiga casa\" \/>\n<meta property=\"og:description\" content=\"Ex-secret\u00e1ria de Desenvolvimento Social, Ana Paula Marra, participa da reinaugura\u00e7\u00e3o do Cras na Candangol\u00e2ndia Menos de um m\u00eas ap\u00f3s se desvincular da Secretaria de Desenvolvimento Social (Sedes), a advogada Ana Paula Marra participou, na manh\u00e3 desta segunda-feira (27), de uma agenda com a antiga equipe. \u00c0 frente da pasta por cerca de seis anos, sendo [&hellip;]\" \/>\n<meta property=\"og:url\" content=\"https:\/\/www.p31noticias.com.br\/?p=68565\" \/>\n<meta property=\"og:site_name\" content=\"P31\" \/>\n<meta property=\"article:published_time\" content=\"2026-04-27T23:37:05+00:00\" \/>\n<meta property=\"article:modified_time\" content=\"2026-04-28T01:13:20+00:00\" \/>\n<meta property=\"og:image\" content=\"https:\/\/www.p31noticias.com.br\/wp-content\/uploads\/2026\/04\/unnamed-2026-04-27T203350.283.jpg\" \/>\n\t<meta property=\"og:image:width\" content=\"1242\" \/>\n\t<meta property=\"og:image:height\" content=\"667\" \/>\n\t<meta property=\"og:image:type\" content=\"image\/jpeg\" \/>\n<meta name=\"author\" content=\"Gon\u00e7alves Junior\" \/>\n<meta name=\"twitter:card\" content=\"summary_large_image\" \/>\n<meta name=\"twitter:label1\" content=\"Escrito por\" \/>\n\t<meta name=\"twitter:data1\" content=\"Gon\u00e7alves Junior\" \/>\n\t<meta name=\"twitter:label2\" content=\"Est. tempo de leitura\" \/>\n\t<meta name=\"twitter:data2\" content=\"3 minutos\" \/>\n<script type=\"application\/ld+json\" class=\"yoast-schema-graph\">{\"@context\":\"https:\\\/\\\/schema.org\",\"@graph\":[{\"@type\":\"Article\",\"@id\":\"https:\\\/\\\/www.p31noticias.com.br\\\/?p=68565#article\",\"isPartOf\":{\"@id\":\"https:\\\/\\\/www.p31noticias.com.br\\\/?p=68565\"},\"author\":{\"name\":\"Gon\u00e7alves Junior\",\"@id\":\"https:\\\/\\\/www.p31noticias.com.br\\\/#\\\/schema\\\/person\\\/95f2ece30e3b4132065b915150cd0f94\"},\"headline\":\"De volta \u00e0 antiga casa\",\"datePublished\":\"2026-04-27T23:37:05+00:00\",\"dateModified\":\"2026-04-28T01:13:20+00:00\",\"mainEntityOfPage\":{\"@id\":\"https:\\\/\\\/www.p31noticias.com.br\\\/?p=68565\"},\"wordCount\":413,\"commentCount\":0,\"image\":{\"@id\":\"https:\\\/\\\/www.p31noticias.com.br\\\/?p=68565#primaryimage\"},\"thumbnailUrl\":\"https:\\\/\\\/www.p31noticias.com.br\\\/wp-content\\\/uploads\\\/2026\\\/04\\\/unnamed-2026-04-27T203350.283.jpg\",\"articleSection\":[\"Bras\u00edlia\",\"Pol\u00edtica\"],\"inLanguage\":\"pt-BR\",\"potentialAction\":[{\"@type\":\"CommentAction\",\"name\":\"Comment\",\"target\":[\"https:\\\/\\\/www.p31noticias.com.br\\\/?p=68565#respond\"]}],\"copyrightYear\":\"2026\",\"copyrightHolder\":{\"@id\":\"https:\\\/\\\/www.p31noticias.com.br\\\/#organization\"}},{\"@type\":\"WebPage\",\"@id\":\"https:\\\/\\\/www.p31noticias.com.br\\\/?p=68565\",\"url\":\"https:\\\/\\\/www.p31noticias.com.br\\\/?p=68565\",\"name\":\"De volta \u00e0 antiga casa - P31\",\"isPartOf\":{\"@id\":\"https:\\\/\\\/www.p31noticias.com.br\\\/#website\"},\"primaryImageOfPage\":{\"@id\":\"https:\\\/\\\/www.p31noticias.com.br\\\/?p=68565#primaryimage\"},\"image\":{\"@id\":\"https:\\\/\\\/www.p31noticias.com.br\\\/?p=68565#primaryimage\"},\"thumbnailUrl\":\"https:\\\/\\\/www.p31noticias.com.br\\\/wp-content\\\/uploads\\\/2026\\\/04\\\/unnamed-2026-04-27T203350.283.jpg\",\"datePublished\":\"2026-04-27T23:37:05+00:00\",\"dateModified\":\"2026-04-28T01:13:20+00:00\",\"author\":{\"@id\":\"https:\\\/\\\/www.p31noticias.com.br\\\/#\\\/schema\\\/person\\\/95f2ece30e3b4132065b915150cd0f94\"},\"breadcrumb\":{\"@id\":\"https:\\\/\\\/www.p31noticias.com.br\\\/?p=68565#breadcrumb\"},\"inLanguage\":\"pt-BR\",\"potentialAction\":[{\"@type\":\"ReadAction\",\"target\":[\"https:\\\/\\\/www.p31noticias.com.br\\\/?p=68565\"]}]},{\"@type\":\"ImageObject\",\"inLanguage\":\"pt-BR\",\"@id\":\"https:\\\/\\\/www.p31noticias.com.br\\\/?p=68565#primaryimage\",\"url\":\"https:\\\/\\\/www.p31noticias.com.br\\\/wp-content\\\/uploads\\\/2026\\\/04\\\/unnamed-2026-04-27T203350.283.jpg\",\"contentUrl\":\"https:\\\/\\\/www.p31noticias.com.br\\\/wp-content\\\/uploads\\\/2026\\\/04\\\/unnamed-2026-04-27T203350.283.jpg\",\"width\":1242,\"height\":667},{\"@type\":\"BreadcrumbList\",\"@id\":\"https:\\\/\\\/www.p31noticias.com.br\\\/?p=68565#breadcrumb\",\"itemListElement\":[{\"@type\":\"ListItem\",\"position\":1,\"name\":\"In\u00edcio\",\"item\":\"https:\\\/\\\/www.p31noticias.com.br\\\/\"},{\"@type\":\"ListItem\",\"position\":2,\"name\":\"De volta \u00e0 antiga casa\"}]},{\"@type\":\"WebSite\",\"@id\":\"https:\\\/\\\/www.p31noticias.com.br\\\/#website\",\"url\":\"https:\\\/\\\/www.p31noticias.com.br\\\/\",\"name\":\"P31\",\"description\":\"NOT\u00cdCIAS\",\"potentialAction\":[{\"@type\":\"SearchAction\",\"target\":{\"@type\":\"EntryPoint\",\"urlTemplate\":\"https:\\\/\\\/www.p31noticias.com.br\\\/?s={search_term_string}\"},\"query-input\":{\"@type\":\"PropertyValueSpecification\",\"valueRequired\":true,\"valueName\":\"search_term_string\"}}],\"inLanguage\":\"pt-BR\"},{\"@type\":\"Person\",\"@id\":\"https:\\\/\\\/www.p31noticias.com.br\\\/#\\\/schema\\\/person\\\/95f2ece30e3b4132065b915150cd0f94\",\"name\":\"Gon\u00e7alves Junior\",\"image\":{\"@type\":\"ImageObject\",\"inLanguage\":\"pt-BR\",\"@id\":\"https:\\\/\\\/secure.gravatar.com\\\/avatar\\\/6711f350116a89762687a48d66f723c799e5438a5b7578508d4294cd7a5d0800?s=96&d=mm&r=g\",\"url\":\"https:\\\/\\\/secure.gravatar.com\\\/avatar\\\/6711f350116a89762687a48d66f723c799e5438a5b7578508d4294cd7a5d0800?s=96&d=mm&r=g\",\"contentUrl\":\"https:\\\/\\\/secure.gravatar.com\\\/avatar\\\/6711f350116a89762687a48d66f723c799e5438a5b7578508d4294cd7a5d0800?s=96&d=mm&r=g\",\"caption\":\"Gon\u00e7alves Junior\"},\"url\":\"https:\\\/\\\/www.p31noticias.com.br\\\/?author=2\"}]}<\/script>\n<!-- \/ Yoast SEO Premium plugin. -->","yoast_head_json":{"title":"De volta \u00e0 antiga casa - P31","robots":{"index":"index","follow":"follow","max-snippet":"max-snippet:-1","max-image-preview":"max-image-preview:large","max-video-preview":"max-video-preview:-1"},"canonical":"https:\/\/www.p31noticias.com.br\/?p=68565","og_locale":"pt_BR","og_type":"article","og_title":"De volta \u00e0 antiga casa","og_description":"Ex-secret\u00e1ria de Desenvolvimento Social, Ana Paula Marra, participa da reinaugura\u00e7\u00e3o do Cras na Candangol\u00e2ndia Menos de um m\u00eas ap\u00f3s se desvincular da Secretaria de Desenvolvimento Social (Sedes), a advogada Ana Paula Marra participou, na manh\u00e3 desta segunda-feira (27), de uma agenda com a antiga equipe. \u00c0 frente da pasta por cerca de seis anos, sendo [&hellip;]","og_url":"https:\/\/www.p31noticias.com.br\/?p=68565","og_site_name":"P31","article_published_time":"2026-04-27T23:37:05+00:00","article_modified_time":"2026-04-28T01:13:20+00:00","og_image":[{"width":1242,"height":667,"url":"https:\/\/www.p31noticias.com.br\/wp-content\/uploads\/2026\/04\/unnamed-2026-04-27T203350.283.jpg","type":"image\/jpeg"}],"author":"Gon\u00e7alves Junior","twitter_card":"summary_large_image","twitter_misc":{"Escrito por":"Gon\u00e7alves Junior","Est. tempo de leitura":"3 minutos"},"schema":{"@context":"https:\/\/schema.org","@graph":[{"@type":"Article","@id":"https:\/\/www.p31noticias.com.br\/?p=68565#article","isPartOf":{"@id":"https:\/\/www.p31noticias.com.br\/?p=68565"},"author":{"name":"Gon\u00e7alves Junior","@id":"https:\/\/www.p31noticias.com.br\/#\/schema\/person\/95f2ece30e3b4132065b915150cd0f94"},"headline":"De volta \u00e0 antiga casa","datePublished":"2026-04-27T23:37:05+00:00","dateModified":"2026-04-28T01:13:20+00:00","mainEntityOfPage":{"@id":"https:\/\/www.p31noticias.com.br\/?p=68565"},"wordCount":413,"commentCount":0,"image":{"@id":"https:\/\/www.p31noticias.com.br\/?p=68565#primaryimage"},"thumbnailUrl":"https:\/\/www.p31noticias.com.br\/wp-content\/uploads\/2026\/04\/unnamed-2026-04-27T203350.283.jpg","articleSection":["Bras\u00edlia","Pol\u00edtica"],"inLanguage":"pt-BR","potentialAction":[{"@type":"CommentAction","name":"Comment","target":["https:\/\/www.p31noticias.com.br\/?p=68565#respond"]}],"copyrightYear":"2026","copyrightHolder":{"@id":"https:\/\/www.p31noticias.com.br\/#organization"}},{"@type":"WebPage","@id":"https:\/\/www.p31noticias.com.br\/?p=68565","url":"https:\/\/www.p31noticias.com.br\/?p=68565","name":"De volta \u00e0 antiga casa - P31","isPartOf":{"@id":"https:\/\/www.p31noticias.com.br\/#website"},"primaryImageOfPage":{"@id":"https:\/\/www.p31noticias.com.br\/?p=68565#primaryimage"},"image":{"@id":"https:\/\/www.p31noticias.com.br\/?p=68565#primaryimage"},"thumbnailUrl":"https:\/\/www.p31noticias.com.br\/wp-content\/uploads\/2026\/04\/unnamed-2026-04-27T203350.283.jpg","datePublished":"2026-04-27T23:37:05+00:00","dateModified":"2026-04-28T01:13:20+00:00","author":{"@id":"https:\/\/www.p31noticias.com.br\/#\/schema\/person\/95f2ece30e3b4132065b915150cd0f94"},"breadcrumb":{"@id":"https:\/\/www.p31noticias.com.br\/?p=68565#breadcrumb"},"inLanguage":"pt-BR","potentialAction":[{"@type":"ReadAction","target":["https:\/\/www.p31noticias.com.br\/?p=68565"]}]},{"@type":"ImageObject","inLanguage":"pt-BR","@id":"https:\/\/www.p31noticias.com.br\/?p=68565#primaryimage","url":"https:\/\/www.p31noticias.com.br\/wp-content\/uploads\/2026\/04\/unnamed-2026-04-27T203350.283.jpg","contentUrl":"https:\/\/www.p31noticias.com.br\/wp-content\/uploads\/2026\/04\/unnamed-2026-04-27T203350.283.jpg","width":1242,"height":667},{"@type":"BreadcrumbList","@id":"https:\/\/www.p31noticias.com.br\/?p=68565#breadcrumb","itemListElement":[{"@type":"ListItem","position":1,"name":"In\u00edcio","item":"https:\/\/www.p31noticias.com.br\/"},{"@type":"ListItem","position":2,"name":"De volta \u00e0 antiga casa"}]},{"@type":"WebSite","@id":"https:\/\/www.p31noticias.com.br\/#website","url":"https:\/\/www.p31noticias.com.br\/","name":"P31","description":"NOT\u00cdCIAS","potentialAction":[{"@type":"SearchAction","target":{"@type":"EntryPoint","urlTemplate":"https:\/\/www.p31noticias.com.br\/?s={search_term_string}"},"query-input":{"@type":"PropertyValueSpecification","valueRequired":true,"valueName":"search_term_string"}}],"inLanguage":"pt-BR"},{"@type":"Person","@id":"https:\/\/www.p31noticias.com.br\/#\/schema\/person\/95f2ece30e3b4132065b915150cd0f94","name":"Gon\u00e7alves Junior","image":{"@type":"ImageObject","inLanguage":"pt-BR","@id":"https:\/\/secure.gravatar.com\/avatar\/6711f350116a89762687a48d66f723c799e5438a5b7578508d4294cd7a5d0800?s=96&d=mm&r=g","url":"https:\/\/secure.gravatar.com\/avatar\/6711f350116a89762687a48d66f723c799e5438a5b7578508d4294cd7a5d0800?s=96&d=mm&r=g","contentUrl":"https:\/\/secure.gravatar.com\/avatar\/6711f350116a89762687a48d66f723c799e5438a5b7578508d4294cd7a5d0800?s=96&d=mm&r=g","caption":"Gon\u00e7alves Junior"},"url":"https:\/\/www.p31noticias.com.br\/?author=2"}]}},"amp_enabled":true,"_links":{"self":[{"href":"https:\/\/www.p31noticias.com.br\/index.php?rest_route=\/wp\/v2\/posts\/68565","targetHints":{"allow":["GET"]}}],"collection":[{"href":"https:\/\/www.p31noticias.com.br\/index.php?rest_route=\/wp\/v2\/posts"}],"about":[{"href":"https:\/\/www.p31noticias.com.br\/index.php?rest_route=\/wp\/v2\/types\/post"}],"author":[{"embeddable":true,"href":"https:\/\/www.p31noticias.com.br\/index.php?rest_route=\/wp\/v2\/users\/2"}],"replies":[{"embeddable":true,"href":"https:\/\/www.p31noticias.com.br\/index.php?rest_route=%2Fwp%2Fv2%2Fcomments&post=68565"}],"version-history":[{"count":2,"href":"https:\/\/www.p31noticias.com.br\/index.php?rest_route=\/wp\/v2\/posts\/68565\/revisions"}],"predecessor-version":[{"id":68599,"href":"https:\/\/www.p31noticias.com.br\/index.php?rest_route=\/wp\/v2\/posts\/68565\/revisions\/68599"}],"wp:featuredmedia":[{"embeddable":true,"href":"https:\/\/www.p31noticias.com.br\/index.php?rest_route=\/wp\/v2\/media\/68566"}],"wp:attachment":[{"href":"https:\/\/www.p31noticias.com.br\/index.php?rest_route=%2Fwp%2Fv2%2Fmedia&parent=68565"}],"wp:term":[{"taxonomy":"category","embeddable":true,"href":"https:\/\/www.p31noticias.com.br\/index.php?rest_route=%2Fwp%2Fv2%2Fcategories&post=68565"},{"taxonomy":"post_tag","embeddable":true,"href":"https:\/\/www.p31noticias.com.br\/index.php?rest_route=%2Fwp%2Fv2%2Ftags&post=68565"}],"curies":[{"name":"wp","href":"https:\/\/api.w.org\/{rel}","templated":true}]}}