{"id":68326,"date":"2026-03-28T00:01:50","date_gmt":"2026-03-28T03:01:50","guid":{"rendered":"https:\/\/www.p31noticias.com.br\/?p=68326"},"modified":"2026-03-28T00:01:50","modified_gmt":"2026-03-28T03:01:50","slug":"df-intensifica-vacinacao-contra-gripe-entre-profissionais-de-saude","status":"publish","type":"post","link":"https:\/\/www.p31noticias.com.br\/?p=68326","title":{"rendered":"DF intensifica vacina\u00e7\u00e3o contra gripe entre profissionais de sa\u00fade"},"content":{"rendered":"<p style=\"text-align: justify;\"><em><strong>Campanha no Hospital de Santa Maria amplia a prote\u00e7\u00e3o de equipes e pacientes em per\u00edodo de maior circula\u00e7\u00e3o de v\u00edrus respirat\u00f3rios<\/strong><\/em><\/p>\n<p style=\"text-align: justify;\">Em um momento de maior circula\u00e7\u00e3o de v\u00edrus respirat\u00f3rios, proteger quem est\u00e1 na linha de frente tamb\u00e9m \u00e9 proteger os pacientes. O Hospital Regional de Santa Maria (HRSM), unidade administrada pelo Instituto de Gest\u00e3o Estrat\u00e9gica de Sa\u00fade do Distrito Federal (IgesDF), iniciou a vacina\u00e7\u00e3o contra a gripe para todos os trabalhadores da unidade, incluindo equipes pr\u00f3prias e terceirizadas.<\/p>\n<p style=\"text-align: justify;\">A a\u00e7\u00e3o segue o calend\u00e1rio oficial do Distrito Federal, iniciado no dia 25 deste m\u00eas, e prioriza profissionais da sa\u00fade, considerados mais expostos ao risco de infec\u00e7\u00e3o. \u201cGarantir a vacina\u00e7\u00e3o dentro do pr\u00f3prio hospital facilita o acesso e fortalece a prote\u00e7\u00e3o de quem cuida e de quem \u00e9 cuidado\u201d, explica a chefe do N\u00facleo de Vigil\u00e2ncia Epidemiol\u00f3gica do HRSM, Larysse Lima.<\/p>\n<p style=\"text-align: justify;\">Para ampliar a ades\u00e3o, a unidade organizou hor\u00e1rios estendidos. A vacina\u00e7\u00e3o ocorre de segunda a s\u00e1bado, das 7h30 \u00e0s 18h, durante os meses de mar\u00e7o e abril, al\u00e9m de a\u00e7\u00f5es no per\u00edodo noturno. A estrat\u00e9gia busca alcan\u00e7ar trabalhadores com diferentes jornadas, especialmente aqueles com mais de um v\u00ednculo.<br \/>\nEntre os profissionais j\u00e1 imunizados est\u00e1 a m\u00e9dica endocrinologista Juliana Figueiredo. Para ela, a vacina\u00e7\u00e3o \u00e9 uma responsabilidade coletiva. \u201cAl\u00e9m de proteger a nossa sa\u00fade, a vacina ajuda a interromper a transmiss\u00e3o dentro do hospital, preservando pacientes que j\u00e1 est\u00e3o mais vulner\u00e1veis\u201d, afirma.<\/p>\n<p style=\"text-align: justify;\">A campanha tamb\u00e9m ser\u00e1 realizada no Hospital de Base do Distrito Federal (HBDF), com previs\u00e3o para a segunda quinzena de abril, ampliando a prote\u00e7\u00e3o entre trabalhadores das unidades administradas pelo IgesDF.<\/p>\n<p><img decoding=\"async\" src=\"https:\/\/www.agenciabrasilia.df.gov.br\/documents\/d\/guest\/medica-juliana-1-jpeg\" \/><\/p>\n<p style=\"text-align: justify;\"><strong>O que \u00e9 a gripe<\/strong><\/p>\n<p style=\"text-align: justify;\">A gripe, ou influenza, \u00e9 uma infec\u00e7\u00e3o respirat\u00f3ria aguda com alta capacidade de transmiss\u00e3o. No Brasil, circula durante todo o ano, com picos em determinadas \u00e9pocas. Os v\u00edrus influenza A e B s\u00e3o os principais respons\u00e1veis por epidemias sazonais.<\/p>\n<p style=\"text-align: justify;\">Dados da Secretaria de Sa\u00fade (SES-DF) indicam que, em 2025, houve predomin\u00e2ncia de rinov\u00edrus (34,1%) e influenza A (32,9%) entre os casos com identifica\u00e7\u00e3o viral. Tamb\u00e9m foram registrados Sars-CoV-2, v\u00edrus sincicial respirat\u00f3rio, adenov\u00edrus, metapneumov\u00edrus e influenza B.<\/p>\n<p style=\"text-align: justify;\"><strong>Quem pode se vacinar<\/strong><\/p>\n<p style=\"text-align: justify;\">A vacina\u00e7\u00e3o contra a gripe no Distrito Federal \u00e9 voltada aos grupos priorit\u00e1rios, que somam mais de 1,1 milh\u00e3o de pessoas. Est\u00e3o inclu\u00eddos:<\/p>\n<p style=\"text-align: justify;\">&#8211; crian\u00e7as de 6 meses a menores de 6 anos;<br \/>\n&#8211; idosos a partir de 60 anos;<br \/>\n&#8211; gestantes;<br \/>\n&#8211; pessoas com doen\u00e7as cr\u00f4nicas ou defici\u00eancias;<br \/>\n&#8211; profissionais de \u00e1reas essenciais.<\/p>\n<p style=\"text-align: justify;\">As doses est\u00e3o dispon\u00edveis em mais de cem salas de vacina nas unidades b\u00e1sicas de sa\u00fade. A orienta\u00e7\u00e3o \u00e9 procurar a unidade mais pr\u00f3xima para garantir a prote\u00e7\u00e3o.<\/p>\n<p style=\"text-align: justify;\"><strong><em>Com informa\u00e7\u00f5es do Instituto de Gest\u00e3o Estrat\u00e9gica de Sa\u00fade do Distrito Federal (IgesDF)<\/em><\/strong><\/p>\n","protected":false},"excerpt":{"rendered":"<p>Campanha no Hospital de Santa Maria amplia a prote\u00e7\u00e3o de equipes e pacientes em per\u00edodo de maior circula\u00e7\u00e3o de v\u00edrus respirat\u00f3rios Em um momento de maior circula\u00e7\u00e3o de v\u00edrus respirat\u00f3rios, proteger quem est\u00e1 na linha de frente tamb\u00e9m \u00e9 proteger os pacientes. O Hospital Regional de Santa Maria (HRSM), unidade administrada pelo Instituto de Gest\u00e3o [&hellip;]<\/p>\n","protected":false},"author":2,"featured_media":68327,"comment_status":"open","ping_status":"closed","sticky":false,"template":"","format":"standard","meta":{"footnotes":""},"categories":[21,57,124],"tags":[],"class_list":{"0":"post-68326","1":"post","2":"type-post","3":"status-publish","4":"format-standard","5":"has-post-thumbnail","7":"category-brasilia","8":"category-politica","9":"category-saude"},"yoast_head":"<!-- This site is optimized with the Yoast SEO Premium plugin v24.5 (Yoast SEO v27.4) - https:\/\/yoast.com\/product\/yoast-seo-premium-wordpress\/ -->\n<title>DF intensifica vacina\u00e7\u00e3o contra gripe entre profissionais de sa\u00fade - P31<\/title>\n<meta name=\"robots\" content=\"index, follow, max-snippet:-1, max-image-preview:large, max-video-preview:-1\" \/>\n<link rel=\"canonical\" href=\"https:\/\/www.p31noticias.com.br\/?p=68326\" \/>\n<meta property=\"og:locale\" content=\"pt_BR\" \/>\n<meta property=\"og:type\" content=\"article\" \/>\n<meta property=\"og:title\" content=\"DF intensifica vacina\u00e7\u00e3o contra gripe entre profissionais de sa\u00fade\" \/>\n<meta property=\"og:description\" content=\"Campanha no Hospital de Santa Maria amplia a prote\u00e7\u00e3o de equipes e pacientes em per\u00edodo de maior circula\u00e7\u00e3o de v\u00edrus respirat\u00f3rios Em um momento de maior circula\u00e7\u00e3o de v\u00edrus respirat\u00f3rios, proteger quem est\u00e1 na linha de frente tamb\u00e9m \u00e9 proteger os pacientes. O Hospital Regional de Santa Maria (HRSM), unidade administrada pelo Instituto de Gest\u00e3o [&hellip;]\" \/>\n<meta property=\"og:url\" content=\"https:\/\/www.p31noticias.com.br\/?p=68326\" \/>\n<meta property=\"og:site_name\" content=\"P31\" \/>\n<meta property=\"article:published_time\" content=\"2026-03-28T03:01:50+00:00\" \/>\n<meta property=\"og:image\" content=\"https:\/\/www.p31noticias.com.br\/wp-content\/uploads\/2026\/03\/Medica-Juliana.jpeg\" \/>\n\t<meta property=\"og:image:width\" content=\"1280\" \/>\n\t<meta property=\"og:image:height\" content=\"960\" \/>\n\t<meta property=\"og:image:type\" content=\"image\/jpeg\" \/>\n<meta name=\"author\" content=\"Gon\u00e7alves Junior\" \/>\n<meta name=\"twitter:card\" content=\"summary_large_image\" \/>\n<meta name=\"twitter:label1\" content=\"Escrito por\" \/>\n\t<meta name=\"twitter:data1\" content=\"Gon\u00e7alves Junior\" \/>\n\t<meta name=\"twitter:label2\" content=\"Est. tempo de leitura\" \/>\n\t<meta name=\"twitter:data2\" content=\"3 minutos\" \/>\n<script type=\"application\/ld+json\" class=\"yoast-schema-graph\">{\"@context\":\"https:\\\/\\\/schema.org\",\"@graph\":[{\"@type\":\"Article\",\"@id\":\"https:\\\/\\\/www.p31noticias.com.br\\\/?p=68326#article\",\"isPartOf\":{\"@id\":\"https:\\\/\\\/www.p31noticias.com.br\\\/?p=68326\"},\"author\":{\"name\":\"Gon\u00e7alves Junior\",\"@id\":\"https:\\\/\\\/www.p31noticias.com.br\\\/#\\\/schema\\\/person\\\/95f2ece30e3b4132065b915150cd0f94\"},\"headline\":\"DF intensifica vacina\u00e7\u00e3o contra gripe entre profissionais de sa\u00fade\",\"datePublished\":\"2026-03-28T03:01:50+00:00\",\"mainEntityOfPage\":{\"@id\":\"https:\\\/\\\/www.p31noticias.com.br\\\/?p=68326\"},\"wordCount\":519,\"commentCount\":0,\"image\":{\"@id\":\"https:\\\/\\\/www.p31noticias.com.br\\\/?p=68326#primaryimage\"},\"thumbnailUrl\":\"https:\\\/\\\/www.p31noticias.com.br\\\/wp-content\\\/uploads\\\/2026\\\/03\\\/Medica-Juliana.jpeg\",\"articleSection\":[\"Bras\u00edlia\",\"Pol\u00edtica\",\"Sa\u00fade\"],\"inLanguage\":\"pt-BR\",\"potentialAction\":[{\"@type\":\"CommentAction\",\"name\":\"Comment\",\"target\":[\"https:\\\/\\\/www.p31noticias.com.br\\\/?p=68326#respond\"]}],\"copyrightYear\":\"2026\",\"copyrightHolder\":{\"@id\":\"https:\\\/\\\/www.p31noticias.com.br\\\/#organization\"}},{\"@type\":\"WebPage\",\"@id\":\"https:\\\/\\\/www.p31noticias.com.br\\\/?p=68326\",\"url\":\"https:\\\/\\\/www.p31noticias.com.br\\\/?p=68326\",\"name\":\"DF intensifica vacina\u00e7\u00e3o contra gripe entre profissionais de sa\u00fade - P31\",\"isPartOf\":{\"@id\":\"https:\\\/\\\/www.p31noticias.com.br\\\/#website\"},\"primaryImageOfPage\":{\"@id\":\"https:\\\/\\\/www.p31noticias.com.br\\\/?p=68326#primaryimage\"},\"image\":{\"@id\":\"https:\\\/\\\/www.p31noticias.com.br\\\/?p=68326#primaryimage\"},\"thumbnailUrl\":\"https:\\\/\\\/www.p31noticias.com.br\\\/wp-content\\\/uploads\\\/2026\\\/03\\\/Medica-Juliana.jpeg\",\"datePublished\":\"2026-03-28T03:01:50+00:00\",\"author\":{\"@id\":\"https:\\\/\\\/www.p31noticias.com.br\\\/#\\\/schema\\\/person\\\/95f2ece30e3b4132065b915150cd0f94\"},\"breadcrumb\":{\"@id\":\"https:\\\/\\\/www.p31noticias.com.br\\\/?p=68326#breadcrumb\"},\"inLanguage\":\"pt-BR\",\"potentialAction\":[{\"@type\":\"ReadAction\",\"target\":[\"https:\\\/\\\/www.p31noticias.com.br\\\/?p=68326\"]}]},{\"@type\":\"ImageObject\",\"inLanguage\":\"pt-BR\",\"@id\":\"https:\\\/\\\/www.p31noticias.com.br\\\/?p=68326#primaryimage\",\"url\":\"https:\\\/\\\/www.p31noticias.com.br\\\/wp-content\\\/uploads\\\/2026\\\/03\\\/Medica-Juliana.jpeg\",\"contentUrl\":\"https:\\\/\\\/www.p31noticias.com.br\\\/wp-content\\\/uploads\\\/2026\\\/03\\\/Medica-Juliana.jpeg\",\"width\":1280,\"height\":960},{\"@type\":\"BreadcrumbList\",\"@id\":\"https:\\\/\\\/www.p31noticias.com.br\\\/?p=68326#breadcrumb\",\"itemListElement\":[{\"@type\":\"ListItem\",\"position\":1,\"name\":\"In\u00edcio\",\"item\":\"https:\\\/\\\/www.p31noticias.com.br\\\/\"},{\"@type\":\"ListItem\",\"position\":2,\"name\":\"DF intensifica vacina\u00e7\u00e3o contra gripe entre profissionais de sa\u00fade\"}]},{\"@type\":\"WebSite\",\"@id\":\"https:\\\/\\\/www.p31noticias.com.br\\\/#website\",\"url\":\"https:\\\/\\\/www.p31noticias.com.br\\\/\",\"name\":\"P31\",\"description\":\"NOT\u00cdCIAS\",\"potentialAction\":[{\"@type\":\"SearchAction\",\"target\":{\"@type\":\"EntryPoint\",\"urlTemplate\":\"https:\\\/\\\/www.p31noticias.com.br\\\/?s={search_term_string}\"},\"query-input\":{\"@type\":\"PropertyValueSpecification\",\"valueRequired\":true,\"valueName\":\"search_term_string\"}}],\"inLanguage\":\"pt-BR\"},{\"@type\":\"Person\",\"@id\":\"https:\\\/\\\/www.p31noticias.com.br\\\/#\\\/schema\\\/person\\\/95f2ece30e3b4132065b915150cd0f94\",\"name\":\"Gon\u00e7alves Junior\",\"image\":{\"@type\":\"ImageObject\",\"inLanguage\":\"pt-BR\",\"@id\":\"https:\\\/\\\/secure.gravatar.com\\\/avatar\\\/6711f350116a89762687a48d66f723c799e5438a5b7578508d4294cd7a5d0800?s=96&d=mm&r=g\",\"url\":\"https:\\\/\\\/secure.gravatar.com\\\/avatar\\\/6711f350116a89762687a48d66f723c799e5438a5b7578508d4294cd7a5d0800?s=96&d=mm&r=g\",\"contentUrl\":\"https:\\\/\\\/secure.gravatar.com\\\/avatar\\\/6711f350116a89762687a48d66f723c799e5438a5b7578508d4294cd7a5d0800?s=96&d=mm&r=g\",\"caption\":\"Gon\u00e7alves Junior\"},\"url\":\"https:\\\/\\\/www.p31noticias.com.br\\\/?author=2\"}]}<\/script>\n<!-- \/ Yoast SEO Premium plugin. -->","yoast_head_json":{"title":"DF intensifica vacina\u00e7\u00e3o contra gripe entre profissionais de sa\u00fade - P31","robots":{"index":"index","follow":"follow","max-snippet":"max-snippet:-1","max-image-preview":"max-image-preview:large","max-video-preview":"max-video-preview:-1"},"canonical":"https:\/\/www.p31noticias.com.br\/?p=68326","og_locale":"pt_BR","og_type":"article","og_title":"DF intensifica vacina\u00e7\u00e3o contra gripe entre profissionais de sa\u00fade","og_description":"Campanha no Hospital de Santa Maria amplia a prote\u00e7\u00e3o de equipes e pacientes em per\u00edodo de maior circula\u00e7\u00e3o de v\u00edrus respirat\u00f3rios Em um momento de maior circula\u00e7\u00e3o de v\u00edrus respirat\u00f3rios, proteger quem est\u00e1 na linha de frente tamb\u00e9m \u00e9 proteger os pacientes. O Hospital Regional de Santa Maria (HRSM), unidade administrada pelo Instituto de Gest\u00e3o [&hellip;]","og_url":"https:\/\/www.p31noticias.com.br\/?p=68326","og_site_name":"P31","article_published_time":"2026-03-28T03:01:50+00:00","og_image":[{"width":1280,"height":960,"url":"https:\/\/www.p31noticias.com.br\/wp-content\/uploads\/2026\/03\/Medica-Juliana.jpeg","type":"image\/jpeg"}],"author":"Gon\u00e7alves Junior","twitter_card":"summary_large_image","twitter_misc":{"Escrito por":"Gon\u00e7alves Junior","Est. tempo de leitura":"3 minutos"},"schema":{"@context":"https:\/\/schema.org","@graph":[{"@type":"Article","@id":"https:\/\/www.p31noticias.com.br\/?p=68326#article","isPartOf":{"@id":"https:\/\/www.p31noticias.com.br\/?p=68326"},"author":{"name":"Gon\u00e7alves Junior","@id":"https:\/\/www.p31noticias.com.br\/#\/schema\/person\/95f2ece30e3b4132065b915150cd0f94"},"headline":"DF intensifica vacina\u00e7\u00e3o contra gripe entre profissionais de sa\u00fade","datePublished":"2026-03-28T03:01:50+00:00","mainEntityOfPage":{"@id":"https:\/\/www.p31noticias.com.br\/?p=68326"},"wordCount":519,"commentCount":0,"image":{"@id":"https:\/\/www.p31noticias.com.br\/?p=68326#primaryimage"},"thumbnailUrl":"https:\/\/www.p31noticias.com.br\/wp-content\/uploads\/2026\/03\/Medica-Juliana.jpeg","articleSection":["Bras\u00edlia","Pol\u00edtica","Sa\u00fade"],"inLanguage":"pt-BR","potentialAction":[{"@type":"CommentAction","name":"Comment","target":["https:\/\/www.p31noticias.com.br\/?p=68326#respond"]}],"copyrightYear":"2026","copyrightHolder":{"@id":"https:\/\/www.p31noticias.com.br\/#organization"}},{"@type":"WebPage","@id":"https:\/\/www.p31noticias.com.br\/?p=68326","url":"https:\/\/www.p31noticias.com.br\/?p=68326","name":"DF intensifica vacina\u00e7\u00e3o contra gripe entre profissionais de sa\u00fade - P31","isPartOf":{"@id":"https:\/\/www.p31noticias.com.br\/#website"},"primaryImageOfPage":{"@id":"https:\/\/www.p31noticias.com.br\/?p=68326#primaryimage"},"image":{"@id":"https:\/\/www.p31noticias.com.br\/?p=68326#primaryimage"},"thumbnailUrl":"https:\/\/www.p31noticias.com.br\/wp-content\/uploads\/2026\/03\/Medica-Juliana.jpeg","datePublished":"2026-03-28T03:01:50+00:00","author":{"@id":"https:\/\/www.p31noticias.com.br\/#\/schema\/person\/95f2ece30e3b4132065b915150cd0f94"},"breadcrumb":{"@id":"https:\/\/www.p31noticias.com.br\/?p=68326#breadcrumb"},"inLanguage":"pt-BR","potentialAction":[{"@type":"ReadAction","target":["https:\/\/www.p31noticias.com.br\/?p=68326"]}]},{"@type":"ImageObject","inLanguage":"pt-BR","@id":"https:\/\/www.p31noticias.com.br\/?p=68326#primaryimage","url":"https:\/\/www.p31noticias.com.br\/wp-content\/uploads\/2026\/03\/Medica-Juliana.jpeg","contentUrl":"https:\/\/www.p31noticias.com.br\/wp-content\/uploads\/2026\/03\/Medica-Juliana.jpeg","width":1280,"height":960},{"@type":"BreadcrumbList","@id":"https:\/\/www.p31noticias.com.br\/?p=68326#breadcrumb","itemListElement":[{"@type":"ListItem","position":1,"name":"In\u00edcio","item":"https:\/\/www.p31noticias.com.br\/"},{"@type":"ListItem","position":2,"name":"DF intensifica vacina\u00e7\u00e3o contra gripe entre profissionais de sa\u00fade"}]},{"@type":"WebSite","@id":"https:\/\/www.p31noticias.com.br\/#website","url":"https:\/\/www.p31noticias.com.br\/","name":"P31","description":"NOT\u00cdCIAS","potentialAction":[{"@type":"SearchAction","target":{"@type":"EntryPoint","urlTemplate":"https:\/\/www.p31noticias.com.br\/?s={search_term_string}"},"query-input":{"@type":"PropertyValueSpecification","valueRequired":true,"valueName":"search_term_string"}}],"inLanguage":"pt-BR"},{"@type":"Person","@id":"https:\/\/www.p31noticias.com.br\/#\/schema\/person\/95f2ece30e3b4132065b915150cd0f94","name":"Gon\u00e7alves Junior","image":{"@type":"ImageObject","inLanguage":"pt-BR","@id":"https:\/\/secure.gravatar.com\/avatar\/6711f350116a89762687a48d66f723c799e5438a5b7578508d4294cd7a5d0800?s=96&d=mm&r=g","url":"https:\/\/secure.gravatar.com\/avatar\/6711f350116a89762687a48d66f723c799e5438a5b7578508d4294cd7a5d0800?s=96&d=mm&r=g","contentUrl":"https:\/\/secure.gravatar.com\/avatar\/6711f350116a89762687a48d66f723c799e5438a5b7578508d4294cd7a5d0800?s=96&d=mm&r=g","caption":"Gon\u00e7alves Junior"},"url":"https:\/\/www.p31noticias.com.br\/?author=2"}]}},"amp_enabled":true,"_links":{"self":[{"href":"https:\/\/www.p31noticias.com.br\/index.php?rest_route=\/wp\/v2\/posts\/68326","targetHints":{"allow":["GET"]}}],"collection":[{"href":"https:\/\/www.p31noticias.com.br\/index.php?rest_route=\/wp\/v2\/posts"}],"about":[{"href":"https:\/\/www.p31noticias.com.br\/index.php?rest_route=\/wp\/v2\/types\/post"}],"author":[{"embeddable":true,"href":"https:\/\/www.p31noticias.com.br\/index.php?rest_route=\/wp\/v2\/users\/2"}],"replies":[{"embeddable":true,"href":"https:\/\/www.p31noticias.com.br\/index.php?rest_route=%2Fwp%2Fv2%2Fcomments&post=68326"}],"version-history":[{"count":1,"href":"https:\/\/www.p31noticias.com.br\/index.php?rest_route=\/wp\/v2\/posts\/68326\/revisions"}],"predecessor-version":[{"id":68328,"href":"https:\/\/www.p31noticias.com.br\/index.php?rest_route=\/wp\/v2\/posts\/68326\/revisions\/68328"}],"wp:featuredmedia":[{"embeddable":true,"href":"https:\/\/www.p31noticias.com.br\/index.php?rest_route=\/wp\/v2\/media\/68327"}],"wp:attachment":[{"href":"https:\/\/www.p31noticias.com.br\/index.php?rest_route=%2Fwp%2Fv2%2Fmedia&parent=68326"}],"wp:term":[{"taxonomy":"category","embeddable":true,"href":"https:\/\/www.p31noticias.com.br\/index.php?rest_route=%2Fwp%2Fv2%2Fcategories&post=68326"},{"taxonomy":"post_tag","embeddable":true,"href":"https:\/\/www.p31noticias.com.br\/index.php?rest_route=%2Fwp%2Fv2%2Ftags&post=68326"}],"curies":[{"name":"wp","href":"https:\/\/api.w.org\/{rel}","templated":true}]}}