{"id":67695,"date":"2026-01-14T21:54:07","date_gmt":"2026-01-15T00:54:07","guid":{"rendered":"https:\/\/www.p31noticias.com.br\/?p=67695"},"modified":"2026-01-14T21:54:07","modified_gmt":"2026-01-15T00:54:07","slug":"suspensao-de-visto-dos-eua-afeta-viagens-turisticas-de-brasileiros-entenda","status":"publish","type":"post","link":"https:\/\/www.p31noticias.com.br\/?p=67695","title":{"rendered":"Suspens\u00e3o de visto dos EUA afeta viagens tur\u00edsticas de brasileiros? Entenda"},"content":{"rendered":"<p style=\"text-align: justify;\"><em><strong>Departamento de Estado norte-americano informou nesta quarta-feira (14) que a emiss\u00e3o da permiss\u00e3o para 75 pa\u00edses ser\u00e1 interrompida, mas a medida foi anunciada de forma pouco clara e gerou d\u00favidas<\/strong><\/em><\/p>\n<p style=\"text-align: justify;\">O Departamento de Estado dos Estados Unidos anunciou nesta quarta-feira (14) que est\u00e1\u00a0<strong><a href=\"https:\/\/jovempan.com.br\/noticias\/mundo\/estados-unidos-bloqueia-emissao-de-vistos-para-o-brasil-e-mais-74-paises-diz-tv-americana.html\">suspensa a emiss\u00e3o de vistos de imigrante para 75 pa\u00edses<\/a><\/strong>, incluindo o Brasil. Segundo informa\u00e7\u00f5es divulgadas pelo canal de televis\u00e3o\u00a0<em>Fox News Digital<\/em>\u00a0e confirmadas depois em publica\u00e7\u00e3o feita pela secret\u00e1ria de imprensa, Karoline Leavitt, por meio de publica\u00e7\u00e3o em seu perfil no X (antigo Twitter), a suspens\u00e3o ter\u00e1 in\u00edcio em 21 de janeiro e seguir\u00e1 por tempo indeterminado. A medida foi anunciada de forma pouco clara e deixou d\u00favidas. Leia abaixo perguntas e respostas sobre o assunto:<\/p>\n<h3 style=\"text-align: justify;\"><strong>Por que o Departamento de Estado dos Estados Unidos suspendeu a emiss\u00e3o de vistos?<\/strong><\/h3>\n<p style=\"text-align: justify;\">Segundo o \u00f3rg\u00e3o, a medida busca garantir que os novos imigrantes \u201cn\u00e3o extrair\u00e3o riqueza do povo norte-americano\u201d.<\/p>\n<p style=\"text-align: justify;\">O Departamento de Estado suspender\u00e1 o processamento de vistos de imigrantes de 75 pa\u00edses cujos migrantes recebem assist\u00eancia social do povo americano em taxas inaceit\u00e1veis. A suspens\u00e3o permanecer\u00e1 em vigor at\u00e9 que os EUA possam garantir que os novos imigrantes n\u00e3o extrair\u00e3o riqueza do povo norte-americano\u201d, afirmou o \u00f3rg\u00e3o.<\/p>\n<h3 style=\"text-align: justify;\"><strong>Quais vistos ser\u00e3o suspensos?<\/strong><\/h3>\n<p style=\"text-align: justify;\">A publica\u00e7\u00e3o do Departamento de Estado informou que est\u00e1 suspensa a\u00a0<strong><a href=\"https:\/\/jovempan.com.br\/noticias\/mundo\/o-que-muda-para-os-brasileiros-com-a-suspensao-de-vistos-dos-eua-entenda.html\">emiss\u00e3o de vistos de imigrante<\/a><\/strong>. Procurada, a Embaixada dos Estados Unidos no Brasil n\u00e3o especificou se a medida se aplica a todos os vistos ou se h\u00e1 alguma exce\u00e7\u00e3o.<\/p>\n<p style=\"text-align: justify;\">De acordo com o site do Departamento de Estado, os EUA t\u00eam duas categorias de vistos:<\/p>\n<ul style=\"text-align: justify;\">\n<li><strong>N\u00e3o imigrante:<\/strong>\u00a0destinada a viagens tempor\u00e1rias, como atletas em competi\u00e7\u00f5es, visitantes a neg\u00f3cios e estudantes;<\/li>\n<li><strong>Imigrante:<\/strong>\u00a0\u00e9 emitido para quem deseja residir permanentemente nos EUA, como quem se casa com um cidad\u00e3o norte-americano ou trabalha de forma permanente no pa\u00eds.<\/li>\n<\/ul>\n<h3 style=\"text-align: justify;\"><strong>Tenho uma viagem para os Estados Unidos, serei prejudicado?<\/strong><\/h3>\n<p style=\"text-align: justify;\">A medida anunciada suspende somente a emiss\u00e3o de novos vistos de imigrantes. Brasileiros que tenham a inten\u00e7\u00e3o de fazer uma viagem a turismo ou visitar familiares e amigos nos Estados Unidos precisam tirar o visto B2, que est\u00e1 enquadrado na modalidade de vistos n\u00e3o imigrante.<\/p>\n<h3 style=\"text-align: justify;\"><strong>Quais pa\u00edses ser\u00e3o afetados pela medida?<\/strong><\/h3>\n<p style=\"text-align: justify;\">A medida foi confirmada primeiro pela secret\u00e1ria de imprensa\u00a0<strong><a href=\"https:\/\/jovempan.com.br\/tag\/karoline-leavitt\">Karoline Leavitt<\/a><\/strong>, que publicou, em seu perfil no X, o link de um artigo da\u00a0<em>Fox News Digital<\/em>\u00a0que anunciava a suspens\u00e3o. A emissora n\u00e3o divulgou a lista completa de pa\u00edses afetados, mas afirmou que, al\u00e9m do Brasil, Som\u00e1lia, R\u00fassia, Afeganist\u00e3o, Ir\u00e3, Iraque, Egito, Nig\u00e9ria, Tail\u00e2ndia e I\u00eamen tamb\u00e9m est\u00e3o na lista.<\/p>\n<p style=\"text-align: justify;\">\u201cA suspens\u00e3o afeta dezenas de pa\u00edses \u2013 incluindo Som\u00e1lia, Haiti, Ir\u00e3 e Eritreia \u2013 cujos imigrantes muitas vezes se tornam um encargo p\u00fablico para os Estados Unidos ap\u00f3s a chegada. Estamos trabalhando para garantir que a generosidade do povo americano n\u00e3o seja mais abusada. O governo Trump sempre colocar\u00e1 os Estados Unidos em primeiro lugar\u201d, afirmou o departamento de Estado.<\/p>\n<p style=\"text-align: justify;\">Um memorando do Departamento de Estado, ao qual a\u00a0<em>Fox News Digital<\/em>\u00a0teve acesso, orienta os funcion\u00e1rios consulares a recusarem vistos de acordo com a legisla\u00e7\u00e3o vigente, enquanto a pasta reavalia os procedimentos de triagem e verifica\u00e7\u00e3o.<\/p>\n<h3 style=\"text-align: justify;\"><strong>Quando come\u00e7a a suspens\u00e3o?<\/strong><\/h3>\n<p style=\"text-align: justify;\">Segundo a emissora, a suspens\u00e3o ter\u00e1 in\u00edcio em 21 de janeiro e seguir\u00e1 por tempo indeterminado.<\/p>\n<div class=\"clearfix text-center advert\" style=\"text-align: justify;\"><strong><em>Com informa\u00e7\u00f5es de Estad\u00e3o<\/em><\/strong><\/div>\n","protected":false},"excerpt":{"rendered":"<p>Departamento de Estado norte-americano informou nesta quarta-feira (14) que a emiss\u00e3o da permiss\u00e3o para 75 pa\u00edses ser\u00e1 interrompida, mas a medida foi anunciada de forma pouco clara e gerou d\u00favidas O Departamento de Estado dos Estados Unidos anunciou nesta quarta-feira (14) que est\u00e1\u00a0suspensa a emiss\u00e3o de vistos de imigrante para 75 pa\u00edses, incluindo o Brasil. [&hellip;]<\/p>\n","protected":false},"author":2,"featured_media":67696,"comment_status":"open","ping_status":"closed","sticky":false,"template":"","format":"standard","meta":{"footnotes":""},"categories":[68,752],"tags":[],"class_list":{"0":"post-67695","1":"post","2":"type-post","3":"status-publish","4":"format-standard","5":"has-post-thumbnail","7":"category-brasil","8":"category-mundo"},"yoast_head":"<!-- This site is optimized with the Yoast SEO Premium plugin v24.5 (Yoast SEO v27.5) - https:\/\/yoast.com\/product\/yoast-seo-premium-wordpress\/ -->\n<title>Suspens\u00e3o de visto dos EUA afeta viagens tur\u00edsticas de brasileiros? Entenda - P31<\/title>\n<meta name=\"robots\" content=\"index, follow, max-snippet:-1, max-image-preview:large, max-video-preview:-1\" \/>\n<link rel=\"canonical\" href=\"https:\/\/www.p31noticias.com.br\/?p=67695\" \/>\n<meta property=\"og:locale\" content=\"pt_BR\" \/>\n<meta property=\"og:type\" content=\"article\" \/>\n<meta property=\"og:title\" content=\"Suspens\u00e3o de visto dos EUA afeta viagens tur\u00edsticas de brasileiros? Entenda\" \/>\n<meta property=\"og:description\" content=\"Departamento de Estado norte-americano informou nesta quarta-feira (14) que a emiss\u00e3o da permiss\u00e3o para 75 pa\u00edses ser\u00e1 interrompida, mas a medida foi anunciada de forma pouco clara e gerou d\u00favidas O Departamento de Estado dos Estados Unidos anunciou nesta quarta-feira (14) que est\u00e1\u00a0suspensa a emiss\u00e3o de vistos de imigrante para 75 pa\u00edses, incluindo o Brasil. [&hellip;]\" \/>\n<meta property=\"og:url\" content=\"https:\/\/www.p31noticias.com.br\/?p=67695\" \/>\n<meta property=\"og:site_name\" content=\"P31\" \/>\n<meta property=\"article:published_time\" content=\"2026-01-15T00:54:07+00:00\" \/>\n<meta property=\"og:image\" content=\"https:\/\/www.p31noticias.com.br\/wp-content\/uploads\/2026\/01\/365522382-passaporte-400x225-1.jpg\" \/>\n\t<meta property=\"og:image:width\" content=\"400\" \/>\n\t<meta property=\"og:image:height\" content=\"225\" \/>\n\t<meta property=\"og:image:type\" content=\"image\/jpeg\" \/>\n<meta name=\"author\" content=\"Gon\u00e7alves Junior\" \/>\n<meta name=\"twitter:card\" content=\"summary_large_image\" \/>\n<meta name=\"twitter:label1\" content=\"Escrito por\" \/>\n\t<meta name=\"twitter:data1\" content=\"Gon\u00e7alves Junior\" \/>\n\t<meta name=\"twitter:label2\" content=\"Est. tempo de leitura\" \/>\n\t<meta name=\"twitter:data2\" content=\"3 minutos\" \/>\n<script type=\"application\/ld+json\" class=\"yoast-schema-graph\">{\"@context\":\"https:\\\/\\\/schema.org\",\"@graph\":[{\"@type\":\"Article\",\"@id\":\"https:\\\/\\\/www.p31noticias.com.br\\\/?p=67695#article\",\"isPartOf\":{\"@id\":\"https:\\\/\\\/www.p31noticias.com.br\\\/?p=67695\"},\"author\":{\"name\":\"Gon\u00e7alves Junior\",\"@id\":\"https:\\\/\\\/www.p31noticias.com.br\\\/#\\\/schema\\\/person\\\/95f2ece30e3b4132065b915150cd0f94\"},\"headline\":\"Suspens\u00e3o de visto dos EUA afeta viagens tur\u00edsticas de brasileiros? Entenda\",\"datePublished\":\"2026-01-15T00:54:07+00:00\",\"mainEntityOfPage\":{\"@id\":\"https:\\\/\\\/www.p31noticias.com.br\\\/?p=67695\"},\"wordCount\":616,\"commentCount\":0,\"image\":{\"@id\":\"https:\\\/\\\/www.p31noticias.com.br\\\/?p=67695#primaryimage\"},\"thumbnailUrl\":\"https:\\\/\\\/www.p31noticias.com.br\\\/wp-content\\\/uploads\\\/2026\\\/01\\\/365522382-passaporte-400x225-1.jpg\",\"articleSection\":[\"Brasil\",\"Mundo\"],\"inLanguage\":\"pt-BR\",\"potentialAction\":[{\"@type\":\"CommentAction\",\"name\":\"Comment\",\"target\":[\"https:\\\/\\\/www.p31noticias.com.br\\\/?p=67695#respond\"]}],\"copyrightYear\":\"2026\",\"copyrightHolder\":{\"@id\":\"https:\\\/\\\/www.p31noticias.com.br\\\/#organization\"}},{\"@type\":\"WebPage\",\"@id\":\"https:\\\/\\\/www.p31noticias.com.br\\\/?p=67695\",\"url\":\"https:\\\/\\\/www.p31noticias.com.br\\\/?p=67695\",\"name\":\"Suspens\u00e3o de visto dos EUA afeta viagens tur\u00edsticas de brasileiros? Entenda - P31\",\"isPartOf\":{\"@id\":\"https:\\\/\\\/www.p31noticias.com.br\\\/#website\"},\"primaryImageOfPage\":{\"@id\":\"https:\\\/\\\/www.p31noticias.com.br\\\/?p=67695#primaryimage\"},\"image\":{\"@id\":\"https:\\\/\\\/www.p31noticias.com.br\\\/?p=67695#primaryimage\"},\"thumbnailUrl\":\"https:\\\/\\\/www.p31noticias.com.br\\\/wp-content\\\/uploads\\\/2026\\\/01\\\/365522382-passaporte-400x225-1.jpg\",\"datePublished\":\"2026-01-15T00:54:07+00:00\",\"author\":{\"@id\":\"https:\\\/\\\/www.p31noticias.com.br\\\/#\\\/schema\\\/person\\\/95f2ece30e3b4132065b915150cd0f94\"},\"breadcrumb\":{\"@id\":\"https:\\\/\\\/www.p31noticias.com.br\\\/?p=67695#breadcrumb\"},\"inLanguage\":\"pt-BR\",\"potentialAction\":[{\"@type\":\"ReadAction\",\"target\":[\"https:\\\/\\\/www.p31noticias.com.br\\\/?p=67695\"]}]},{\"@type\":\"ImageObject\",\"inLanguage\":\"pt-BR\",\"@id\":\"https:\\\/\\\/www.p31noticias.com.br\\\/?p=67695#primaryimage\",\"url\":\"https:\\\/\\\/www.p31noticias.com.br\\\/wp-content\\\/uploads\\\/2026\\\/01\\\/365522382-passaporte-400x225-1.jpg\",\"contentUrl\":\"https:\\\/\\\/www.p31noticias.com.br\\\/wp-content\\\/uploads\\\/2026\\\/01\\\/365522382-passaporte-400x225-1.jpg\",\"width\":400,\"height\":225},{\"@type\":\"BreadcrumbList\",\"@id\":\"https:\\\/\\\/www.p31noticias.com.br\\\/?p=67695#breadcrumb\",\"itemListElement\":[{\"@type\":\"ListItem\",\"position\":1,\"name\":\"In\u00edcio\",\"item\":\"https:\\\/\\\/www.p31noticias.com.br\\\/\"},{\"@type\":\"ListItem\",\"position\":2,\"name\":\"Suspens\u00e3o de visto dos EUA afeta viagens tur\u00edsticas de brasileiros? Entenda\"}]},{\"@type\":\"WebSite\",\"@id\":\"https:\\\/\\\/www.p31noticias.com.br\\\/#website\",\"url\":\"https:\\\/\\\/www.p31noticias.com.br\\\/\",\"name\":\"P31\",\"description\":\"NOT\u00cdCIAS\",\"potentialAction\":[{\"@type\":\"SearchAction\",\"target\":{\"@type\":\"EntryPoint\",\"urlTemplate\":\"https:\\\/\\\/www.p31noticias.com.br\\\/?s={search_term_string}\"},\"query-input\":{\"@type\":\"PropertyValueSpecification\",\"valueRequired\":true,\"valueName\":\"search_term_string\"}}],\"inLanguage\":\"pt-BR\"},{\"@type\":\"Person\",\"@id\":\"https:\\\/\\\/www.p31noticias.com.br\\\/#\\\/schema\\\/person\\\/95f2ece30e3b4132065b915150cd0f94\",\"name\":\"Gon\u00e7alves Junior\",\"image\":{\"@type\":\"ImageObject\",\"inLanguage\":\"pt-BR\",\"@id\":\"https:\\\/\\\/secure.gravatar.com\\\/avatar\\\/6711f350116a89762687a48d66f723c799e5438a5b7578508d4294cd7a5d0800?s=96&d=mm&r=g\",\"url\":\"https:\\\/\\\/secure.gravatar.com\\\/avatar\\\/6711f350116a89762687a48d66f723c799e5438a5b7578508d4294cd7a5d0800?s=96&d=mm&r=g\",\"contentUrl\":\"https:\\\/\\\/secure.gravatar.com\\\/avatar\\\/6711f350116a89762687a48d66f723c799e5438a5b7578508d4294cd7a5d0800?s=96&d=mm&r=g\",\"caption\":\"Gon\u00e7alves Junior\"},\"url\":\"https:\\\/\\\/www.p31noticias.com.br\\\/?author=2\"}]}<\/script>\n<!-- \/ Yoast SEO Premium plugin. -->","yoast_head_json":{"title":"Suspens\u00e3o de visto dos EUA afeta viagens tur\u00edsticas de brasileiros? Entenda - P31","robots":{"index":"index","follow":"follow","max-snippet":"max-snippet:-1","max-image-preview":"max-image-preview:large","max-video-preview":"max-video-preview:-1"},"canonical":"https:\/\/www.p31noticias.com.br\/?p=67695","og_locale":"pt_BR","og_type":"article","og_title":"Suspens\u00e3o de visto dos EUA afeta viagens tur\u00edsticas de brasileiros? Entenda","og_description":"Departamento de Estado norte-americano informou nesta quarta-feira (14) que a emiss\u00e3o da permiss\u00e3o para 75 pa\u00edses ser\u00e1 interrompida, mas a medida foi anunciada de forma pouco clara e gerou d\u00favidas O Departamento de Estado dos Estados Unidos anunciou nesta quarta-feira (14) que est\u00e1\u00a0suspensa a emiss\u00e3o de vistos de imigrante para 75 pa\u00edses, incluindo o Brasil. [&hellip;]","og_url":"https:\/\/www.p31noticias.com.br\/?p=67695","og_site_name":"P31","article_published_time":"2026-01-15T00:54:07+00:00","og_image":[{"width":400,"height":225,"url":"https:\/\/www.p31noticias.com.br\/wp-content\/uploads\/2026\/01\/365522382-passaporte-400x225-1.jpg","type":"image\/jpeg"}],"author":"Gon\u00e7alves Junior","twitter_card":"summary_large_image","twitter_misc":{"Escrito por":"Gon\u00e7alves Junior","Est. tempo de leitura":"3 minutos"},"schema":{"@context":"https:\/\/schema.org","@graph":[{"@type":"Article","@id":"https:\/\/www.p31noticias.com.br\/?p=67695#article","isPartOf":{"@id":"https:\/\/www.p31noticias.com.br\/?p=67695"},"author":{"name":"Gon\u00e7alves Junior","@id":"https:\/\/www.p31noticias.com.br\/#\/schema\/person\/95f2ece30e3b4132065b915150cd0f94"},"headline":"Suspens\u00e3o de visto dos EUA afeta viagens tur\u00edsticas de brasileiros? Entenda","datePublished":"2026-01-15T00:54:07+00:00","mainEntityOfPage":{"@id":"https:\/\/www.p31noticias.com.br\/?p=67695"},"wordCount":616,"commentCount":0,"image":{"@id":"https:\/\/www.p31noticias.com.br\/?p=67695#primaryimage"},"thumbnailUrl":"https:\/\/www.p31noticias.com.br\/wp-content\/uploads\/2026\/01\/365522382-passaporte-400x225-1.jpg","articleSection":["Brasil","Mundo"],"inLanguage":"pt-BR","potentialAction":[{"@type":"CommentAction","name":"Comment","target":["https:\/\/www.p31noticias.com.br\/?p=67695#respond"]}],"copyrightYear":"2026","copyrightHolder":{"@id":"https:\/\/www.p31noticias.com.br\/#organization"}},{"@type":"WebPage","@id":"https:\/\/www.p31noticias.com.br\/?p=67695","url":"https:\/\/www.p31noticias.com.br\/?p=67695","name":"Suspens\u00e3o de visto dos EUA afeta viagens tur\u00edsticas de brasileiros? Entenda - P31","isPartOf":{"@id":"https:\/\/www.p31noticias.com.br\/#website"},"primaryImageOfPage":{"@id":"https:\/\/www.p31noticias.com.br\/?p=67695#primaryimage"},"image":{"@id":"https:\/\/www.p31noticias.com.br\/?p=67695#primaryimage"},"thumbnailUrl":"https:\/\/www.p31noticias.com.br\/wp-content\/uploads\/2026\/01\/365522382-passaporte-400x225-1.jpg","datePublished":"2026-01-15T00:54:07+00:00","author":{"@id":"https:\/\/www.p31noticias.com.br\/#\/schema\/person\/95f2ece30e3b4132065b915150cd0f94"},"breadcrumb":{"@id":"https:\/\/www.p31noticias.com.br\/?p=67695#breadcrumb"},"inLanguage":"pt-BR","potentialAction":[{"@type":"ReadAction","target":["https:\/\/www.p31noticias.com.br\/?p=67695"]}]},{"@type":"ImageObject","inLanguage":"pt-BR","@id":"https:\/\/www.p31noticias.com.br\/?p=67695#primaryimage","url":"https:\/\/www.p31noticias.com.br\/wp-content\/uploads\/2026\/01\/365522382-passaporte-400x225-1.jpg","contentUrl":"https:\/\/www.p31noticias.com.br\/wp-content\/uploads\/2026\/01\/365522382-passaporte-400x225-1.jpg","width":400,"height":225},{"@type":"BreadcrumbList","@id":"https:\/\/www.p31noticias.com.br\/?p=67695#breadcrumb","itemListElement":[{"@type":"ListItem","position":1,"name":"In\u00edcio","item":"https:\/\/www.p31noticias.com.br\/"},{"@type":"ListItem","position":2,"name":"Suspens\u00e3o de visto dos EUA afeta viagens tur\u00edsticas de brasileiros? Entenda"}]},{"@type":"WebSite","@id":"https:\/\/www.p31noticias.com.br\/#website","url":"https:\/\/www.p31noticias.com.br\/","name":"P31","description":"NOT\u00cdCIAS","potentialAction":[{"@type":"SearchAction","target":{"@type":"EntryPoint","urlTemplate":"https:\/\/www.p31noticias.com.br\/?s={search_term_string}"},"query-input":{"@type":"PropertyValueSpecification","valueRequired":true,"valueName":"search_term_string"}}],"inLanguage":"pt-BR"},{"@type":"Person","@id":"https:\/\/www.p31noticias.com.br\/#\/schema\/person\/95f2ece30e3b4132065b915150cd0f94","name":"Gon\u00e7alves Junior","image":{"@type":"ImageObject","inLanguage":"pt-BR","@id":"https:\/\/secure.gravatar.com\/avatar\/6711f350116a89762687a48d66f723c799e5438a5b7578508d4294cd7a5d0800?s=96&d=mm&r=g","url":"https:\/\/secure.gravatar.com\/avatar\/6711f350116a89762687a48d66f723c799e5438a5b7578508d4294cd7a5d0800?s=96&d=mm&r=g","contentUrl":"https:\/\/secure.gravatar.com\/avatar\/6711f350116a89762687a48d66f723c799e5438a5b7578508d4294cd7a5d0800?s=96&d=mm&r=g","caption":"Gon\u00e7alves Junior"},"url":"https:\/\/www.p31noticias.com.br\/?author=2"}]}},"amp_enabled":true,"_links":{"self":[{"href":"https:\/\/www.p31noticias.com.br\/index.php?rest_route=\/wp\/v2\/posts\/67695","targetHints":{"allow":["GET"]}}],"collection":[{"href":"https:\/\/www.p31noticias.com.br\/index.php?rest_route=\/wp\/v2\/posts"}],"about":[{"href":"https:\/\/www.p31noticias.com.br\/index.php?rest_route=\/wp\/v2\/types\/post"}],"author":[{"embeddable":true,"href":"https:\/\/www.p31noticias.com.br\/index.php?rest_route=\/wp\/v2\/users\/2"}],"replies":[{"embeddable":true,"href":"https:\/\/www.p31noticias.com.br\/index.php?rest_route=%2Fwp%2Fv2%2Fcomments&post=67695"}],"version-history":[{"count":1,"href":"https:\/\/www.p31noticias.com.br\/index.php?rest_route=\/wp\/v2\/posts\/67695\/revisions"}],"predecessor-version":[{"id":67697,"href":"https:\/\/www.p31noticias.com.br\/index.php?rest_route=\/wp\/v2\/posts\/67695\/revisions\/67697"}],"wp:featuredmedia":[{"embeddable":true,"href":"https:\/\/www.p31noticias.com.br\/index.php?rest_route=\/wp\/v2\/media\/67696"}],"wp:attachment":[{"href":"https:\/\/www.p31noticias.com.br\/index.php?rest_route=%2Fwp%2Fv2%2Fmedia&parent=67695"}],"wp:term":[{"taxonomy":"category","embeddable":true,"href":"https:\/\/www.p31noticias.com.br\/index.php?rest_route=%2Fwp%2Fv2%2Fcategories&post=67695"},{"taxonomy":"post_tag","embeddable":true,"href":"https:\/\/www.p31noticias.com.br\/index.php?rest_route=%2Fwp%2Fv2%2Ftags&post=67695"}],"curies":[{"name":"wp","href":"https:\/\/api.w.org\/{rel}","templated":true}]}}