{"id":67692,"date":"2026-01-13T23:26:38","date_gmt":"2026-01-14T02:26:38","guid":{"rendered":"https:\/\/www.p31noticias.com.br\/?p=67692"},"modified":"2026-01-13T23:26:38","modified_gmt":"2026-01-14T02:26:38","slug":"curso-gratuito-forma-sindicos-no-guara-e-abre-200-vagas-para-capacitacao-em-gestao-condominial","status":"publish","type":"post","link":"https:\/\/www.p31noticias.com.br\/?p=67692","title":{"rendered":"Curso gratuito forma s\u00edndicos no Guar\u00e1 e abre 200 vagas para capacita\u00e7\u00e3o em gest\u00e3o condominial"},"content":{"rendered":"<p style=\"text-align: justify;\"><em><strong>Administra\u00e7\u00e3o regional oferece a forma\u00e7\u00e3o entre os dias 26 e 30 deste m\u00eas, com aulas noturnas, certificado e foco pr\u00e1tico para elei\u00e7\u00f5es, reelei\u00e7\u00f5es e rotina dos condom\u00ednios<\/strong><\/em><\/p>\n<p dir=\"ltr\" style=\"text-align: justify;\">A Administra\u00e7\u00e3o Regional do Guar\u00e1 est\u00e1 com inscri\u00e7\u00f5es abertas para o 4\u00ba Curso de Forma\u00e7\u00e3o de S\u00edndico para Gest\u00e3o Condominial. A capacita\u00e7\u00e3o ser\u00e1 realizada entre os dias 26 e 30 deste m\u00eas, no per\u00edodo noturno, das 19h \u00e0s 22h, no audit\u00f3rio da administra\u00e7\u00e3o, no Guar\u00e1 II. A proposta \u00e9 preparar os participantes para assembleias de elei\u00e7\u00e3o e reelei\u00e7\u00e3o, al\u00e9m de abordar temas pr\u00e1ticos do dia a dia dos condom\u00ednios, como presta\u00e7\u00e3o de contas, tomada de decis\u00f5es, administra\u00e7\u00e3o, direito, contabilidade, engenharia e rela\u00e7\u00f5es humanas. Ao todo, s\u00e3o oferecidas 200 vagas gratuitas.<\/p>\n<p dir=\"ltr\" style=\"text-align: justify;\">O curso \u00e9 voltado para s\u00edndicos, subs\u00edndicos, conselheiros e moradores interessados em atuar na gest\u00e3o condominial. A forma\u00e7\u00e3o ter\u00e1 carga hor\u00e1ria de 40 horas\/aula e ser\u00e1 ministrada por cerca de 15 professores com atua\u00e7\u00e3o profissional em Bras\u00edlia. Ao final, os participantes receber\u00e3o certificado.<\/p>\n<p dir=\"ltr\" style=\"text-align: justify;\">O intuito da iniciativa \u00e9 atender a uma demanda crescente no Distrito Federal, que concentra cerca de 17 mil condom\u00ednios e registra a entrega constante de novos empreendimentos. A expectativa \u00e9 de que o curso contribua para a profissionaliza\u00e7\u00e3o da gest\u00e3o e para a melhoria da conviv\u00eancia entre moradores. \u201cEsse curso integra o programa Escola da Comunidade e refor\u00e7a nosso compromisso de levar capacita\u00e7\u00e3o pr\u00e1tica e de qualidade para quem atua diretamente na gest\u00e3o dos condom\u00ednios da nossa cidade\u201d, observou o administrador regional do Guar\u00e1, Arthur Nogueira.<\/p>\n<p dir=\"ltr\" style=\"text-align: justify;\"><em><strong>Ag\u00eancia Brasilia<\/strong><\/em><\/p>\n","protected":false},"excerpt":{"rendered":"<p>Administra\u00e7\u00e3o regional oferece a forma\u00e7\u00e3o entre os dias 26 e 30 deste m\u00eas, com aulas noturnas, certificado e foco pr\u00e1tico para elei\u00e7\u00f5es, reelei\u00e7\u00f5es e rotina dos condom\u00ednios A Administra\u00e7\u00e3o Regional do Guar\u00e1 est\u00e1 com inscri\u00e7\u00f5es abertas para o 4\u00ba Curso de Forma\u00e7\u00e3o de S\u00edndico para Gest\u00e3o Condominial. A capacita\u00e7\u00e3o ser\u00e1 realizada entre os dias 26 [&hellip;]<\/p>\n","protected":false},"author":2,"featured_media":67693,"comment_status":"open","ping_status":"closed","sticky":false,"template":"","format":"standard","meta":{"footnotes":""},"categories":[21,3320],"tags":[],"class_list":{"0":"post-67692","1":"post","2":"type-post","3":"status-publish","4":"format-standard","5":"has-post-thumbnail","7":"category-brasilia","8":"category-emprego"},"yoast_head":"<!-- This site is optimized with the Yoast SEO Premium plugin v24.5 (Yoast SEO v27.5) - https:\/\/yoast.com\/product\/yoast-seo-premium-wordpress\/ -->\n<title>Curso gratuito forma s\u00edndicos no Guar\u00e1 e abre 200 vagas para capacita\u00e7\u00e3o em gest\u00e3o condominial - P31<\/title>\n<meta name=\"robots\" content=\"index, follow, max-snippet:-1, max-image-preview:large, max-video-preview:-1\" \/>\n<link rel=\"canonical\" href=\"https:\/\/www.p31noticias.com.br\/?p=67692\" \/>\n<meta property=\"og:locale\" content=\"pt_BR\" \/>\n<meta property=\"og:type\" content=\"article\" \/>\n<meta property=\"og:title\" content=\"Curso gratuito forma s\u00edndicos no Guar\u00e1 e abre 200 vagas para capacita\u00e7\u00e3o em gest\u00e3o condominial\" \/>\n<meta property=\"og:description\" content=\"Administra\u00e7\u00e3o regional oferece a forma\u00e7\u00e3o entre os dias 26 e 30 deste m\u00eas, com aulas noturnas, certificado e foco pr\u00e1tico para elei\u00e7\u00f5es, reelei\u00e7\u00f5es e rotina dos condom\u00ednios A Administra\u00e7\u00e3o Regional do Guar\u00e1 est\u00e1 com inscri\u00e7\u00f5es abertas para o 4\u00ba Curso de Forma\u00e7\u00e3o de S\u00edndico para Gest\u00e3o Condominial. A capacita\u00e7\u00e3o ser\u00e1 realizada entre os dias 26 [&hellip;]\" \/>\n<meta property=\"og:url\" content=\"https:\/\/www.p31noticias.com.br\/?p=67692\" \/>\n<meta property=\"og:site_name\" content=\"P31\" \/>\n<meta property=\"article:published_time\" content=\"2026-01-14T02:26:38+00:00\" \/>\n<meta property=\"og:image\" content=\"https:\/\/www.p31noticias.com.br\/wp-content\/uploads\/2026\/01\/Foto-Divulgacao.jpeg\" \/>\n\t<meta property=\"og:image:width\" content=\"832\" \/>\n\t<meta property=\"og:image:height\" content=\"555\" \/>\n\t<meta property=\"og:image:type\" content=\"image\/jpeg\" \/>\n<meta name=\"author\" content=\"Gon\u00e7alves Junior\" \/>\n<meta name=\"twitter:card\" content=\"summary_large_image\" \/>\n<meta name=\"twitter:label1\" content=\"Escrito por\" \/>\n\t<meta name=\"twitter:data1\" content=\"Gon\u00e7alves Junior\" \/>\n\t<meta name=\"twitter:label2\" content=\"Est. tempo de leitura\" \/>\n\t<meta name=\"twitter:data2\" content=\"2 minutos\" \/>\n<script type=\"application\/ld+json\" class=\"yoast-schema-graph\">{\"@context\":\"https:\\\/\\\/schema.org\",\"@graph\":[{\"@type\":\"Article\",\"@id\":\"https:\\\/\\\/www.p31noticias.com.br\\\/?p=67692#article\",\"isPartOf\":{\"@id\":\"https:\\\/\\\/www.p31noticias.com.br\\\/?p=67692\"},\"author\":{\"name\":\"Gon\u00e7alves Junior\",\"@id\":\"https:\\\/\\\/www.p31noticias.com.br\\\/#\\\/schema\\\/person\\\/95f2ece30e3b4132065b915150cd0f94\"},\"headline\":\"Curso gratuito forma s\u00edndicos no Guar\u00e1 e abre 200 vagas para capacita\u00e7\u00e3o em gest\u00e3o condominial\",\"datePublished\":\"2026-01-14T02:26:38+00:00\",\"mainEntityOfPage\":{\"@id\":\"https:\\\/\\\/www.p31noticias.com.br\\\/?p=67692\"},\"wordCount\":299,\"commentCount\":0,\"image\":{\"@id\":\"https:\\\/\\\/www.p31noticias.com.br\\\/?p=67692#primaryimage\"},\"thumbnailUrl\":\"https:\\\/\\\/www.p31noticias.com.br\\\/wp-content\\\/uploads\\\/2026\\\/01\\\/Foto-Divulgacao.jpeg\",\"articleSection\":[\"Bras\u00edlia\",\"Emprego\"],\"inLanguage\":\"pt-BR\",\"potentialAction\":[{\"@type\":\"CommentAction\",\"name\":\"Comment\",\"target\":[\"https:\\\/\\\/www.p31noticias.com.br\\\/?p=67692#respond\"]}],\"copyrightYear\":\"2026\",\"copyrightHolder\":{\"@id\":\"https:\\\/\\\/www.p31noticias.com.br\\\/#organization\"}},{\"@type\":\"WebPage\",\"@id\":\"https:\\\/\\\/www.p31noticias.com.br\\\/?p=67692\",\"url\":\"https:\\\/\\\/www.p31noticias.com.br\\\/?p=67692\",\"name\":\"Curso gratuito forma s\u00edndicos no Guar\u00e1 e abre 200 vagas para capacita\u00e7\u00e3o em gest\u00e3o condominial - P31\",\"isPartOf\":{\"@id\":\"https:\\\/\\\/www.p31noticias.com.br\\\/#website\"},\"primaryImageOfPage\":{\"@id\":\"https:\\\/\\\/www.p31noticias.com.br\\\/?p=67692#primaryimage\"},\"image\":{\"@id\":\"https:\\\/\\\/www.p31noticias.com.br\\\/?p=67692#primaryimage\"},\"thumbnailUrl\":\"https:\\\/\\\/www.p31noticias.com.br\\\/wp-content\\\/uploads\\\/2026\\\/01\\\/Foto-Divulgacao.jpeg\",\"datePublished\":\"2026-01-14T02:26:38+00:00\",\"author\":{\"@id\":\"https:\\\/\\\/www.p31noticias.com.br\\\/#\\\/schema\\\/person\\\/95f2ece30e3b4132065b915150cd0f94\"},\"breadcrumb\":{\"@id\":\"https:\\\/\\\/www.p31noticias.com.br\\\/?p=67692#breadcrumb\"},\"inLanguage\":\"pt-BR\",\"potentialAction\":[{\"@type\":\"ReadAction\",\"target\":[\"https:\\\/\\\/www.p31noticias.com.br\\\/?p=67692\"]}]},{\"@type\":\"ImageObject\",\"inLanguage\":\"pt-BR\",\"@id\":\"https:\\\/\\\/www.p31noticias.com.br\\\/?p=67692#primaryimage\",\"url\":\"https:\\\/\\\/www.p31noticias.com.br\\\/wp-content\\\/uploads\\\/2026\\\/01\\\/Foto-Divulgacao.jpeg\",\"contentUrl\":\"https:\\\/\\\/www.p31noticias.com.br\\\/wp-content\\\/uploads\\\/2026\\\/01\\\/Foto-Divulgacao.jpeg\",\"width\":832,\"height\":555},{\"@type\":\"BreadcrumbList\",\"@id\":\"https:\\\/\\\/www.p31noticias.com.br\\\/?p=67692#breadcrumb\",\"itemListElement\":[{\"@type\":\"ListItem\",\"position\":1,\"name\":\"In\u00edcio\",\"item\":\"https:\\\/\\\/www.p31noticias.com.br\\\/\"},{\"@type\":\"ListItem\",\"position\":2,\"name\":\"Curso gratuito forma s\u00edndicos no Guar\u00e1 e abre 200 vagas para capacita\u00e7\u00e3o em gest\u00e3o condominial\"}]},{\"@type\":\"WebSite\",\"@id\":\"https:\\\/\\\/www.p31noticias.com.br\\\/#website\",\"url\":\"https:\\\/\\\/www.p31noticias.com.br\\\/\",\"name\":\"P31\",\"description\":\"NOT\u00cdCIAS\",\"potentialAction\":[{\"@type\":\"SearchAction\",\"target\":{\"@type\":\"EntryPoint\",\"urlTemplate\":\"https:\\\/\\\/www.p31noticias.com.br\\\/?s={search_term_string}\"},\"query-input\":{\"@type\":\"PropertyValueSpecification\",\"valueRequired\":true,\"valueName\":\"search_term_string\"}}],\"inLanguage\":\"pt-BR\"},{\"@type\":\"Person\",\"@id\":\"https:\\\/\\\/www.p31noticias.com.br\\\/#\\\/schema\\\/person\\\/95f2ece30e3b4132065b915150cd0f94\",\"name\":\"Gon\u00e7alves Junior\",\"image\":{\"@type\":\"ImageObject\",\"inLanguage\":\"pt-BR\",\"@id\":\"https:\\\/\\\/secure.gravatar.com\\\/avatar\\\/6711f350116a89762687a48d66f723c799e5438a5b7578508d4294cd7a5d0800?s=96&d=mm&r=g\",\"url\":\"https:\\\/\\\/secure.gravatar.com\\\/avatar\\\/6711f350116a89762687a48d66f723c799e5438a5b7578508d4294cd7a5d0800?s=96&d=mm&r=g\",\"contentUrl\":\"https:\\\/\\\/secure.gravatar.com\\\/avatar\\\/6711f350116a89762687a48d66f723c799e5438a5b7578508d4294cd7a5d0800?s=96&d=mm&r=g\",\"caption\":\"Gon\u00e7alves Junior\"},\"url\":\"https:\\\/\\\/www.p31noticias.com.br\\\/?author=2\"}]}<\/script>\n<!-- \/ Yoast SEO Premium plugin. -->","yoast_head_json":{"title":"Curso gratuito forma s\u00edndicos no Guar\u00e1 e abre 200 vagas para capacita\u00e7\u00e3o em gest\u00e3o condominial - P31","robots":{"index":"index","follow":"follow","max-snippet":"max-snippet:-1","max-image-preview":"max-image-preview:large","max-video-preview":"max-video-preview:-1"},"canonical":"https:\/\/www.p31noticias.com.br\/?p=67692","og_locale":"pt_BR","og_type":"article","og_title":"Curso gratuito forma s\u00edndicos no Guar\u00e1 e abre 200 vagas para capacita\u00e7\u00e3o em gest\u00e3o condominial","og_description":"Administra\u00e7\u00e3o regional oferece a forma\u00e7\u00e3o entre os dias 26 e 30 deste m\u00eas, com aulas noturnas, certificado e foco pr\u00e1tico para elei\u00e7\u00f5es, reelei\u00e7\u00f5es e rotina dos condom\u00ednios A Administra\u00e7\u00e3o Regional do Guar\u00e1 est\u00e1 com inscri\u00e7\u00f5es abertas para o 4\u00ba Curso de Forma\u00e7\u00e3o de S\u00edndico para Gest\u00e3o Condominial. A capacita\u00e7\u00e3o ser\u00e1 realizada entre os dias 26 [&hellip;]","og_url":"https:\/\/www.p31noticias.com.br\/?p=67692","og_site_name":"P31","article_published_time":"2026-01-14T02:26:38+00:00","og_image":[{"width":832,"height":555,"url":"https:\/\/www.p31noticias.com.br\/wp-content\/uploads\/2026\/01\/Foto-Divulgacao.jpeg","type":"image\/jpeg"}],"author":"Gon\u00e7alves Junior","twitter_card":"summary_large_image","twitter_misc":{"Escrito por":"Gon\u00e7alves Junior","Est. tempo de leitura":"2 minutos"},"schema":{"@context":"https:\/\/schema.org","@graph":[{"@type":"Article","@id":"https:\/\/www.p31noticias.com.br\/?p=67692#article","isPartOf":{"@id":"https:\/\/www.p31noticias.com.br\/?p=67692"},"author":{"name":"Gon\u00e7alves Junior","@id":"https:\/\/www.p31noticias.com.br\/#\/schema\/person\/95f2ece30e3b4132065b915150cd0f94"},"headline":"Curso gratuito forma s\u00edndicos no Guar\u00e1 e abre 200 vagas para capacita\u00e7\u00e3o em gest\u00e3o condominial","datePublished":"2026-01-14T02:26:38+00:00","mainEntityOfPage":{"@id":"https:\/\/www.p31noticias.com.br\/?p=67692"},"wordCount":299,"commentCount":0,"image":{"@id":"https:\/\/www.p31noticias.com.br\/?p=67692#primaryimage"},"thumbnailUrl":"https:\/\/www.p31noticias.com.br\/wp-content\/uploads\/2026\/01\/Foto-Divulgacao.jpeg","articleSection":["Bras\u00edlia","Emprego"],"inLanguage":"pt-BR","potentialAction":[{"@type":"CommentAction","name":"Comment","target":["https:\/\/www.p31noticias.com.br\/?p=67692#respond"]}],"copyrightYear":"2026","copyrightHolder":{"@id":"https:\/\/www.p31noticias.com.br\/#organization"}},{"@type":"WebPage","@id":"https:\/\/www.p31noticias.com.br\/?p=67692","url":"https:\/\/www.p31noticias.com.br\/?p=67692","name":"Curso gratuito forma s\u00edndicos no Guar\u00e1 e abre 200 vagas para capacita\u00e7\u00e3o em gest\u00e3o condominial - P31","isPartOf":{"@id":"https:\/\/www.p31noticias.com.br\/#website"},"primaryImageOfPage":{"@id":"https:\/\/www.p31noticias.com.br\/?p=67692#primaryimage"},"image":{"@id":"https:\/\/www.p31noticias.com.br\/?p=67692#primaryimage"},"thumbnailUrl":"https:\/\/www.p31noticias.com.br\/wp-content\/uploads\/2026\/01\/Foto-Divulgacao.jpeg","datePublished":"2026-01-14T02:26:38+00:00","author":{"@id":"https:\/\/www.p31noticias.com.br\/#\/schema\/person\/95f2ece30e3b4132065b915150cd0f94"},"breadcrumb":{"@id":"https:\/\/www.p31noticias.com.br\/?p=67692#breadcrumb"},"inLanguage":"pt-BR","potentialAction":[{"@type":"ReadAction","target":["https:\/\/www.p31noticias.com.br\/?p=67692"]}]},{"@type":"ImageObject","inLanguage":"pt-BR","@id":"https:\/\/www.p31noticias.com.br\/?p=67692#primaryimage","url":"https:\/\/www.p31noticias.com.br\/wp-content\/uploads\/2026\/01\/Foto-Divulgacao.jpeg","contentUrl":"https:\/\/www.p31noticias.com.br\/wp-content\/uploads\/2026\/01\/Foto-Divulgacao.jpeg","width":832,"height":555},{"@type":"BreadcrumbList","@id":"https:\/\/www.p31noticias.com.br\/?p=67692#breadcrumb","itemListElement":[{"@type":"ListItem","position":1,"name":"In\u00edcio","item":"https:\/\/www.p31noticias.com.br\/"},{"@type":"ListItem","position":2,"name":"Curso gratuito forma s\u00edndicos no Guar\u00e1 e abre 200 vagas para capacita\u00e7\u00e3o em gest\u00e3o condominial"}]},{"@type":"WebSite","@id":"https:\/\/www.p31noticias.com.br\/#website","url":"https:\/\/www.p31noticias.com.br\/","name":"P31","description":"NOT\u00cdCIAS","potentialAction":[{"@type":"SearchAction","target":{"@type":"EntryPoint","urlTemplate":"https:\/\/www.p31noticias.com.br\/?s={search_term_string}"},"query-input":{"@type":"PropertyValueSpecification","valueRequired":true,"valueName":"search_term_string"}}],"inLanguage":"pt-BR"},{"@type":"Person","@id":"https:\/\/www.p31noticias.com.br\/#\/schema\/person\/95f2ece30e3b4132065b915150cd0f94","name":"Gon\u00e7alves Junior","image":{"@type":"ImageObject","inLanguage":"pt-BR","@id":"https:\/\/secure.gravatar.com\/avatar\/6711f350116a89762687a48d66f723c799e5438a5b7578508d4294cd7a5d0800?s=96&d=mm&r=g","url":"https:\/\/secure.gravatar.com\/avatar\/6711f350116a89762687a48d66f723c799e5438a5b7578508d4294cd7a5d0800?s=96&d=mm&r=g","contentUrl":"https:\/\/secure.gravatar.com\/avatar\/6711f350116a89762687a48d66f723c799e5438a5b7578508d4294cd7a5d0800?s=96&d=mm&r=g","caption":"Gon\u00e7alves Junior"},"url":"https:\/\/www.p31noticias.com.br\/?author=2"}]}},"amp_enabled":true,"_links":{"self":[{"href":"https:\/\/www.p31noticias.com.br\/index.php?rest_route=\/wp\/v2\/posts\/67692","targetHints":{"allow":["GET"]}}],"collection":[{"href":"https:\/\/www.p31noticias.com.br\/index.php?rest_route=\/wp\/v2\/posts"}],"about":[{"href":"https:\/\/www.p31noticias.com.br\/index.php?rest_route=\/wp\/v2\/types\/post"}],"author":[{"embeddable":true,"href":"https:\/\/www.p31noticias.com.br\/index.php?rest_route=\/wp\/v2\/users\/2"}],"replies":[{"embeddable":true,"href":"https:\/\/www.p31noticias.com.br\/index.php?rest_route=%2Fwp%2Fv2%2Fcomments&post=67692"}],"version-history":[{"count":1,"href":"https:\/\/www.p31noticias.com.br\/index.php?rest_route=\/wp\/v2\/posts\/67692\/revisions"}],"predecessor-version":[{"id":67694,"href":"https:\/\/www.p31noticias.com.br\/index.php?rest_route=\/wp\/v2\/posts\/67692\/revisions\/67694"}],"wp:featuredmedia":[{"embeddable":true,"href":"https:\/\/www.p31noticias.com.br\/index.php?rest_route=\/wp\/v2\/media\/67693"}],"wp:attachment":[{"href":"https:\/\/www.p31noticias.com.br\/index.php?rest_route=%2Fwp%2Fv2%2Fmedia&parent=67692"}],"wp:term":[{"taxonomy":"category","embeddable":true,"href":"https:\/\/www.p31noticias.com.br\/index.php?rest_route=%2Fwp%2Fv2%2Fcategories&post=67692"},{"taxonomy":"post_tag","embeddable":true,"href":"https:\/\/www.p31noticias.com.br\/index.php?rest_route=%2Fwp%2Fv2%2Ftags&post=67692"}],"curies":[{"name":"wp","href":"https:\/\/api.w.org\/{rel}","templated":true}]}}