{"id":67675,"date":"2026-01-13T00:53:02","date_gmt":"2026-01-13T03:53:02","guid":{"rendered":"https:\/\/www.p31noticias.com.br\/?p=67675"},"modified":"2026-01-13T00:53:02","modified_gmt":"2026-01-13T03:53:02","slug":"programa-de-pos-graduacao-em-ciencias-para-a-saude-da-esp-df-e-nota-5-em-avaliacao-da-capes","status":"publish","type":"post","link":"https:\/\/www.p31noticias.com.br\/?p=67675","title":{"rendered":"Programa de P\u00f3s-Gradua\u00e7\u00e3o em Ci\u00eancias para a Sa\u00fade da ESP\/DF \u00e9 nota 5 em avalia\u00e7\u00e3o da Capes"},"content":{"rendered":"<p style=\"text-align: justify;\"><em><strong>Programa subiu de nota na mais recente avalia\u00e7\u00e3o<\/strong><\/em><\/p>\n<p style=\"text-align: justify;\">O Programa de P\u00f3s-Gradua\u00e7\u00e3o em Ci\u00eancias para a Sa\u00fade da Escola de Sa\u00fade P\u00fablica do Distrito Federal (ESP\/DF) conquistou nota 5 na mais recente avalia\u00e7\u00e3o da Coordena\u00e7\u00e3o de Aperfei\u00e7oamento de Pessoal de N\u00edvel Superior (Capes), referente ao quadri\u00eanio 2021\u20132024. O resultado representa um avan\u00e7o significativo e posiciona o curso entre os programas de excel\u00eancia acad\u00eamica no pa\u00eds.<\/p>\n<p style=\"text-align: justify;\">O reconhecimento do programa, criado em 2012 na Funda\u00e7\u00e3o de Ensino e Pesquisa em Ci\u00eancias da Sa\u00fade (Fepecs) e migrado para a ESP\/DF em 2025, foi uma conquista obtida por meio do esfor\u00e7o cont\u00ednuo dos docentes, estudantes e colaboradores nos trabalhos em prol da produ\u00e7\u00e3o de conhecimento cient\u00edfico e do ensino de qualidade.<\/p>\n<p style=\"text-align: justify;\"><img decoding=\"async\" src=\"https:\/\/agenciabrasilia.df.gov.br\/documents\/d\/guest\/whatsapp-image-2026-01-12-at-16-45-59-jpeg\" \/><\/p>\n<div class=\"assinatura d-flex\" style=\"text-align: justify;\"><\/div>\n<div>\n<p style=\"text-align: justify;\">\u201cEssa avalia\u00e7\u00e3o ocorre a cada quatro anos e se baseia em um relat\u00f3rio detalhado que re\u00fane informa\u00e7\u00f5es sobre as atividades do programa, a produ\u00e7\u00e3o cient\u00edfica de docentes, discentes e egressos, al\u00e9m de outros indicadores de qualidade\u201d, explica o coordenador de Cursos de P\u00f3s-Gradua\u00e7\u00e3o Stricto Sensu da ESP\/DF, Levy Santana.<\/p>\n<p style=\"text-align: justify;\">Para a professora e coordenadora do Programa de P\u00f3s-gradua\u00e7\u00e3o em Ci\u00eancias para a Sa\u00fade, Leila G\u00f6ttems, \u201co resultado da avalia\u00e7\u00e3o da Capes com o aumento da nota de 4 para 5, em um programa profissional, representa na pr\u00e1tica, que atingimos um novo patamar de maturidade e excel\u00eancia. \u00c9 o reconhecimento oficial de que nossa produ\u00e7\u00e3o cient\u00edfica e tecnol\u00f3gica e a forma\u00e7\u00e3o dos nossos estudantes est\u00e3o entre as melhores do Brasil\u201d.<\/p>\n<p style=\"text-align: justify;\"><strong>Sobre o programa<\/strong><\/p>\n<p style=\"text-align: justify;\">Vinculado \u00e0 \u00e1rea de conhecimento de Enfermagem da Capes, o Programa de P\u00f3s-Gradua\u00e7\u00e3o em Ci\u00eancias para a Sa\u00fade foi criado em 2012, inicialmente ligado \u00e0 Fepecs. Atualmente, o programa oferta o Mestrado Profissional em Ci\u00eancias para a Sa\u00fade, tendo formado mais de 160 profissionais ao longo de sua trajet\u00f3ria.<\/p>\n<p style=\"text-align: justify;\">Em 2025, foi implementado o curso de doutorado profissional, tornando a ESP\/DF a primeira institui\u00e7\u00e3o de ensino vinculada ao Governo do Distrito Federal (GDF) a oferecer forma\u00e7\u00e3o nessa modalidade. No processo seletivo mais recente, realizado em agosto de 2025, ingressaram oito novos doutorandos e 26 novos mestrandos.<\/p>\n<p style=\"text-align: justify;\">Com car\u00e1ter multiprofissional, o programa tem se destacado pela produ\u00e7\u00e3o de trabalhos que contribuem diretamente para a solu\u00e7\u00f5es de problemas previamente identificados nos servi\u00e7os de sa\u00fade nos aspectos gerenciais, do cuidado e da vigil\u00e2ncia. Desta forma, contribui direta e indiretamente na melhoria do cuidado que o SUS oferta \u00e0 popula\u00e7\u00e3o do Distrito Federal e Regi\u00e3o.<\/p>\n<p style=\"text-align: justify;\"><strong><em>Com informa\u00e7\u00f5es da Fepecs<\/em><\/strong><\/p>\n<\/div>\n","protected":false},"excerpt":{"rendered":"<p>Programa subiu de nota na mais recente avalia\u00e7\u00e3o O Programa de P\u00f3s-Gradua\u00e7\u00e3o em Ci\u00eancias para a Sa\u00fade da Escola de Sa\u00fade P\u00fablica do Distrito Federal (ESP\/DF) conquistou nota 5 na mais recente avalia\u00e7\u00e3o da Coordena\u00e7\u00e3o de Aperfei\u00e7oamento de Pessoal de N\u00edvel Superior (Capes), referente ao quadri\u00eanio 2021\u20132024. O resultado representa um avan\u00e7o significativo e posiciona [&hellip;]<\/p>\n","protected":false},"author":2,"featured_media":67676,"comment_status":"open","ping_status":"closed","sticky":false,"template":"","format":"standard","meta":{"footnotes":""},"categories":[21,57,124],"tags":[],"class_list":{"0":"post-67675","1":"post","2":"type-post","3":"status-publish","4":"format-standard","5":"has-post-thumbnail","7":"category-brasilia","8":"category-politica","9":"category-saude"},"yoast_head":"<!-- This site is optimized with the Yoast SEO Premium plugin v24.5 (Yoast SEO v27.5) - https:\/\/yoast.com\/product\/yoast-seo-premium-wordpress\/ -->\n<title>Programa de P\u00f3s-Gradua\u00e7\u00e3o em Ci\u00eancias para a Sa\u00fade da ESP\/DF \u00e9 nota 5 em avalia\u00e7\u00e3o da Capes - P31<\/title>\n<meta name=\"robots\" content=\"index, follow, max-snippet:-1, max-image-preview:large, max-video-preview:-1\" \/>\n<link rel=\"canonical\" href=\"https:\/\/www.p31noticias.com.br\/?p=67675\" \/>\n<meta property=\"og:locale\" content=\"pt_BR\" \/>\n<meta property=\"og:type\" content=\"article\" \/>\n<meta property=\"og:title\" content=\"Programa de P\u00f3s-Gradua\u00e7\u00e3o em Ci\u00eancias para a Sa\u00fade da ESP\/DF \u00e9 nota 5 em avalia\u00e7\u00e3o da Capes\" \/>\n<meta property=\"og:description\" content=\"Programa subiu de nota na mais recente avalia\u00e7\u00e3o O Programa de P\u00f3s-Gradua\u00e7\u00e3o em Ci\u00eancias para a Sa\u00fade da Escola de Sa\u00fade P\u00fablica do Distrito Federal (ESP\/DF) conquistou nota 5 na mais recente avalia\u00e7\u00e3o da Coordena\u00e7\u00e3o de Aperfei\u00e7oamento de Pessoal de N\u00edvel Superior (Capes), referente ao quadri\u00eanio 2021\u20132024. O resultado representa um avan\u00e7o significativo e posiciona [&hellip;]\" \/>\n<meta property=\"og:url\" content=\"https:\/\/www.p31noticias.com.br\/?p=67675\" \/>\n<meta property=\"og:site_name\" content=\"P31\" \/>\n<meta property=\"article:published_time\" content=\"2026-01-13T03:53:02+00:00\" \/>\n<meta property=\"og:image\" content=\"https:\/\/www.p31noticias.com.br\/wp-content\/uploads\/2026\/01\/WhatsApp-Image-2026-01-12-at-16.45.59-scaled.jpeg\" \/>\n\t<meta property=\"og:image:width\" content=\"2560\" \/>\n\t<meta property=\"og:image:height\" content=\"1920\" \/>\n\t<meta property=\"og:image:type\" content=\"image\/jpeg\" \/>\n<meta name=\"author\" content=\"Gon\u00e7alves Junior\" \/>\n<meta name=\"twitter:card\" content=\"summary_large_image\" \/>\n<meta name=\"twitter:label1\" content=\"Escrito por\" \/>\n\t<meta name=\"twitter:data1\" content=\"Gon\u00e7alves Junior\" \/>\n\t<meta name=\"twitter:label2\" content=\"Est. tempo de leitura\" \/>\n\t<meta name=\"twitter:data2\" content=\"3 minutos\" \/>\n<script type=\"application\/ld+json\" class=\"yoast-schema-graph\">{\"@context\":\"https:\\\/\\\/schema.org\",\"@graph\":[{\"@type\":\"Article\",\"@id\":\"https:\\\/\\\/www.p31noticias.com.br\\\/?p=67675#article\",\"isPartOf\":{\"@id\":\"https:\\\/\\\/www.p31noticias.com.br\\\/?p=67675\"},\"author\":{\"name\":\"Gon\u00e7alves Junior\",\"@id\":\"https:\\\/\\\/www.p31noticias.com.br\\\/#\\\/schema\\\/person\\\/95f2ece30e3b4132065b915150cd0f94\"},\"headline\":\"Programa de P\u00f3s-Gradua\u00e7\u00e3o em Ci\u00eancias para a Sa\u00fade da ESP\\\/DF \u00e9 nota 5 em avalia\u00e7\u00e3o da Capes\",\"datePublished\":\"2026-01-13T03:53:02+00:00\",\"mainEntityOfPage\":{\"@id\":\"https:\\\/\\\/www.p31noticias.com.br\\\/?p=67675\"},\"wordCount\":468,\"commentCount\":0,\"image\":{\"@id\":\"https:\\\/\\\/www.p31noticias.com.br\\\/?p=67675#primaryimage\"},\"thumbnailUrl\":\"https:\\\/\\\/www.p31noticias.com.br\\\/wp-content\\\/uploads\\\/2026\\\/01\\\/WhatsApp-Image-2026-01-12-at-16.45.59-scaled.jpeg\",\"articleSection\":[\"Bras\u00edlia\",\"Pol\u00edtica\",\"Sa\u00fade\"],\"inLanguage\":\"pt-BR\",\"potentialAction\":[{\"@type\":\"CommentAction\",\"name\":\"Comment\",\"target\":[\"https:\\\/\\\/www.p31noticias.com.br\\\/?p=67675#respond\"]}],\"copyrightYear\":\"2026\",\"copyrightHolder\":{\"@id\":\"https:\\\/\\\/www.p31noticias.com.br\\\/#organization\"}},{\"@type\":\"WebPage\",\"@id\":\"https:\\\/\\\/www.p31noticias.com.br\\\/?p=67675\",\"url\":\"https:\\\/\\\/www.p31noticias.com.br\\\/?p=67675\",\"name\":\"Programa de P\u00f3s-Gradua\u00e7\u00e3o em Ci\u00eancias para a Sa\u00fade da ESP\\\/DF \u00e9 nota 5 em avalia\u00e7\u00e3o da Capes - P31\",\"isPartOf\":{\"@id\":\"https:\\\/\\\/www.p31noticias.com.br\\\/#website\"},\"primaryImageOfPage\":{\"@id\":\"https:\\\/\\\/www.p31noticias.com.br\\\/?p=67675#primaryimage\"},\"image\":{\"@id\":\"https:\\\/\\\/www.p31noticias.com.br\\\/?p=67675#primaryimage\"},\"thumbnailUrl\":\"https:\\\/\\\/www.p31noticias.com.br\\\/wp-content\\\/uploads\\\/2026\\\/01\\\/WhatsApp-Image-2026-01-12-at-16.45.59-scaled.jpeg\",\"datePublished\":\"2026-01-13T03:53:02+00:00\",\"author\":{\"@id\":\"https:\\\/\\\/www.p31noticias.com.br\\\/#\\\/schema\\\/person\\\/95f2ece30e3b4132065b915150cd0f94\"},\"breadcrumb\":{\"@id\":\"https:\\\/\\\/www.p31noticias.com.br\\\/?p=67675#breadcrumb\"},\"inLanguage\":\"pt-BR\",\"potentialAction\":[{\"@type\":\"ReadAction\",\"target\":[\"https:\\\/\\\/www.p31noticias.com.br\\\/?p=67675\"]}]},{\"@type\":\"ImageObject\",\"inLanguage\":\"pt-BR\",\"@id\":\"https:\\\/\\\/www.p31noticias.com.br\\\/?p=67675#primaryimage\",\"url\":\"https:\\\/\\\/www.p31noticias.com.br\\\/wp-content\\\/uploads\\\/2026\\\/01\\\/WhatsApp-Image-2026-01-12-at-16.45.59-scaled.jpeg\",\"contentUrl\":\"https:\\\/\\\/www.p31noticias.com.br\\\/wp-content\\\/uploads\\\/2026\\\/01\\\/WhatsApp-Image-2026-01-12-at-16.45.59-scaled.jpeg\",\"width\":2560,\"height\":1920},{\"@type\":\"BreadcrumbList\",\"@id\":\"https:\\\/\\\/www.p31noticias.com.br\\\/?p=67675#breadcrumb\",\"itemListElement\":[{\"@type\":\"ListItem\",\"position\":1,\"name\":\"In\u00edcio\",\"item\":\"https:\\\/\\\/www.p31noticias.com.br\\\/\"},{\"@type\":\"ListItem\",\"position\":2,\"name\":\"Programa de P\u00f3s-Gradua\u00e7\u00e3o em Ci\u00eancias para a Sa\u00fade da ESP\\\/DF \u00e9 nota 5 em avalia\u00e7\u00e3o da Capes\"}]},{\"@type\":\"WebSite\",\"@id\":\"https:\\\/\\\/www.p31noticias.com.br\\\/#website\",\"url\":\"https:\\\/\\\/www.p31noticias.com.br\\\/\",\"name\":\"P31\",\"description\":\"NOT\u00cdCIAS\",\"potentialAction\":[{\"@type\":\"SearchAction\",\"target\":{\"@type\":\"EntryPoint\",\"urlTemplate\":\"https:\\\/\\\/www.p31noticias.com.br\\\/?s={search_term_string}\"},\"query-input\":{\"@type\":\"PropertyValueSpecification\",\"valueRequired\":true,\"valueName\":\"search_term_string\"}}],\"inLanguage\":\"pt-BR\"},{\"@type\":\"Person\",\"@id\":\"https:\\\/\\\/www.p31noticias.com.br\\\/#\\\/schema\\\/person\\\/95f2ece30e3b4132065b915150cd0f94\",\"name\":\"Gon\u00e7alves Junior\",\"image\":{\"@type\":\"ImageObject\",\"inLanguage\":\"pt-BR\",\"@id\":\"https:\\\/\\\/secure.gravatar.com\\\/avatar\\\/6711f350116a89762687a48d66f723c799e5438a5b7578508d4294cd7a5d0800?s=96&d=mm&r=g\",\"url\":\"https:\\\/\\\/secure.gravatar.com\\\/avatar\\\/6711f350116a89762687a48d66f723c799e5438a5b7578508d4294cd7a5d0800?s=96&d=mm&r=g\",\"contentUrl\":\"https:\\\/\\\/secure.gravatar.com\\\/avatar\\\/6711f350116a89762687a48d66f723c799e5438a5b7578508d4294cd7a5d0800?s=96&d=mm&r=g\",\"caption\":\"Gon\u00e7alves Junior\"},\"url\":\"https:\\\/\\\/www.p31noticias.com.br\\\/?author=2\"}]}<\/script>\n<!-- \/ Yoast SEO Premium plugin. -->","yoast_head_json":{"title":"Programa de P\u00f3s-Gradua\u00e7\u00e3o em Ci\u00eancias para a Sa\u00fade da ESP\/DF \u00e9 nota 5 em avalia\u00e7\u00e3o da Capes - P31","robots":{"index":"index","follow":"follow","max-snippet":"max-snippet:-1","max-image-preview":"max-image-preview:large","max-video-preview":"max-video-preview:-1"},"canonical":"https:\/\/www.p31noticias.com.br\/?p=67675","og_locale":"pt_BR","og_type":"article","og_title":"Programa de P\u00f3s-Gradua\u00e7\u00e3o em Ci\u00eancias para a Sa\u00fade da ESP\/DF \u00e9 nota 5 em avalia\u00e7\u00e3o da Capes","og_description":"Programa subiu de nota na mais recente avalia\u00e7\u00e3o O Programa de P\u00f3s-Gradua\u00e7\u00e3o em Ci\u00eancias para a Sa\u00fade da Escola de Sa\u00fade P\u00fablica do Distrito Federal (ESP\/DF) conquistou nota 5 na mais recente avalia\u00e7\u00e3o da Coordena\u00e7\u00e3o de Aperfei\u00e7oamento de Pessoal de N\u00edvel Superior (Capes), referente ao quadri\u00eanio 2021\u20132024. O resultado representa um avan\u00e7o significativo e posiciona [&hellip;]","og_url":"https:\/\/www.p31noticias.com.br\/?p=67675","og_site_name":"P31","article_published_time":"2026-01-13T03:53:02+00:00","og_image":[{"width":2560,"height":1920,"url":"https:\/\/www.p31noticias.com.br\/wp-content\/uploads\/2026\/01\/WhatsApp-Image-2026-01-12-at-16.45.59-scaled.jpeg","type":"image\/jpeg"}],"author":"Gon\u00e7alves Junior","twitter_card":"summary_large_image","twitter_misc":{"Escrito por":"Gon\u00e7alves Junior","Est. tempo de leitura":"3 minutos"},"schema":{"@context":"https:\/\/schema.org","@graph":[{"@type":"Article","@id":"https:\/\/www.p31noticias.com.br\/?p=67675#article","isPartOf":{"@id":"https:\/\/www.p31noticias.com.br\/?p=67675"},"author":{"name":"Gon\u00e7alves Junior","@id":"https:\/\/www.p31noticias.com.br\/#\/schema\/person\/95f2ece30e3b4132065b915150cd0f94"},"headline":"Programa de P\u00f3s-Gradua\u00e7\u00e3o em Ci\u00eancias para a Sa\u00fade da ESP\/DF \u00e9 nota 5 em avalia\u00e7\u00e3o da Capes","datePublished":"2026-01-13T03:53:02+00:00","mainEntityOfPage":{"@id":"https:\/\/www.p31noticias.com.br\/?p=67675"},"wordCount":468,"commentCount":0,"image":{"@id":"https:\/\/www.p31noticias.com.br\/?p=67675#primaryimage"},"thumbnailUrl":"https:\/\/www.p31noticias.com.br\/wp-content\/uploads\/2026\/01\/WhatsApp-Image-2026-01-12-at-16.45.59-scaled.jpeg","articleSection":["Bras\u00edlia","Pol\u00edtica","Sa\u00fade"],"inLanguage":"pt-BR","potentialAction":[{"@type":"CommentAction","name":"Comment","target":["https:\/\/www.p31noticias.com.br\/?p=67675#respond"]}],"copyrightYear":"2026","copyrightHolder":{"@id":"https:\/\/www.p31noticias.com.br\/#organization"}},{"@type":"WebPage","@id":"https:\/\/www.p31noticias.com.br\/?p=67675","url":"https:\/\/www.p31noticias.com.br\/?p=67675","name":"Programa de P\u00f3s-Gradua\u00e7\u00e3o em Ci\u00eancias para a Sa\u00fade da ESP\/DF \u00e9 nota 5 em avalia\u00e7\u00e3o da Capes - P31","isPartOf":{"@id":"https:\/\/www.p31noticias.com.br\/#website"},"primaryImageOfPage":{"@id":"https:\/\/www.p31noticias.com.br\/?p=67675#primaryimage"},"image":{"@id":"https:\/\/www.p31noticias.com.br\/?p=67675#primaryimage"},"thumbnailUrl":"https:\/\/www.p31noticias.com.br\/wp-content\/uploads\/2026\/01\/WhatsApp-Image-2026-01-12-at-16.45.59-scaled.jpeg","datePublished":"2026-01-13T03:53:02+00:00","author":{"@id":"https:\/\/www.p31noticias.com.br\/#\/schema\/person\/95f2ece30e3b4132065b915150cd0f94"},"breadcrumb":{"@id":"https:\/\/www.p31noticias.com.br\/?p=67675#breadcrumb"},"inLanguage":"pt-BR","potentialAction":[{"@type":"ReadAction","target":["https:\/\/www.p31noticias.com.br\/?p=67675"]}]},{"@type":"ImageObject","inLanguage":"pt-BR","@id":"https:\/\/www.p31noticias.com.br\/?p=67675#primaryimage","url":"https:\/\/www.p31noticias.com.br\/wp-content\/uploads\/2026\/01\/WhatsApp-Image-2026-01-12-at-16.45.59-scaled.jpeg","contentUrl":"https:\/\/www.p31noticias.com.br\/wp-content\/uploads\/2026\/01\/WhatsApp-Image-2026-01-12-at-16.45.59-scaled.jpeg","width":2560,"height":1920},{"@type":"BreadcrumbList","@id":"https:\/\/www.p31noticias.com.br\/?p=67675#breadcrumb","itemListElement":[{"@type":"ListItem","position":1,"name":"In\u00edcio","item":"https:\/\/www.p31noticias.com.br\/"},{"@type":"ListItem","position":2,"name":"Programa de P\u00f3s-Gradua\u00e7\u00e3o em Ci\u00eancias para a Sa\u00fade da ESP\/DF \u00e9 nota 5 em avalia\u00e7\u00e3o da Capes"}]},{"@type":"WebSite","@id":"https:\/\/www.p31noticias.com.br\/#website","url":"https:\/\/www.p31noticias.com.br\/","name":"P31","description":"NOT\u00cdCIAS","potentialAction":[{"@type":"SearchAction","target":{"@type":"EntryPoint","urlTemplate":"https:\/\/www.p31noticias.com.br\/?s={search_term_string}"},"query-input":{"@type":"PropertyValueSpecification","valueRequired":true,"valueName":"search_term_string"}}],"inLanguage":"pt-BR"},{"@type":"Person","@id":"https:\/\/www.p31noticias.com.br\/#\/schema\/person\/95f2ece30e3b4132065b915150cd0f94","name":"Gon\u00e7alves Junior","image":{"@type":"ImageObject","inLanguage":"pt-BR","@id":"https:\/\/secure.gravatar.com\/avatar\/6711f350116a89762687a48d66f723c799e5438a5b7578508d4294cd7a5d0800?s=96&d=mm&r=g","url":"https:\/\/secure.gravatar.com\/avatar\/6711f350116a89762687a48d66f723c799e5438a5b7578508d4294cd7a5d0800?s=96&d=mm&r=g","contentUrl":"https:\/\/secure.gravatar.com\/avatar\/6711f350116a89762687a48d66f723c799e5438a5b7578508d4294cd7a5d0800?s=96&d=mm&r=g","caption":"Gon\u00e7alves Junior"},"url":"https:\/\/www.p31noticias.com.br\/?author=2"}]}},"amp_enabled":true,"_links":{"self":[{"href":"https:\/\/www.p31noticias.com.br\/index.php?rest_route=\/wp\/v2\/posts\/67675","targetHints":{"allow":["GET"]}}],"collection":[{"href":"https:\/\/www.p31noticias.com.br\/index.php?rest_route=\/wp\/v2\/posts"}],"about":[{"href":"https:\/\/www.p31noticias.com.br\/index.php?rest_route=\/wp\/v2\/types\/post"}],"author":[{"embeddable":true,"href":"https:\/\/www.p31noticias.com.br\/index.php?rest_route=\/wp\/v2\/users\/2"}],"replies":[{"embeddable":true,"href":"https:\/\/www.p31noticias.com.br\/index.php?rest_route=%2Fwp%2Fv2%2Fcomments&post=67675"}],"version-history":[{"count":1,"href":"https:\/\/www.p31noticias.com.br\/index.php?rest_route=\/wp\/v2\/posts\/67675\/revisions"}],"predecessor-version":[{"id":67677,"href":"https:\/\/www.p31noticias.com.br\/index.php?rest_route=\/wp\/v2\/posts\/67675\/revisions\/67677"}],"wp:featuredmedia":[{"embeddable":true,"href":"https:\/\/www.p31noticias.com.br\/index.php?rest_route=\/wp\/v2\/media\/67676"}],"wp:attachment":[{"href":"https:\/\/www.p31noticias.com.br\/index.php?rest_route=%2Fwp%2Fv2%2Fmedia&parent=67675"}],"wp:term":[{"taxonomy":"category","embeddable":true,"href":"https:\/\/www.p31noticias.com.br\/index.php?rest_route=%2Fwp%2Fv2%2Fcategories&post=67675"},{"taxonomy":"post_tag","embeddable":true,"href":"https:\/\/www.p31noticias.com.br\/index.php?rest_route=%2Fwp%2Fv2%2Ftags&post=67675"}],"curies":[{"name":"wp","href":"https:\/\/api.w.org\/{rel}","templated":true}]}}