{"id":67645,"date":"2026-01-12T13:09:28","date_gmt":"2026-01-12T16:09:28","guid":{"rendered":"https:\/\/www.p31noticias.com.br\/?p=67645"},"modified":"2026-01-12T13:09:28","modified_gmt":"2026-01-12T16:09:28","slug":"mirassol-atropela-sao-paulo-em-estreia-no-paulistao","status":"publish","type":"post","link":"https:\/\/www.p31noticias.com.br\/?p=67645","title":{"rendered":"Mirassol atropela S\u00e3o Paulo em estreia no Paulist\u00e3o"},"content":{"rendered":"<p style=\"text-align: justify;\"><em><strong>Envolvido em crise administrativa e pol\u00edtica e a dias de votar o impeachment do presidente J\u00falio Casares, tricolor come\u00e7ou 2026 como terminou o ano passado: mal<\/strong><\/em><\/p>\n<p style=\"text-align: justify;\">Envolvido em crise administrativa e pol\u00edtica e a dias de votar o impeachment do presidente J\u00falio Casares, investigado pela Pol\u00edcia Civil por desvio de dinheiro, o S\u00e3o Paulo come\u00e7ou 2026 como terminou o ano passado: mal. Estreou no Paulist\u00e3o com derrota por 3 a 0 para o Mirassol, um time, hoje, mais organizado fora e dentro de campo. Se nos bastidores os dias s\u00e3o p\u00e9ssimos, em campo n\u00e3o \u00e9 muito diferente para o S\u00e3o Paulo, presa f\u00e1cil para o Mirassol no Mai\u00e3o. A equipe do interior sofreu um desmanche, mas contratou 11 novos atletas e manteve o principal art\u00edfice pela temporada m\u00e1gica de 2025, o t\u00e9cnico Rafael Guanaes.<\/p>\n<div class=\"clearfix text-center advert\">\n<div id=\"ad-middle1\" class=\"pubad lmr ads-gam\" data-pos=\"LMR\" data-google-query-id=\"COK59JyxhpIDFYhK3QIduFI6_A\">\n<p style=\"text-align: justify;\">O treinador usou boa parte dos novos contratados e viu sua equipe dominar o S\u00e3o Paulo sem problemas, sobretudo no primeiro tempo, etapa em que os donos da casa constru\u00edram o resultado. Um dos 11 jogadores contratados para 2026, o meia argentino Lucas Mugni abriu o placar aos seis minutos, aproveitando rebote de chute de Shaylon. O atacante Alesson ampliou aos 19, valendo-se da sorte e da muito fr\u00e1gil marca\u00e7\u00e3o s\u00e3o-paulina.<\/p>\n<p style=\"text-align: justify;\">Livre pela esquerda, o atacante avan\u00e7ou \u00e0 \u00e1rea e cruzou com a inten\u00e7\u00e3o de encontrar algum companheiro. Seu cruzamento rasteiro desviou em Alan Franco e entrou. Teve tamb\u00e9m sorte o time, que hoje, \u00e9 superior ao S\u00e3o Paulo em todos os aspectos. O antes soberano est\u00e1 fragilizado.<\/p>\n<p style=\"text-align: justify;\">Mais bem gerido e treinado, o Mirassol nem fez o melhor de seus jogos e at\u00e9 tirou um pouco o p\u00e9 na etapa final, talvez pelo in\u00edcio da temporada. O S\u00e3o Paulo finalizou mais e registrou maior volume de jogo. Mas nunca controlou as a\u00e7\u00f5es nem chegou perto de dominar os anfitri\u00f5es.<\/p>\n<p style=\"text-align: justify;\">Confort\u00e1vel, o Mirassol administrou a vantagem sem correr riscos e ainda ampliou no fim do jogo, com Jos\u00e9 Aldo. Combalido, o S\u00e3o Paulo se preocupa com o que desenha ser uma temporada aterradora. O medo do s\u00e3o-paulino \u00e9 de que os malfeitos fora de campo respinguem na equipe treinada por Hern\u00e1n Crespo, que parece n\u00e3o reunir condi\u00e7\u00f5es de fazer o time prosperar em 2026.<\/p>\n<p style=\"text-align: justify;\">O pr\u00f3ximo compromisso do S\u00e3o Paulo \u00e9 o duelo com o S\u00e3o Bernardo, quinta-feira, \u00e0s 21h45, um dia antes da vota\u00e7\u00e3o de os conselheiros se reunirem para votar o processo de impeachment de Casares. Na quarta-feira, \u00e0s 19h, o Mirassol visita o Primavera em Indaiatuba.<\/p>\n<h6 style=\"text-align: justify;\">MIRASSOL 3 X 0 S\u00c3O PAULO<\/h6>\n<h6 style=\"text-align: justify;\">MIRASSOL: Walter; Daniel Borges, Luiz Ot\u00e1vio, Jo\u00e3o Victor e Reinaldo; Yuri Lara; Neto Moura (Yuri Lara), Jos\u00e9 Aldo e Lucas Mugni (Galeano); Shaylon (Eduardo), Alesson (Carlos Eduardo) e Andr\u00e9 Luis (Renato Marques). T\u00e9cnico: Rafael Guanaes.<\/h6>\n<h6 style=\"text-align: justify;\">S\u00c3O PAULO: Rafael; Ferraresi, Alan Franco e Sabino; Cedric Soares (Maik), Bobadilla, Marcos Antonio, Alisson (Danielzinho) e Nicolas (Ferreira); Tapia (Lucas Moura) e Luciano (Lucca). T\u00e9cnico: Hern\u00e1n Crespo.<\/h6>\n<h6 style=\"text-align: justify;\">GOLS: Lucas Mugni, aos 6, Alesson, aos 19 do 1\u00baT; Jos\u00e9 Aldo, aos 43 do 2\u00baT.<\/h6>\n<h6 style=\"text-align: justify;\">\u00c1RBITRO: Matheus Delgado Candan\u00e7an.<\/h6>\n<h6 style=\"text-align: justify;\">CART\u00d5ES AMARELOS: Neto Moura, Ferraresi.<\/h6>\n<h6 style=\"text-align: justify;\">CART\u00c3O VERMELHO: Maik.<\/h6>\n<h6 style=\"text-align: justify;\">P\u00daBLICO: 8.167 torcedores<\/h6>\n<h6 style=\"text-align: justify;\">RENDA: R$ 394.060,00<\/h6>\n<h6 style=\"text-align: justify;\">LOCAL: Est\u00e1dio Jos\u00e9 Maria de Campos Maia, o Mai\u00e3o, em Mirassol<\/h6>\n<p style=\"text-align: justify;\">\n<p style=\"text-align: justify;\"><strong><em>Com informa\u00e7\u00f5es do Estad\u00e3o\u00a0<\/em><\/strong><\/p>\n<\/div>\n<\/div>\n","protected":false},"excerpt":{"rendered":"<p>Envolvido em crise administrativa e pol\u00edtica e a dias de votar o impeachment do presidente J\u00falio Casares, tricolor come\u00e7ou 2026 como terminou o ano passado: mal Envolvido em crise administrativa e pol\u00edtica e a dias de votar o impeachment do presidente J\u00falio Casares, investigado pela Pol\u00edcia Civil por desvio de dinheiro, o S\u00e3o Paulo come\u00e7ou [&hellip;]<\/p>\n","protected":false},"author":2,"featured_media":67646,"comment_status":"open","ping_status":"closed","sticky":false,"template":"","format":"standard","meta":{"footnotes":""},"categories":[68,753],"tags":[],"class_list":{"0":"post-67645","1":"post","2":"type-post","3":"status-publish","4":"format-standard","5":"has-post-thumbnail","7":"category-brasil","8":"category-esporte"},"yoast_head":"<!-- This site is optimized with the Yoast SEO Premium plugin v24.5 (Yoast SEO v27.4) - https:\/\/yoast.com\/product\/yoast-seo-premium-wordpress\/ -->\n<title>Mirassol atropela S\u00e3o Paulo em estreia no Paulist\u00e3o - P31<\/title>\n<meta name=\"robots\" content=\"index, follow, max-snippet:-1, max-image-preview:large, max-video-preview:-1\" \/>\n<link rel=\"canonical\" href=\"https:\/\/www.p31noticias.com.br\/?p=67645\" \/>\n<meta property=\"og:locale\" content=\"pt_BR\" \/>\n<meta property=\"og:type\" content=\"article\" \/>\n<meta property=\"og:title\" content=\"Mirassol atropela S\u00e3o Paulo em estreia no Paulist\u00e3o\" \/>\n<meta property=\"og:description\" content=\"Envolvido em crise administrativa e pol\u00edtica e a dias de votar o impeachment do presidente J\u00falio Casares, tricolor come\u00e7ou 2026 como terminou o ano passado: mal Envolvido em crise administrativa e pol\u00edtica e a dias de votar o impeachment do presidente J\u00falio Casares, investigado pela Pol\u00edcia Civil por desvio de dinheiro, o S\u00e3o Paulo come\u00e7ou [&hellip;]\" \/>\n<meta property=\"og:url\" content=\"https:\/\/www.p31noticias.com.br\/?p=67645\" \/>\n<meta property=\"og:site_name\" content=\"P31\" \/>\n<meta property=\"article:published_time\" content=\"2026-01-12T16:09:28+00:00\" \/>\n<meta property=\"og:image\" content=\"https:\/\/www.p31noticias.com.br\/wp-content\/uploads\/2026\/01\/af820260111077-300x170-1.jpg\" \/>\n\t<meta property=\"og:image:width\" content=\"300\" \/>\n\t<meta property=\"og:image:height\" content=\"170\" \/>\n\t<meta property=\"og:image:type\" content=\"image\/jpeg\" \/>\n<meta name=\"author\" content=\"Gon\u00e7alves Junior\" \/>\n<meta name=\"twitter:card\" content=\"summary_large_image\" \/>\n<meta name=\"twitter:label1\" content=\"Escrito por\" \/>\n\t<meta name=\"twitter:data1\" content=\"Gon\u00e7alves Junior\" \/>\n\t<meta name=\"twitter:label2\" content=\"Est. tempo de leitura\" \/>\n\t<meta name=\"twitter:data2\" content=\"3 minutos\" \/>\n<script type=\"application\/ld+json\" class=\"yoast-schema-graph\">{\"@context\":\"https:\\\/\\\/schema.org\",\"@graph\":[{\"@type\":\"Article\",\"@id\":\"https:\\\/\\\/www.p31noticias.com.br\\\/?p=67645#article\",\"isPartOf\":{\"@id\":\"https:\\\/\\\/www.p31noticias.com.br\\\/?p=67645\"},\"author\":{\"name\":\"Gon\u00e7alves Junior\",\"@id\":\"https:\\\/\\\/www.p31noticias.com.br\\\/#\\\/schema\\\/person\\\/95f2ece30e3b4132065b915150cd0f94\"},\"headline\":\"Mirassol atropela S\u00e3o Paulo em estreia no Paulist\u00e3o\",\"datePublished\":\"2026-01-12T16:09:28+00:00\",\"mainEntityOfPage\":{\"@id\":\"https:\\\/\\\/www.p31noticias.com.br\\\/?p=67645\"},\"wordCount\":575,\"commentCount\":0,\"image\":{\"@id\":\"https:\\\/\\\/www.p31noticias.com.br\\\/?p=67645#primaryimage\"},\"thumbnailUrl\":\"https:\\\/\\\/www.p31noticias.com.br\\\/wp-content\\\/uploads\\\/2026\\\/01\\\/af820260111077-300x170-1.jpg\",\"articleSection\":[\"Brasil\",\"Esporte\"],\"inLanguage\":\"pt-BR\",\"potentialAction\":[{\"@type\":\"CommentAction\",\"name\":\"Comment\",\"target\":[\"https:\\\/\\\/www.p31noticias.com.br\\\/?p=67645#respond\"]}],\"copyrightYear\":\"2026\",\"copyrightHolder\":{\"@id\":\"https:\\\/\\\/www.p31noticias.com.br\\\/#organization\"}},{\"@type\":\"WebPage\",\"@id\":\"https:\\\/\\\/www.p31noticias.com.br\\\/?p=67645\",\"url\":\"https:\\\/\\\/www.p31noticias.com.br\\\/?p=67645\",\"name\":\"Mirassol atropela S\u00e3o Paulo em estreia no Paulist\u00e3o - P31\",\"isPartOf\":{\"@id\":\"https:\\\/\\\/www.p31noticias.com.br\\\/#website\"},\"primaryImageOfPage\":{\"@id\":\"https:\\\/\\\/www.p31noticias.com.br\\\/?p=67645#primaryimage\"},\"image\":{\"@id\":\"https:\\\/\\\/www.p31noticias.com.br\\\/?p=67645#primaryimage\"},\"thumbnailUrl\":\"https:\\\/\\\/www.p31noticias.com.br\\\/wp-content\\\/uploads\\\/2026\\\/01\\\/af820260111077-300x170-1.jpg\",\"datePublished\":\"2026-01-12T16:09:28+00:00\",\"author\":{\"@id\":\"https:\\\/\\\/www.p31noticias.com.br\\\/#\\\/schema\\\/person\\\/95f2ece30e3b4132065b915150cd0f94\"},\"breadcrumb\":{\"@id\":\"https:\\\/\\\/www.p31noticias.com.br\\\/?p=67645#breadcrumb\"},\"inLanguage\":\"pt-BR\",\"potentialAction\":[{\"@type\":\"ReadAction\",\"target\":[\"https:\\\/\\\/www.p31noticias.com.br\\\/?p=67645\"]}]},{\"@type\":\"ImageObject\",\"inLanguage\":\"pt-BR\",\"@id\":\"https:\\\/\\\/www.p31noticias.com.br\\\/?p=67645#primaryimage\",\"url\":\"https:\\\/\\\/www.p31noticias.com.br\\\/wp-content\\\/uploads\\\/2026\\\/01\\\/af820260111077-300x170-1.jpg\",\"contentUrl\":\"https:\\\/\\\/www.p31noticias.com.br\\\/wp-content\\\/uploads\\\/2026\\\/01\\\/af820260111077-300x170-1.jpg\",\"width\":300,\"height\":170},{\"@type\":\"BreadcrumbList\",\"@id\":\"https:\\\/\\\/www.p31noticias.com.br\\\/?p=67645#breadcrumb\",\"itemListElement\":[{\"@type\":\"ListItem\",\"position\":1,\"name\":\"In\u00edcio\",\"item\":\"https:\\\/\\\/www.p31noticias.com.br\\\/\"},{\"@type\":\"ListItem\",\"position\":2,\"name\":\"Mirassol atropela S\u00e3o Paulo em estreia no Paulist\u00e3o\"}]},{\"@type\":\"WebSite\",\"@id\":\"https:\\\/\\\/www.p31noticias.com.br\\\/#website\",\"url\":\"https:\\\/\\\/www.p31noticias.com.br\\\/\",\"name\":\"P31\",\"description\":\"NOT\u00cdCIAS\",\"potentialAction\":[{\"@type\":\"SearchAction\",\"target\":{\"@type\":\"EntryPoint\",\"urlTemplate\":\"https:\\\/\\\/www.p31noticias.com.br\\\/?s={search_term_string}\"},\"query-input\":{\"@type\":\"PropertyValueSpecification\",\"valueRequired\":true,\"valueName\":\"search_term_string\"}}],\"inLanguage\":\"pt-BR\"},{\"@type\":\"Person\",\"@id\":\"https:\\\/\\\/www.p31noticias.com.br\\\/#\\\/schema\\\/person\\\/95f2ece30e3b4132065b915150cd0f94\",\"name\":\"Gon\u00e7alves Junior\",\"image\":{\"@type\":\"ImageObject\",\"inLanguage\":\"pt-BR\",\"@id\":\"https:\\\/\\\/secure.gravatar.com\\\/avatar\\\/6711f350116a89762687a48d66f723c799e5438a5b7578508d4294cd7a5d0800?s=96&d=mm&r=g\",\"url\":\"https:\\\/\\\/secure.gravatar.com\\\/avatar\\\/6711f350116a89762687a48d66f723c799e5438a5b7578508d4294cd7a5d0800?s=96&d=mm&r=g\",\"contentUrl\":\"https:\\\/\\\/secure.gravatar.com\\\/avatar\\\/6711f350116a89762687a48d66f723c799e5438a5b7578508d4294cd7a5d0800?s=96&d=mm&r=g\",\"caption\":\"Gon\u00e7alves Junior\"},\"url\":\"https:\\\/\\\/www.p31noticias.com.br\\\/?author=2\"}]}<\/script>\n<!-- \/ Yoast SEO Premium plugin. -->","yoast_head_json":{"title":"Mirassol atropela S\u00e3o Paulo em estreia no Paulist\u00e3o - P31","robots":{"index":"index","follow":"follow","max-snippet":"max-snippet:-1","max-image-preview":"max-image-preview:large","max-video-preview":"max-video-preview:-1"},"canonical":"https:\/\/www.p31noticias.com.br\/?p=67645","og_locale":"pt_BR","og_type":"article","og_title":"Mirassol atropela S\u00e3o Paulo em estreia no Paulist\u00e3o","og_description":"Envolvido em crise administrativa e pol\u00edtica e a dias de votar o impeachment do presidente J\u00falio Casares, tricolor come\u00e7ou 2026 como terminou o ano passado: mal Envolvido em crise administrativa e pol\u00edtica e a dias de votar o impeachment do presidente J\u00falio Casares, investigado pela Pol\u00edcia Civil por desvio de dinheiro, o S\u00e3o Paulo come\u00e7ou [&hellip;]","og_url":"https:\/\/www.p31noticias.com.br\/?p=67645","og_site_name":"P31","article_published_time":"2026-01-12T16:09:28+00:00","og_image":[{"width":300,"height":170,"url":"https:\/\/www.p31noticias.com.br\/wp-content\/uploads\/2026\/01\/af820260111077-300x170-1.jpg","type":"image\/jpeg"}],"author":"Gon\u00e7alves Junior","twitter_card":"summary_large_image","twitter_misc":{"Escrito por":"Gon\u00e7alves Junior","Est. tempo de leitura":"3 minutos"},"schema":{"@context":"https:\/\/schema.org","@graph":[{"@type":"Article","@id":"https:\/\/www.p31noticias.com.br\/?p=67645#article","isPartOf":{"@id":"https:\/\/www.p31noticias.com.br\/?p=67645"},"author":{"name":"Gon\u00e7alves Junior","@id":"https:\/\/www.p31noticias.com.br\/#\/schema\/person\/95f2ece30e3b4132065b915150cd0f94"},"headline":"Mirassol atropela S\u00e3o Paulo em estreia no Paulist\u00e3o","datePublished":"2026-01-12T16:09:28+00:00","mainEntityOfPage":{"@id":"https:\/\/www.p31noticias.com.br\/?p=67645"},"wordCount":575,"commentCount":0,"image":{"@id":"https:\/\/www.p31noticias.com.br\/?p=67645#primaryimage"},"thumbnailUrl":"https:\/\/www.p31noticias.com.br\/wp-content\/uploads\/2026\/01\/af820260111077-300x170-1.jpg","articleSection":["Brasil","Esporte"],"inLanguage":"pt-BR","potentialAction":[{"@type":"CommentAction","name":"Comment","target":["https:\/\/www.p31noticias.com.br\/?p=67645#respond"]}],"copyrightYear":"2026","copyrightHolder":{"@id":"https:\/\/www.p31noticias.com.br\/#organization"}},{"@type":"WebPage","@id":"https:\/\/www.p31noticias.com.br\/?p=67645","url":"https:\/\/www.p31noticias.com.br\/?p=67645","name":"Mirassol atropela S\u00e3o Paulo em estreia no Paulist\u00e3o - P31","isPartOf":{"@id":"https:\/\/www.p31noticias.com.br\/#website"},"primaryImageOfPage":{"@id":"https:\/\/www.p31noticias.com.br\/?p=67645#primaryimage"},"image":{"@id":"https:\/\/www.p31noticias.com.br\/?p=67645#primaryimage"},"thumbnailUrl":"https:\/\/www.p31noticias.com.br\/wp-content\/uploads\/2026\/01\/af820260111077-300x170-1.jpg","datePublished":"2026-01-12T16:09:28+00:00","author":{"@id":"https:\/\/www.p31noticias.com.br\/#\/schema\/person\/95f2ece30e3b4132065b915150cd0f94"},"breadcrumb":{"@id":"https:\/\/www.p31noticias.com.br\/?p=67645#breadcrumb"},"inLanguage":"pt-BR","potentialAction":[{"@type":"ReadAction","target":["https:\/\/www.p31noticias.com.br\/?p=67645"]}]},{"@type":"ImageObject","inLanguage":"pt-BR","@id":"https:\/\/www.p31noticias.com.br\/?p=67645#primaryimage","url":"https:\/\/www.p31noticias.com.br\/wp-content\/uploads\/2026\/01\/af820260111077-300x170-1.jpg","contentUrl":"https:\/\/www.p31noticias.com.br\/wp-content\/uploads\/2026\/01\/af820260111077-300x170-1.jpg","width":300,"height":170},{"@type":"BreadcrumbList","@id":"https:\/\/www.p31noticias.com.br\/?p=67645#breadcrumb","itemListElement":[{"@type":"ListItem","position":1,"name":"In\u00edcio","item":"https:\/\/www.p31noticias.com.br\/"},{"@type":"ListItem","position":2,"name":"Mirassol atropela S\u00e3o Paulo em estreia no Paulist\u00e3o"}]},{"@type":"WebSite","@id":"https:\/\/www.p31noticias.com.br\/#website","url":"https:\/\/www.p31noticias.com.br\/","name":"P31","description":"NOT\u00cdCIAS","potentialAction":[{"@type":"SearchAction","target":{"@type":"EntryPoint","urlTemplate":"https:\/\/www.p31noticias.com.br\/?s={search_term_string}"},"query-input":{"@type":"PropertyValueSpecification","valueRequired":true,"valueName":"search_term_string"}}],"inLanguage":"pt-BR"},{"@type":"Person","@id":"https:\/\/www.p31noticias.com.br\/#\/schema\/person\/95f2ece30e3b4132065b915150cd0f94","name":"Gon\u00e7alves Junior","image":{"@type":"ImageObject","inLanguage":"pt-BR","@id":"https:\/\/secure.gravatar.com\/avatar\/6711f350116a89762687a48d66f723c799e5438a5b7578508d4294cd7a5d0800?s=96&d=mm&r=g","url":"https:\/\/secure.gravatar.com\/avatar\/6711f350116a89762687a48d66f723c799e5438a5b7578508d4294cd7a5d0800?s=96&d=mm&r=g","contentUrl":"https:\/\/secure.gravatar.com\/avatar\/6711f350116a89762687a48d66f723c799e5438a5b7578508d4294cd7a5d0800?s=96&d=mm&r=g","caption":"Gon\u00e7alves Junior"},"url":"https:\/\/www.p31noticias.com.br\/?author=2"}]}},"amp_enabled":true,"_links":{"self":[{"href":"https:\/\/www.p31noticias.com.br\/index.php?rest_route=\/wp\/v2\/posts\/67645","targetHints":{"allow":["GET"]}}],"collection":[{"href":"https:\/\/www.p31noticias.com.br\/index.php?rest_route=\/wp\/v2\/posts"}],"about":[{"href":"https:\/\/www.p31noticias.com.br\/index.php?rest_route=\/wp\/v2\/types\/post"}],"author":[{"embeddable":true,"href":"https:\/\/www.p31noticias.com.br\/index.php?rest_route=\/wp\/v2\/users\/2"}],"replies":[{"embeddable":true,"href":"https:\/\/www.p31noticias.com.br\/index.php?rest_route=%2Fwp%2Fv2%2Fcomments&post=67645"}],"version-history":[{"count":1,"href":"https:\/\/www.p31noticias.com.br\/index.php?rest_route=\/wp\/v2\/posts\/67645\/revisions"}],"predecessor-version":[{"id":67647,"href":"https:\/\/www.p31noticias.com.br\/index.php?rest_route=\/wp\/v2\/posts\/67645\/revisions\/67647"}],"wp:featuredmedia":[{"embeddable":true,"href":"https:\/\/www.p31noticias.com.br\/index.php?rest_route=\/wp\/v2\/media\/67646"}],"wp:attachment":[{"href":"https:\/\/www.p31noticias.com.br\/index.php?rest_route=%2Fwp%2Fv2%2Fmedia&parent=67645"}],"wp:term":[{"taxonomy":"category","embeddable":true,"href":"https:\/\/www.p31noticias.com.br\/index.php?rest_route=%2Fwp%2Fv2%2Fcategories&post=67645"},{"taxonomy":"post_tag","embeddable":true,"href":"https:\/\/www.p31noticias.com.br\/index.php?rest_route=%2Fwp%2Fv2%2Ftags&post=67645"}],"curies":[{"name":"wp","href":"https:\/\/api.w.org\/{rel}","templated":true}]}}