{"id":67639,"date":"2026-01-12T12:53:23","date_gmt":"2026-01-12T15:53:23","guid":{"rendered":"https:\/\/www.p31noticias.com.br\/?p=67639"},"modified":"2026-01-12T12:53:23","modified_gmt":"2026-01-12T15:53:23","slug":"celina-leao-apresenta-resultados-e-ferramentas-de-gestao-em-reuniao-com-secretariado-do-gdf","status":"publish","type":"post","link":"https:\/\/www.p31noticias.com.br\/?p=67639","title":{"rendered":"Celina Le\u00e3o apresenta resultados e ferramentas de gest\u00e3o em reuni\u00e3o com secretariado do GDF"},"content":{"rendered":"<p style=\"text-align: justify;\"><em><strong>Encontro no Pal\u00e1cio do Buriti nesta segunda-feira (12) marcou o primeiro alinhamento do ano com os principais gestores do governo<\/strong><\/em><\/p>\n<p style=\"text-align: justify;\">A governadora em exerc\u00edcio Celina Le\u00e3o reuniu secret\u00e1rios de Estado e presidentes de empresas p\u00fablicas, nesta segunda-feira (12), no Pal\u00e1cio do Buriti, para apresentar resultados, alinhar prioridades e refor\u00e7ar o uso de ferramentas de gest\u00e3o e tecnologia no planejamento do Governo do Distrito Federal (GDF) em 2026.<\/p>\n<p style=\"text-align: justify;\">Entre os principais temas abordados estiveram a consolida\u00e7\u00e3o de dados de balan\u00e7o de governo, a moderniza\u00e7\u00e3o dos sistemas de monitoramento e a amplia\u00e7\u00e3o da comunica\u00e7\u00e3o direta com o cidad\u00e3o. A reuni\u00e3o foi o primeiro encontro institucional do ano com o secretariado.<\/p>\n<figure class=\"image\" style=\"text-align: justify;\"><picture data-fileentryid=\"28110499\"><source srcset=\"\/o\/adaptive-media\/image\/28110499\/Thumbnail-300x300\/WhatsApp+Image+2026-01-12+at+12.38.59+%281%29.jpeg?t=1768232502132\" media=\"(max-width:300px)\" \/><source srcset=\"\/o\/adaptive-media\/image\/28110499\/Preview-1000x0\/WhatsApp+Image+2026-01-12+at+12.38.59+%281%29.jpeg?t=1768232502132\" media=\"(max-width:1000px) and (min-width:300px)\" \/><\/picture><picture data-fileentryid=\"28110499\"><source srcset=\"\/o\/adaptive-media\/image\/28110499\/Thumbnail-300x300\/WhatsApp+Image+2026-01-12+at+12.38.59+%281%29.jpeg?t=1768232502132\" media=\"(max-width:300px)\" \/><source srcset=\"\/o\/adaptive-media\/image\/28110499\/Preview-1000x0\/WhatsApp+Image+2026-01-12+at+12.38.59+%281%29.jpeg?t=1768232502132\" media=\"(max-width:1000px) and (min-width:300px)\" \/><img decoding=\"async\" src=\"https:\/\/agenciabrasilia.df.gov.br\/documents\/d\/guest\/whatsapp-image-2026-01-12-at-12-38-59-1-jpeg\" alt=\"\" data-fileentryid=\"28110499\" data-gdf-processed=\"true\" \/><\/picture><figcaption><img decoding=\"async\" src=\"https:\/\/agenciabrasilia.df.gov.br\/documents\/d\/guest\/whatsapp-image-2026-01-12-at-12-38-59-1-jpeg\" \/>Celina Le\u00e3o ressaltou que 2026 &#8220;\u00e9 um ano para avan\u00e7armos em gest\u00e3o, efici\u00eancia e produtividade&#8221; | Foto: Geovana Albuquerque\/Ag\u00eancia Bras\u00edlia<\/figcaption><\/figure>\n<p style=\"text-align: justify;\">Celina Le\u00e3o destacou a import\u00e2ncia de os titulares das pastas apresentarem resultados concretos e refor\u00e7ou o papel do Sistema Integrado de Monitoramento e Gest\u00e3o do Distrito Federal (Gest\u00e3o DF), plataforma que re\u00fane informa\u00e7\u00f5es de todas as \u00e1reas do governo em um \u00fanico reposit\u00f3rio, permitindo padroniza\u00e7\u00e3o, transpar\u00eancia e agilidade no planejamento estrat\u00e9gico.<\/p>\n<p style=\"text-align: justify;\">\u201cO ano \u00e9 de colheita. Quando organizamos tudo o que foi feito, damos ainda mais legitimidade ao nosso trabalho. \u00c9 um ano para avan\u00e7armos em gest\u00e3o, efici\u00eancia e produtividade\u201d, afirmou a governadora em exerc\u00edcio.<\/p>\n<p><main id=\"content\" class=\"d-flex flex-column flex-fill position-relative py-5\"><\/p>\n<div id=\"main-content\" class=\"layout-content portlet-layout\" role=\"main\">\n<div class=\"lfr-layout-structure-item-basic-component-html lfr-layout-structure-item-3b67120b-0c96-6b9c-4417-8a36591cc3d0 \">\n<div id=\"fragment-e937a96f-8ac0-4698-66b9-2bb2a75a9dae\">\n<div class=\"component-html\" data-lfr-editable-id=\"element-html\" data-lfr-editable-type=\"html\">\n<section class=\"box-internas\">\n<div class=\"container\">\n<div class=\"row\">\n<div class=\"col\">\n<div class=\"conteudo col-md-10 mx-auto\">\n<div class=\"text-content\">Atualmente, o GDF monitora mais de 800 a\u00e7\u00f5es e iniciativas, muitas delas, inclusive, al\u00e9m do plano de governo registrado no Tribunal Regional Eleitoral (TRE), o que, segundo Celina Le\u00e3o, demonstra a capacidade de execu\u00e7\u00e3o e a abrang\u00eancia das pol\u00edticas p\u00fablicas em andamento.<\/p>\n<p style=\"text-align: justify;\">Outro ponto apresentado foi a integra\u00e7\u00e3o entre o Gest\u00e3o DF e o sistema da Ouvidoria do Distrito Federal, em um processo de unifica\u00e7\u00e3o de bases de dados que permitir\u00e1 ao cidad\u00e3o acompanhar, de forma individualizada, as respostas \u00e0s suas demandas. A proposta \u00e9 que, al\u00e9m do retorno inicial, o cidad\u00e3o receba atualiza\u00e7\u00f5es autom\u00e1ticas sobre o andamento das solu\u00e7\u00f5es, como licita\u00e7\u00f5es e execu\u00e7\u00f5es de obras, em um canal direto com o governo.<\/p>\n<blockquote class=\"blockquote blockquote-direita\"><p>&#8220;Atendemos quatro vezes mais do que governos anteriores na \u00e1rea da Sa\u00fade e isso precisa ser lembrado por n\u00f3s&#8221;<\/p>\n<p><cite>Celina Le\u00e3o, governadora em exerc\u00edcio<\/cite><\/p><\/blockquote>\n<p style=\"text-align: justify;\">Na \u00e1rea da Sa\u00fade, Celina Le\u00e3o destacou n\u00fameros expressivos. Segundo ela, houve amplia\u00e7\u00e3o significativa no acolhimento \u00e0 popula\u00e7\u00e3o no Instituto de Gest\u00e3o Estrat\u00e9gica de Sa\u00fade do Distrito Federal (IgesDF). \u201cAtendemos quatro vezes mais do que governos anteriores na \u00e1rea da Sa\u00fade e isso precisa ser lembrado por n\u00f3s\u201d, afirmou.<\/p>\n<p style=\"text-align: justify;\">Dados apresentados na reuni\u00e3o mostram, ainda, que a Sa\u00fade \u00e9 atualmente a \u00e1rea que mais recebe elogios na Ouvidoria do Distrito Federal, de acordo com o painel da Controladoria-Geral do DF (CGDF). Ao todo, j\u00e1 foram registrados mais de 10 mil elogios a servidores p\u00fablicos, reconhecimento destacado pela governadora em exerc\u00edcio como reflexo do trabalho das equipes.<\/p>\n<p style=\"text-align: justify;\">Durante o encontro, os secret\u00e1rios apresentaram demandas, compartilharam desafios e relataram lan\u00e7amentos e novidades em desenvolvimento em suas respectivas \u00e1reas. A reuni\u00e3o teve car\u00e1ter institucional e t\u00e9cnico, voltado ao fortalecimento da gest\u00e3o e ao alinhamento das a\u00e7\u00f5es estrat\u00e9gicas do governo para o ano.\n<\/p>\n<p style=\"text-align: justify;\"><em><strong>Ag\u00eancia Bras\u00edlia\u00a0<\/strong><\/em><\/p>\n<\/div>\n<\/div>\n<\/div>\n<\/div>\n<\/div>\n<\/section>\n<\/div>\n<\/div>\n<\/div>\n<\/div>\n<p><\/main><\/p>\n","protected":false},"excerpt":{"rendered":"<p>Encontro no Pal\u00e1cio do Buriti nesta segunda-feira (12) marcou o primeiro alinhamento do ano com os principais gestores do governo A governadora em exerc\u00edcio Celina Le\u00e3o reuniu secret\u00e1rios de Estado e presidentes de empresas p\u00fablicas, nesta segunda-feira (12), no Pal\u00e1cio do Buriti, para apresentar resultados, alinhar prioridades e refor\u00e7ar o uso de ferramentas de gest\u00e3o [&hellip;]<\/p>\n","protected":false},"author":2,"featured_media":67640,"comment_status":"open","ping_status":"closed","sticky":false,"template":"","format":"standard","meta":{"footnotes":""},"categories":[21,57],"tags":[],"class_list":{"0":"post-67639","1":"post","2":"type-post","3":"status-publish","4":"format-standard","5":"has-post-thumbnail","7":"category-brasilia","8":"category-politica"},"yoast_head":"<!-- This site is optimized with the Yoast SEO Premium plugin v24.5 (Yoast SEO v27.4) - https:\/\/yoast.com\/product\/yoast-seo-premium-wordpress\/ -->\n<title>Celina Le\u00e3o apresenta resultados e ferramentas de gest\u00e3o em reuni\u00e3o com secretariado do GDF - P31<\/title>\n<meta name=\"robots\" content=\"index, follow, max-snippet:-1, max-image-preview:large, max-video-preview:-1\" \/>\n<link rel=\"canonical\" href=\"https:\/\/www.p31noticias.com.br\/?p=67639\" \/>\n<meta property=\"og:locale\" content=\"pt_BR\" \/>\n<meta property=\"og:type\" content=\"article\" \/>\n<meta property=\"og:title\" content=\"Celina Le\u00e3o apresenta resultados e ferramentas de gest\u00e3o em reuni\u00e3o com secretariado do GDF\" \/>\n<meta property=\"og:description\" content=\"Encontro no Pal\u00e1cio do Buriti nesta segunda-feira (12) marcou o primeiro alinhamento do ano com os principais gestores do governo A governadora em exerc\u00edcio Celina Le\u00e3o reuniu secret\u00e1rios de Estado e presidentes de empresas p\u00fablicas, nesta segunda-feira (12), no Pal\u00e1cio do Buriti, para apresentar resultados, alinhar prioridades e refor\u00e7ar o uso de ferramentas de gest\u00e3o [&hellip;]\" \/>\n<meta property=\"og:url\" content=\"https:\/\/www.p31noticias.com.br\/?p=67639\" \/>\n<meta property=\"og:site_name\" content=\"P31\" \/>\n<meta property=\"article:published_time\" content=\"2026-01-12T15:53:23+00:00\" \/>\n<meta property=\"og:image\" content=\"https:\/\/www.p31noticias.com.br\/wp-content\/uploads\/2026\/01\/WhatsApp-Image-2026-01-12-at-12.38.59.jpeg\" \/>\n\t<meta property=\"og:image:width\" content=\"1600\" \/>\n\t<meta property=\"og:image:height\" content=\"1066\" \/>\n\t<meta property=\"og:image:type\" content=\"image\/jpeg\" \/>\n<meta name=\"author\" content=\"Gon\u00e7alves Junior\" \/>\n<meta name=\"twitter:card\" content=\"summary_large_image\" \/>\n<meta name=\"twitter:label1\" content=\"Escrito por\" \/>\n\t<meta name=\"twitter:data1\" content=\"Gon\u00e7alves Junior\" \/>\n\t<meta name=\"twitter:label2\" content=\"Est. tempo de leitura\" \/>\n\t<meta name=\"twitter:data2\" content=\"4 minutos\" \/>\n<script type=\"application\/ld+json\" class=\"yoast-schema-graph\">{\"@context\":\"https:\\\/\\\/schema.org\",\"@graph\":[{\"@type\":\"Article\",\"@id\":\"https:\\\/\\\/www.p31noticias.com.br\\\/?p=67639#article\",\"isPartOf\":{\"@id\":\"https:\\\/\\\/www.p31noticias.com.br\\\/?p=67639\"},\"author\":{\"name\":\"Gon\u00e7alves Junior\",\"@id\":\"https:\\\/\\\/www.p31noticias.com.br\\\/#\\\/schema\\\/person\\\/95f2ece30e3b4132065b915150cd0f94\"},\"headline\":\"Celina Le\u00e3o apresenta resultados e ferramentas de gest\u00e3o em reuni\u00e3o com secretariado do GDF\",\"datePublished\":\"2026-01-12T15:53:23+00:00\",\"mainEntityOfPage\":{\"@id\":\"https:\\\/\\\/www.p31noticias.com.br\\\/?p=67639\"},\"wordCount\":588,\"commentCount\":0,\"image\":{\"@id\":\"https:\\\/\\\/www.p31noticias.com.br\\\/?p=67639#primaryimage\"},\"thumbnailUrl\":\"https:\\\/\\\/www.p31noticias.com.br\\\/wp-content\\\/uploads\\\/2026\\\/01\\\/WhatsApp-Image-2026-01-12-at-12.38.59.jpeg\",\"articleSection\":[\"Bras\u00edlia\",\"Pol\u00edtica\"],\"inLanguage\":\"pt-BR\",\"potentialAction\":[{\"@type\":\"CommentAction\",\"name\":\"Comment\",\"target\":[\"https:\\\/\\\/www.p31noticias.com.br\\\/?p=67639#respond\"]}],\"copyrightYear\":\"2026\",\"copyrightHolder\":{\"@id\":\"https:\\\/\\\/www.p31noticias.com.br\\\/#organization\"}},{\"@type\":\"WebPage\",\"@id\":\"https:\\\/\\\/www.p31noticias.com.br\\\/?p=67639\",\"url\":\"https:\\\/\\\/www.p31noticias.com.br\\\/?p=67639\",\"name\":\"Celina Le\u00e3o apresenta resultados e ferramentas de gest\u00e3o em reuni\u00e3o com secretariado do GDF - P31\",\"isPartOf\":{\"@id\":\"https:\\\/\\\/www.p31noticias.com.br\\\/#website\"},\"primaryImageOfPage\":{\"@id\":\"https:\\\/\\\/www.p31noticias.com.br\\\/?p=67639#primaryimage\"},\"image\":{\"@id\":\"https:\\\/\\\/www.p31noticias.com.br\\\/?p=67639#primaryimage\"},\"thumbnailUrl\":\"https:\\\/\\\/www.p31noticias.com.br\\\/wp-content\\\/uploads\\\/2026\\\/01\\\/WhatsApp-Image-2026-01-12-at-12.38.59.jpeg\",\"datePublished\":\"2026-01-12T15:53:23+00:00\",\"author\":{\"@id\":\"https:\\\/\\\/www.p31noticias.com.br\\\/#\\\/schema\\\/person\\\/95f2ece30e3b4132065b915150cd0f94\"},\"breadcrumb\":{\"@id\":\"https:\\\/\\\/www.p31noticias.com.br\\\/?p=67639#breadcrumb\"},\"inLanguage\":\"pt-BR\",\"potentialAction\":[{\"@type\":\"ReadAction\",\"target\":[\"https:\\\/\\\/www.p31noticias.com.br\\\/?p=67639\"]}]},{\"@type\":\"ImageObject\",\"inLanguage\":\"pt-BR\",\"@id\":\"https:\\\/\\\/www.p31noticias.com.br\\\/?p=67639#primaryimage\",\"url\":\"https:\\\/\\\/www.p31noticias.com.br\\\/wp-content\\\/uploads\\\/2026\\\/01\\\/WhatsApp-Image-2026-01-12-at-12.38.59.jpeg\",\"contentUrl\":\"https:\\\/\\\/www.p31noticias.com.br\\\/wp-content\\\/uploads\\\/2026\\\/01\\\/WhatsApp-Image-2026-01-12-at-12.38.59.jpeg\",\"width\":1600,\"height\":1066},{\"@type\":\"BreadcrumbList\",\"@id\":\"https:\\\/\\\/www.p31noticias.com.br\\\/?p=67639#breadcrumb\",\"itemListElement\":[{\"@type\":\"ListItem\",\"position\":1,\"name\":\"In\u00edcio\",\"item\":\"https:\\\/\\\/www.p31noticias.com.br\\\/\"},{\"@type\":\"ListItem\",\"position\":2,\"name\":\"Celina Le\u00e3o apresenta resultados e ferramentas de gest\u00e3o em reuni\u00e3o com secretariado do GDF\"}]},{\"@type\":\"WebSite\",\"@id\":\"https:\\\/\\\/www.p31noticias.com.br\\\/#website\",\"url\":\"https:\\\/\\\/www.p31noticias.com.br\\\/\",\"name\":\"P31\",\"description\":\"NOT\u00cdCIAS\",\"potentialAction\":[{\"@type\":\"SearchAction\",\"target\":{\"@type\":\"EntryPoint\",\"urlTemplate\":\"https:\\\/\\\/www.p31noticias.com.br\\\/?s={search_term_string}\"},\"query-input\":{\"@type\":\"PropertyValueSpecification\",\"valueRequired\":true,\"valueName\":\"search_term_string\"}}],\"inLanguage\":\"pt-BR\"},{\"@type\":\"Person\",\"@id\":\"https:\\\/\\\/www.p31noticias.com.br\\\/#\\\/schema\\\/person\\\/95f2ece30e3b4132065b915150cd0f94\",\"name\":\"Gon\u00e7alves Junior\",\"image\":{\"@type\":\"ImageObject\",\"inLanguage\":\"pt-BR\",\"@id\":\"https:\\\/\\\/secure.gravatar.com\\\/avatar\\\/6711f350116a89762687a48d66f723c799e5438a5b7578508d4294cd7a5d0800?s=96&d=mm&r=g\",\"url\":\"https:\\\/\\\/secure.gravatar.com\\\/avatar\\\/6711f350116a89762687a48d66f723c799e5438a5b7578508d4294cd7a5d0800?s=96&d=mm&r=g\",\"contentUrl\":\"https:\\\/\\\/secure.gravatar.com\\\/avatar\\\/6711f350116a89762687a48d66f723c799e5438a5b7578508d4294cd7a5d0800?s=96&d=mm&r=g\",\"caption\":\"Gon\u00e7alves Junior\"},\"url\":\"https:\\\/\\\/www.p31noticias.com.br\\\/?author=2\"}]}<\/script>\n<!-- \/ Yoast SEO Premium plugin. -->","yoast_head_json":{"title":"Celina Le\u00e3o apresenta resultados e ferramentas de gest\u00e3o em reuni\u00e3o com secretariado do GDF - P31","robots":{"index":"index","follow":"follow","max-snippet":"max-snippet:-1","max-image-preview":"max-image-preview:large","max-video-preview":"max-video-preview:-1"},"canonical":"https:\/\/www.p31noticias.com.br\/?p=67639","og_locale":"pt_BR","og_type":"article","og_title":"Celina Le\u00e3o apresenta resultados e ferramentas de gest\u00e3o em reuni\u00e3o com secretariado do GDF","og_description":"Encontro no Pal\u00e1cio do Buriti nesta segunda-feira (12) marcou o primeiro alinhamento do ano com os principais gestores do governo A governadora em exerc\u00edcio Celina Le\u00e3o reuniu secret\u00e1rios de Estado e presidentes de empresas p\u00fablicas, nesta segunda-feira (12), no Pal\u00e1cio do Buriti, para apresentar resultados, alinhar prioridades e refor\u00e7ar o uso de ferramentas de gest\u00e3o [&hellip;]","og_url":"https:\/\/www.p31noticias.com.br\/?p=67639","og_site_name":"P31","article_published_time":"2026-01-12T15:53:23+00:00","og_image":[{"width":1600,"height":1066,"url":"https:\/\/www.p31noticias.com.br\/wp-content\/uploads\/2026\/01\/WhatsApp-Image-2026-01-12-at-12.38.59.jpeg","type":"image\/jpeg"}],"author":"Gon\u00e7alves Junior","twitter_card":"summary_large_image","twitter_misc":{"Escrito por":"Gon\u00e7alves Junior","Est. tempo de leitura":"4 minutos"},"schema":{"@context":"https:\/\/schema.org","@graph":[{"@type":"Article","@id":"https:\/\/www.p31noticias.com.br\/?p=67639#article","isPartOf":{"@id":"https:\/\/www.p31noticias.com.br\/?p=67639"},"author":{"name":"Gon\u00e7alves Junior","@id":"https:\/\/www.p31noticias.com.br\/#\/schema\/person\/95f2ece30e3b4132065b915150cd0f94"},"headline":"Celina Le\u00e3o apresenta resultados e ferramentas de gest\u00e3o em reuni\u00e3o com secretariado do GDF","datePublished":"2026-01-12T15:53:23+00:00","mainEntityOfPage":{"@id":"https:\/\/www.p31noticias.com.br\/?p=67639"},"wordCount":588,"commentCount":0,"image":{"@id":"https:\/\/www.p31noticias.com.br\/?p=67639#primaryimage"},"thumbnailUrl":"https:\/\/www.p31noticias.com.br\/wp-content\/uploads\/2026\/01\/WhatsApp-Image-2026-01-12-at-12.38.59.jpeg","articleSection":["Bras\u00edlia","Pol\u00edtica"],"inLanguage":"pt-BR","potentialAction":[{"@type":"CommentAction","name":"Comment","target":["https:\/\/www.p31noticias.com.br\/?p=67639#respond"]}],"copyrightYear":"2026","copyrightHolder":{"@id":"https:\/\/www.p31noticias.com.br\/#organization"}},{"@type":"WebPage","@id":"https:\/\/www.p31noticias.com.br\/?p=67639","url":"https:\/\/www.p31noticias.com.br\/?p=67639","name":"Celina Le\u00e3o apresenta resultados e ferramentas de gest\u00e3o em reuni\u00e3o com secretariado do GDF - P31","isPartOf":{"@id":"https:\/\/www.p31noticias.com.br\/#website"},"primaryImageOfPage":{"@id":"https:\/\/www.p31noticias.com.br\/?p=67639#primaryimage"},"image":{"@id":"https:\/\/www.p31noticias.com.br\/?p=67639#primaryimage"},"thumbnailUrl":"https:\/\/www.p31noticias.com.br\/wp-content\/uploads\/2026\/01\/WhatsApp-Image-2026-01-12-at-12.38.59.jpeg","datePublished":"2026-01-12T15:53:23+00:00","author":{"@id":"https:\/\/www.p31noticias.com.br\/#\/schema\/person\/95f2ece30e3b4132065b915150cd0f94"},"breadcrumb":{"@id":"https:\/\/www.p31noticias.com.br\/?p=67639#breadcrumb"},"inLanguage":"pt-BR","potentialAction":[{"@type":"ReadAction","target":["https:\/\/www.p31noticias.com.br\/?p=67639"]}]},{"@type":"ImageObject","inLanguage":"pt-BR","@id":"https:\/\/www.p31noticias.com.br\/?p=67639#primaryimage","url":"https:\/\/www.p31noticias.com.br\/wp-content\/uploads\/2026\/01\/WhatsApp-Image-2026-01-12-at-12.38.59.jpeg","contentUrl":"https:\/\/www.p31noticias.com.br\/wp-content\/uploads\/2026\/01\/WhatsApp-Image-2026-01-12-at-12.38.59.jpeg","width":1600,"height":1066},{"@type":"BreadcrumbList","@id":"https:\/\/www.p31noticias.com.br\/?p=67639#breadcrumb","itemListElement":[{"@type":"ListItem","position":1,"name":"In\u00edcio","item":"https:\/\/www.p31noticias.com.br\/"},{"@type":"ListItem","position":2,"name":"Celina Le\u00e3o apresenta resultados e ferramentas de gest\u00e3o em reuni\u00e3o com secretariado do GDF"}]},{"@type":"WebSite","@id":"https:\/\/www.p31noticias.com.br\/#website","url":"https:\/\/www.p31noticias.com.br\/","name":"P31","description":"NOT\u00cdCIAS","potentialAction":[{"@type":"SearchAction","target":{"@type":"EntryPoint","urlTemplate":"https:\/\/www.p31noticias.com.br\/?s={search_term_string}"},"query-input":{"@type":"PropertyValueSpecification","valueRequired":true,"valueName":"search_term_string"}}],"inLanguage":"pt-BR"},{"@type":"Person","@id":"https:\/\/www.p31noticias.com.br\/#\/schema\/person\/95f2ece30e3b4132065b915150cd0f94","name":"Gon\u00e7alves Junior","image":{"@type":"ImageObject","inLanguage":"pt-BR","@id":"https:\/\/secure.gravatar.com\/avatar\/6711f350116a89762687a48d66f723c799e5438a5b7578508d4294cd7a5d0800?s=96&d=mm&r=g","url":"https:\/\/secure.gravatar.com\/avatar\/6711f350116a89762687a48d66f723c799e5438a5b7578508d4294cd7a5d0800?s=96&d=mm&r=g","contentUrl":"https:\/\/secure.gravatar.com\/avatar\/6711f350116a89762687a48d66f723c799e5438a5b7578508d4294cd7a5d0800?s=96&d=mm&r=g","caption":"Gon\u00e7alves Junior"},"url":"https:\/\/www.p31noticias.com.br\/?author=2"}]}},"amp_enabled":true,"_links":{"self":[{"href":"https:\/\/www.p31noticias.com.br\/index.php?rest_route=\/wp\/v2\/posts\/67639","targetHints":{"allow":["GET"]}}],"collection":[{"href":"https:\/\/www.p31noticias.com.br\/index.php?rest_route=\/wp\/v2\/posts"}],"about":[{"href":"https:\/\/www.p31noticias.com.br\/index.php?rest_route=\/wp\/v2\/types\/post"}],"author":[{"embeddable":true,"href":"https:\/\/www.p31noticias.com.br\/index.php?rest_route=\/wp\/v2\/users\/2"}],"replies":[{"embeddable":true,"href":"https:\/\/www.p31noticias.com.br\/index.php?rest_route=%2Fwp%2Fv2%2Fcomments&post=67639"}],"version-history":[{"count":1,"href":"https:\/\/www.p31noticias.com.br\/index.php?rest_route=\/wp\/v2\/posts\/67639\/revisions"}],"predecessor-version":[{"id":67641,"href":"https:\/\/www.p31noticias.com.br\/index.php?rest_route=\/wp\/v2\/posts\/67639\/revisions\/67641"}],"wp:featuredmedia":[{"embeddable":true,"href":"https:\/\/www.p31noticias.com.br\/index.php?rest_route=\/wp\/v2\/media\/67640"}],"wp:attachment":[{"href":"https:\/\/www.p31noticias.com.br\/index.php?rest_route=%2Fwp%2Fv2%2Fmedia&parent=67639"}],"wp:term":[{"taxonomy":"category","embeddable":true,"href":"https:\/\/www.p31noticias.com.br\/index.php?rest_route=%2Fwp%2Fv2%2Fcategories&post=67639"},{"taxonomy":"post_tag","embeddable":true,"href":"https:\/\/www.p31noticias.com.br\/index.php?rest_route=%2Fwp%2Fv2%2Ftags&post=67639"}],"curies":[{"name":"wp","href":"https:\/\/api.w.org\/{rel}","templated":true}]}}