{"id":67581,"date":"2026-01-08T13:05:41","date_gmt":"2026-01-08T16:05:41","guid":{"rendered":"https:\/\/www.p31noticias.com.br\/?p=67581"},"modified":"2026-01-08T13:05:41","modified_gmt":"2026-01-08T16:05:41","slug":"prouni-2026-edital-do-1o-semestre-e-divulgado-confira-as-datas","status":"publish","type":"post","link":"https:\/\/www.p31noticias.com.br\/?p=67581","title":{"rendered":"Prouni 2026: edital do 1\u00ba semestre \u00e9 divulgado; confira as datas"},"content":{"rendered":"<h2 class=\"content-head__subtitle\" style=\"text-align: justify;\"><em><strong>Programa Universidade para Todos oferece bolsas integrais (100%) e parciais (50% de desconto) em institui\u00e7\u00f5es de ensino particulares.<\/strong><\/em><\/h2>\n<div id=\"chunk-92dqq\" style=\"text-align: justify;\">\n<div class=\"mc-column content-text active-extra-styles \" data-block-type=\"unstyled\" data-block-weight=\"29\" data-block-id=\"2\">\n<p class=\" content-text__container \" data-track-category=\"Link no Texto\" data-track-links=\"\" data-mrf-recirculation=\"Mat\u00e9ria - Links no Texto\">O edital do Prouni, com as datas e condi\u00e7\u00f5es para o processo seletivo do primeiro semestre de 2026, foi publicado nesta quinta-feira (8) no Di\u00e1rio Oficial da Uni\u00e3o (DOU).<\/p>\n<\/div>\n<\/div>\n<div class=\"wall protected-content\">\n<div id=\"chunk-3e80p\" style=\"text-align: justify;\">\n<div class=\"mc-column content-text active-extra-styles \" data-block-type=\"unstyled\" data-block-weight=\"29\" data-block-id=\"4\">\n<p class=\" content-text__container \" data-track-category=\"Link no Texto\" data-track-links=\"\" data-mrf-recirculation=\"Mat\u00e9ria - Links no Texto\">As inscri\u00e7\u00f5es acontecem de\u00a0<span class=\"highlight highlighted\">26 de janeiro at\u00e9 as 23 horas e 59 minutos de 29 de janeiro<\/span>\u00a0pelo portal Acesso \u00danico (<a class=\"\" href=\"https:\/\/acessounico.mec.gov.br\/prouni\" target=\"_blank\" rel=\"noopener\" data-mrf-link=\"https:\/\/acessounico.mec.gov.br\/prouni\">acessounico.mec.gov.br\/prouni<\/a>), com login gov.br (CPF e senha).<\/p>\n<\/div>\n<\/div>\n<div id=\"chunk-8spe4\" style=\"text-align: justify;\">\n<div class=\"mc-column content-text active-extra-styles \" data-block-type=\"unstyled\" data-block-weight=\"20\" data-block-id=\"5\">\n<p class=\" content-text__container \" data-track-category=\"Link no Texto\" data-track-links=\"\" data-mrf-recirculation=\"Mat\u00e9ria - Links no Texto\">O resultado da primeira chamada ser\u00e1 divulgado em\u00a0<strong>3 de fevereiro<\/strong>. J\u00e1 a segunda chamada sair\u00e1 em<strong>\u00a02 de mar\u00e7o.<\/strong><\/p>\n<\/div>\n<\/div>\n<div id=\"chunk-2j6st\" style=\"text-align: justify;\">\n<div class=\"mc-column content-text active-extra-styles \" data-block-type=\"unstyled\" data-block-weight=\"27\" data-block-id=\"6\">\n<p class=\" content-text__container \" data-track-category=\"Link no Texto\" data-track-links=\"\" data-mrf-recirculation=\"Mat\u00e9ria - Links no Texto\">\ud83d\udc49\ud83c\udffe O Programa Universidade para Todos \u00e9 uma iniciativa do governo federal que oferece bolsas integrais (100%) e parciais (50% de desconto) em institui\u00e7\u00f5es de ensino particulares.<\/p>\n<\/div>\n<\/div>\n<div id=\"chunk-c65n5\" style=\"text-align: justify;\">\n<div class=\"content-ads content-ads--reveal\" data-block-type=\"ads\" data-block-id=\"7\">\n<div id=\"banner_materia2\" class=\"tag-manager-publicidade-container tag-manager-publicidade-banner_materia2 tag-manager-publicidade-container--carregado tag-manager-publicidade-container--visivel\" data-google-query-id=\"CKjl0tyo_JEDFVFK3QIdFGIJ_A\">Pode se inscrever quem participou do Exame Nacional do Ensino M\u00e9dio (Enem) em 2024 ou 2025 e obteve pelo menos 450 pontos em m\u00e9dia nas cinco \u00e1reas do conhecimento, e nota acima de zero na reda\u00e7\u00e3o.<\/div>\n<\/div>\n<div data-google-query-id=\"CKjl0tyo_JEDFVFK3QIdFGIJ_A\"><\/div>\n<\/div>\n<div data-google-query-id=\"CKjl0tyo_JEDFVFK3QIdFGIJ_A\">\n<article>\n<div class=\"wall protected-content\">\n<div id=\"chunk-7dumi\" style=\"text-align: justify;\">\n<div class=\"mc-column content-text active-extra-styles\" data-block-type=\"raw\" data-block-weight=\"5\" data-block-id=\"10\">\n<div class=\"content-intertitle\">\n<h2>\ud83d\udcc5 Datas do Prouni 2026<\/h2>\n<\/div>\n<\/div>\n<\/div>\n<div data-track-category=\"multicontent\" data-track-action=\"multicontent\" data-track-noninteraction=\"false\" data-track-scroll=\"ultimo chunk conteudo\" data-track-value=\"view\">\n<div id=\"chunk-86dq9\">\n<div class=\"mc-column content-text active-extra-styles\" data-block-type=\"raw\" data-block-weight=\"40\" data-block-id=\"11\">\n<ul class=\"content-unordered-list\" style=\"text-align: justify;\" data-mrf-recirculation=\"Mat\u00e9ria - Leia Tamb\u00e9m (Lista)\">\n<li><strong>Inscri\u00e7\u00f5es:<\/strong>\u00a026 a 29 de janeiro<\/li>\n<li><strong>Resultado da primeira chamada:<\/strong>\u00a03 de fevereiro<\/li>\n<li><strong>Resultado da segunda chamada:\u00a0<\/strong>2 de mar\u00e7o<\/li>\n<li><strong>Manifesta\u00e7\u00e3o de interesse na lista de espera:\u00a0<\/strong>25 e 26 de mar\u00e7o<\/li>\n<li><strong>Resultado da lista de espera:\u00a0<\/strong>31 de mar\u00e7o<\/li>\n<\/ul>\n<p>&nbsp;<\/p>\n<p style=\"text-align: justify;\"><em><strong>G1 Educa\u00e7\u00e3o\u00a0<\/strong><\/em><\/p>\n<\/div>\n<\/div>\n<\/div>\n<\/div>\n<\/article>\n<\/div>\n<\/div>\n<p>&nbsp;<\/p>\n","protected":false},"excerpt":{"rendered":"<p>Programa Universidade para Todos oferece bolsas integrais (100%) e parciais (50% de desconto) em institui\u00e7\u00f5es de ensino particulares. O edital do Prouni, com as datas e condi\u00e7\u00f5es para o processo seletivo do primeiro semestre de 2026, foi publicado nesta quinta-feira (8) no Di\u00e1rio Oficial da Uni\u00e3o (DOU). As inscri\u00e7\u00f5es acontecem de\u00a026 de janeiro at\u00e9 as [&hellip;]<\/p>\n","protected":false},"author":2,"featured_media":67582,"comment_status":"open","ping_status":"closed","sticky":false,"template":"","format":"standard","meta":{"footnotes":""},"categories":[68,1161],"tags":[],"class_list":{"0":"post-67581","1":"post","2":"type-post","3":"status-publish","4":"format-standard","5":"has-post-thumbnail","7":"category-brasil","8":"category-educacao"},"yoast_head":"<!-- This site is optimized with the Yoast SEO Premium plugin v24.5 (Yoast SEO v27.4) - https:\/\/yoast.com\/product\/yoast-seo-premium-wordpress\/ -->\n<title>Prouni 2026: edital do 1\u00ba semestre \u00e9 divulgado; confira as datas - P31<\/title>\n<meta name=\"robots\" content=\"index, follow, max-snippet:-1, max-image-preview:large, max-video-preview:-1\" \/>\n<link rel=\"canonical\" href=\"https:\/\/www.p31noticias.com.br\/?p=67581\" \/>\n<meta property=\"og:locale\" content=\"pt_BR\" \/>\n<meta property=\"og:type\" content=\"article\" \/>\n<meta property=\"og:title\" content=\"Prouni 2026: edital do 1\u00ba semestre \u00e9 divulgado; confira as datas\" \/>\n<meta property=\"og:description\" content=\"Programa Universidade para Todos oferece bolsas integrais (100%) e parciais (50% de desconto) em institui\u00e7\u00f5es de ensino particulares. O edital do Prouni, com as datas e condi\u00e7\u00f5es para o processo seletivo do primeiro semestre de 2026, foi publicado nesta quinta-feira (8) no Di\u00e1rio Oficial da Uni\u00e3o (DOU). As inscri\u00e7\u00f5es acontecem de\u00a026 de janeiro at\u00e9 as [&hellip;]\" \/>\n<meta property=\"og:url\" content=\"https:\/\/www.p31noticias.com.br\/?p=67581\" \/>\n<meta property=\"og:site_name\" content=\"P31\" \/>\n<meta property=\"article:published_time\" content=\"2026-01-08T16:05:41+00:00\" \/>\n<meta name=\"author\" content=\"Gon\u00e7alves Junior\" \/>\n<meta name=\"twitter:card\" content=\"summary_large_image\" \/>\n<meta name=\"twitter:label1\" content=\"Escrito por\" \/>\n\t<meta name=\"twitter:data1\" content=\"Gon\u00e7alves Junior\" \/>\n\t<meta name=\"twitter:label2\" content=\"Est. tempo de leitura\" \/>\n\t<meta name=\"twitter:data2\" content=\"2 minutos\" \/>\n<script type=\"application\/ld+json\" class=\"yoast-schema-graph\">{\"@context\":\"https:\\\/\\\/schema.org\",\"@graph\":[{\"@type\":\"Article\",\"@id\":\"https:\\\/\\\/www.p31noticias.com.br\\\/?p=67581#article\",\"isPartOf\":{\"@id\":\"https:\\\/\\\/www.p31noticias.com.br\\\/?p=67581\"},\"author\":{\"name\":\"Gon\u00e7alves Junior\",\"@id\":\"https:\\\/\\\/www.p31noticias.com.br\\\/#\\\/schema\\\/person\\\/95f2ece30e3b4132065b915150cd0f94\"},\"headline\":\"Prouni 2026: edital do 1\u00ba semestre \u00e9 divulgado; confira as datas\",\"datePublished\":\"2026-01-08T16:05:41+00:00\",\"mainEntityOfPage\":{\"@id\":\"https:\\\/\\\/www.p31noticias.com.br\\\/?p=67581\"},\"wordCount\":211,\"commentCount\":0,\"image\":{\"@id\":\"https:\\\/\\\/www.p31noticias.com.br\\\/?p=67581#primaryimage\"},\"thumbnailUrl\":\"https:\\\/\\\/www.p31noticias.com.br\\\/wp-content\\\/uploads\\\/2026\\\/01\\\/whatsapp-image-2024-07-23-at-18.10.35.avif\",\"articleSection\":[\"Brasil\",\"Educa\u00e7\u00e3o\"],\"inLanguage\":\"pt-BR\",\"potentialAction\":[{\"@type\":\"CommentAction\",\"name\":\"Comment\",\"target\":[\"https:\\\/\\\/www.p31noticias.com.br\\\/?p=67581#respond\"]}],\"copyrightYear\":\"2026\",\"copyrightHolder\":{\"@id\":\"https:\\\/\\\/www.p31noticias.com.br\\\/#organization\"}},{\"@type\":\"WebPage\",\"@id\":\"https:\\\/\\\/www.p31noticias.com.br\\\/?p=67581\",\"url\":\"https:\\\/\\\/www.p31noticias.com.br\\\/?p=67581\",\"name\":\"Prouni 2026: edital do 1\u00ba semestre \u00e9 divulgado; confira as datas - P31\",\"isPartOf\":{\"@id\":\"https:\\\/\\\/www.p31noticias.com.br\\\/#website\"},\"primaryImageOfPage\":{\"@id\":\"https:\\\/\\\/www.p31noticias.com.br\\\/?p=67581#primaryimage\"},\"image\":{\"@id\":\"https:\\\/\\\/www.p31noticias.com.br\\\/?p=67581#primaryimage\"},\"thumbnailUrl\":\"https:\\\/\\\/www.p31noticias.com.br\\\/wp-content\\\/uploads\\\/2026\\\/01\\\/whatsapp-image-2024-07-23-at-18.10.35.avif\",\"datePublished\":\"2026-01-08T16:05:41+00:00\",\"author\":{\"@id\":\"https:\\\/\\\/www.p31noticias.com.br\\\/#\\\/schema\\\/person\\\/95f2ece30e3b4132065b915150cd0f94\"},\"breadcrumb\":{\"@id\":\"https:\\\/\\\/www.p31noticias.com.br\\\/?p=67581#breadcrumb\"},\"inLanguage\":\"pt-BR\",\"potentialAction\":[{\"@type\":\"ReadAction\",\"target\":[\"https:\\\/\\\/www.p31noticias.com.br\\\/?p=67581\"]}]},{\"@type\":\"ImageObject\",\"inLanguage\":\"pt-BR\",\"@id\":\"https:\\\/\\\/www.p31noticias.com.br\\\/?p=67581#primaryimage\",\"url\":\"https:\\\/\\\/www.p31noticias.com.br\\\/wp-content\\\/uploads\\\/2026\\\/01\\\/whatsapp-image-2024-07-23-at-18.10.35.avif\",\"contentUrl\":\"https:\\\/\\\/www.p31noticias.com.br\\\/wp-content\\\/uploads\\\/2026\\\/01\\\/whatsapp-image-2024-07-23-at-18.10.35.avif\",\"width\":810,\"height\":456},{\"@type\":\"BreadcrumbList\",\"@id\":\"https:\\\/\\\/www.p31noticias.com.br\\\/?p=67581#breadcrumb\",\"itemListElement\":[{\"@type\":\"ListItem\",\"position\":1,\"name\":\"In\u00edcio\",\"item\":\"https:\\\/\\\/www.p31noticias.com.br\\\/\"},{\"@type\":\"ListItem\",\"position\":2,\"name\":\"Prouni 2026: edital do 1\u00ba semestre \u00e9 divulgado; confira as datas\"}]},{\"@type\":\"WebSite\",\"@id\":\"https:\\\/\\\/www.p31noticias.com.br\\\/#website\",\"url\":\"https:\\\/\\\/www.p31noticias.com.br\\\/\",\"name\":\"P31\",\"description\":\"NOT\u00cdCIAS\",\"potentialAction\":[{\"@type\":\"SearchAction\",\"target\":{\"@type\":\"EntryPoint\",\"urlTemplate\":\"https:\\\/\\\/www.p31noticias.com.br\\\/?s={search_term_string}\"},\"query-input\":{\"@type\":\"PropertyValueSpecification\",\"valueRequired\":true,\"valueName\":\"search_term_string\"}}],\"inLanguage\":\"pt-BR\"},{\"@type\":\"Person\",\"@id\":\"https:\\\/\\\/www.p31noticias.com.br\\\/#\\\/schema\\\/person\\\/95f2ece30e3b4132065b915150cd0f94\",\"name\":\"Gon\u00e7alves Junior\",\"image\":{\"@type\":\"ImageObject\",\"inLanguage\":\"pt-BR\",\"@id\":\"https:\\\/\\\/secure.gravatar.com\\\/avatar\\\/6711f350116a89762687a48d66f723c799e5438a5b7578508d4294cd7a5d0800?s=96&d=mm&r=g\",\"url\":\"https:\\\/\\\/secure.gravatar.com\\\/avatar\\\/6711f350116a89762687a48d66f723c799e5438a5b7578508d4294cd7a5d0800?s=96&d=mm&r=g\",\"contentUrl\":\"https:\\\/\\\/secure.gravatar.com\\\/avatar\\\/6711f350116a89762687a48d66f723c799e5438a5b7578508d4294cd7a5d0800?s=96&d=mm&r=g\",\"caption\":\"Gon\u00e7alves Junior\"},\"url\":\"https:\\\/\\\/www.p31noticias.com.br\\\/?author=2\"}]}<\/script>\n<!-- \/ Yoast SEO Premium plugin. -->","yoast_head_json":{"title":"Prouni 2026: edital do 1\u00ba semestre \u00e9 divulgado; confira as datas - P31","robots":{"index":"index","follow":"follow","max-snippet":"max-snippet:-1","max-image-preview":"max-image-preview:large","max-video-preview":"max-video-preview:-1"},"canonical":"https:\/\/www.p31noticias.com.br\/?p=67581","og_locale":"pt_BR","og_type":"article","og_title":"Prouni 2026: edital do 1\u00ba semestre \u00e9 divulgado; confira as datas","og_description":"Programa Universidade para Todos oferece bolsas integrais (100%) e parciais (50% de desconto) em institui\u00e7\u00f5es de ensino particulares. O edital do Prouni, com as datas e condi\u00e7\u00f5es para o processo seletivo do primeiro semestre de 2026, foi publicado nesta quinta-feira (8) no Di\u00e1rio Oficial da Uni\u00e3o (DOU). As inscri\u00e7\u00f5es acontecem de\u00a026 de janeiro at\u00e9 as [&hellip;]","og_url":"https:\/\/www.p31noticias.com.br\/?p=67581","og_site_name":"P31","article_published_time":"2026-01-08T16:05:41+00:00","author":"Gon\u00e7alves Junior","twitter_card":"summary_large_image","twitter_misc":{"Escrito por":"Gon\u00e7alves Junior","Est. tempo de leitura":"2 minutos"},"schema":{"@context":"https:\/\/schema.org","@graph":[{"@type":"Article","@id":"https:\/\/www.p31noticias.com.br\/?p=67581#article","isPartOf":{"@id":"https:\/\/www.p31noticias.com.br\/?p=67581"},"author":{"name":"Gon\u00e7alves Junior","@id":"https:\/\/www.p31noticias.com.br\/#\/schema\/person\/95f2ece30e3b4132065b915150cd0f94"},"headline":"Prouni 2026: edital do 1\u00ba semestre \u00e9 divulgado; confira as datas","datePublished":"2026-01-08T16:05:41+00:00","mainEntityOfPage":{"@id":"https:\/\/www.p31noticias.com.br\/?p=67581"},"wordCount":211,"commentCount":0,"image":{"@id":"https:\/\/www.p31noticias.com.br\/?p=67581#primaryimage"},"thumbnailUrl":"https:\/\/www.p31noticias.com.br\/wp-content\/uploads\/2026\/01\/whatsapp-image-2024-07-23-at-18.10.35.avif","articleSection":["Brasil","Educa\u00e7\u00e3o"],"inLanguage":"pt-BR","potentialAction":[{"@type":"CommentAction","name":"Comment","target":["https:\/\/www.p31noticias.com.br\/?p=67581#respond"]}],"copyrightYear":"2026","copyrightHolder":{"@id":"https:\/\/www.p31noticias.com.br\/#organization"}},{"@type":"WebPage","@id":"https:\/\/www.p31noticias.com.br\/?p=67581","url":"https:\/\/www.p31noticias.com.br\/?p=67581","name":"Prouni 2026: edital do 1\u00ba semestre \u00e9 divulgado; confira as datas - P31","isPartOf":{"@id":"https:\/\/www.p31noticias.com.br\/#website"},"primaryImageOfPage":{"@id":"https:\/\/www.p31noticias.com.br\/?p=67581#primaryimage"},"image":{"@id":"https:\/\/www.p31noticias.com.br\/?p=67581#primaryimage"},"thumbnailUrl":"https:\/\/www.p31noticias.com.br\/wp-content\/uploads\/2026\/01\/whatsapp-image-2024-07-23-at-18.10.35.avif","datePublished":"2026-01-08T16:05:41+00:00","author":{"@id":"https:\/\/www.p31noticias.com.br\/#\/schema\/person\/95f2ece30e3b4132065b915150cd0f94"},"breadcrumb":{"@id":"https:\/\/www.p31noticias.com.br\/?p=67581#breadcrumb"},"inLanguage":"pt-BR","potentialAction":[{"@type":"ReadAction","target":["https:\/\/www.p31noticias.com.br\/?p=67581"]}]},{"@type":"ImageObject","inLanguage":"pt-BR","@id":"https:\/\/www.p31noticias.com.br\/?p=67581#primaryimage","url":"https:\/\/www.p31noticias.com.br\/wp-content\/uploads\/2026\/01\/whatsapp-image-2024-07-23-at-18.10.35.avif","contentUrl":"https:\/\/www.p31noticias.com.br\/wp-content\/uploads\/2026\/01\/whatsapp-image-2024-07-23-at-18.10.35.avif","width":810,"height":456},{"@type":"BreadcrumbList","@id":"https:\/\/www.p31noticias.com.br\/?p=67581#breadcrumb","itemListElement":[{"@type":"ListItem","position":1,"name":"In\u00edcio","item":"https:\/\/www.p31noticias.com.br\/"},{"@type":"ListItem","position":2,"name":"Prouni 2026: edital do 1\u00ba semestre \u00e9 divulgado; confira as datas"}]},{"@type":"WebSite","@id":"https:\/\/www.p31noticias.com.br\/#website","url":"https:\/\/www.p31noticias.com.br\/","name":"P31","description":"NOT\u00cdCIAS","potentialAction":[{"@type":"SearchAction","target":{"@type":"EntryPoint","urlTemplate":"https:\/\/www.p31noticias.com.br\/?s={search_term_string}"},"query-input":{"@type":"PropertyValueSpecification","valueRequired":true,"valueName":"search_term_string"}}],"inLanguage":"pt-BR"},{"@type":"Person","@id":"https:\/\/www.p31noticias.com.br\/#\/schema\/person\/95f2ece30e3b4132065b915150cd0f94","name":"Gon\u00e7alves Junior","image":{"@type":"ImageObject","inLanguage":"pt-BR","@id":"https:\/\/secure.gravatar.com\/avatar\/6711f350116a89762687a48d66f723c799e5438a5b7578508d4294cd7a5d0800?s=96&d=mm&r=g","url":"https:\/\/secure.gravatar.com\/avatar\/6711f350116a89762687a48d66f723c799e5438a5b7578508d4294cd7a5d0800?s=96&d=mm&r=g","contentUrl":"https:\/\/secure.gravatar.com\/avatar\/6711f350116a89762687a48d66f723c799e5438a5b7578508d4294cd7a5d0800?s=96&d=mm&r=g","caption":"Gon\u00e7alves Junior"},"url":"https:\/\/www.p31noticias.com.br\/?author=2"}]}},"amp_enabled":true,"_links":{"self":[{"href":"https:\/\/www.p31noticias.com.br\/index.php?rest_route=\/wp\/v2\/posts\/67581","targetHints":{"allow":["GET"]}}],"collection":[{"href":"https:\/\/www.p31noticias.com.br\/index.php?rest_route=\/wp\/v2\/posts"}],"about":[{"href":"https:\/\/www.p31noticias.com.br\/index.php?rest_route=\/wp\/v2\/types\/post"}],"author":[{"embeddable":true,"href":"https:\/\/www.p31noticias.com.br\/index.php?rest_route=\/wp\/v2\/users\/2"}],"replies":[{"embeddable":true,"href":"https:\/\/www.p31noticias.com.br\/index.php?rest_route=%2Fwp%2Fv2%2Fcomments&post=67581"}],"version-history":[{"count":1,"href":"https:\/\/www.p31noticias.com.br\/index.php?rest_route=\/wp\/v2\/posts\/67581\/revisions"}],"predecessor-version":[{"id":67583,"href":"https:\/\/www.p31noticias.com.br\/index.php?rest_route=\/wp\/v2\/posts\/67581\/revisions\/67583"}],"wp:featuredmedia":[{"embeddable":true,"href":"https:\/\/www.p31noticias.com.br\/index.php?rest_route=\/wp\/v2\/media\/67582"}],"wp:attachment":[{"href":"https:\/\/www.p31noticias.com.br\/index.php?rest_route=%2Fwp%2Fv2%2Fmedia&parent=67581"}],"wp:term":[{"taxonomy":"category","embeddable":true,"href":"https:\/\/www.p31noticias.com.br\/index.php?rest_route=%2Fwp%2Fv2%2Fcategories&post=67581"},{"taxonomy":"post_tag","embeddable":true,"href":"https:\/\/www.p31noticias.com.br\/index.php?rest_route=%2Fwp%2Fv2%2Ftags&post=67581"}],"curies":[{"name":"wp","href":"https:\/\/api.w.org\/{rel}","templated":true}]}}