{"id":67518,"date":"2026-01-01T12:27:30","date_gmt":"2026-01-01T15:27:30","guid":{"rendered":"https:\/\/www.p31noticias.com.br\/?p=67518"},"modified":"2026-01-01T12:27:30","modified_gmt":"2026-01-01T15:27:30","slug":"governador-ibaneis-rocha-deseja-boas-festas-a-populacao-do-distrito-federal","status":"publish","type":"post","link":"https:\/\/www.p31noticias.com.br\/?p=67518","title":{"rendered":"Governador Ibaneis Rocha deseja boas festas \u00e0 popula\u00e7\u00e3o do Distrito Federal"},"content":{"rendered":"<p style=\"text-align: justify;\"><em><strong>A mensagem foi gravada nesta sexta-feira (26) refor\u00e7a votos de paz e progresso para o pr\u00f3ximo ano<\/strong><\/em><\/p>\n<div class=\"text-content\" style=\"text-align: justify;\">\n<p>O governador Ibaneis Rocha desejou boas festas \u00e0 popula\u00e7\u00e3o do Distrito Federal e uma boa virada de ano. A mensagem foi gravada nesta sexta-feira (26) e divulgada nas redes oficiais do Governo do Distrito Federal.<\/p>\n<p>Na declara\u00e7\u00e3o, o governador ressaltou a import\u00e2ncia do fortalecimento dos la\u00e7os familiares e desejou um ano de paz e progresso para a capital.<\/p>\n<figure class=\"image\"><picture data-fileentryid=\"28063736\"><source srcset=\"\/o\/adaptive-media\/image\/28063736\/Thumbnail-300x300\/WhatsApp+Image+2025-12-26+at+12.37.19.jpeg?t=1766774428123\" media=\"(max-width:300px)\" \/><source srcset=\"\/o\/adaptive-media\/image\/28063736\/Preview-1000x0\/WhatsApp+Image+2025-12-26+at+12.37.19.jpeg?t=1766774428123\" media=\"(max-width:1000px) and (min-width:300px)\" \/><\/picture><picture data-fileentryid=\"28063736\"><source srcset=\"\/o\/adaptive-media\/image\/28063736\/Thumbnail-300x300\/WhatsApp+Image+2025-12-26+at+12.37.19.jpeg?t=1766774428123\" media=\"(max-width:300px)\" \/><source srcset=\"\/o\/adaptive-media\/image\/28063736\/Preview-1000x0\/WhatsApp+Image+2025-12-26+at+12.37.19.jpeg?t=1766774428123\" media=\"(max-width:1000px) and (min-width:300px)\" \/><img decoding=\"async\" src=\"https:\/\/agenciabrasilia.df.gov.br\/documents\/d\/guest\/whatsapp-image-2025-12-26-at-12-37-19-jpeg\" alt=\"\" data-fileentryid=\"28063736\" data-gdf-processed=\"true\" \/><\/picture><figcaption><img decoding=\"async\" src=\"https:\/\/agenciabrasilia.df.gov.br\/documents\/d\/guest\/whatsapp-image-2025-12-26-at-12-37-19-jpeg\" \/>O governador tamb\u00e9m fez uma men\u00e7\u00e3o especial \u00e0s fam\u00edlias mais carentes | Foto: Paulo H. Carvalho\/Ag\u00eancia Bras\u00edlia<\/figcaption><\/figure>\n<p>\u201cDesejo a toda a popula\u00e7\u00e3o do Distrito Federal um feliz 2026. Estou entrando agora no meu oitavo ano de servi\u00e7o e quero desejar a todos voc\u00eas um ano de paz e de muito progresso para a nossa capital. Que possamos fortalecer cada vez mais os la\u00e7os familiares\u201d, afirmou.<\/p>\n<\/div>\n<div class=\"text-content\">\n<p style=\"text-align: justify;\">O governador tamb\u00e9m fez uma men\u00e7\u00e3o especial \u00e0s fam\u00edlias mais carentes.<\/p>\n<p style=\"text-align: justify;\">\u201cQue Deus aben\u00e7oe cada um dos lares desta cidade com tudo aquilo que for necess\u00e1rio, em especial as pessoas mais carentes, para as quais temos tido um olhar muito atento ao longo de todos esses anos de governo. Deus aben\u00e7oe a todos, e que 2026 seja realmente um ano maravilhoso\u201d, disse Ibaneis Rocha.<\/p>\n<p style=\"text-align: justify;\"><em><strong>Ag\u00eancia Brasilia<\/strong><\/em><\/p>\n<\/div>\n","protected":false},"excerpt":{"rendered":"<p>A mensagem foi gravada nesta sexta-feira (26) refor\u00e7a votos de paz e progresso para o pr\u00f3ximo ano O governador Ibaneis Rocha desejou boas festas \u00e0 popula\u00e7\u00e3o do Distrito Federal e uma boa virada de ano. A mensagem foi gravada nesta sexta-feira (26) e divulgada nas redes oficiais do Governo do Distrito Federal. Na declara\u00e7\u00e3o, o [&hellip;]<\/p>\n","protected":false},"author":2,"featured_media":67519,"comment_status":"open","ping_status":"closed","sticky":false,"template":"","format":"standard","meta":{"footnotes":""},"categories":[21,57],"tags":[],"class_list":{"0":"post-67518","1":"post","2":"type-post","3":"status-publish","4":"format-standard","5":"has-post-thumbnail","7":"category-brasilia","8":"category-politica"},"yoast_head":"<!-- This site is optimized with the Yoast SEO Premium plugin v24.5 (Yoast SEO v27.4) - https:\/\/yoast.com\/product\/yoast-seo-premium-wordpress\/ -->\n<title>Governador Ibaneis Rocha deseja boas festas \u00e0 popula\u00e7\u00e3o do Distrito Federal - P31<\/title>\n<meta name=\"robots\" content=\"index, follow, max-snippet:-1, max-image-preview:large, max-video-preview:-1\" \/>\n<link rel=\"canonical\" href=\"https:\/\/www.p31noticias.com.br\/?p=67518\" \/>\n<meta property=\"og:locale\" content=\"pt_BR\" \/>\n<meta property=\"og:type\" content=\"article\" \/>\n<meta property=\"og:title\" content=\"Governador Ibaneis Rocha deseja boas festas \u00e0 popula\u00e7\u00e3o do Distrito Federal\" \/>\n<meta property=\"og:description\" content=\"A mensagem foi gravada nesta sexta-feira (26) refor\u00e7a votos de paz e progresso para o pr\u00f3ximo ano O governador Ibaneis Rocha desejou boas festas \u00e0 popula\u00e7\u00e3o do Distrito Federal e uma boa virada de ano. A mensagem foi gravada nesta sexta-feira (26) e divulgada nas redes oficiais do Governo do Distrito Federal. Na declara\u00e7\u00e3o, o [&hellip;]\" \/>\n<meta property=\"og:url\" content=\"https:\/\/www.p31noticias.com.br\/?p=67518\" \/>\n<meta property=\"og:site_name\" content=\"P31\" \/>\n<meta property=\"article:published_time\" content=\"2026-01-01T15:27:30+00:00\" \/>\n<meta property=\"og:image\" content=\"https:\/\/www.p31noticias.com.br\/wp-content\/uploads\/2026\/01\/WhatsApp-Image-2025-12-26-at-12.36.33.jpeg\" \/>\n\t<meta property=\"og:image:width\" content=\"1600\" \/>\n\t<meta property=\"og:image:height\" content=\"1066\" \/>\n\t<meta property=\"og:image:type\" content=\"image\/jpeg\" \/>\n<meta name=\"author\" content=\"Gon\u00e7alves Junior\" \/>\n<meta name=\"twitter:card\" content=\"summary_large_image\" \/>\n<meta name=\"twitter:label1\" content=\"Escrito por\" \/>\n\t<meta name=\"twitter:data1\" content=\"Gon\u00e7alves Junior\" \/>\n\t<meta name=\"twitter:label2\" content=\"Est. tempo de leitura\" \/>\n\t<meta name=\"twitter:data2\" content=\"2 minutos\" \/>\n<script type=\"application\/ld+json\" class=\"yoast-schema-graph\">{\"@context\":\"https:\\\/\\\/schema.org\",\"@graph\":[{\"@type\":\"Article\",\"@id\":\"https:\\\/\\\/www.p31noticias.com.br\\\/?p=67518#article\",\"isPartOf\":{\"@id\":\"https:\\\/\\\/www.p31noticias.com.br\\\/?p=67518\"},\"author\":{\"name\":\"Gon\u00e7alves Junior\",\"@id\":\"https:\\\/\\\/www.p31noticias.com.br\\\/#\\\/schema\\\/person\\\/95f2ece30e3b4132065b915150cd0f94\"},\"headline\":\"Governador Ibaneis Rocha deseja boas festas \u00e0 popula\u00e7\u00e3o do Distrito Federal\",\"datePublished\":\"2026-01-01T15:27:30+00:00\",\"mainEntityOfPage\":{\"@id\":\"https:\\\/\\\/www.p31noticias.com.br\\\/?p=67518\"},\"wordCount\":234,\"commentCount\":0,\"image\":{\"@id\":\"https:\\\/\\\/www.p31noticias.com.br\\\/?p=67518#primaryimage\"},\"thumbnailUrl\":\"https:\\\/\\\/www.p31noticias.com.br\\\/wp-content\\\/uploads\\\/2026\\\/01\\\/WhatsApp-Image-2025-12-26-at-12.36.33.jpeg\",\"articleSection\":[\"Bras\u00edlia\",\"Pol\u00edtica\"],\"inLanguage\":\"pt-BR\",\"potentialAction\":[{\"@type\":\"CommentAction\",\"name\":\"Comment\",\"target\":[\"https:\\\/\\\/www.p31noticias.com.br\\\/?p=67518#respond\"]}],\"copyrightYear\":\"2026\",\"copyrightHolder\":{\"@id\":\"https:\\\/\\\/www.p31noticias.com.br\\\/#organization\"}},{\"@type\":\"WebPage\",\"@id\":\"https:\\\/\\\/www.p31noticias.com.br\\\/?p=67518\",\"url\":\"https:\\\/\\\/www.p31noticias.com.br\\\/?p=67518\",\"name\":\"Governador Ibaneis Rocha deseja boas festas \u00e0 popula\u00e7\u00e3o do Distrito Federal - P31\",\"isPartOf\":{\"@id\":\"https:\\\/\\\/www.p31noticias.com.br\\\/#website\"},\"primaryImageOfPage\":{\"@id\":\"https:\\\/\\\/www.p31noticias.com.br\\\/?p=67518#primaryimage\"},\"image\":{\"@id\":\"https:\\\/\\\/www.p31noticias.com.br\\\/?p=67518#primaryimage\"},\"thumbnailUrl\":\"https:\\\/\\\/www.p31noticias.com.br\\\/wp-content\\\/uploads\\\/2026\\\/01\\\/WhatsApp-Image-2025-12-26-at-12.36.33.jpeg\",\"datePublished\":\"2026-01-01T15:27:30+00:00\",\"author\":{\"@id\":\"https:\\\/\\\/www.p31noticias.com.br\\\/#\\\/schema\\\/person\\\/95f2ece30e3b4132065b915150cd0f94\"},\"breadcrumb\":{\"@id\":\"https:\\\/\\\/www.p31noticias.com.br\\\/?p=67518#breadcrumb\"},\"inLanguage\":\"pt-BR\",\"potentialAction\":[{\"@type\":\"ReadAction\",\"target\":[\"https:\\\/\\\/www.p31noticias.com.br\\\/?p=67518\"]}]},{\"@type\":\"ImageObject\",\"inLanguage\":\"pt-BR\",\"@id\":\"https:\\\/\\\/www.p31noticias.com.br\\\/?p=67518#primaryimage\",\"url\":\"https:\\\/\\\/www.p31noticias.com.br\\\/wp-content\\\/uploads\\\/2026\\\/01\\\/WhatsApp-Image-2025-12-26-at-12.36.33.jpeg\",\"contentUrl\":\"https:\\\/\\\/www.p31noticias.com.br\\\/wp-content\\\/uploads\\\/2026\\\/01\\\/WhatsApp-Image-2025-12-26-at-12.36.33.jpeg\",\"width\":1600,\"height\":1066},{\"@type\":\"BreadcrumbList\",\"@id\":\"https:\\\/\\\/www.p31noticias.com.br\\\/?p=67518#breadcrumb\",\"itemListElement\":[{\"@type\":\"ListItem\",\"position\":1,\"name\":\"In\u00edcio\",\"item\":\"https:\\\/\\\/www.p31noticias.com.br\\\/\"},{\"@type\":\"ListItem\",\"position\":2,\"name\":\"Governador Ibaneis Rocha deseja boas festas \u00e0 popula\u00e7\u00e3o do Distrito Federal\"}]},{\"@type\":\"WebSite\",\"@id\":\"https:\\\/\\\/www.p31noticias.com.br\\\/#website\",\"url\":\"https:\\\/\\\/www.p31noticias.com.br\\\/\",\"name\":\"P31\",\"description\":\"NOT\u00cdCIAS\",\"potentialAction\":[{\"@type\":\"SearchAction\",\"target\":{\"@type\":\"EntryPoint\",\"urlTemplate\":\"https:\\\/\\\/www.p31noticias.com.br\\\/?s={search_term_string}\"},\"query-input\":{\"@type\":\"PropertyValueSpecification\",\"valueRequired\":true,\"valueName\":\"search_term_string\"}}],\"inLanguage\":\"pt-BR\"},{\"@type\":\"Person\",\"@id\":\"https:\\\/\\\/www.p31noticias.com.br\\\/#\\\/schema\\\/person\\\/95f2ece30e3b4132065b915150cd0f94\",\"name\":\"Gon\u00e7alves Junior\",\"image\":{\"@type\":\"ImageObject\",\"inLanguage\":\"pt-BR\",\"@id\":\"https:\\\/\\\/secure.gravatar.com\\\/avatar\\\/6711f350116a89762687a48d66f723c799e5438a5b7578508d4294cd7a5d0800?s=96&d=mm&r=g\",\"url\":\"https:\\\/\\\/secure.gravatar.com\\\/avatar\\\/6711f350116a89762687a48d66f723c799e5438a5b7578508d4294cd7a5d0800?s=96&d=mm&r=g\",\"contentUrl\":\"https:\\\/\\\/secure.gravatar.com\\\/avatar\\\/6711f350116a89762687a48d66f723c799e5438a5b7578508d4294cd7a5d0800?s=96&d=mm&r=g\",\"caption\":\"Gon\u00e7alves Junior\"},\"url\":\"https:\\\/\\\/www.p31noticias.com.br\\\/?author=2\"}]}<\/script>\n<!-- \/ Yoast SEO Premium plugin. -->","yoast_head_json":{"title":"Governador Ibaneis Rocha deseja boas festas \u00e0 popula\u00e7\u00e3o do Distrito Federal - P31","robots":{"index":"index","follow":"follow","max-snippet":"max-snippet:-1","max-image-preview":"max-image-preview:large","max-video-preview":"max-video-preview:-1"},"canonical":"https:\/\/www.p31noticias.com.br\/?p=67518","og_locale":"pt_BR","og_type":"article","og_title":"Governador Ibaneis Rocha deseja boas festas \u00e0 popula\u00e7\u00e3o do Distrito Federal","og_description":"A mensagem foi gravada nesta sexta-feira (26) refor\u00e7a votos de paz e progresso para o pr\u00f3ximo ano O governador Ibaneis Rocha desejou boas festas \u00e0 popula\u00e7\u00e3o do Distrito Federal e uma boa virada de ano. A mensagem foi gravada nesta sexta-feira (26) e divulgada nas redes oficiais do Governo do Distrito Federal. Na declara\u00e7\u00e3o, o [&hellip;]","og_url":"https:\/\/www.p31noticias.com.br\/?p=67518","og_site_name":"P31","article_published_time":"2026-01-01T15:27:30+00:00","og_image":[{"width":1600,"height":1066,"url":"https:\/\/www.p31noticias.com.br\/wp-content\/uploads\/2026\/01\/WhatsApp-Image-2025-12-26-at-12.36.33.jpeg","type":"image\/jpeg"}],"author":"Gon\u00e7alves Junior","twitter_card":"summary_large_image","twitter_misc":{"Escrito por":"Gon\u00e7alves Junior","Est. tempo de leitura":"2 minutos"},"schema":{"@context":"https:\/\/schema.org","@graph":[{"@type":"Article","@id":"https:\/\/www.p31noticias.com.br\/?p=67518#article","isPartOf":{"@id":"https:\/\/www.p31noticias.com.br\/?p=67518"},"author":{"name":"Gon\u00e7alves Junior","@id":"https:\/\/www.p31noticias.com.br\/#\/schema\/person\/95f2ece30e3b4132065b915150cd0f94"},"headline":"Governador Ibaneis Rocha deseja boas festas \u00e0 popula\u00e7\u00e3o do Distrito Federal","datePublished":"2026-01-01T15:27:30+00:00","mainEntityOfPage":{"@id":"https:\/\/www.p31noticias.com.br\/?p=67518"},"wordCount":234,"commentCount":0,"image":{"@id":"https:\/\/www.p31noticias.com.br\/?p=67518#primaryimage"},"thumbnailUrl":"https:\/\/www.p31noticias.com.br\/wp-content\/uploads\/2026\/01\/WhatsApp-Image-2025-12-26-at-12.36.33.jpeg","articleSection":["Bras\u00edlia","Pol\u00edtica"],"inLanguage":"pt-BR","potentialAction":[{"@type":"CommentAction","name":"Comment","target":["https:\/\/www.p31noticias.com.br\/?p=67518#respond"]}],"copyrightYear":"2026","copyrightHolder":{"@id":"https:\/\/www.p31noticias.com.br\/#organization"}},{"@type":"WebPage","@id":"https:\/\/www.p31noticias.com.br\/?p=67518","url":"https:\/\/www.p31noticias.com.br\/?p=67518","name":"Governador Ibaneis Rocha deseja boas festas \u00e0 popula\u00e7\u00e3o do Distrito Federal - P31","isPartOf":{"@id":"https:\/\/www.p31noticias.com.br\/#website"},"primaryImageOfPage":{"@id":"https:\/\/www.p31noticias.com.br\/?p=67518#primaryimage"},"image":{"@id":"https:\/\/www.p31noticias.com.br\/?p=67518#primaryimage"},"thumbnailUrl":"https:\/\/www.p31noticias.com.br\/wp-content\/uploads\/2026\/01\/WhatsApp-Image-2025-12-26-at-12.36.33.jpeg","datePublished":"2026-01-01T15:27:30+00:00","author":{"@id":"https:\/\/www.p31noticias.com.br\/#\/schema\/person\/95f2ece30e3b4132065b915150cd0f94"},"breadcrumb":{"@id":"https:\/\/www.p31noticias.com.br\/?p=67518#breadcrumb"},"inLanguage":"pt-BR","potentialAction":[{"@type":"ReadAction","target":["https:\/\/www.p31noticias.com.br\/?p=67518"]}]},{"@type":"ImageObject","inLanguage":"pt-BR","@id":"https:\/\/www.p31noticias.com.br\/?p=67518#primaryimage","url":"https:\/\/www.p31noticias.com.br\/wp-content\/uploads\/2026\/01\/WhatsApp-Image-2025-12-26-at-12.36.33.jpeg","contentUrl":"https:\/\/www.p31noticias.com.br\/wp-content\/uploads\/2026\/01\/WhatsApp-Image-2025-12-26-at-12.36.33.jpeg","width":1600,"height":1066},{"@type":"BreadcrumbList","@id":"https:\/\/www.p31noticias.com.br\/?p=67518#breadcrumb","itemListElement":[{"@type":"ListItem","position":1,"name":"In\u00edcio","item":"https:\/\/www.p31noticias.com.br\/"},{"@type":"ListItem","position":2,"name":"Governador Ibaneis Rocha deseja boas festas \u00e0 popula\u00e7\u00e3o do Distrito Federal"}]},{"@type":"WebSite","@id":"https:\/\/www.p31noticias.com.br\/#website","url":"https:\/\/www.p31noticias.com.br\/","name":"P31","description":"NOT\u00cdCIAS","potentialAction":[{"@type":"SearchAction","target":{"@type":"EntryPoint","urlTemplate":"https:\/\/www.p31noticias.com.br\/?s={search_term_string}"},"query-input":{"@type":"PropertyValueSpecification","valueRequired":true,"valueName":"search_term_string"}}],"inLanguage":"pt-BR"},{"@type":"Person","@id":"https:\/\/www.p31noticias.com.br\/#\/schema\/person\/95f2ece30e3b4132065b915150cd0f94","name":"Gon\u00e7alves Junior","image":{"@type":"ImageObject","inLanguage":"pt-BR","@id":"https:\/\/secure.gravatar.com\/avatar\/6711f350116a89762687a48d66f723c799e5438a5b7578508d4294cd7a5d0800?s=96&d=mm&r=g","url":"https:\/\/secure.gravatar.com\/avatar\/6711f350116a89762687a48d66f723c799e5438a5b7578508d4294cd7a5d0800?s=96&d=mm&r=g","contentUrl":"https:\/\/secure.gravatar.com\/avatar\/6711f350116a89762687a48d66f723c799e5438a5b7578508d4294cd7a5d0800?s=96&d=mm&r=g","caption":"Gon\u00e7alves Junior"},"url":"https:\/\/www.p31noticias.com.br\/?author=2"}]}},"amp_enabled":true,"_links":{"self":[{"href":"https:\/\/www.p31noticias.com.br\/index.php?rest_route=\/wp\/v2\/posts\/67518","targetHints":{"allow":["GET"]}}],"collection":[{"href":"https:\/\/www.p31noticias.com.br\/index.php?rest_route=\/wp\/v2\/posts"}],"about":[{"href":"https:\/\/www.p31noticias.com.br\/index.php?rest_route=\/wp\/v2\/types\/post"}],"author":[{"embeddable":true,"href":"https:\/\/www.p31noticias.com.br\/index.php?rest_route=\/wp\/v2\/users\/2"}],"replies":[{"embeddable":true,"href":"https:\/\/www.p31noticias.com.br\/index.php?rest_route=%2Fwp%2Fv2%2Fcomments&post=67518"}],"version-history":[{"count":1,"href":"https:\/\/www.p31noticias.com.br\/index.php?rest_route=\/wp\/v2\/posts\/67518\/revisions"}],"predecessor-version":[{"id":67520,"href":"https:\/\/www.p31noticias.com.br\/index.php?rest_route=\/wp\/v2\/posts\/67518\/revisions\/67520"}],"wp:featuredmedia":[{"embeddable":true,"href":"https:\/\/www.p31noticias.com.br\/index.php?rest_route=\/wp\/v2\/media\/67519"}],"wp:attachment":[{"href":"https:\/\/www.p31noticias.com.br\/index.php?rest_route=%2Fwp%2Fv2%2Fmedia&parent=67518"}],"wp:term":[{"taxonomy":"category","embeddable":true,"href":"https:\/\/www.p31noticias.com.br\/index.php?rest_route=%2Fwp%2Fv2%2Fcategories&post=67518"},{"taxonomy":"post_tag","embeddable":true,"href":"https:\/\/www.p31noticias.com.br\/index.php?rest_route=%2Fwp%2Fv2%2Ftags&post=67518"}],"curies":[{"name":"wp","href":"https:\/\/api.w.org\/{rel}","templated":true}]}}