{"id":67505,"date":"2025-12-29T15:41:50","date_gmt":"2025-12-29T18:41:50","guid":{"rendered":"https:\/\/www.p31noticias.com.br\/?p=67505"},"modified":"2025-12-29T15:41:50","modified_gmt":"2025-12-29T18:41:50","slug":"esplanada-tera-bloqueios-revista-pessoal-e-reforco-policial-para-a-festa-de-virada-do-ano","status":"publish","type":"post","link":"https:\/\/www.p31noticias.com.br\/?p=67505","title":{"rendered":"Esplanada ter\u00e1 bloqueios, revista pessoal e refor\u00e7o policial para a festa de virada do ano"},"content":{"rendered":"<p style=\"text-align: justify;\"><em><strong>Opera\u00e7\u00e3o integrada envolve for\u00e7as de seguran\u00e7a, bombeiros, tr\u00e2nsito e monitoramento em tempo real durante os eventos do Celebra DF 2026<\/strong><\/em><\/p>\n<p dir=\"ltr\" style=\"text-align: justify;\">O planejamento operacional das for\u00e7as de seguran\u00e7a do Distrito Federal para as festividades de R\u00e9veillon est\u00e1 definido. Coordenadas pela Secretaria de Seguran\u00e7a P\u00fablica (SSP-DF), as a\u00e7\u00f5es t\u00eam como foco garantir a seguran\u00e7a e a tranquilidade do p\u00fablico que escolheu Bras\u00edlia para celebrar a virada do ano.<\/p>\n<p dir=\"ltr\" style=\"text-align: justify;\">As estrat\u00e9gias foram definidas em reuni\u00f5es de alinhamento que envolveram as for\u00e7as de seguran\u00e7a, \u00f3rg\u00e3os do Governo do Distrito Federal (GDF) e a organiza\u00e7\u00e3o do evento. A principal \u00e1rea de impacto ser\u00e1 a Esplanada dos Minist\u00e9rios, que ter\u00e1 o tr\u00e2nsito de ve\u00edculos interrompido a partir das 15h de quarta-feira (31), em raz\u00e3o da programa\u00e7\u00e3o de shows e eventos. Tamb\u00e9m est\u00e3o previstos eventos na Pra\u00e7a dos Orix\u00e1s (Prainha), nos dias 30 e 31, com refor\u00e7o no policiamento.<\/p>\n<p dir=\"ltr\" style=\"text-align: justify;\">De acordo com o secret\u00e1rio de Seguran\u00e7a P\u00fablica, Sandro Avelar, o planejamento foi elaborado com base na integra\u00e7\u00e3o entre as institui\u00e7\u00f5es e na efici\u00eancia das opera\u00e7\u00f5es. \u201cNosso planejamento foi constru\u00eddo de forma conjunta, com aten\u00e7\u00e3o aos eventos programados e participa\u00e7\u00e3o efetiva de todos os envolvidos, para garantir a seguran\u00e7a e a tranquilidade da popula\u00e7\u00e3o\u201d, afirmou.<\/p>\n<p dir=\"ltr\" style=\"text-align: justify;\">Avelar destacou ainda que a atua\u00e7\u00e3o integrada permite manter o atendimento \u00e0s demais demandas da \u00e1rea. \u201cChegamos a um planejamento que assegura a seguran\u00e7a dos eventos de fim de ano sem deixar de atuar nas outras frentes da seguran\u00e7a p\u00fablica do Distrito Federal\u201d, completou.<\/p>\n<p dir=\"ltr\" style=\"text-align: justify;\">Os eventos ser\u00e3o monitorados pela SSP-DF por meio do Centro Integrado de Opera\u00e7\u00f5es de Bras\u00edlia (Ciob), que re\u00fane 31 \u00f3rg\u00e3os, institui\u00e7\u00f5es e ag\u00eancias do GDF respons\u00e1veis por \u00e1reas como seguran\u00e7a, mobilidade, sa\u00fade, fiscaliza\u00e7\u00e3o e presta\u00e7\u00e3o de servi\u00e7os p\u00fablicos.<\/p>\n<p dir=\"ltr\" style=\"text-align: justify;\">Segundo o secret\u00e1rio, o monitoramento em tempo real \u00e9 essencial para a r\u00e1pida tomada de decis\u00f5es. \u201cEssa integra\u00e7\u00e3o \u00e9 fundamental para garantir respostas mais r\u00e1pidas e eficazes, sempre colocando o interesse p\u00fablico em primeiro lugar\u201d, ressaltou.<\/p>\n<figure class=\"image\" style=\"text-align: justify;\"><picture data-fileentryid=\"28069624\"><source srcset=\"\/o\/adaptive-media\/image\/28069624\/Thumbnail-300x300\/WhatsApp+Image+2025-12-29+at+13.16.02.jpeg?t=1767026507180\" media=\"(max-width:300px)\" \/><source srcset=\"\/o\/adaptive-media\/image\/28069624\/Preview-1000x0\/WhatsApp+Image+2025-12-29+at+13.16.02.jpeg?t=1767026507180\" media=\"(max-width:1000px) and (min-width:300px)\" \/><\/picture><picture data-fileentryid=\"28069624\"><source srcset=\"\/o\/adaptive-media\/image\/28069624\/Thumbnail-300x300\/WhatsApp+Image+2025-12-29+at+13.16.02.jpeg?t=1767026507180\" media=\"(max-width:300px)\" \/><source srcset=\"\/o\/adaptive-media\/image\/28069624\/Preview-1000x0\/WhatsApp+Image+2025-12-29+at+13.16.02.jpeg?t=1767026507180\" media=\"(max-width:1000px) and (min-width:300px)\" \/><img decoding=\"async\" src=\"https:\/\/agenciabrasilia.df.gov.br\/documents\/d\/guest\/whatsapp-image-2025-12-29-at-13-16-02-jpeg\" alt=\"\" data-fileentryid=\"28069624\" data-gdf-processed=\"true\" \/><\/picture><figcaption><img decoding=\"async\" src=\"https:\/\/agenciabrasilia.df.gov.br\/documents\/d\/guest\/whatsapp-image-2025-12-29-at-13-16-02-jpeg\" \/>Os eventos de final de ano ser\u00e3o monitorados pela SSP-DF por meio do Centro Integrado de Opera\u00e7\u00f5es de Bras\u00edlia (Ciob)<\/figcaption><\/figure>\n<p dir=\"ltr\" style=\"text-align: justify;\"><strong>Cidade da Seguran\u00e7a<\/strong><\/p>\n<p dir=\"ltr\" style=\"text-align: justify;\">Para facilitar a atua\u00e7\u00e3o e dar celeridade aos atendimentos, as for\u00e7as de seguran\u00e7a ter\u00e3o como base a estrutura da Cidade da Seguran\u00e7a, que ser\u00e1 montada ao lado do Museu da Rep\u00fablica. O local servir\u00e1 como ponto de apoio aos agentes, com os comandos m\u00f3veis das corpora\u00e7\u00f5es. Imagens de drones e das c\u00e2meras localizadas no comando m\u00f3vel da Pol\u00edcia Militar (PMDF) v\u00e3o contribuir com o policiamento.<\/p>\n<p dir=\"ltr\" style=\"text-align: justify;\">O Corpo de Bombeiros Militar (CBMDF) estar\u00e1 no local e atuar\u00e1 de forma integrada e estrat\u00e9gica durante os eventos de ano-novo no DF, com o objetivo de garantir a seguran\u00e7a da popula\u00e7\u00e3o e uma pronta resposta a emerg\u00eancias.<\/p>\n<p dir=\"ltr\" style=\"text-align: justify;\">As principais a\u00e7\u00f5es da corpora\u00e7\u00e3o incluem viaturas e equipes especializadas posicionadas em pontos estrat\u00e9gicos, preven\u00e7\u00e3o e combate a inc\u00eandios em \u00e1reas de grande fluxo, atendimento pr\u00e9-hospitalar com suporte imediato, atendimento a\u00e9reo para ampliar a capacidade de resposta e integra\u00e7\u00e3o com \u00f3rg\u00e3os parceiros para coordena\u00e7\u00e3o efetiva. Os militares atuar\u00e3o em toda a \u00e1rea impactada e tamb\u00e9m estar\u00e3o presentes na Cidade da Seguran\u00e7a. Em caso de emerg\u00eancia, a orienta\u00e7\u00e3o \u00e9 acionar o telefone 193.<\/p>\n<p dir=\"ltr\" style=\"text-align: justify;\">Os efetivos da 1\u00aa e da 5\u00aa delegacias de pol\u00edcia e da Delegacia da Crian\u00e7a e do Adolescente I (DCA I), respons\u00e1veis pela regi\u00e3o, ter\u00e3o refor\u00e7o. Haver\u00e1 prioridade nos atendimentos de ocorr\u00eancias relacionadas aos eventos. A Divis\u00e3o de Opera\u00e7\u00f5es A\u00e9reas (DOA) poder\u00e1 ser acionada, caso necess\u00e1rio, e o canal de den\u00fancias da Pol\u00edcia Civil do DF funcionar\u00e1 de forma ininterrupta. As den\u00fancias podem ser feitas de forma online, pelo e-mail denuncia197@pcdf.df.gov.br; pelo telefone 197, op\u00e7\u00e3o zero; ou pelo WhatsApp (61) 98626-1197.<\/p>\n<figure class=\"image\" style=\"text-align: justify;\"><picture data-fileentryid=\"28069667\"><source srcset=\"\/o\/adaptive-media\/image\/28069667\/Thumbnail-300x300\/WhatsApp+Image+2025-12-29+at+13.16.02+%281%29.jpeg?t=1767026725504\" media=\"(max-width:300px)\" \/><source srcset=\"\/o\/adaptive-media\/image\/28069667\/Preview-1000x0\/WhatsApp+Image+2025-12-29+at+13.16.02+%281%29.jpeg?t=1767026725504\" media=\"(max-width:1000px) and (min-width:300px)\" \/><\/picture><picture data-fileentryid=\"28069667\"><source srcset=\"\/o\/adaptive-media\/image\/28069667\/Thumbnail-300x300\/WhatsApp+Image+2025-12-29+at+13.16.02+%281%29.jpeg?t=1767026725504\" media=\"(max-width:300px)\" \/><source srcset=\"\/o\/adaptive-media\/image\/28069667\/Preview-1000x0\/WhatsApp+Image+2025-12-29+at+13.16.02+%281%29.jpeg?t=1767026725504\" media=\"(max-width:1000px) and (min-width:300px)\" \/><\/picture><\/figure>\n<p dir=\"ltr\" style=\"text-align: justify;\"><strong><img decoding=\"async\" src=\"https:\/\/agenciabrasilia.df.gov.br\/documents\/d\/guest\/whatsapp-image-2025-12-29-at-13-16-02-1-jpeg\" \/>Tr\u00e2nsito<\/strong><\/p>\n<p dir=\"ltr\" style=\"text-align: justify;\">A PMDF e o Departamento de Tr\u00e2nsito (Detran-DF) coordenar\u00e3o o bloqueio de vias e o tr\u00e2nsito na regi\u00e3o central. Ser\u00e3o realizadas a\u00e7\u00f5es de sinaliza\u00e7\u00e3o, controle e fiscaliza\u00e7\u00e3o de tr\u00e2nsito na Esplanada dos Minist\u00e9rios.<\/p>\n<p dir=\"ltr\" style=\"text-align: justify;\">A partir das 15h de quarta (31), o tr\u00e2nsito na via N1\/S1, entre a Catedral e o 1\u00ba Grupamento de Bombeiro Militar, ser\u00e1 interrompido nos dois sentidos. O Buraco do Tatu\u00ed (liga\u00e7\u00e3o entre a L2 Sul e a L2 Norte) ter\u00e1 o tr\u00e2nsito liberado para ve\u00edculos. A reabertura das vias ser\u00e1 feita na madrugada de sexta (2\/1), ap\u00f3s a dispers\u00e3o do p\u00fablico e avalia\u00e7\u00e3o das autoridades de tr\u00e2nsito.<\/p>\n<p dir=\"ltr\" style=\"text-align: justify;\">Para garantir maior seguran\u00e7a na passagem de pedestres, equipes do Detran-DF e da PMDF apoiar\u00e3o a travessia e tamb\u00e9m atuar\u00e3o para coibir infra\u00e7\u00f5es, como alcoolemia e estacionamento irregular.<\/p>\n<p dir=\"ltr\" style=\"text-align: justify;\">Os estacionamentos dos anexos dos minist\u00e9rios estar\u00e3o liberados para uso do p\u00fablico. Outros locais dispon\u00edveis s\u00e3o os estacionamentos dos setores banc\u00e1rio, de autarquias e a plataforma superior da Rodovi\u00e1ria do Plano Piloto.<\/p>\n<div class=\"text-content\">Pessoas com defici\u00eancia (PcDs) poder\u00e3o deixar os ve\u00edculos no estacionamento do Minist\u00e9rio da Sa\u00fade. O acesso poder\u00e1 ser feito pelo t\u00fanel do Itamaraty, com entrada pela via S2, pela contram\u00e3o, at\u00e9 o estacionamento.<\/p>\n<p dir=\"ltr\" style=\"text-align: justify;\">Os anexos dos tr\u00eas primeiros minist\u00e9rios (sentido Rodovi\u00e1ria\u2013Congresso Nacional) ser\u00e3o os pontos destinados para t\u00e1xis e aplicativos.<\/p>\n<p dir=\"ltr\" style=\"text-align: justify;\"><strong>Revistas pessoais<\/strong><\/p>\n<p dir=\"ltr\" style=\"text-align: justify;\">Os policiais far\u00e3o revistas pessoais antes do acesso ao local dos shows, que ocorrer\u00e3o no quinto quadrante da Esplanada, antes da Avenida Jos\u00e9 Sarney. As unidades especializadas da PMDF \u2014 como Cavalaria, BPC\u00e3es e Bope \u2014 e da Pol\u00edcia Civil do Distrito Federal (PCDF) estar\u00e3o de prontid\u00e3o para atuar. As escadarias dos minist\u00e9rios paralelas ao local do evento ser\u00e3o interditadas. Somente estar\u00e3o acess\u00edveis as tr\u00eas primeiras escadarias dos lados sul e norte da Esplanada dos Minist\u00e9rios.<\/p>\n<p dir=\"ltr\" style=\"text-align: justify;\">Durante todo o dia 31, haver\u00e1 refor\u00e7o do policiamento na \u00e1rea da Esplanada, na Rodovi\u00e1ria do Plano Piloto e nos setores hoteleiros Sul e Norte. As linhas de revista ser\u00e3o realizadas em todo o per\u00edmetro da Esplanada, da Rodovi\u00e1ria e da Esta\u00e7\u00e3o Central do Metr\u00f4, inclusive com a utiliza\u00e7\u00e3o de c\u00e3es.<\/p>\n<p dir=\"ltr\" style=\"text-align: justify;\">Al\u00e9m da Esplanada, as tropas especializadas da corpora\u00e7\u00e3o estar\u00e3o posicionadas em Ceil\u00e2ndia e Planaltina, para qualquer eventualidade.<\/p>\n<p dir=\"ltr\" style=\"text-align: justify;\"><strong>Prainha<\/strong><\/p>\n<p dir=\"ltr\" style=\"text-align: justify;\">Em raz\u00e3o do R\u00e9veillon da Prainha, ser\u00e3o montados dois pontos de controle de tr\u00e2nsito (PCTran) nas proximidades da Pra\u00e7a dos Orix\u00e1s. Nesses pontos, os agentes atuar\u00e3o das primeiras horas de ter\u00e7a (30) at\u00e9 a madrugada de sexta-feira (2).<\/p>\n<p dir=\"ltr\" style=\"text-align: justify;\">O objetivo das equipes de fiscaliza\u00e7\u00e3o e policiamento de tr\u00e2nsito \u00e9 garantir maior fluidez ao tr\u00e1fego, inibir o estacionamento irregular e auxiliar a travessia de pedestres. Al\u00e9m dos pontos fixos de controle, haver\u00e1 patrulhamento nas imedia\u00e7\u00f5es do evento, a fim de coibir a pr\u00e1tica de infra\u00e7\u00f5es de tr\u00e2nsito que coloquem em risco a seguran\u00e7a vi\u00e1ria.<\/p>\n<figure class=\"image\" style=\"text-align: justify;\"><picture data-fileentryid=\"28069679\"><source srcset=\"\/o\/adaptive-media\/image\/28069679\/Thumbnail-300x300\/WhatsApp+Image+2025-12-29+at+13.16.02+%282%29.jpeg?t=1767026797755\" media=\"(max-width:300px)\" \/><source srcset=\"\/o\/adaptive-media\/image\/28069679\/Preview-1000x0\/WhatsApp+Image+2025-12-29+at+13.16.02+%282%29.jpeg?t=1767026797755\" media=\"(max-width:1000px) and (min-width:300px)\" \/><\/picture><picture data-fileentryid=\"28069679\"><source srcset=\"\/o\/adaptive-media\/image\/28069679\/Thumbnail-300x300\/WhatsApp+Image+2025-12-29+at+13.16.02+%282%29.jpeg?t=1767026797755\" media=\"(max-width:300px)\" \/><source srcset=\"\/o\/adaptive-media\/image\/28069679\/Preview-1000x0\/WhatsApp+Image+2025-12-29+at+13.16.02+%282%29.jpeg?t=1767026797755\" media=\"(max-width:1000px) and (min-width:300px)\" \/><img decoding=\"async\" src=\"https:\/\/agenciabrasilia.df.gov.br\/documents\/d\/guest\/whatsapp-image-2025-12-29-at-13-16-02-2-jpeg\" alt=\"\" data-fileentryid=\"28069679\" data-gdf-processed=\"true\" \/><\/picture><figcaption><img decoding=\"async\" src=\"https:\/\/agenciabrasilia.df.gov.br\/documents\/d\/guest\/whatsapp-image-2025-12-29-at-13-16-02-2-jpeg\" \/>O planejamento operacional envolve todas as for\u00e7as de seguran\u00e7a do Distrito Federal<\/figcaption><\/figure>\n<p dir=\"ltr\" style=\"text-align: justify;\"><strong>Itens proibidos<\/strong><\/p>\n<p style=\"text-align: justify;\">\u2192 Fogos de artif\u00edcio e similares;<br \/>\n\u2192 Armas de fogo em geral;<br \/>\n\u2192 Latas, copos e garrafas de vidro;<br \/>\n\u2192 Apontadores a laser ou similares;<br \/>\n\u2192 Artefatos explosivos;<br \/>\n\u2192 Sprays e aeross\u00f3is;<br \/>\n\u2192 Animais em geral, com exce\u00e7\u00e3o de c\u00e3es-guia;<br \/>\n\u2192 Bolsas e mochilas com mais de 100 cm na soma das dimens\u00f5es dos tr\u00eas lados (altura, largura e profundidade);<br \/>\n\u2192 M\u00e1scaras de qualquer tipo e tamanho, exceto as de prote\u00e7\u00e3o facial;<br \/>\n\u2192 Mastros confeccionados com qualquer tipo de material para sustentar, ou n\u00e3o, bandeiras e cartazes;<br \/>\n\u2192 Malas, pastas, caixas e similares;<br \/>\n\u2192 Churrasqueiras de qualquer tamanho;<br \/>\n\u2192 Barracas e similares de qualquer tamanho ou tipo;<br \/>\n\u2192 Drones n\u00e3o autorizados;<br \/>\n\u2192 Armas brancas ou qualquer outro objeto que possa causar ferimentos, mesmo que representem utens\u00edlios de trabalho ou culturais, como tesouras, martelos, flechas, tacos, tacapes, brocas etc.;<br \/>\n\u2192 Fog\u00f5es e similares que utilizem g\u00e1s e\/ou eletricidade;<br \/>\n\u2192 Armas de brinquedo, r\u00e9plicas, simulacros e quaisquer itens que possuam apar\u00eancia de arma de fogo;<br \/>\n\u2192 Drogas il\u00edcitas, conforme a legisla\u00e7\u00e3o brasileira;<br \/>\n\u2192 Subst\u00e2ncias inflam\u00e1veis de qualquer tamanho ou tipo;<br \/>\n\u2192 Quaisquer outros itens que possam comprometer a seguran\u00e7a;<br \/>\n\u2192 Quaisquer outros itens a serem divulgados, com anteced\u00eancia m\u00ednima de 24h da opera\u00e7\u00e3o, pela PMDF e\/ou SSP e\/ou GDF.<\/p>\n<p style=\"text-align: justify;\"><strong><em>Com informa\u00e7\u00f5es da Secretaria de Seguran\u00e7a P\u00fablica (SSP-DF)<\/em><\/strong><\/p>\n<\/div>\n","protected":false},"excerpt":{"rendered":"<p>Opera\u00e7\u00e3o integrada envolve for\u00e7as de seguran\u00e7a, bombeiros, tr\u00e2nsito e monitoramento em tempo real durante os eventos do Celebra DF 2026 O planejamento operacional das for\u00e7as de seguran\u00e7a do Distrito Federal para as festividades de R\u00e9veillon est\u00e1 definido. Coordenadas pela Secretaria de Seguran\u00e7a P\u00fablica (SSP-DF), as a\u00e7\u00f5es t\u00eam como foco garantir a seguran\u00e7a e a tranquilidade [&hellip;]<\/p>\n","protected":false},"author":2,"featured_media":67506,"comment_status":"open","ping_status":"closed","sticky":false,"template":"","format":"standard","meta":{"footnotes":""},"categories":[21,57,3298],"tags":[],"class_list":{"0":"post-67505","1":"post","2":"type-post","3":"status-publish","4":"format-standard","5":"has-post-thumbnail","7":"category-brasilia","8":"category-politica","9":"category-seguranca"},"yoast_head":"<!-- This site is optimized with the Yoast SEO Premium plugin v24.5 (Yoast SEO v27.4) - https:\/\/yoast.com\/product\/yoast-seo-premium-wordpress\/ -->\n<title>Esplanada ter\u00e1 bloqueios, revista pessoal e refor\u00e7o policial para a festa de virada do ano - P31<\/title>\n<meta name=\"robots\" content=\"index, follow, max-snippet:-1, max-image-preview:large, max-video-preview:-1\" \/>\n<link rel=\"canonical\" href=\"https:\/\/www.p31noticias.com.br\/?p=67505\" \/>\n<meta property=\"og:locale\" content=\"pt_BR\" \/>\n<meta property=\"og:type\" content=\"article\" \/>\n<meta property=\"og:title\" content=\"Esplanada ter\u00e1 bloqueios, revista pessoal e refor\u00e7o policial para a festa de virada do ano\" \/>\n<meta property=\"og:description\" content=\"Opera\u00e7\u00e3o integrada envolve for\u00e7as de seguran\u00e7a, bombeiros, tr\u00e2nsito e monitoramento em tempo real durante os eventos do Celebra DF 2026 O planejamento operacional das for\u00e7as de seguran\u00e7a do Distrito Federal para as festividades de R\u00e9veillon est\u00e1 definido. Coordenadas pela Secretaria de Seguran\u00e7a P\u00fablica (SSP-DF), as a\u00e7\u00f5es t\u00eam como foco garantir a seguran\u00e7a e a tranquilidade [&hellip;]\" \/>\n<meta property=\"og:url\" content=\"https:\/\/www.p31noticias.com.br\/?p=67505\" \/>\n<meta property=\"og:site_name\" content=\"P31\" \/>\n<meta property=\"article:published_time\" content=\"2025-12-29T18:41:50+00:00\" \/>\n<meta property=\"og:image\" content=\"https:\/\/www.p31noticias.com.br\/wp-content\/uploads\/2025\/12\/WhatsApp-Image-2025-12-29-at-13.16.03.jpeg\" \/>\n\t<meta property=\"og:image:width\" content=\"2560\" \/>\n\t<meta property=\"og:image:height\" content=\"1706\" \/>\n\t<meta property=\"og:image:type\" content=\"image\/jpeg\" \/>\n<meta name=\"author\" content=\"Gon\u00e7alves Junior\" \/>\n<meta name=\"twitter:card\" content=\"summary_large_image\" \/>\n<meta name=\"twitter:label1\" content=\"Escrito por\" \/>\n\t<meta name=\"twitter:data1\" content=\"Gon\u00e7alves Junior\" \/>\n\t<meta name=\"twitter:label2\" content=\"Est. tempo de leitura\" \/>\n\t<meta name=\"twitter:data2\" content=\"9 minutos\" \/>\n<script type=\"application\/ld+json\" class=\"yoast-schema-graph\">{\"@context\":\"https:\\\/\\\/schema.org\",\"@graph\":[{\"@type\":\"Article\",\"@id\":\"https:\\\/\\\/www.p31noticias.com.br\\\/?p=67505#article\",\"isPartOf\":{\"@id\":\"https:\\\/\\\/www.p31noticias.com.br\\\/?p=67505\"},\"author\":{\"name\":\"Gon\u00e7alves Junior\",\"@id\":\"https:\\\/\\\/www.p31noticias.com.br\\\/#\\\/schema\\\/person\\\/95f2ece30e3b4132065b915150cd0f94\"},\"headline\":\"Esplanada ter\u00e1 bloqueios, revista pessoal e refor\u00e7o policial para a festa de virada do ano\",\"datePublished\":\"2025-12-29T18:41:50+00:00\",\"mainEntityOfPage\":{\"@id\":\"https:\\\/\\\/www.p31noticias.com.br\\\/?p=67505\"},\"wordCount\":1487,\"commentCount\":0,\"image\":{\"@id\":\"https:\\\/\\\/www.p31noticias.com.br\\\/?p=67505#primaryimage\"},\"thumbnailUrl\":\"https:\\\/\\\/www.p31noticias.com.br\\\/wp-content\\\/uploads\\\/2025\\\/12\\\/WhatsApp-Image-2025-12-29-at-13.16.03.jpeg\",\"articleSection\":[\"Bras\u00edlia\",\"Pol\u00edtica\",\"Seguran\u00e7a\"],\"inLanguage\":\"pt-BR\",\"potentialAction\":[{\"@type\":\"CommentAction\",\"name\":\"Comment\",\"target\":[\"https:\\\/\\\/www.p31noticias.com.br\\\/?p=67505#respond\"]}],\"copyrightYear\":\"2025\",\"copyrightHolder\":{\"@id\":\"https:\\\/\\\/www.p31noticias.com.br\\\/#organization\"}},{\"@type\":\"WebPage\",\"@id\":\"https:\\\/\\\/www.p31noticias.com.br\\\/?p=67505\",\"url\":\"https:\\\/\\\/www.p31noticias.com.br\\\/?p=67505\",\"name\":\"Esplanada ter\u00e1 bloqueios, revista pessoal e refor\u00e7o policial para a festa de virada do ano - P31\",\"isPartOf\":{\"@id\":\"https:\\\/\\\/www.p31noticias.com.br\\\/#website\"},\"primaryImageOfPage\":{\"@id\":\"https:\\\/\\\/www.p31noticias.com.br\\\/?p=67505#primaryimage\"},\"image\":{\"@id\":\"https:\\\/\\\/www.p31noticias.com.br\\\/?p=67505#primaryimage\"},\"thumbnailUrl\":\"https:\\\/\\\/www.p31noticias.com.br\\\/wp-content\\\/uploads\\\/2025\\\/12\\\/WhatsApp-Image-2025-12-29-at-13.16.03.jpeg\",\"datePublished\":\"2025-12-29T18:41:50+00:00\",\"author\":{\"@id\":\"https:\\\/\\\/www.p31noticias.com.br\\\/#\\\/schema\\\/person\\\/95f2ece30e3b4132065b915150cd0f94\"},\"breadcrumb\":{\"@id\":\"https:\\\/\\\/www.p31noticias.com.br\\\/?p=67505#breadcrumb\"},\"inLanguage\":\"pt-BR\",\"potentialAction\":[{\"@type\":\"ReadAction\",\"target\":[\"https:\\\/\\\/www.p31noticias.com.br\\\/?p=67505\"]}]},{\"@type\":\"ImageObject\",\"inLanguage\":\"pt-BR\",\"@id\":\"https:\\\/\\\/www.p31noticias.com.br\\\/?p=67505#primaryimage\",\"url\":\"https:\\\/\\\/www.p31noticias.com.br\\\/wp-content\\\/uploads\\\/2025\\\/12\\\/WhatsApp-Image-2025-12-29-at-13.16.03.jpeg\",\"contentUrl\":\"https:\\\/\\\/www.p31noticias.com.br\\\/wp-content\\\/uploads\\\/2025\\\/12\\\/WhatsApp-Image-2025-12-29-at-13.16.03.jpeg\",\"width\":2560,\"height\":1706},{\"@type\":\"BreadcrumbList\",\"@id\":\"https:\\\/\\\/www.p31noticias.com.br\\\/?p=67505#breadcrumb\",\"itemListElement\":[{\"@type\":\"ListItem\",\"position\":1,\"name\":\"In\u00edcio\",\"item\":\"https:\\\/\\\/www.p31noticias.com.br\\\/\"},{\"@type\":\"ListItem\",\"position\":2,\"name\":\"Esplanada ter\u00e1 bloqueios, revista pessoal e refor\u00e7o policial para a festa de virada do ano\"}]},{\"@type\":\"WebSite\",\"@id\":\"https:\\\/\\\/www.p31noticias.com.br\\\/#website\",\"url\":\"https:\\\/\\\/www.p31noticias.com.br\\\/\",\"name\":\"P31\",\"description\":\"NOT\u00cdCIAS\",\"potentialAction\":[{\"@type\":\"SearchAction\",\"target\":{\"@type\":\"EntryPoint\",\"urlTemplate\":\"https:\\\/\\\/www.p31noticias.com.br\\\/?s={search_term_string}\"},\"query-input\":{\"@type\":\"PropertyValueSpecification\",\"valueRequired\":true,\"valueName\":\"search_term_string\"}}],\"inLanguage\":\"pt-BR\"},{\"@type\":\"Person\",\"@id\":\"https:\\\/\\\/www.p31noticias.com.br\\\/#\\\/schema\\\/person\\\/95f2ece30e3b4132065b915150cd0f94\",\"name\":\"Gon\u00e7alves Junior\",\"image\":{\"@type\":\"ImageObject\",\"inLanguage\":\"pt-BR\",\"@id\":\"https:\\\/\\\/secure.gravatar.com\\\/avatar\\\/6711f350116a89762687a48d66f723c799e5438a5b7578508d4294cd7a5d0800?s=96&d=mm&r=g\",\"url\":\"https:\\\/\\\/secure.gravatar.com\\\/avatar\\\/6711f350116a89762687a48d66f723c799e5438a5b7578508d4294cd7a5d0800?s=96&d=mm&r=g\",\"contentUrl\":\"https:\\\/\\\/secure.gravatar.com\\\/avatar\\\/6711f350116a89762687a48d66f723c799e5438a5b7578508d4294cd7a5d0800?s=96&d=mm&r=g\",\"caption\":\"Gon\u00e7alves Junior\"},\"url\":\"https:\\\/\\\/www.p31noticias.com.br\\\/?author=2\"}]}<\/script>\n<!-- \/ Yoast SEO Premium plugin. -->","yoast_head_json":{"title":"Esplanada ter\u00e1 bloqueios, revista pessoal e refor\u00e7o policial para a festa de virada do ano - P31","robots":{"index":"index","follow":"follow","max-snippet":"max-snippet:-1","max-image-preview":"max-image-preview:large","max-video-preview":"max-video-preview:-1"},"canonical":"https:\/\/www.p31noticias.com.br\/?p=67505","og_locale":"pt_BR","og_type":"article","og_title":"Esplanada ter\u00e1 bloqueios, revista pessoal e refor\u00e7o policial para a festa de virada do ano","og_description":"Opera\u00e7\u00e3o integrada envolve for\u00e7as de seguran\u00e7a, bombeiros, tr\u00e2nsito e monitoramento em tempo real durante os eventos do Celebra DF 2026 O planejamento operacional das for\u00e7as de seguran\u00e7a do Distrito Federal para as festividades de R\u00e9veillon est\u00e1 definido. Coordenadas pela Secretaria de Seguran\u00e7a P\u00fablica (SSP-DF), as a\u00e7\u00f5es t\u00eam como foco garantir a seguran\u00e7a e a tranquilidade [&hellip;]","og_url":"https:\/\/www.p31noticias.com.br\/?p=67505","og_site_name":"P31","article_published_time":"2025-12-29T18:41:50+00:00","og_image":[{"width":2560,"height":1706,"url":"https:\/\/www.p31noticias.com.br\/wp-content\/uploads\/2025\/12\/WhatsApp-Image-2025-12-29-at-13.16.03.jpeg","type":"image\/jpeg"}],"author":"Gon\u00e7alves Junior","twitter_card":"summary_large_image","twitter_misc":{"Escrito por":"Gon\u00e7alves Junior","Est. tempo de leitura":"9 minutos"},"schema":{"@context":"https:\/\/schema.org","@graph":[{"@type":"Article","@id":"https:\/\/www.p31noticias.com.br\/?p=67505#article","isPartOf":{"@id":"https:\/\/www.p31noticias.com.br\/?p=67505"},"author":{"name":"Gon\u00e7alves Junior","@id":"https:\/\/www.p31noticias.com.br\/#\/schema\/person\/95f2ece30e3b4132065b915150cd0f94"},"headline":"Esplanada ter\u00e1 bloqueios, revista pessoal e refor\u00e7o policial para a festa de virada do ano","datePublished":"2025-12-29T18:41:50+00:00","mainEntityOfPage":{"@id":"https:\/\/www.p31noticias.com.br\/?p=67505"},"wordCount":1487,"commentCount":0,"image":{"@id":"https:\/\/www.p31noticias.com.br\/?p=67505#primaryimage"},"thumbnailUrl":"https:\/\/www.p31noticias.com.br\/wp-content\/uploads\/2025\/12\/WhatsApp-Image-2025-12-29-at-13.16.03.jpeg","articleSection":["Bras\u00edlia","Pol\u00edtica","Seguran\u00e7a"],"inLanguage":"pt-BR","potentialAction":[{"@type":"CommentAction","name":"Comment","target":["https:\/\/www.p31noticias.com.br\/?p=67505#respond"]}],"copyrightYear":"2025","copyrightHolder":{"@id":"https:\/\/www.p31noticias.com.br\/#organization"}},{"@type":"WebPage","@id":"https:\/\/www.p31noticias.com.br\/?p=67505","url":"https:\/\/www.p31noticias.com.br\/?p=67505","name":"Esplanada ter\u00e1 bloqueios, revista pessoal e refor\u00e7o policial para a festa de virada do ano - P31","isPartOf":{"@id":"https:\/\/www.p31noticias.com.br\/#website"},"primaryImageOfPage":{"@id":"https:\/\/www.p31noticias.com.br\/?p=67505#primaryimage"},"image":{"@id":"https:\/\/www.p31noticias.com.br\/?p=67505#primaryimage"},"thumbnailUrl":"https:\/\/www.p31noticias.com.br\/wp-content\/uploads\/2025\/12\/WhatsApp-Image-2025-12-29-at-13.16.03.jpeg","datePublished":"2025-12-29T18:41:50+00:00","author":{"@id":"https:\/\/www.p31noticias.com.br\/#\/schema\/person\/95f2ece30e3b4132065b915150cd0f94"},"breadcrumb":{"@id":"https:\/\/www.p31noticias.com.br\/?p=67505#breadcrumb"},"inLanguage":"pt-BR","potentialAction":[{"@type":"ReadAction","target":["https:\/\/www.p31noticias.com.br\/?p=67505"]}]},{"@type":"ImageObject","inLanguage":"pt-BR","@id":"https:\/\/www.p31noticias.com.br\/?p=67505#primaryimage","url":"https:\/\/www.p31noticias.com.br\/wp-content\/uploads\/2025\/12\/WhatsApp-Image-2025-12-29-at-13.16.03.jpeg","contentUrl":"https:\/\/www.p31noticias.com.br\/wp-content\/uploads\/2025\/12\/WhatsApp-Image-2025-12-29-at-13.16.03.jpeg","width":2560,"height":1706},{"@type":"BreadcrumbList","@id":"https:\/\/www.p31noticias.com.br\/?p=67505#breadcrumb","itemListElement":[{"@type":"ListItem","position":1,"name":"In\u00edcio","item":"https:\/\/www.p31noticias.com.br\/"},{"@type":"ListItem","position":2,"name":"Esplanada ter\u00e1 bloqueios, revista pessoal e refor\u00e7o policial para a festa de virada do ano"}]},{"@type":"WebSite","@id":"https:\/\/www.p31noticias.com.br\/#website","url":"https:\/\/www.p31noticias.com.br\/","name":"P31","description":"NOT\u00cdCIAS","potentialAction":[{"@type":"SearchAction","target":{"@type":"EntryPoint","urlTemplate":"https:\/\/www.p31noticias.com.br\/?s={search_term_string}"},"query-input":{"@type":"PropertyValueSpecification","valueRequired":true,"valueName":"search_term_string"}}],"inLanguage":"pt-BR"},{"@type":"Person","@id":"https:\/\/www.p31noticias.com.br\/#\/schema\/person\/95f2ece30e3b4132065b915150cd0f94","name":"Gon\u00e7alves Junior","image":{"@type":"ImageObject","inLanguage":"pt-BR","@id":"https:\/\/secure.gravatar.com\/avatar\/6711f350116a89762687a48d66f723c799e5438a5b7578508d4294cd7a5d0800?s=96&d=mm&r=g","url":"https:\/\/secure.gravatar.com\/avatar\/6711f350116a89762687a48d66f723c799e5438a5b7578508d4294cd7a5d0800?s=96&d=mm&r=g","contentUrl":"https:\/\/secure.gravatar.com\/avatar\/6711f350116a89762687a48d66f723c799e5438a5b7578508d4294cd7a5d0800?s=96&d=mm&r=g","caption":"Gon\u00e7alves Junior"},"url":"https:\/\/www.p31noticias.com.br\/?author=2"}]}},"amp_enabled":true,"_links":{"self":[{"href":"https:\/\/www.p31noticias.com.br\/index.php?rest_route=\/wp\/v2\/posts\/67505","targetHints":{"allow":["GET"]}}],"collection":[{"href":"https:\/\/www.p31noticias.com.br\/index.php?rest_route=\/wp\/v2\/posts"}],"about":[{"href":"https:\/\/www.p31noticias.com.br\/index.php?rest_route=\/wp\/v2\/types\/post"}],"author":[{"embeddable":true,"href":"https:\/\/www.p31noticias.com.br\/index.php?rest_route=\/wp\/v2\/users\/2"}],"replies":[{"embeddable":true,"href":"https:\/\/www.p31noticias.com.br\/index.php?rest_route=%2Fwp%2Fv2%2Fcomments&post=67505"}],"version-history":[{"count":2,"href":"https:\/\/www.p31noticias.com.br\/index.php?rest_route=\/wp\/v2\/posts\/67505\/revisions"}],"predecessor-version":[{"id":67508,"href":"https:\/\/www.p31noticias.com.br\/index.php?rest_route=\/wp\/v2\/posts\/67505\/revisions\/67508"}],"wp:featuredmedia":[{"embeddable":true,"href":"https:\/\/www.p31noticias.com.br\/index.php?rest_route=\/wp\/v2\/media\/67506"}],"wp:attachment":[{"href":"https:\/\/www.p31noticias.com.br\/index.php?rest_route=%2Fwp%2Fv2%2Fmedia&parent=67505"}],"wp:term":[{"taxonomy":"category","embeddable":true,"href":"https:\/\/www.p31noticias.com.br\/index.php?rest_route=%2Fwp%2Fv2%2Fcategories&post=67505"},{"taxonomy":"post_tag","embeddable":true,"href":"https:\/\/www.p31noticias.com.br\/index.php?rest_route=%2Fwp%2Fv2%2Ftags&post=67505"}],"curies":[{"name":"wp","href":"https:\/\/api.w.org\/{rel}","templated":true}]}}