{"id":67410,"date":"2025-12-21T21:10:38","date_gmt":"2025-12-22T00:10:38","guid":{"rendered":"https:\/\/www.p31noticias.com.br\/?p=67410"},"modified":"2025-12-21T21:10:38","modified_gmt":"2025-12-22T00:10:38","slug":"corinthians-vence-vasco-e-conquista-tetracampeonato-da-copa-do-brasil","status":"publish","type":"post","link":"https:\/\/www.p31noticias.com.br\/?p=67410","title":{"rendered":"Corinthians vence Vasco e conquista tetracampeonato da Copa do Brasil"},"content":{"rendered":"<p style=\"text-align: justify;\"><em><strong>T\u00edtulo garantiu ao Tim\u00e3o uma vaga na Copa Libertadores de 2026<\/strong><\/em><\/p>\n<p style=\"text-align: justify;\">O Corinthians \u00e9 tetracampe\u00e3o da Copa do Brasil. O t\u00edtulo foi alcan\u00e7ado com uma vit\u00f3ria de 2 a 1 sobre o Vasco, neste domingo (21) no est\u00e1dio do Maracan\u00e3, no segundo confronto da decis\u00e3o da competi\u00e7\u00e3o. O primeiro jogo decisivo entre as equipes terminou com um empate por 0 a 0, na \u00faltima quarta-feira (17) em Itaquera.<img decoding=\"async\" src=\"https:\/\/agenciabrasil.ebc.com.br\/ebc.png?id=1672897&amp;o=node\" \/>Esta \u00e9 a quarta oportunidade na qual o Tim\u00e3o conquista o t\u00edtulo da Copa do Brasil. Anteriormente, o Corinthians garantiu o trof\u00e9u da competi\u00e7\u00e3o nos anos de 1995, 2002 e 2009. Com a vit\u00f3ria deste domingo a equipe do Parque S\u00e3o Jorge\u00a0garante a presen\u00e7a na edi\u00e7\u00e3o 2026 da Copa Libertadores.<\/p>\n<div class=\"twitter-tweet twitter-tweet-rendered\" style=\"text-align: justify;\"><iframe id=\"twitter-widget-0\" class=\"\" title=\"X Post\" src=\"https:\/\/platform.twitter.com\/embed\/Tweet.html?creatorScreenName=agenciabrasil&amp;dnt=false&amp;embedId=twitter-widget-0&amp;features=eyJ0ZndfdGltZWxpbmVfbGlzdCI6eyJidWNrZXQiOltdLCJ2ZXJzaW9uIjpudWxsfSwidGZ3X2ZvbGxvd2VyX2NvdW50X3N1bnNldCI6eyJidWNrZXQiOnRydWUsInZlcnNpb24iOm51bGx9LCJ0ZndfdHdlZXRfZWRpdF9iYWNrZW5kIjp7ImJ1Y2tldCI6Im9uIiwidmVyc2lvbiI6bnVsbH0sInRmd19yZWZzcmNfc2Vzc2lvbiI6eyJidWNrZXQiOiJvbiIsInZlcnNpb24iOm51bGx9LCJ0ZndfZm9zbnJfc29mdF9pbnRlcnZlbnRpb25zX2VuYWJsZWQiOnsiYnVja2V0Ijoib24iLCJ2ZXJzaW9uIjpudWxsfSwidGZ3X21peGVkX21lZGlhXzE1ODk3Ijp7ImJ1Y2tldCI6InRyZWF0bWVudCIsInZlcnNpb24iOm51bGx9LCJ0ZndfZXhwZXJpbWVudHNfY29va2llX2V4cGlyYXRpb24iOnsiYnVja2V0IjoxMjA5NjAwLCJ2ZXJzaW9uIjpudWxsfSwidGZ3X3Nob3dfYmlyZHdhdGNoX3Bpdm90c19lbmFibGVkIjp7ImJ1Y2tldCI6Im9uIiwidmVyc2lvbiI6bnVsbH0sInRmd19kdXBsaWNhdGVfc2NyaWJlc190b19zZXR0aW5ncyI6eyJidWNrZXQiOiJvbiIsInZlcnNpb24iOm51bGx9LCJ0ZndfdXNlX3Byb2ZpbGVfaW1hZ2Vfc2hhcGVfZW5hYmxlZCI6eyJidWNrZXQiOiJvbiIsInZlcnNpb24iOm51bGx9LCJ0ZndfdmlkZW9faGxzX2R5bmFtaWNfbWFuaWZlc3RzXzE1MDgyIjp7ImJ1Y2tldCI6InRydWVfYml0cmF0ZSIsInZlcnNpb24iOm51bGx9LCJ0ZndfbGVnYWN5X3RpbWVsaW5lX3N1bnNldCI6eyJidWNrZXQiOnRydWUsInZlcnNpb24iOm51bGx9LCJ0ZndfdHdlZXRfZWRpdF9mcm9udGVuZCI6eyJidWNrZXQiOiJvbiIsInZlcnNpb24iOm51bGx9fQ%3D%3D&amp;frame=false&amp;hideCard=false&amp;hideThread=false&amp;id=2002877542584197492&amp;lang=pt&amp;origin=https%3A%2F%2Fagenciabrasil.ebc.com.br%2Fesportes%2Fnoticia%2F2025-12%2Fcorinthians-vence-vasco-e-conquista-tetracampeonato-da-copa-do-brasil&amp;sessionId=11a89e6212f24b9379beecb46a1b0c3a41b0ab14&amp;siteScreenName=agenciabrasil&amp;theme=light&amp;widgetsVersion=2615f7e52b7e0%3A1702314776716&amp;width=550px\" frameborder=\"0\" scrolling=\"no\" allowfullscreen=\"allowfullscreen\" data-tweet-id=\"2002877542584197492\" data-mce-fragment=\"1\"><\/iframe><\/div>\n<h2 style=\"text-align: justify;\">O jogo<\/h2>\n<p style=\"text-align: justify;\">O confronto come\u00e7ou com a equipe comandada pelo t\u00e9cnico Fernando Diniz tentado se impor por meio das jogadas de associa\u00e7\u00e3o entre seus jogadores de frente. J\u00e1 o Tim\u00e3o, que iniciou com um quarteto de marcadores no meio-campo, esperava mais na defesa e apostava nas jogadas de contra-ataque r\u00e1pido.<\/p>\n<p style=\"text-align: justify;\">E foi desta forma que a equipe do Parque S\u00e3o Jorge abriu o marcador aos 18 minutos. O lateral Matheuzinho acertou lan\u00e7amento longo para Yuri Alberto, que, com muita liberdade, dominou antes de bater na sa\u00edda do goleiro L\u00e9o Jardim, que nada p\u00f4de fazer.<\/p>\n<p style=\"text-align: justify;\">Sete minutos depois o centroavante do Corinthians teve uma oportunidade cristalina para ampliar. O volante Martinez acertou voleio e a bola sobrou para Yuri Alberto, que finalizou com muito perigo para fora. Por\u00e9m, aos 30 o Vasco respondeu, quando Philippe Coutinho levantou a bola em cobran\u00e7a de escanteio e Thiago Mendes cabeceou para defesa de Hugo Souza.<\/p>\n<p style=\"text-align: justify;\">O lance animou de vez o Cruzmaltino, que ficou perto de marcar aos 35 minutos com Philippe Coutinho, mas que chegou \u00e0 igualdade aos 40. O colombiano Andres Gomez avan\u00e7ou pela direita e cruzou na medida para o portugu\u00eas Nuno Moreira, que subiu muito para finalizar de cabe\u00e7a.<\/p>\n<div class=\"twitter-tweet twitter-tweet-rendered\" style=\"text-align: justify;\"><iframe id=\"twitter-widget-1\" class=\"\" title=\"X Post\" src=\"https:\/\/platform.twitter.com\/embed\/Tweet.html?creatorScreenName=agenciabrasil&amp;dnt=false&amp;embedId=twitter-widget-1&amp;features=eyJ0ZndfdGltZWxpbmVfbGlzdCI6eyJidWNrZXQiOltdLCJ2ZXJzaW9uIjpudWxsfSwidGZ3X2ZvbGxvd2VyX2NvdW50X3N1bnNldCI6eyJidWNrZXQiOnRydWUsInZlcnNpb24iOm51bGx9LCJ0ZndfdHdlZXRfZWRpdF9iYWNrZW5kIjp7ImJ1Y2tldCI6Im9uIiwidmVyc2lvbiI6bnVsbH0sInRmd19yZWZzcmNfc2Vzc2lvbiI6eyJidWNrZXQiOiJvbiIsInZlcnNpb24iOm51bGx9LCJ0ZndfZm9zbnJfc29mdF9pbnRlcnZlbnRpb25zX2VuYWJsZWQiOnsiYnVja2V0Ijoib24iLCJ2ZXJzaW9uIjpudWxsfSwidGZ3X21peGVkX21lZGlhXzE1ODk3Ijp7ImJ1Y2tldCI6InRyZWF0bWVudCIsInZlcnNpb24iOm51bGx9LCJ0ZndfZXhwZXJpbWVudHNfY29va2llX2V4cGlyYXRpb24iOnsiYnVja2V0IjoxMjA5NjAwLCJ2ZXJzaW9uIjpudWxsfSwidGZ3X3Nob3dfYmlyZHdhdGNoX3Bpdm90c19lbmFibGVkIjp7ImJ1Y2tldCI6Im9uIiwidmVyc2lvbiI6bnVsbH0sInRmd19kdXBsaWNhdGVfc2NyaWJlc190b19zZXR0aW5ncyI6eyJidWNrZXQiOiJvbiIsInZlcnNpb24iOm51bGx9LCJ0ZndfdXNlX3Byb2ZpbGVfaW1hZ2Vfc2hhcGVfZW5hYmxlZCI6eyJidWNrZXQiOiJvbiIsInZlcnNpb24iOm51bGx9LCJ0ZndfdmlkZW9faGxzX2R5bmFtaWNfbWFuaWZlc3RzXzE1MDgyIjp7ImJ1Y2tldCI6InRydWVfYml0cmF0ZSIsInZlcnNpb24iOm51bGx9LCJ0ZndfbGVnYWN5X3RpbWVsaW5lX3N1bnNldCI6eyJidWNrZXQiOnRydWUsInZlcnNpb24iOm51bGx9LCJ0ZndfdHdlZXRfZWRpdF9mcm9udGVuZCI6eyJidWNrZXQiOiJvbiIsInZlcnNpb24iOm51bGx9fQ%3D%3D&amp;frame=false&amp;hideCard=false&amp;hideThread=false&amp;id=2002878607644090636&amp;lang=pt&amp;origin=https%3A%2F%2Fagenciabrasil.ebc.com.br%2Fesportes%2Fnoticia%2F2025-12%2Fcorinthians-vence-vasco-e-conquista-tetracampeonato-da-copa-do-brasil&amp;sessionId=11a89e6212f24b9379beecb46a1b0c3a41b0ab14&amp;siteScreenName=agenciabrasil&amp;theme=light&amp;widgetsVersion=2615f7e52b7e0%3A1702314776716&amp;width=550px\" frameborder=\"0\" scrolling=\"no\" allowfullscreen=\"allowfullscreen\" data-tweet-id=\"2002878607644090636\" data-mce-fragment=\"1\"><\/iframe><\/div>\n<p style=\"text-align: justify;\">Ap\u00f3s o intervalo o t\u00e9cnico Fernando Diniz adiantou as linhas de seu time, criando dificuldades para a defesa advers\u00e1ria. Mas o Corinthians mostrou maturidade para furar a press\u00e3o advers\u00e1ria e puxar novo contra-ataque cir\u00fargico para voltar a marcar.<\/p>\n<p style=\"text-align: justify;\">Aos 17 minutos Breno Bidon se livrou da marca\u00e7\u00e3o de Barros com um drible desconcertante e enfiou a bola para Matheuzinho. O lateral tocou ent\u00e3o para Yuri Alberto, que teve muita liberdade para rolar para o holand\u00eas Memphis Depay, que, dentro da pequena \u00e1rea, n\u00e3o perdoou.<\/p>\n<p style=\"text-align: justify;\">Com a desvantagem no marcador n\u00e3o restou ao t\u00e9cnico Fernando Diniz outra coisa al\u00e9m de come\u00e7ar a colocar jogadores de ataque. Entraram ent\u00e3o o argentino Vegetti, o garoto GB, o meia-atacante Matheus Fran\u00e7a e o atacante David. A partir da\u00ed o Vasco se desorganizou. Mas, na base da vontade, conseguiu criar algum perigo, como na pancada que o atacante Rayan acertou aos 47 minutos e que parou em grande defesa do goleiro Hugo Souza.<\/p>\n<p style=\"text-align: justify;\">J\u00e1 o Corinthians\u00a0mostrou muita compet\u00eancia para se fechar na defesa e segurar o placar que lhe garantiu o tetra da Copa do Brasil.<\/p>\n<p style=\"text-align: justify;\"><em><strong>Ag\u00eancia Brasil<\/strong><\/em><\/p>\n","protected":false},"excerpt":{"rendered":"<p>T\u00edtulo garantiu ao Tim\u00e3o uma vaga na Copa Libertadores de 2026 O Corinthians \u00e9 tetracampe\u00e3o da Copa do Brasil. O t\u00edtulo foi alcan\u00e7ado com uma vit\u00f3ria de 2 a 1 sobre o Vasco, neste domingo (21) no est\u00e1dio do Maracan\u00e3, no segundo confronto da decis\u00e3o da competi\u00e7\u00e3o. O primeiro jogo decisivo entre as equipes terminou [&hellip;]<\/p>\n","protected":false},"author":2,"featured_media":67411,"comment_status":"open","ping_status":"closed","sticky":false,"template":"","format":"standard","meta":{"footnotes":""},"categories":[68,753],"tags":[],"class_list":{"0":"post-67410","1":"post","2":"type-post","3":"status-publish","4":"format-standard","5":"has-post-thumbnail","7":"category-brasil","8":"category-esporte"},"yoast_head":"<!-- This site is optimized with the Yoast SEO Premium plugin v24.5 (Yoast SEO v27.4) - https:\/\/yoast.com\/product\/yoast-seo-premium-wordpress\/ -->\n<title>Corinthians vence Vasco e conquista tetracampeonato da Copa do Brasil - P31<\/title>\n<meta name=\"robots\" content=\"index, follow, max-snippet:-1, max-image-preview:large, max-video-preview:-1\" \/>\n<link rel=\"canonical\" href=\"https:\/\/www.p31noticias.com.br\/?p=67410\" \/>\n<meta property=\"og:locale\" content=\"pt_BR\" \/>\n<meta property=\"og:type\" content=\"article\" \/>\n<meta property=\"og:title\" content=\"Corinthians vence Vasco e conquista tetracampeonato da Copa do Brasil\" \/>\n<meta property=\"og:description\" content=\"T\u00edtulo garantiu ao Tim\u00e3o uma vaga na Copa Libertadores de 2026 O Corinthians \u00e9 tetracampe\u00e3o da Copa do Brasil. O t\u00edtulo foi alcan\u00e7ado com uma vit\u00f3ria de 2 a 1 sobre o Vasco, neste domingo (21) no est\u00e1dio do Maracan\u00e3, no segundo confronto da decis\u00e3o da competi\u00e7\u00e3o. O primeiro jogo decisivo entre as equipes terminou [&hellip;]\" \/>\n<meta property=\"og:url\" content=\"https:\/\/www.p31noticias.com.br\/?p=67410\" \/>\n<meta property=\"og:site_name\" content=\"P31\" \/>\n<meta property=\"article:published_time\" content=\"2025-12-22T00:10:38+00:00\" \/>\n<meta property=\"og:image\" content=\"https:\/\/www.p31noticias.com.br\/wp-content\/uploads\/2025\/12\/17663584643d600348cf3aca45a777c9bc043054d4.webp\" \/>\n\t<meta property=\"og:image:width\" content=\"1170\" \/>\n\t<meta property=\"og:image:height\" content=\"700\" \/>\n\t<meta property=\"og:image:type\" content=\"image\/webp\" \/>\n<meta name=\"author\" content=\"Gon\u00e7alves Junior\" \/>\n<meta name=\"twitter:card\" content=\"summary_large_image\" \/>\n<meta name=\"twitter:label1\" content=\"Escrito por\" \/>\n\t<meta name=\"twitter:data1\" content=\"Gon\u00e7alves Junior\" \/>\n\t<meta name=\"twitter:label2\" content=\"Est. tempo de leitura\" \/>\n\t<meta name=\"twitter:data2\" content=\"3 minutos\" \/>\n<script type=\"application\/ld+json\" class=\"yoast-schema-graph\">{\"@context\":\"https:\\\/\\\/schema.org\",\"@graph\":[{\"@type\":\"Article\",\"@id\":\"https:\\\/\\\/www.p31noticias.com.br\\\/?p=67410#article\",\"isPartOf\":{\"@id\":\"https:\\\/\\\/www.p31noticias.com.br\\\/?p=67410\"},\"author\":{\"name\":\"Gon\u00e7alves Junior\",\"@id\":\"https:\\\/\\\/www.p31noticias.com.br\\\/#\\\/schema\\\/person\\\/95f2ece30e3b4132065b915150cd0f94\"},\"headline\":\"Corinthians vence Vasco e conquista tetracampeonato da Copa do Brasil\",\"datePublished\":\"2025-12-22T00:10:38+00:00\",\"mainEntityOfPage\":{\"@id\":\"https:\\\/\\\/www.p31noticias.com.br\\\/?p=67410\"},\"wordCount\":542,\"commentCount\":0,\"image\":{\"@id\":\"https:\\\/\\\/www.p31noticias.com.br\\\/?p=67410#primaryimage\"},\"thumbnailUrl\":\"https:\\\/\\\/www.p31noticias.com.br\\\/wp-content\\\/uploads\\\/2025\\\/12\\\/17663584643d600348cf3aca45a777c9bc043054d4.webp\",\"articleSection\":[\"Brasil\",\"Esporte\"],\"inLanguage\":\"pt-BR\",\"potentialAction\":[{\"@type\":\"CommentAction\",\"name\":\"Comment\",\"target\":[\"https:\\\/\\\/www.p31noticias.com.br\\\/?p=67410#respond\"]}],\"copyrightYear\":\"2025\",\"copyrightHolder\":{\"@id\":\"https:\\\/\\\/www.p31noticias.com.br\\\/#organization\"}},{\"@type\":\"WebPage\",\"@id\":\"https:\\\/\\\/www.p31noticias.com.br\\\/?p=67410\",\"url\":\"https:\\\/\\\/www.p31noticias.com.br\\\/?p=67410\",\"name\":\"Corinthians vence Vasco e conquista tetracampeonato da Copa do Brasil - P31\",\"isPartOf\":{\"@id\":\"https:\\\/\\\/www.p31noticias.com.br\\\/#website\"},\"primaryImageOfPage\":{\"@id\":\"https:\\\/\\\/www.p31noticias.com.br\\\/?p=67410#primaryimage\"},\"image\":{\"@id\":\"https:\\\/\\\/www.p31noticias.com.br\\\/?p=67410#primaryimage\"},\"thumbnailUrl\":\"https:\\\/\\\/www.p31noticias.com.br\\\/wp-content\\\/uploads\\\/2025\\\/12\\\/17663584643d600348cf3aca45a777c9bc043054d4.webp\",\"datePublished\":\"2025-12-22T00:10:38+00:00\",\"author\":{\"@id\":\"https:\\\/\\\/www.p31noticias.com.br\\\/#\\\/schema\\\/person\\\/95f2ece30e3b4132065b915150cd0f94\"},\"breadcrumb\":{\"@id\":\"https:\\\/\\\/www.p31noticias.com.br\\\/?p=67410#breadcrumb\"},\"inLanguage\":\"pt-BR\",\"potentialAction\":[{\"@type\":\"ReadAction\",\"target\":[\"https:\\\/\\\/www.p31noticias.com.br\\\/?p=67410\"]}]},{\"@type\":\"ImageObject\",\"inLanguage\":\"pt-BR\",\"@id\":\"https:\\\/\\\/www.p31noticias.com.br\\\/?p=67410#primaryimage\",\"url\":\"https:\\\/\\\/www.p31noticias.com.br\\\/wp-content\\\/uploads\\\/2025\\\/12\\\/17663584643d600348cf3aca45a777c9bc043054d4.webp\",\"contentUrl\":\"https:\\\/\\\/www.p31noticias.com.br\\\/wp-content\\\/uploads\\\/2025\\\/12\\\/17663584643d600348cf3aca45a777c9bc043054d4.webp\",\"width\":1170,\"height\":700},{\"@type\":\"BreadcrumbList\",\"@id\":\"https:\\\/\\\/www.p31noticias.com.br\\\/?p=67410#breadcrumb\",\"itemListElement\":[{\"@type\":\"ListItem\",\"position\":1,\"name\":\"In\u00edcio\",\"item\":\"https:\\\/\\\/www.p31noticias.com.br\\\/\"},{\"@type\":\"ListItem\",\"position\":2,\"name\":\"Corinthians vence Vasco e conquista tetracampeonato da Copa do Brasil\"}]},{\"@type\":\"WebSite\",\"@id\":\"https:\\\/\\\/www.p31noticias.com.br\\\/#website\",\"url\":\"https:\\\/\\\/www.p31noticias.com.br\\\/\",\"name\":\"P31\",\"description\":\"NOT\u00cdCIAS\",\"potentialAction\":[{\"@type\":\"SearchAction\",\"target\":{\"@type\":\"EntryPoint\",\"urlTemplate\":\"https:\\\/\\\/www.p31noticias.com.br\\\/?s={search_term_string}\"},\"query-input\":{\"@type\":\"PropertyValueSpecification\",\"valueRequired\":true,\"valueName\":\"search_term_string\"}}],\"inLanguage\":\"pt-BR\"},{\"@type\":\"Person\",\"@id\":\"https:\\\/\\\/www.p31noticias.com.br\\\/#\\\/schema\\\/person\\\/95f2ece30e3b4132065b915150cd0f94\",\"name\":\"Gon\u00e7alves Junior\",\"image\":{\"@type\":\"ImageObject\",\"inLanguage\":\"pt-BR\",\"@id\":\"https:\\\/\\\/secure.gravatar.com\\\/avatar\\\/6711f350116a89762687a48d66f723c799e5438a5b7578508d4294cd7a5d0800?s=96&d=mm&r=g\",\"url\":\"https:\\\/\\\/secure.gravatar.com\\\/avatar\\\/6711f350116a89762687a48d66f723c799e5438a5b7578508d4294cd7a5d0800?s=96&d=mm&r=g\",\"contentUrl\":\"https:\\\/\\\/secure.gravatar.com\\\/avatar\\\/6711f350116a89762687a48d66f723c799e5438a5b7578508d4294cd7a5d0800?s=96&d=mm&r=g\",\"caption\":\"Gon\u00e7alves Junior\"},\"url\":\"https:\\\/\\\/www.p31noticias.com.br\\\/?author=2\"}]}<\/script>\n<!-- \/ Yoast SEO Premium plugin. -->","yoast_head_json":{"title":"Corinthians vence Vasco e conquista tetracampeonato da Copa do Brasil - P31","robots":{"index":"index","follow":"follow","max-snippet":"max-snippet:-1","max-image-preview":"max-image-preview:large","max-video-preview":"max-video-preview:-1"},"canonical":"https:\/\/www.p31noticias.com.br\/?p=67410","og_locale":"pt_BR","og_type":"article","og_title":"Corinthians vence Vasco e conquista tetracampeonato da Copa do Brasil","og_description":"T\u00edtulo garantiu ao Tim\u00e3o uma vaga na Copa Libertadores de 2026 O Corinthians \u00e9 tetracampe\u00e3o da Copa do Brasil. O t\u00edtulo foi alcan\u00e7ado com uma vit\u00f3ria de 2 a 1 sobre o Vasco, neste domingo (21) no est\u00e1dio do Maracan\u00e3, no segundo confronto da decis\u00e3o da competi\u00e7\u00e3o. O primeiro jogo decisivo entre as equipes terminou [&hellip;]","og_url":"https:\/\/www.p31noticias.com.br\/?p=67410","og_site_name":"P31","article_published_time":"2025-12-22T00:10:38+00:00","og_image":[{"width":1170,"height":700,"url":"https:\/\/www.p31noticias.com.br\/wp-content\/uploads\/2025\/12\/17663584643d600348cf3aca45a777c9bc043054d4.webp","type":"image\/webp"}],"author":"Gon\u00e7alves Junior","twitter_card":"summary_large_image","twitter_misc":{"Escrito por":"Gon\u00e7alves Junior","Est. tempo de leitura":"3 minutos"},"schema":{"@context":"https:\/\/schema.org","@graph":[{"@type":"Article","@id":"https:\/\/www.p31noticias.com.br\/?p=67410#article","isPartOf":{"@id":"https:\/\/www.p31noticias.com.br\/?p=67410"},"author":{"name":"Gon\u00e7alves Junior","@id":"https:\/\/www.p31noticias.com.br\/#\/schema\/person\/95f2ece30e3b4132065b915150cd0f94"},"headline":"Corinthians vence Vasco e conquista tetracampeonato da Copa do Brasil","datePublished":"2025-12-22T00:10:38+00:00","mainEntityOfPage":{"@id":"https:\/\/www.p31noticias.com.br\/?p=67410"},"wordCount":542,"commentCount":0,"image":{"@id":"https:\/\/www.p31noticias.com.br\/?p=67410#primaryimage"},"thumbnailUrl":"https:\/\/www.p31noticias.com.br\/wp-content\/uploads\/2025\/12\/17663584643d600348cf3aca45a777c9bc043054d4.webp","articleSection":["Brasil","Esporte"],"inLanguage":"pt-BR","potentialAction":[{"@type":"CommentAction","name":"Comment","target":["https:\/\/www.p31noticias.com.br\/?p=67410#respond"]}],"copyrightYear":"2025","copyrightHolder":{"@id":"https:\/\/www.p31noticias.com.br\/#organization"}},{"@type":"WebPage","@id":"https:\/\/www.p31noticias.com.br\/?p=67410","url":"https:\/\/www.p31noticias.com.br\/?p=67410","name":"Corinthians vence Vasco e conquista tetracampeonato da Copa do Brasil - P31","isPartOf":{"@id":"https:\/\/www.p31noticias.com.br\/#website"},"primaryImageOfPage":{"@id":"https:\/\/www.p31noticias.com.br\/?p=67410#primaryimage"},"image":{"@id":"https:\/\/www.p31noticias.com.br\/?p=67410#primaryimage"},"thumbnailUrl":"https:\/\/www.p31noticias.com.br\/wp-content\/uploads\/2025\/12\/17663584643d600348cf3aca45a777c9bc043054d4.webp","datePublished":"2025-12-22T00:10:38+00:00","author":{"@id":"https:\/\/www.p31noticias.com.br\/#\/schema\/person\/95f2ece30e3b4132065b915150cd0f94"},"breadcrumb":{"@id":"https:\/\/www.p31noticias.com.br\/?p=67410#breadcrumb"},"inLanguage":"pt-BR","potentialAction":[{"@type":"ReadAction","target":["https:\/\/www.p31noticias.com.br\/?p=67410"]}]},{"@type":"ImageObject","inLanguage":"pt-BR","@id":"https:\/\/www.p31noticias.com.br\/?p=67410#primaryimage","url":"https:\/\/www.p31noticias.com.br\/wp-content\/uploads\/2025\/12\/17663584643d600348cf3aca45a777c9bc043054d4.webp","contentUrl":"https:\/\/www.p31noticias.com.br\/wp-content\/uploads\/2025\/12\/17663584643d600348cf3aca45a777c9bc043054d4.webp","width":1170,"height":700},{"@type":"BreadcrumbList","@id":"https:\/\/www.p31noticias.com.br\/?p=67410#breadcrumb","itemListElement":[{"@type":"ListItem","position":1,"name":"In\u00edcio","item":"https:\/\/www.p31noticias.com.br\/"},{"@type":"ListItem","position":2,"name":"Corinthians vence Vasco e conquista tetracampeonato da Copa do Brasil"}]},{"@type":"WebSite","@id":"https:\/\/www.p31noticias.com.br\/#website","url":"https:\/\/www.p31noticias.com.br\/","name":"P31","description":"NOT\u00cdCIAS","potentialAction":[{"@type":"SearchAction","target":{"@type":"EntryPoint","urlTemplate":"https:\/\/www.p31noticias.com.br\/?s={search_term_string}"},"query-input":{"@type":"PropertyValueSpecification","valueRequired":true,"valueName":"search_term_string"}}],"inLanguage":"pt-BR"},{"@type":"Person","@id":"https:\/\/www.p31noticias.com.br\/#\/schema\/person\/95f2ece30e3b4132065b915150cd0f94","name":"Gon\u00e7alves Junior","image":{"@type":"ImageObject","inLanguage":"pt-BR","@id":"https:\/\/secure.gravatar.com\/avatar\/6711f350116a89762687a48d66f723c799e5438a5b7578508d4294cd7a5d0800?s=96&d=mm&r=g","url":"https:\/\/secure.gravatar.com\/avatar\/6711f350116a89762687a48d66f723c799e5438a5b7578508d4294cd7a5d0800?s=96&d=mm&r=g","contentUrl":"https:\/\/secure.gravatar.com\/avatar\/6711f350116a89762687a48d66f723c799e5438a5b7578508d4294cd7a5d0800?s=96&d=mm&r=g","caption":"Gon\u00e7alves Junior"},"url":"https:\/\/www.p31noticias.com.br\/?author=2"}]}},"amp_enabled":true,"_links":{"self":[{"href":"https:\/\/www.p31noticias.com.br\/index.php?rest_route=\/wp\/v2\/posts\/67410","targetHints":{"allow":["GET"]}}],"collection":[{"href":"https:\/\/www.p31noticias.com.br\/index.php?rest_route=\/wp\/v2\/posts"}],"about":[{"href":"https:\/\/www.p31noticias.com.br\/index.php?rest_route=\/wp\/v2\/types\/post"}],"author":[{"embeddable":true,"href":"https:\/\/www.p31noticias.com.br\/index.php?rest_route=\/wp\/v2\/users\/2"}],"replies":[{"embeddable":true,"href":"https:\/\/www.p31noticias.com.br\/index.php?rest_route=%2Fwp%2Fv2%2Fcomments&post=67410"}],"version-history":[{"count":1,"href":"https:\/\/www.p31noticias.com.br\/index.php?rest_route=\/wp\/v2\/posts\/67410\/revisions"}],"predecessor-version":[{"id":67412,"href":"https:\/\/www.p31noticias.com.br\/index.php?rest_route=\/wp\/v2\/posts\/67410\/revisions\/67412"}],"wp:featuredmedia":[{"embeddable":true,"href":"https:\/\/www.p31noticias.com.br\/index.php?rest_route=\/wp\/v2\/media\/67411"}],"wp:attachment":[{"href":"https:\/\/www.p31noticias.com.br\/index.php?rest_route=%2Fwp%2Fv2%2Fmedia&parent=67410"}],"wp:term":[{"taxonomy":"category","embeddable":true,"href":"https:\/\/www.p31noticias.com.br\/index.php?rest_route=%2Fwp%2Fv2%2Fcategories&post=67410"},{"taxonomy":"post_tag","embeddable":true,"href":"https:\/\/www.p31noticias.com.br\/index.php?rest_route=%2Fwp%2Fv2%2Ftags&post=67410"}],"curies":[{"name":"wp","href":"https:\/\/api.w.org\/{rel}","templated":true}]}}