{"id":67216,"date":"2025-11-14T07:16:22","date_gmt":"2025-11-14T10:16:22","guid":{"rendered":"https:\/\/www.p31noticias.com.br\/?p=67216"},"modified":"2025-11-14T07:16:22","modified_gmt":"2025-11-14T10:16:22","slug":"tarcisio-de-freitas-seria-recebido-com-muita-festa-no-pl-diz-valdemar-costa-neto","status":"publish","type":"post","link":"https:\/\/www.p31noticias.com.br\/?p=67216","title":{"rendered":"\u2018Tarc\u00edsio de Freitas seria recebido \u2018com muita festa no PL\u201d, diz Valdemar Costa Neto"},"content":{"rendered":"<p style=\"text-align: justify;\"><em><strong>Sobre a inten\u00e7\u00e3o de convid\u00e1-lo para a sigla, disse \u2018Quem manda \u00e9 o Bolsonaro\u2019<\/strong><\/em><\/p>\n<p style=\"text-align: justify;\">O presidente nacional do\u00a0<strong><a href=\"https:\/\/jovempan.com.br\/tag\/pl\" target=\"_blank\" rel=\"noopener noreferrer\">PL<\/a><\/strong>,\u00a0<a href=\"https:\/\/jovempan.com.br\/tag\/valdemar-costa-neto\" target=\"_blank\" rel=\"noopener noreferrer\"><strong>Valdemar Costa Neto<\/strong><\/a>, afirmou que o governador de S\u00e3o Paulo,\u00a0<a href=\"https:\/\/jovempan.com.br\/tag\/tarcisio-de-freitas\" target=\"_blank\" rel=\"noopener noreferrer\"><strong>Tarc\u00edsio de Freitas<\/strong>\u00a0<\/a>(Republicanos), seria recebido \u201ccom muita festa\u201d caso decidisse se filiar ao partido. A declara\u00e7\u00e3o foi feita em conversa com o rep\u00f3rter Misael Mainetti nesta quarta-feira (13), em meio \u00e0s especula\u00e7\u00f5es sobre o futuro pol\u00edtico de Tarc\u00edsio e sua eventual candidatura \u00e0 Presid\u00eancia da Rep\u00fablica em 2026.<\/p>\n<p style=\"text-align: justify;\">Questionado se o PL pretende convidar o governador paulista, Valdemar repassa a responsabilidade para o ex-presidente: \u201cQuem manda \u00e9 o Bolsonaro.\u201d A frase reflete o peso do ex-presidente Jair Bolsonaro nas decis\u00f5es partid\u00e1rias, especialmente nas articula\u00e7\u00f5es para a pr\u00f3xima elei\u00e7\u00e3o presidencial. Ainda na conversa, o l\u00edder do PL admite que est\u00e1 dif\u00edcil falar com Bolsonaro: \u201cNem eu mais (tenho contato com ele).\u201d<\/p>\n<p style=\"text-align: justify;\">Tarc\u00edsio de Freitas tem sido apontado por aliados do bolsonarismo como um dos nomes com maior potencial eleitoral para representar a direita em 2026, caso Bolsonaro permane\u00e7a fora da disputa. Apesar de afirmar publicamente que est\u00e1 focado no governo paulista e evitar declara\u00e7\u00f5es sobre o tema, o governador tem sido cortejado por lideran\u00e7as pol\u00edticas e empresariais.<\/p>\n<p style=\"text-align: justify;\">A sinaliza\u00e7\u00e3o de Valdemar refor\u00e7a o interesse do PL em manter Tarc\u00edsio pr\u00f3ximo, ainda que ele hoje esteja no Republicanos \u2014 partido que tamb\u00e9m integra a base do governo Lula no Congresso. Nos bastidores, dirigentes do PL avaliam que a legenda precisa de um nome competitivo para o Planalto e Tarc\u00edsio \u00e9 visto como o sucessor natural do bolsonarismo por unir perfil t\u00e9cnico, apoio popular e tr\u00e2nsito entre diferentes alas do campo conservador.<\/p>\n<p style=\"text-align: justify;\"><em><strong>JP NEWS POLITICA<\/strong><\/em><\/p>\n","protected":false},"excerpt":{"rendered":"<p>Sobre a inten\u00e7\u00e3o de convid\u00e1-lo para a sigla, disse \u2018Quem manda \u00e9 o Bolsonaro\u2019 O presidente nacional do\u00a0PL,\u00a0Valdemar Costa Neto, afirmou que o governador de S\u00e3o Paulo,\u00a0Tarc\u00edsio de Freitas\u00a0(Republicanos), seria recebido \u201ccom muita festa\u201d caso decidisse se filiar ao partido. A declara\u00e7\u00e3o foi feita em conversa com o rep\u00f3rter Misael Mainetti nesta quarta-feira (13), em [&hellip;]<\/p>\n","protected":false},"author":2,"featured_media":67217,"comment_status":"open","ping_status":"closed","sticky":false,"template":"","format":"standard","meta":{"footnotes":""},"categories":[68,57],"tags":[],"class_list":{"0":"post-67216","1":"post","2":"type-post","3":"status-publish","4":"format-standard","5":"has-post-thumbnail","7":"category-brasil","8":"category-politica"},"yoast_head":"<!-- This site is optimized with the Yoast SEO Premium plugin v24.5 (Yoast SEO v27.4) - https:\/\/yoast.com\/product\/yoast-seo-premium-wordpress\/ -->\n<title>\u2018Tarc\u00edsio de Freitas seria recebido \u2018com muita festa no PL\u201d, diz Valdemar Costa Neto - P31<\/title>\n<meta name=\"robots\" content=\"index, follow, max-snippet:-1, max-image-preview:large, max-video-preview:-1\" \/>\n<link rel=\"canonical\" href=\"https:\/\/www.p31noticias.com.br\/?p=67216\" \/>\n<meta property=\"og:locale\" content=\"pt_BR\" \/>\n<meta property=\"og:type\" content=\"article\" \/>\n<meta property=\"og:title\" content=\"\u2018Tarc\u00edsio de Freitas seria recebido \u2018com muita festa no PL\u201d, diz Valdemar Costa Neto\" \/>\n<meta property=\"og:description\" content=\"Sobre a inten\u00e7\u00e3o de convid\u00e1-lo para a sigla, disse \u2018Quem manda \u00e9 o Bolsonaro\u2019 O presidente nacional do\u00a0PL,\u00a0Valdemar Costa Neto, afirmou que o governador de S\u00e3o Paulo,\u00a0Tarc\u00edsio de Freitas\u00a0(Republicanos), seria recebido \u201ccom muita festa\u201d caso decidisse se filiar ao partido. A declara\u00e7\u00e3o foi feita em conversa com o rep\u00f3rter Misael Mainetti nesta quarta-feira (13), em [&hellip;]\" \/>\n<meta property=\"og:url\" content=\"https:\/\/www.p31noticias.com.br\/?p=67216\" \/>\n<meta property=\"og:site_name\" content=\"P31\" \/>\n<meta property=\"article:published_time\" content=\"2025-11-14T10:16:22+00:00\" \/>\n<meta property=\"og:image\" content=\"https:\/\/www.p31noticias.com.br\/wp-content\/uploads\/2025\/11\/valdemar-costa-neto-1-300x170-1.jpg\" \/>\n\t<meta property=\"og:image:width\" content=\"300\" \/>\n\t<meta property=\"og:image:height\" content=\"170\" \/>\n\t<meta property=\"og:image:type\" content=\"image\/jpeg\" \/>\n<meta name=\"author\" content=\"Gon\u00e7alves Junior\" \/>\n<meta name=\"twitter:card\" content=\"summary_large_image\" \/>\n<meta name=\"twitter:label1\" content=\"Escrito por\" \/>\n\t<meta name=\"twitter:data1\" content=\"Gon\u00e7alves Junior\" \/>\n\t<meta name=\"twitter:label2\" content=\"Est. tempo de leitura\" \/>\n\t<meta name=\"twitter:data2\" content=\"2 minutos\" \/>\n<script type=\"application\/ld+json\" class=\"yoast-schema-graph\">{\"@context\":\"https:\\\/\\\/schema.org\",\"@graph\":[{\"@type\":\"Article\",\"@id\":\"https:\\\/\\\/www.p31noticias.com.br\\\/?p=67216#article\",\"isPartOf\":{\"@id\":\"https:\\\/\\\/www.p31noticias.com.br\\\/?p=67216\"},\"author\":{\"name\":\"Gon\u00e7alves Junior\",\"@id\":\"https:\\\/\\\/www.p31noticias.com.br\\\/#\\\/schema\\\/person\\\/95f2ece30e3b4132065b915150cd0f94\"},\"headline\":\"\u2018Tarc\u00edsio de Freitas seria recebido \u2018com muita festa no PL\u201d, diz Valdemar Costa Neto\",\"datePublished\":\"2025-11-14T10:16:22+00:00\",\"mainEntityOfPage\":{\"@id\":\"https:\\\/\\\/www.p31noticias.com.br\\\/?p=67216\"},\"wordCount\":310,\"commentCount\":0,\"image\":{\"@id\":\"https:\\\/\\\/www.p31noticias.com.br\\\/?p=67216#primaryimage\"},\"thumbnailUrl\":\"https:\\\/\\\/www.p31noticias.com.br\\\/wp-content\\\/uploads\\\/2025\\\/11\\\/valdemar-costa-neto-1-300x170-1.jpg\",\"articleSection\":[\"Brasil\",\"Pol\u00edtica\"],\"inLanguage\":\"pt-BR\",\"potentialAction\":[{\"@type\":\"CommentAction\",\"name\":\"Comment\",\"target\":[\"https:\\\/\\\/www.p31noticias.com.br\\\/?p=67216#respond\"]}],\"copyrightYear\":\"2025\",\"copyrightHolder\":{\"@id\":\"https:\\\/\\\/www.p31noticias.com.br\\\/#organization\"}},{\"@type\":\"WebPage\",\"@id\":\"https:\\\/\\\/www.p31noticias.com.br\\\/?p=67216\",\"url\":\"https:\\\/\\\/www.p31noticias.com.br\\\/?p=67216\",\"name\":\"\u2018Tarc\u00edsio de Freitas seria recebido \u2018com muita festa no PL\u201d, diz Valdemar Costa Neto - P31\",\"isPartOf\":{\"@id\":\"https:\\\/\\\/www.p31noticias.com.br\\\/#website\"},\"primaryImageOfPage\":{\"@id\":\"https:\\\/\\\/www.p31noticias.com.br\\\/?p=67216#primaryimage\"},\"image\":{\"@id\":\"https:\\\/\\\/www.p31noticias.com.br\\\/?p=67216#primaryimage\"},\"thumbnailUrl\":\"https:\\\/\\\/www.p31noticias.com.br\\\/wp-content\\\/uploads\\\/2025\\\/11\\\/valdemar-costa-neto-1-300x170-1.jpg\",\"datePublished\":\"2025-11-14T10:16:22+00:00\",\"author\":{\"@id\":\"https:\\\/\\\/www.p31noticias.com.br\\\/#\\\/schema\\\/person\\\/95f2ece30e3b4132065b915150cd0f94\"},\"breadcrumb\":{\"@id\":\"https:\\\/\\\/www.p31noticias.com.br\\\/?p=67216#breadcrumb\"},\"inLanguage\":\"pt-BR\",\"potentialAction\":[{\"@type\":\"ReadAction\",\"target\":[\"https:\\\/\\\/www.p31noticias.com.br\\\/?p=67216\"]}]},{\"@type\":\"ImageObject\",\"inLanguage\":\"pt-BR\",\"@id\":\"https:\\\/\\\/www.p31noticias.com.br\\\/?p=67216#primaryimage\",\"url\":\"https:\\\/\\\/www.p31noticias.com.br\\\/wp-content\\\/uploads\\\/2025\\\/11\\\/valdemar-costa-neto-1-300x170-1.jpg\",\"contentUrl\":\"https:\\\/\\\/www.p31noticias.com.br\\\/wp-content\\\/uploads\\\/2025\\\/11\\\/valdemar-costa-neto-1-300x170-1.jpg\",\"width\":300,\"height\":170},{\"@type\":\"BreadcrumbList\",\"@id\":\"https:\\\/\\\/www.p31noticias.com.br\\\/?p=67216#breadcrumb\",\"itemListElement\":[{\"@type\":\"ListItem\",\"position\":1,\"name\":\"In\u00edcio\",\"item\":\"https:\\\/\\\/www.p31noticias.com.br\\\/\"},{\"@type\":\"ListItem\",\"position\":2,\"name\":\"\u2018Tarc\u00edsio de Freitas seria recebido \u2018com muita festa no PL\u201d, diz Valdemar Costa Neto\"}]},{\"@type\":\"WebSite\",\"@id\":\"https:\\\/\\\/www.p31noticias.com.br\\\/#website\",\"url\":\"https:\\\/\\\/www.p31noticias.com.br\\\/\",\"name\":\"P31\",\"description\":\"NOT\u00cdCIAS\",\"potentialAction\":[{\"@type\":\"SearchAction\",\"target\":{\"@type\":\"EntryPoint\",\"urlTemplate\":\"https:\\\/\\\/www.p31noticias.com.br\\\/?s={search_term_string}\"},\"query-input\":{\"@type\":\"PropertyValueSpecification\",\"valueRequired\":true,\"valueName\":\"search_term_string\"}}],\"inLanguage\":\"pt-BR\"},{\"@type\":\"Person\",\"@id\":\"https:\\\/\\\/www.p31noticias.com.br\\\/#\\\/schema\\\/person\\\/95f2ece30e3b4132065b915150cd0f94\",\"name\":\"Gon\u00e7alves Junior\",\"image\":{\"@type\":\"ImageObject\",\"inLanguage\":\"pt-BR\",\"@id\":\"https:\\\/\\\/secure.gravatar.com\\\/avatar\\\/6711f350116a89762687a48d66f723c799e5438a5b7578508d4294cd7a5d0800?s=96&d=mm&r=g\",\"url\":\"https:\\\/\\\/secure.gravatar.com\\\/avatar\\\/6711f350116a89762687a48d66f723c799e5438a5b7578508d4294cd7a5d0800?s=96&d=mm&r=g\",\"contentUrl\":\"https:\\\/\\\/secure.gravatar.com\\\/avatar\\\/6711f350116a89762687a48d66f723c799e5438a5b7578508d4294cd7a5d0800?s=96&d=mm&r=g\",\"caption\":\"Gon\u00e7alves Junior\"},\"url\":\"https:\\\/\\\/www.p31noticias.com.br\\\/?author=2\"}]}<\/script>\n<!-- \/ Yoast SEO Premium plugin. -->","yoast_head_json":{"title":"\u2018Tarc\u00edsio de Freitas seria recebido \u2018com muita festa no PL\u201d, diz Valdemar Costa Neto - P31","robots":{"index":"index","follow":"follow","max-snippet":"max-snippet:-1","max-image-preview":"max-image-preview:large","max-video-preview":"max-video-preview:-1"},"canonical":"https:\/\/www.p31noticias.com.br\/?p=67216","og_locale":"pt_BR","og_type":"article","og_title":"\u2018Tarc\u00edsio de Freitas seria recebido \u2018com muita festa no PL\u201d, diz Valdemar Costa Neto","og_description":"Sobre a inten\u00e7\u00e3o de convid\u00e1-lo para a sigla, disse \u2018Quem manda \u00e9 o Bolsonaro\u2019 O presidente nacional do\u00a0PL,\u00a0Valdemar Costa Neto, afirmou que o governador de S\u00e3o Paulo,\u00a0Tarc\u00edsio de Freitas\u00a0(Republicanos), seria recebido \u201ccom muita festa\u201d caso decidisse se filiar ao partido. A declara\u00e7\u00e3o foi feita em conversa com o rep\u00f3rter Misael Mainetti nesta quarta-feira (13), em [&hellip;]","og_url":"https:\/\/www.p31noticias.com.br\/?p=67216","og_site_name":"P31","article_published_time":"2025-11-14T10:16:22+00:00","og_image":[{"width":300,"height":170,"url":"https:\/\/www.p31noticias.com.br\/wp-content\/uploads\/2025\/11\/valdemar-costa-neto-1-300x170-1.jpg","type":"image\/jpeg"}],"author":"Gon\u00e7alves Junior","twitter_card":"summary_large_image","twitter_misc":{"Escrito por":"Gon\u00e7alves Junior","Est. tempo de leitura":"2 minutos"},"schema":{"@context":"https:\/\/schema.org","@graph":[{"@type":"Article","@id":"https:\/\/www.p31noticias.com.br\/?p=67216#article","isPartOf":{"@id":"https:\/\/www.p31noticias.com.br\/?p=67216"},"author":{"name":"Gon\u00e7alves Junior","@id":"https:\/\/www.p31noticias.com.br\/#\/schema\/person\/95f2ece30e3b4132065b915150cd0f94"},"headline":"\u2018Tarc\u00edsio de Freitas seria recebido \u2018com muita festa no PL\u201d, diz Valdemar Costa Neto","datePublished":"2025-11-14T10:16:22+00:00","mainEntityOfPage":{"@id":"https:\/\/www.p31noticias.com.br\/?p=67216"},"wordCount":310,"commentCount":0,"image":{"@id":"https:\/\/www.p31noticias.com.br\/?p=67216#primaryimage"},"thumbnailUrl":"https:\/\/www.p31noticias.com.br\/wp-content\/uploads\/2025\/11\/valdemar-costa-neto-1-300x170-1.jpg","articleSection":["Brasil","Pol\u00edtica"],"inLanguage":"pt-BR","potentialAction":[{"@type":"CommentAction","name":"Comment","target":["https:\/\/www.p31noticias.com.br\/?p=67216#respond"]}],"copyrightYear":"2025","copyrightHolder":{"@id":"https:\/\/www.p31noticias.com.br\/#organization"}},{"@type":"WebPage","@id":"https:\/\/www.p31noticias.com.br\/?p=67216","url":"https:\/\/www.p31noticias.com.br\/?p=67216","name":"\u2018Tarc\u00edsio de Freitas seria recebido \u2018com muita festa no PL\u201d, diz Valdemar Costa Neto - P31","isPartOf":{"@id":"https:\/\/www.p31noticias.com.br\/#website"},"primaryImageOfPage":{"@id":"https:\/\/www.p31noticias.com.br\/?p=67216#primaryimage"},"image":{"@id":"https:\/\/www.p31noticias.com.br\/?p=67216#primaryimage"},"thumbnailUrl":"https:\/\/www.p31noticias.com.br\/wp-content\/uploads\/2025\/11\/valdemar-costa-neto-1-300x170-1.jpg","datePublished":"2025-11-14T10:16:22+00:00","author":{"@id":"https:\/\/www.p31noticias.com.br\/#\/schema\/person\/95f2ece30e3b4132065b915150cd0f94"},"breadcrumb":{"@id":"https:\/\/www.p31noticias.com.br\/?p=67216#breadcrumb"},"inLanguage":"pt-BR","potentialAction":[{"@type":"ReadAction","target":["https:\/\/www.p31noticias.com.br\/?p=67216"]}]},{"@type":"ImageObject","inLanguage":"pt-BR","@id":"https:\/\/www.p31noticias.com.br\/?p=67216#primaryimage","url":"https:\/\/www.p31noticias.com.br\/wp-content\/uploads\/2025\/11\/valdemar-costa-neto-1-300x170-1.jpg","contentUrl":"https:\/\/www.p31noticias.com.br\/wp-content\/uploads\/2025\/11\/valdemar-costa-neto-1-300x170-1.jpg","width":300,"height":170},{"@type":"BreadcrumbList","@id":"https:\/\/www.p31noticias.com.br\/?p=67216#breadcrumb","itemListElement":[{"@type":"ListItem","position":1,"name":"In\u00edcio","item":"https:\/\/www.p31noticias.com.br\/"},{"@type":"ListItem","position":2,"name":"\u2018Tarc\u00edsio de Freitas seria recebido \u2018com muita festa no PL\u201d, diz Valdemar Costa Neto"}]},{"@type":"WebSite","@id":"https:\/\/www.p31noticias.com.br\/#website","url":"https:\/\/www.p31noticias.com.br\/","name":"P31","description":"NOT\u00cdCIAS","potentialAction":[{"@type":"SearchAction","target":{"@type":"EntryPoint","urlTemplate":"https:\/\/www.p31noticias.com.br\/?s={search_term_string}"},"query-input":{"@type":"PropertyValueSpecification","valueRequired":true,"valueName":"search_term_string"}}],"inLanguage":"pt-BR"},{"@type":"Person","@id":"https:\/\/www.p31noticias.com.br\/#\/schema\/person\/95f2ece30e3b4132065b915150cd0f94","name":"Gon\u00e7alves Junior","image":{"@type":"ImageObject","inLanguage":"pt-BR","@id":"https:\/\/secure.gravatar.com\/avatar\/6711f350116a89762687a48d66f723c799e5438a5b7578508d4294cd7a5d0800?s=96&d=mm&r=g","url":"https:\/\/secure.gravatar.com\/avatar\/6711f350116a89762687a48d66f723c799e5438a5b7578508d4294cd7a5d0800?s=96&d=mm&r=g","contentUrl":"https:\/\/secure.gravatar.com\/avatar\/6711f350116a89762687a48d66f723c799e5438a5b7578508d4294cd7a5d0800?s=96&d=mm&r=g","caption":"Gon\u00e7alves Junior"},"url":"https:\/\/www.p31noticias.com.br\/?author=2"}]}},"amp_enabled":true,"_links":{"self":[{"href":"https:\/\/www.p31noticias.com.br\/index.php?rest_route=\/wp\/v2\/posts\/67216","targetHints":{"allow":["GET"]}}],"collection":[{"href":"https:\/\/www.p31noticias.com.br\/index.php?rest_route=\/wp\/v2\/posts"}],"about":[{"href":"https:\/\/www.p31noticias.com.br\/index.php?rest_route=\/wp\/v2\/types\/post"}],"author":[{"embeddable":true,"href":"https:\/\/www.p31noticias.com.br\/index.php?rest_route=\/wp\/v2\/users\/2"}],"replies":[{"embeddable":true,"href":"https:\/\/www.p31noticias.com.br\/index.php?rest_route=%2Fwp%2Fv2%2Fcomments&post=67216"}],"version-history":[{"count":1,"href":"https:\/\/www.p31noticias.com.br\/index.php?rest_route=\/wp\/v2\/posts\/67216\/revisions"}],"predecessor-version":[{"id":67218,"href":"https:\/\/www.p31noticias.com.br\/index.php?rest_route=\/wp\/v2\/posts\/67216\/revisions\/67218"}],"wp:featuredmedia":[{"embeddable":true,"href":"https:\/\/www.p31noticias.com.br\/index.php?rest_route=\/wp\/v2\/media\/67217"}],"wp:attachment":[{"href":"https:\/\/www.p31noticias.com.br\/index.php?rest_route=%2Fwp%2Fv2%2Fmedia&parent=67216"}],"wp:term":[{"taxonomy":"category","embeddable":true,"href":"https:\/\/www.p31noticias.com.br\/index.php?rest_route=%2Fwp%2Fv2%2Fcategories&post=67216"},{"taxonomy":"post_tag","embeddable":true,"href":"https:\/\/www.p31noticias.com.br\/index.php?rest_route=%2Fwp%2Fv2%2Ftags&post=67216"}],"curies":[{"name":"wp","href":"https:\/\/api.w.org\/{rel}","templated":true}]}}