{"id":66084,"date":"2025-07-16T07:03:10","date_gmt":"2025-07-16T10:03:10","guid":{"rendered":"https:\/\/www.p31noticias.com.br\/?p=66084"},"modified":"2025-07-16T07:07:42","modified_gmt":"2025-07-16T10:07:42","slug":"gdf-e-poder-judiciario-firmam-parceria-para-o-plantio-de-70-mil-mudas-de-especies-nativas-do-cerrado","status":"publish","type":"post","link":"https:\/\/www.p31noticias.com.br\/?p=66084","title":{"rendered":"GDF e Poder Judici\u00e1rio firmam parceria para o plantio de 70 mil mudas de esp\u00e9cies nativas do Cerrado"},"content":{"rendered":"<p style=\"text-align: justify;\"><em><strong>Um marco ambiental, acordo foi firmado nesta ter\u00e7a-feira (15) para a\u00e7\u00f5es de recomposi\u00e7\u00e3o florestal e neutralidade de carbono<\/strong><\/em><\/p>\n<p style=\"text-align: justify;\">Nesta ter\u00e7a-feira (15), a Secretaria do Meio Ambiente do Distrito Federal (Sema-DF) participou de solenidade no Tribunal Superior do Trabalho (TST) para tratar da implementa\u00e7\u00e3o de um Plano de Compensa\u00e7\u00e3o Ambiental, em cumprimento \u00e0 Resolu\u00e7\u00e3o CNJ n\u00b0 594\/2024. O encontro marca o in\u00edcio de uma parceria estrat\u00e9gica entre o Governo do Distrito Federal (GDF) e o Poder Judici\u00e1rio brasileiro, que visa \u00e0 promo\u00e7\u00e3o da descarboniza\u00e7\u00e3o institucional e \u00e0 neutralidade de carbono at\u00e9 2030.<\/p>\n<figure class=\"image\" style=\"text-align: justify;\"><picture data-fileentryid=\"25589338\"><source srcset=\"\/o\/adaptive-media\/image\/25589338\/Thumbnail-300x300\/54656947421_1f2f077832_o.jpg?t=1752611643078\" media=\"(max-width:300px)\" \/><source srcset=\"\/o\/adaptive-media\/image\/25589338\/Preview-1000x0\/54656947421_1f2f077832_o.jpg?t=1752611643078\" media=\"(max-width:1000px) and (min-width:300px)\" \/><\/picture><picture data-fileentryid=\"25589338\"><source srcset=\"\/o\/adaptive-media\/image\/25589338\/Thumbnail-300x300\/54656947421_1f2f077832_o.jpg?t=1752611643078\" media=\"(max-width:300px)\" \/><source srcset=\"\/o\/adaptive-media\/image\/25589338\/Preview-1000x0\/54656947421_1f2f077832_o.jpg?t=1752611643078\" media=\"(max-width:1000px) and (min-width:300px)\" \/><img decoding=\"async\" src=\"https:\/\/agenciabrasilia.df.gov.br\/documents\/d\/guest\/54656947421_1f2f077832_o-jpg\" alt=\"\" data-fileentryid=\"25589338\" \/><\/picture><figcaption>&#8220;Este acordo representa mais do que o plantio de \u00e1rvores, \u00e9 a semeadura de um compromisso duradouro com o Cerrado, com a justi\u00e7a clim\u00e1tica e com as pr\u00f3ximas gera\u00e7\u00f5es&#8221;, afirma a vice-governadora Celina Le\u00e3o | Foto: Divulga\u00e7\u00e3o\/Sema-DF<\/figcaption><\/figure>\n<p style=\"text-align: justify;\">A parceria prev\u00ea o plantio de 70 mil mudas de esp\u00e9cies nativas do Cerrado, dentro de um projeto com dura\u00e7\u00e3o de quatro anos, que incluir\u00e1 implanta\u00e7\u00e3o e manuten\u00e7\u00e3o dos plantios de recupera\u00e7\u00e3o. A a\u00e7\u00e3o est\u00e1 inserida no Plano de Log\u00edstica Sustent\u00e1vel do TST\/CSJT e ser\u00e1 um importante passo para a recupera\u00e7\u00e3o ambiental de \u00e1reas degradadas, com impacto direto na conserva\u00e7\u00e3o da biodiversidade do bioma Cerrado.<\/p>\n<p style=\"text-align: justify;\">A iniciativa integra o Programa Justi\u00e7a Carbono Zero, institu\u00eddo pelo Conselho Nacional de Justi\u00e7a (CNJ), e representa um marco ambiental para o pa\u00eds. Em aten\u00e7\u00e3o \u00e0s diretrizes da Resolu\u00e7\u00e3o, o TST, o Minist\u00e9rio P\u00fablico do Trabalho da 10\u00aa Regi\u00e3o e o Tribunal Regional do Trabalho da 10\u00aa Regi\u00e3o formalizaram a proposta de coopera\u00e7\u00e3o com o GDF para viabilizar a\u00e7\u00f5es concretas de recomposi\u00e7\u00e3o florestal no territ\u00f3rio do Distrito Federal.<\/p>\n<p style=\"text-align: justify;\">\u201cFirmar esta parceria \u00e9 avan\u00e7ar com responsabilidade rumo a um futuro mais sustent\u00e1vel. O Governo do Distrito Federal tem compromisso com a\u00e7\u00f5es concretas de recomposi\u00e7\u00e3o ambiental e se orgulha de unir esfor\u00e7os com o Poder Judici\u00e1rio e o Minist\u00e9rio P\u00fablico no \u00e2mbito do Programa Justi\u00e7a Carbono Zero. A formaliza\u00e7\u00e3o dessa coopera\u00e7\u00e3o atende \u00e0 Resolu\u00e7\u00e3o CNJ n\u00ba 594\/2024 e estabelece diretrizes claras para a aplica\u00e7\u00e3o de recursos destinados \u00e0 execu\u00e7\u00e3o do Plano de Descarboniza\u00e7\u00e3o do Tribunal Superior do Trabalho, com foco na recupera\u00e7\u00e3o de \u00e1reas degradadas no territ\u00f3rio do Distrito Federal&#8221;, afirma a vice-governadora Celina Le\u00e3o.<\/p>\n<p style=\"text-align: justify;\">&#8220;Este acordo representa mais do que o plantio de \u00e1rvores, \u00e9 a semeadura de um compromisso duradouro com o Cerrado, com a justi\u00e7a clim\u00e1tica e com as pr\u00f3ximas gera\u00e7\u00f5es. Ser\u00e3o 70 mil mudas nativas plantadas ao longo de quatro anos, em um projeto que alia preserva\u00e7\u00e3o, t\u00e9cnica e coopera\u00e7\u00e3o. Proteger o Cerrado \u00e9 preservar a nossa identidade. Ao lado de institui\u00e7\u00f5es que compartilham esse prop\u00f3sito, mostramos que o di\u00e1logo interinstitucional \u00e9 capaz de gerar solu\u00e7\u00f5es reais. Bras\u00edlia reafirma, assim, sua voca\u00e7\u00e3o como capital que integra desenvolvimento, responsabilidade ambiental e inova\u00e7\u00e3o no servi\u00e7o p\u00fablico\u201d, acrescenta Celina.<\/p>\n<p style=\"text-align: justify;\">O secret\u00e1rio do Meio Ambiente do DF, Gutemberg Gomes, refor\u00e7ou o papel estrat\u00e9gico da a\u00e7\u00e3o para a agenda clim\u00e1tica local.\u00a0&#8220;A implementa\u00e7\u00e3o do Plano de Compensa\u00e7\u00e3o Ambiental no \u00e2mbito do Programa Justi\u00e7a Carbono Zero demonstra que o meio ambiente est\u00e1 no centro das decis\u00f5es institucionais. Com o plantio de mais de 70 mil mudas de esp\u00e9cies nativas do Cerrado, damos mais um passo firme rumo \u00e0 restaura\u00e7\u00e3o ecol\u00f3gica e \u00e0 mitiga\u00e7\u00e3o dos efeitos da mudan\u00e7a clim\u00e1tica no DF&#8221;, declarou.<\/p>\n<p style=\"text-align: justify;\"><strong><em>Com informa\u00e7\u00f5es da Sema-DF<\/em><\/strong><\/p>\n","protected":false},"excerpt":{"rendered":"<p>Um marco ambiental, acordo foi firmado nesta ter\u00e7a-feira (15) para a\u00e7\u00f5es de recomposi\u00e7\u00e3o florestal e neutralidade de carbono Nesta ter\u00e7a-feira (15), a Secretaria do Meio Ambiente do Distrito Federal (Sema-DF) participou de solenidade no Tribunal Superior do Trabalho (TST) para tratar da implementa\u00e7\u00e3o de um Plano de Compensa\u00e7\u00e3o Ambiental, em cumprimento \u00e0 Resolu\u00e7\u00e3o CNJ n\u00b0 [&hellip;]<\/p>\n","protected":false},"author":2,"featured_media":66088,"comment_status":"open","ping_status":"closed","sticky":false,"template":"","format":"standard","meta":{"footnotes":""},"categories":[21,3307],"tags":[],"class_list":{"0":"post-66084","1":"post","2":"type-post","3":"status-publish","4":"format-standard","5":"has-post-thumbnail","7":"category-brasilia","8":"category-direito-e-justica"},"yoast_head":"<!-- This site is optimized with the Yoast SEO Premium plugin v24.5 (Yoast SEO v27.5) - https:\/\/yoast.com\/product\/yoast-seo-premium-wordpress\/ -->\n<title>GDF e Poder Judici\u00e1rio firmam parceria para o plantio de 70 mil mudas de esp\u00e9cies nativas do Cerrado - P31<\/title>\n<meta name=\"robots\" content=\"index, follow, max-snippet:-1, max-image-preview:large, max-video-preview:-1\" \/>\n<link rel=\"canonical\" href=\"https:\/\/www.p31noticias.com.br\/?p=66084\" \/>\n<meta property=\"og:locale\" content=\"pt_BR\" \/>\n<meta property=\"og:type\" content=\"article\" \/>\n<meta property=\"og:title\" content=\"GDF e Poder Judici\u00e1rio firmam parceria para o plantio de 70 mil mudas de esp\u00e9cies nativas do Cerrado\" \/>\n<meta property=\"og:description\" content=\"Um marco ambiental, acordo foi firmado nesta ter\u00e7a-feira (15) para a\u00e7\u00f5es de recomposi\u00e7\u00e3o florestal e neutralidade de carbono Nesta ter\u00e7a-feira (15), a Secretaria do Meio Ambiente do Distrito Federal (Sema-DF) participou de solenidade no Tribunal Superior do Trabalho (TST) para tratar da implementa\u00e7\u00e3o de um Plano de Compensa\u00e7\u00e3o Ambiental, em cumprimento \u00e0 Resolu\u00e7\u00e3o CNJ n\u00b0 [&hellip;]\" \/>\n<meta property=\"og:url\" content=\"https:\/\/www.p31noticias.com.br\/?p=66084\" \/>\n<meta property=\"og:site_name\" content=\"P31\" \/>\n<meta property=\"article:published_time\" content=\"2025-07-16T10:03:10+00:00\" \/>\n<meta property=\"article:modified_time\" content=\"2025-07-16T10:07:42+00:00\" \/>\n<meta property=\"og:image\" content=\"https:\/\/www.p31noticias.com.br\/wp-content\/uploads\/2025\/07\/54657171028_dd0dc051bb_o-1-scaled.jpg\" \/>\n\t<meta property=\"og:image:width\" content=\"2560\" \/>\n\t<meta property=\"og:image:height\" content=\"1706\" \/>\n\t<meta property=\"og:image:type\" content=\"image\/jpeg\" \/>\n<meta name=\"author\" content=\"Gon\u00e7alves Junior\" \/>\n<meta name=\"twitter:card\" content=\"summary_large_image\" \/>\n<meta name=\"twitter:label1\" content=\"Escrito por\" \/>\n\t<meta name=\"twitter:data1\" content=\"Gon\u00e7alves Junior\" \/>\n\t<meta name=\"twitter:label2\" content=\"Est. tempo de leitura\" \/>\n\t<meta name=\"twitter:data2\" content=\"4 minutos\" \/>\n<script type=\"application\/ld+json\" class=\"yoast-schema-graph\">{\"@context\":\"https:\\\/\\\/schema.org\",\"@graph\":[{\"@type\":\"Article\",\"@id\":\"https:\\\/\\\/www.p31noticias.com.br\\\/?p=66084#article\",\"isPartOf\":{\"@id\":\"https:\\\/\\\/www.p31noticias.com.br\\\/?p=66084\"},\"author\":{\"name\":\"Gon\u00e7alves Junior\",\"@id\":\"https:\\\/\\\/www.p31noticias.com.br\\\/#\\\/schema\\\/person\\\/95f2ece30e3b4132065b915150cd0f94\"},\"headline\":\"GDF e Poder Judici\u00e1rio firmam parceria para o plantio de 70 mil mudas de esp\u00e9cies nativas do Cerrado\",\"datePublished\":\"2025-07-16T10:03:10+00:00\",\"dateModified\":\"2025-07-16T10:07:42+00:00\",\"mainEntityOfPage\":{\"@id\":\"https:\\\/\\\/www.p31noticias.com.br\\\/?p=66084\"},\"wordCount\":625,\"commentCount\":0,\"image\":{\"@id\":\"https:\\\/\\\/www.p31noticias.com.br\\\/?p=66084#primaryimage\"},\"thumbnailUrl\":\"https:\\\/\\\/www.p31noticias.com.br\\\/wp-content\\\/uploads\\\/2025\\\/07\\\/54657171028_dd0dc051bb_o-1-scaled.jpg\",\"articleSection\":[\"Bras\u00edlia\",\"Direito e Justi\u00e7a\"],\"inLanguage\":\"pt-BR\",\"potentialAction\":[{\"@type\":\"CommentAction\",\"name\":\"Comment\",\"target\":[\"https:\\\/\\\/www.p31noticias.com.br\\\/?p=66084#respond\"]}],\"copyrightYear\":\"2025\",\"copyrightHolder\":{\"@id\":\"https:\\\/\\\/www.p31noticias.com.br\\\/#organization\"}},{\"@type\":\"WebPage\",\"@id\":\"https:\\\/\\\/www.p31noticias.com.br\\\/?p=66084\",\"url\":\"https:\\\/\\\/www.p31noticias.com.br\\\/?p=66084\",\"name\":\"GDF e Poder Judici\u00e1rio firmam parceria para o plantio de 70 mil mudas de esp\u00e9cies nativas do Cerrado - P31\",\"isPartOf\":{\"@id\":\"https:\\\/\\\/www.p31noticias.com.br\\\/#website\"},\"primaryImageOfPage\":{\"@id\":\"https:\\\/\\\/www.p31noticias.com.br\\\/?p=66084#primaryimage\"},\"image\":{\"@id\":\"https:\\\/\\\/www.p31noticias.com.br\\\/?p=66084#primaryimage\"},\"thumbnailUrl\":\"https:\\\/\\\/www.p31noticias.com.br\\\/wp-content\\\/uploads\\\/2025\\\/07\\\/54657171028_dd0dc051bb_o-1-scaled.jpg\",\"datePublished\":\"2025-07-16T10:03:10+00:00\",\"dateModified\":\"2025-07-16T10:07:42+00:00\",\"author\":{\"@id\":\"https:\\\/\\\/www.p31noticias.com.br\\\/#\\\/schema\\\/person\\\/95f2ece30e3b4132065b915150cd0f94\"},\"breadcrumb\":{\"@id\":\"https:\\\/\\\/www.p31noticias.com.br\\\/?p=66084#breadcrumb\"},\"inLanguage\":\"pt-BR\",\"potentialAction\":[{\"@type\":\"ReadAction\",\"target\":[\"https:\\\/\\\/www.p31noticias.com.br\\\/?p=66084\"]}]},{\"@type\":\"ImageObject\",\"inLanguage\":\"pt-BR\",\"@id\":\"https:\\\/\\\/www.p31noticias.com.br\\\/?p=66084#primaryimage\",\"url\":\"https:\\\/\\\/www.p31noticias.com.br\\\/wp-content\\\/uploads\\\/2025\\\/07\\\/54657171028_dd0dc051bb_o-1-scaled.jpg\",\"contentUrl\":\"https:\\\/\\\/www.p31noticias.com.br\\\/wp-content\\\/uploads\\\/2025\\\/07\\\/54657171028_dd0dc051bb_o-1-scaled.jpg\",\"width\":2560,\"height\":1706},{\"@type\":\"BreadcrumbList\",\"@id\":\"https:\\\/\\\/www.p31noticias.com.br\\\/?p=66084#breadcrumb\",\"itemListElement\":[{\"@type\":\"ListItem\",\"position\":1,\"name\":\"In\u00edcio\",\"item\":\"https:\\\/\\\/www.p31noticias.com.br\\\/\"},{\"@type\":\"ListItem\",\"position\":2,\"name\":\"GDF e Poder Judici\u00e1rio firmam parceria para o plantio de 70 mil mudas de esp\u00e9cies nativas do Cerrado\"}]},{\"@type\":\"WebSite\",\"@id\":\"https:\\\/\\\/www.p31noticias.com.br\\\/#website\",\"url\":\"https:\\\/\\\/www.p31noticias.com.br\\\/\",\"name\":\"P31\",\"description\":\"NOT\u00cdCIAS\",\"potentialAction\":[{\"@type\":\"SearchAction\",\"target\":{\"@type\":\"EntryPoint\",\"urlTemplate\":\"https:\\\/\\\/www.p31noticias.com.br\\\/?s={search_term_string}\"},\"query-input\":{\"@type\":\"PropertyValueSpecification\",\"valueRequired\":true,\"valueName\":\"search_term_string\"}}],\"inLanguage\":\"pt-BR\"},{\"@type\":\"Person\",\"@id\":\"https:\\\/\\\/www.p31noticias.com.br\\\/#\\\/schema\\\/person\\\/95f2ece30e3b4132065b915150cd0f94\",\"name\":\"Gon\u00e7alves Junior\",\"image\":{\"@type\":\"ImageObject\",\"inLanguage\":\"pt-BR\",\"@id\":\"https:\\\/\\\/secure.gravatar.com\\\/avatar\\\/6711f350116a89762687a48d66f723c799e5438a5b7578508d4294cd7a5d0800?s=96&d=mm&r=g\",\"url\":\"https:\\\/\\\/secure.gravatar.com\\\/avatar\\\/6711f350116a89762687a48d66f723c799e5438a5b7578508d4294cd7a5d0800?s=96&d=mm&r=g\",\"contentUrl\":\"https:\\\/\\\/secure.gravatar.com\\\/avatar\\\/6711f350116a89762687a48d66f723c799e5438a5b7578508d4294cd7a5d0800?s=96&d=mm&r=g\",\"caption\":\"Gon\u00e7alves Junior\"},\"url\":\"https:\\\/\\\/www.p31noticias.com.br\\\/?author=2\"}]}<\/script>\n<!-- \/ Yoast SEO Premium plugin. -->","yoast_head_json":{"title":"GDF e Poder Judici\u00e1rio firmam parceria para o plantio de 70 mil mudas de esp\u00e9cies nativas do Cerrado - P31","robots":{"index":"index","follow":"follow","max-snippet":"max-snippet:-1","max-image-preview":"max-image-preview:large","max-video-preview":"max-video-preview:-1"},"canonical":"https:\/\/www.p31noticias.com.br\/?p=66084","og_locale":"pt_BR","og_type":"article","og_title":"GDF e Poder Judici\u00e1rio firmam parceria para o plantio de 70 mil mudas de esp\u00e9cies nativas do Cerrado","og_description":"Um marco ambiental, acordo foi firmado nesta ter\u00e7a-feira (15) para a\u00e7\u00f5es de recomposi\u00e7\u00e3o florestal e neutralidade de carbono Nesta ter\u00e7a-feira (15), a Secretaria do Meio Ambiente do Distrito Federal (Sema-DF) participou de solenidade no Tribunal Superior do Trabalho (TST) para tratar da implementa\u00e7\u00e3o de um Plano de Compensa\u00e7\u00e3o Ambiental, em cumprimento \u00e0 Resolu\u00e7\u00e3o CNJ n\u00b0 [&hellip;]","og_url":"https:\/\/www.p31noticias.com.br\/?p=66084","og_site_name":"P31","article_published_time":"2025-07-16T10:03:10+00:00","article_modified_time":"2025-07-16T10:07:42+00:00","og_image":[{"width":2560,"height":1706,"url":"https:\/\/www.p31noticias.com.br\/wp-content\/uploads\/2025\/07\/54657171028_dd0dc051bb_o-1-scaled.jpg","type":"image\/jpeg"}],"author":"Gon\u00e7alves Junior","twitter_card":"summary_large_image","twitter_misc":{"Escrito por":"Gon\u00e7alves Junior","Est. tempo de leitura":"4 minutos"},"schema":{"@context":"https:\/\/schema.org","@graph":[{"@type":"Article","@id":"https:\/\/www.p31noticias.com.br\/?p=66084#article","isPartOf":{"@id":"https:\/\/www.p31noticias.com.br\/?p=66084"},"author":{"name":"Gon\u00e7alves Junior","@id":"https:\/\/www.p31noticias.com.br\/#\/schema\/person\/95f2ece30e3b4132065b915150cd0f94"},"headline":"GDF e Poder Judici\u00e1rio firmam parceria para o plantio de 70 mil mudas de esp\u00e9cies nativas do Cerrado","datePublished":"2025-07-16T10:03:10+00:00","dateModified":"2025-07-16T10:07:42+00:00","mainEntityOfPage":{"@id":"https:\/\/www.p31noticias.com.br\/?p=66084"},"wordCount":625,"commentCount":0,"image":{"@id":"https:\/\/www.p31noticias.com.br\/?p=66084#primaryimage"},"thumbnailUrl":"https:\/\/www.p31noticias.com.br\/wp-content\/uploads\/2025\/07\/54657171028_dd0dc051bb_o-1-scaled.jpg","articleSection":["Bras\u00edlia","Direito e Justi\u00e7a"],"inLanguage":"pt-BR","potentialAction":[{"@type":"CommentAction","name":"Comment","target":["https:\/\/www.p31noticias.com.br\/?p=66084#respond"]}],"copyrightYear":"2025","copyrightHolder":{"@id":"https:\/\/www.p31noticias.com.br\/#organization"}},{"@type":"WebPage","@id":"https:\/\/www.p31noticias.com.br\/?p=66084","url":"https:\/\/www.p31noticias.com.br\/?p=66084","name":"GDF e Poder Judici\u00e1rio firmam parceria para o plantio de 70 mil mudas de esp\u00e9cies nativas do Cerrado - P31","isPartOf":{"@id":"https:\/\/www.p31noticias.com.br\/#website"},"primaryImageOfPage":{"@id":"https:\/\/www.p31noticias.com.br\/?p=66084#primaryimage"},"image":{"@id":"https:\/\/www.p31noticias.com.br\/?p=66084#primaryimage"},"thumbnailUrl":"https:\/\/www.p31noticias.com.br\/wp-content\/uploads\/2025\/07\/54657171028_dd0dc051bb_o-1-scaled.jpg","datePublished":"2025-07-16T10:03:10+00:00","dateModified":"2025-07-16T10:07:42+00:00","author":{"@id":"https:\/\/www.p31noticias.com.br\/#\/schema\/person\/95f2ece30e3b4132065b915150cd0f94"},"breadcrumb":{"@id":"https:\/\/www.p31noticias.com.br\/?p=66084#breadcrumb"},"inLanguage":"pt-BR","potentialAction":[{"@type":"ReadAction","target":["https:\/\/www.p31noticias.com.br\/?p=66084"]}]},{"@type":"ImageObject","inLanguage":"pt-BR","@id":"https:\/\/www.p31noticias.com.br\/?p=66084#primaryimage","url":"https:\/\/www.p31noticias.com.br\/wp-content\/uploads\/2025\/07\/54657171028_dd0dc051bb_o-1-scaled.jpg","contentUrl":"https:\/\/www.p31noticias.com.br\/wp-content\/uploads\/2025\/07\/54657171028_dd0dc051bb_o-1-scaled.jpg","width":2560,"height":1706},{"@type":"BreadcrumbList","@id":"https:\/\/www.p31noticias.com.br\/?p=66084#breadcrumb","itemListElement":[{"@type":"ListItem","position":1,"name":"In\u00edcio","item":"https:\/\/www.p31noticias.com.br\/"},{"@type":"ListItem","position":2,"name":"GDF e Poder Judici\u00e1rio firmam parceria para o plantio de 70 mil mudas de esp\u00e9cies nativas do Cerrado"}]},{"@type":"WebSite","@id":"https:\/\/www.p31noticias.com.br\/#website","url":"https:\/\/www.p31noticias.com.br\/","name":"P31","description":"NOT\u00cdCIAS","potentialAction":[{"@type":"SearchAction","target":{"@type":"EntryPoint","urlTemplate":"https:\/\/www.p31noticias.com.br\/?s={search_term_string}"},"query-input":{"@type":"PropertyValueSpecification","valueRequired":true,"valueName":"search_term_string"}}],"inLanguage":"pt-BR"},{"@type":"Person","@id":"https:\/\/www.p31noticias.com.br\/#\/schema\/person\/95f2ece30e3b4132065b915150cd0f94","name":"Gon\u00e7alves Junior","image":{"@type":"ImageObject","inLanguage":"pt-BR","@id":"https:\/\/secure.gravatar.com\/avatar\/6711f350116a89762687a48d66f723c799e5438a5b7578508d4294cd7a5d0800?s=96&d=mm&r=g","url":"https:\/\/secure.gravatar.com\/avatar\/6711f350116a89762687a48d66f723c799e5438a5b7578508d4294cd7a5d0800?s=96&d=mm&r=g","contentUrl":"https:\/\/secure.gravatar.com\/avatar\/6711f350116a89762687a48d66f723c799e5438a5b7578508d4294cd7a5d0800?s=96&d=mm&r=g","caption":"Gon\u00e7alves Junior"},"url":"https:\/\/www.p31noticias.com.br\/?author=2"}]}},"amp_enabled":true,"_links":{"self":[{"href":"https:\/\/www.p31noticias.com.br\/index.php?rest_route=\/wp\/v2\/posts\/66084","targetHints":{"allow":["GET"]}}],"collection":[{"href":"https:\/\/www.p31noticias.com.br\/index.php?rest_route=\/wp\/v2\/posts"}],"about":[{"href":"https:\/\/www.p31noticias.com.br\/index.php?rest_route=\/wp\/v2\/types\/post"}],"author":[{"embeddable":true,"href":"https:\/\/www.p31noticias.com.br\/index.php?rest_route=\/wp\/v2\/users\/2"}],"replies":[{"embeddable":true,"href":"https:\/\/www.p31noticias.com.br\/index.php?rest_route=%2Fwp%2Fv2%2Fcomments&post=66084"}],"version-history":[{"count":1,"href":"https:\/\/www.p31noticias.com.br\/index.php?rest_route=\/wp\/v2\/posts\/66084\/revisions"}],"predecessor-version":[{"id":66086,"href":"https:\/\/www.p31noticias.com.br\/index.php?rest_route=\/wp\/v2\/posts\/66084\/revisions\/66086"}],"wp:featuredmedia":[{"embeddable":true,"href":"https:\/\/www.p31noticias.com.br\/index.php?rest_route=\/wp\/v2\/media\/66088"}],"wp:attachment":[{"href":"https:\/\/www.p31noticias.com.br\/index.php?rest_route=%2Fwp%2Fv2%2Fmedia&parent=66084"}],"wp:term":[{"taxonomy":"category","embeddable":true,"href":"https:\/\/www.p31noticias.com.br\/index.php?rest_route=%2Fwp%2Fv2%2Fcategories&post=66084"},{"taxonomy":"post_tag","embeddable":true,"href":"https:\/\/www.p31noticias.com.br\/index.php?rest_route=%2Fwp%2Fv2%2Ftags&post=66084"}],"curies":[{"name":"wp","href":"https:\/\/api.w.org\/{rel}","templated":true}]}}