{"id":66022,"date":"2025-07-11T22:39:43","date_gmt":"2025-07-12T01:39:43","guid":{"rendered":"https:\/\/www.p31noticias.com.br\/?p=66022"},"modified":"2025-07-11T22:39:43","modified_gmt":"2025-07-12T01:39:43","slug":"entenda-os-impactos-economicos-do-aumento-da-tarifa-de-50-impostas-por-trump-ao-brasil","status":"publish","type":"post","link":"https:\/\/www.p31noticias.com.br\/?p=66022","title":{"rendered":"Entenda os impactos econ\u00f4micos do aumento da tarifa de 50% impostas por Trump ao Brasil"},"content":{"rendered":"<p style=\"text-align: justify;\"><em><strong>O setor exportador dever\u00e1 ser penalizado, com perda da atividade econ\u00f4mica, principalmente aquele ligado \u00e0 petroqu\u00edmica, agroneg\u00f3cio, aeronaves e a\u00e7o; hoje, as exporta\u00e7\u00f5es para os EUA representam 2% do PIB<\/strong><\/em><\/p>\n<p style=\"text-align: justify;\">O presidente dos EUA,\u00a0<a href=\"http:\/\/jovempan.com.br\/tag\/donald-trump\"><strong>Donald Trump<\/strong><\/a>, elevou as tarifas protecionistas contra o Brasil para 50%. A nova al\u00edquota vale para o dia 1\u00ba de agosto de 2025.\u00a0Se concretizado, o setor exportador dever\u00e1 ser penalizado, com perda da atividade econ\u00f4mica, principalmente aquele ligado \u00e0 petroqu\u00edmica,\u00a0<a href=\"http:\/\/jovempan.com.br\/tag\/agronegocio\"><strong>agroneg\u00f3cio<\/strong><\/a>, fabrica\u00e7\u00e3o de aeronaves e a\u00e7o. Hoje, as exporta\u00e7\u00f5es para os\u00a0<a href=\"http:\/\/jovempan.com.br\/tag\/eua\"><strong>EUA<\/strong><\/a>\u00a0representam cerca de 2% do PIB.\u00a0Como o setor exportador vender\u00e1 menos para os EUA, poder\u00e1 ocorrer uma alta do d\u00f3lar \u2013 j\u00e1 em curso -, decorrente da menor oferta da moeda americana no pa\u00eds. A eleva\u00e7\u00e3o do d\u00f3lar traz impactos inflacion\u00e1rios.<\/p>\n<p style=\"text-align: justify;\">Se o Brasil reagir com tarifas rec\u00edprocas, a infla\u00e7\u00e3o dever\u00e1 se elevar ainda mais, por conta do encarecimento das importa\u00e7\u00f5es, levando a aumento de custos ao longo da cadeia produtiva, que poder\u00e3o ser repassados ao consumidor final.\u00a0Diante desses impactos prejudiciais \u00e0 popula\u00e7\u00e3o brasileira, \u00e9 fundamental que o governo v\u00e1 para a mesa de negocia\u00e7\u00e3o a fim de n\u00e3o escalar a situa\u00e7\u00e3o.<\/p>\n<p style=\"text-align: justify;\"><em><strong>JP NEWS<\/strong><\/em><\/p>\n","protected":false},"excerpt":{"rendered":"<p>O setor exportador dever\u00e1 ser penalizado, com perda da atividade econ\u00f4mica, principalmente aquele ligado \u00e0 petroqu\u00edmica, agroneg\u00f3cio, aeronaves e a\u00e7o; hoje, as exporta\u00e7\u00f5es para os EUA representam 2% do PIB O presidente dos EUA,\u00a0Donald Trump, elevou as tarifas protecionistas contra o Brasil para 50%. A nova al\u00edquota vale para o dia 1\u00ba de agosto de [&hellip;]<\/p>\n","protected":false},"author":2,"featured_media":66023,"comment_status":"open","ping_status":"closed","sticky":false,"template":"","format":"standard","meta":{"footnotes":""},"categories":[68,752,57],"tags":[],"class_list":{"0":"post-66022","1":"post","2":"type-post","3":"status-publish","4":"format-standard","5":"has-post-thumbnail","7":"category-brasil","8":"category-mundo","9":"category-politica"},"yoast_head":"<!-- This site is optimized with the Yoast SEO Premium plugin v24.5 (Yoast SEO v27.5) - https:\/\/yoast.com\/product\/yoast-seo-premium-wordpress\/ -->\n<title>Entenda os impactos econ\u00f4micos do aumento da tarifa de 50% impostas por Trump ao Brasil - P31<\/title>\n<meta name=\"robots\" content=\"index, follow, max-snippet:-1, max-image-preview:large, max-video-preview:-1\" \/>\n<link rel=\"canonical\" href=\"https:\/\/www.p31noticias.com.br\/?p=66022\" \/>\n<meta property=\"og:locale\" content=\"pt_BR\" \/>\n<meta property=\"og:type\" content=\"article\" \/>\n<meta property=\"og:title\" content=\"Entenda os impactos econ\u00f4micos do aumento da tarifa de 50% impostas por Trump ao Brasil\" \/>\n<meta property=\"og:description\" content=\"O setor exportador dever\u00e1 ser penalizado, com perda da atividade econ\u00f4mica, principalmente aquele ligado \u00e0 petroqu\u00edmica, agroneg\u00f3cio, aeronaves e a\u00e7o; hoje, as exporta\u00e7\u00f5es para os EUA representam 2% do PIB O presidente dos EUA,\u00a0Donald Trump, elevou as tarifas protecionistas contra o Brasil para 50%. A nova al\u00edquota vale para o dia 1\u00ba de agosto de [&hellip;]\" \/>\n<meta property=\"og:url\" content=\"https:\/\/www.p31noticias.com.br\/?p=66022\" \/>\n<meta property=\"og:site_name\" content=\"P31\" \/>\n<meta property=\"article:published_time\" content=\"2025-07-12T01:39:43+00:00\" \/>\n<meta property=\"og:image\" content=\"https:\/\/www.p31noticias.com.br\/wp-content\/uploads\/2025\/07\/8ed108e4b601eea4f6d0a5442f11329287eed039-300x170-1.jpg\" \/>\n\t<meta property=\"og:image:width\" content=\"300\" \/>\n\t<meta property=\"og:image:height\" content=\"170\" \/>\n\t<meta property=\"og:image:type\" content=\"image\/jpeg\" \/>\n<meta name=\"author\" content=\"Gon\u00e7alves Junior\" \/>\n<meta name=\"twitter:card\" content=\"summary_large_image\" \/>\n<meta name=\"twitter:label1\" content=\"Escrito por\" \/>\n\t<meta name=\"twitter:data1\" content=\"Gon\u00e7alves Junior\" \/>\n\t<meta name=\"twitter:label2\" content=\"Est. tempo de leitura\" \/>\n\t<meta name=\"twitter:data2\" content=\"2 minutos\" \/>\n<script type=\"application\/ld+json\" class=\"yoast-schema-graph\">{\"@context\":\"https:\\\/\\\/schema.org\",\"@graph\":[{\"@type\":\"Article\",\"@id\":\"https:\\\/\\\/www.p31noticias.com.br\\\/?p=66022#article\",\"isPartOf\":{\"@id\":\"https:\\\/\\\/www.p31noticias.com.br\\\/?p=66022\"},\"author\":{\"name\":\"Gon\u00e7alves Junior\",\"@id\":\"https:\\\/\\\/www.p31noticias.com.br\\\/#\\\/schema\\\/person\\\/95f2ece30e3b4132065b915150cd0f94\"},\"headline\":\"Entenda os impactos econ\u00f4micos do aumento da tarifa de 50% impostas por Trump ao Brasil\",\"datePublished\":\"2025-07-12T01:39:43+00:00\",\"mainEntityOfPage\":{\"@id\":\"https:\\\/\\\/www.p31noticias.com.br\\\/?p=66022\"},\"wordCount\":223,\"commentCount\":0,\"image\":{\"@id\":\"https:\\\/\\\/www.p31noticias.com.br\\\/?p=66022#primaryimage\"},\"thumbnailUrl\":\"https:\\\/\\\/www.p31noticias.com.br\\\/wp-content\\\/uploads\\\/2025\\\/07\\\/8ed108e4b601eea4f6d0a5442f11329287eed039-300x170-1.jpg\",\"articleSection\":[\"Brasil\",\"Mundo\",\"Pol\u00edtica\"],\"inLanguage\":\"pt-BR\",\"potentialAction\":[{\"@type\":\"CommentAction\",\"name\":\"Comment\",\"target\":[\"https:\\\/\\\/www.p31noticias.com.br\\\/?p=66022#respond\"]}],\"copyrightYear\":\"2025\",\"copyrightHolder\":{\"@id\":\"https:\\\/\\\/www.p31noticias.com.br\\\/#organization\"}},{\"@type\":\"WebPage\",\"@id\":\"https:\\\/\\\/www.p31noticias.com.br\\\/?p=66022\",\"url\":\"https:\\\/\\\/www.p31noticias.com.br\\\/?p=66022\",\"name\":\"Entenda os impactos econ\u00f4micos do aumento da tarifa de 50% impostas por Trump ao Brasil - P31\",\"isPartOf\":{\"@id\":\"https:\\\/\\\/www.p31noticias.com.br\\\/#website\"},\"primaryImageOfPage\":{\"@id\":\"https:\\\/\\\/www.p31noticias.com.br\\\/?p=66022#primaryimage\"},\"image\":{\"@id\":\"https:\\\/\\\/www.p31noticias.com.br\\\/?p=66022#primaryimage\"},\"thumbnailUrl\":\"https:\\\/\\\/www.p31noticias.com.br\\\/wp-content\\\/uploads\\\/2025\\\/07\\\/8ed108e4b601eea4f6d0a5442f11329287eed039-300x170-1.jpg\",\"datePublished\":\"2025-07-12T01:39:43+00:00\",\"author\":{\"@id\":\"https:\\\/\\\/www.p31noticias.com.br\\\/#\\\/schema\\\/person\\\/95f2ece30e3b4132065b915150cd0f94\"},\"breadcrumb\":{\"@id\":\"https:\\\/\\\/www.p31noticias.com.br\\\/?p=66022#breadcrumb\"},\"inLanguage\":\"pt-BR\",\"potentialAction\":[{\"@type\":\"ReadAction\",\"target\":[\"https:\\\/\\\/www.p31noticias.com.br\\\/?p=66022\"]}]},{\"@type\":\"ImageObject\",\"inLanguage\":\"pt-BR\",\"@id\":\"https:\\\/\\\/www.p31noticias.com.br\\\/?p=66022#primaryimage\",\"url\":\"https:\\\/\\\/www.p31noticias.com.br\\\/wp-content\\\/uploads\\\/2025\\\/07\\\/8ed108e4b601eea4f6d0a5442f11329287eed039-300x170-1.jpg\",\"contentUrl\":\"https:\\\/\\\/www.p31noticias.com.br\\\/wp-content\\\/uploads\\\/2025\\\/07\\\/8ed108e4b601eea4f6d0a5442f11329287eed039-300x170-1.jpg\",\"width\":300,\"height\":170},{\"@type\":\"BreadcrumbList\",\"@id\":\"https:\\\/\\\/www.p31noticias.com.br\\\/?p=66022#breadcrumb\",\"itemListElement\":[{\"@type\":\"ListItem\",\"position\":1,\"name\":\"In\u00edcio\",\"item\":\"https:\\\/\\\/www.p31noticias.com.br\\\/\"},{\"@type\":\"ListItem\",\"position\":2,\"name\":\"Entenda os impactos econ\u00f4micos do aumento da tarifa de 50% impostas por Trump ao Brasil\"}]},{\"@type\":\"WebSite\",\"@id\":\"https:\\\/\\\/www.p31noticias.com.br\\\/#website\",\"url\":\"https:\\\/\\\/www.p31noticias.com.br\\\/\",\"name\":\"P31\",\"description\":\"NOT\u00cdCIAS\",\"potentialAction\":[{\"@type\":\"SearchAction\",\"target\":{\"@type\":\"EntryPoint\",\"urlTemplate\":\"https:\\\/\\\/www.p31noticias.com.br\\\/?s={search_term_string}\"},\"query-input\":{\"@type\":\"PropertyValueSpecification\",\"valueRequired\":true,\"valueName\":\"search_term_string\"}}],\"inLanguage\":\"pt-BR\"},{\"@type\":\"Person\",\"@id\":\"https:\\\/\\\/www.p31noticias.com.br\\\/#\\\/schema\\\/person\\\/95f2ece30e3b4132065b915150cd0f94\",\"name\":\"Gon\u00e7alves Junior\",\"image\":{\"@type\":\"ImageObject\",\"inLanguage\":\"pt-BR\",\"@id\":\"https:\\\/\\\/secure.gravatar.com\\\/avatar\\\/6711f350116a89762687a48d66f723c799e5438a5b7578508d4294cd7a5d0800?s=96&d=mm&r=g\",\"url\":\"https:\\\/\\\/secure.gravatar.com\\\/avatar\\\/6711f350116a89762687a48d66f723c799e5438a5b7578508d4294cd7a5d0800?s=96&d=mm&r=g\",\"contentUrl\":\"https:\\\/\\\/secure.gravatar.com\\\/avatar\\\/6711f350116a89762687a48d66f723c799e5438a5b7578508d4294cd7a5d0800?s=96&d=mm&r=g\",\"caption\":\"Gon\u00e7alves Junior\"},\"url\":\"https:\\\/\\\/www.p31noticias.com.br\\\/?author=2\"}]}<\/script>\n<!-- \/ Yoast SEO Premium plugin. -->","yoast_head_json":{"title":"Entenda os impactos econ\u00f4micos do aumento da tarifa de 50% impostas por Trump ao Brasil - P31","robots":{"index":"index","follow":"follow","max-snippet":"max-snippet:-1","max-image-preview":"max-image-preview:large","max-video-preview":"max-video-preview:-1"},"canonical":"https:\/\/www.p31noticias.com.br\/?p=66022","og_locale":"pt_BR","og_type":"article","og_title":"Entenda os impactos econ\u00f4micos do aumento da tarifa de 50% impostas por Trump ao Brasil","og_description":"O setor exportador dever\u00e1 ser penalizado, com perda da atividade econ\u00f4mica, principalmente aquele ligado \u00e0 petroqu\u00edmica, agroneg\u00f3cio, aeronaves e a\u00e7o; hoje, as exporta\u00e7\u00f5es para os EUA representam 2% do PIB O presidente dos EUA,\u00a0Donald Trump, elevou as tarifas protecionistas contra o Brasil para 50%. A nova al\u00edquota vale para o dia 1\u00ba de agosto de [&hellip;]","og_url":"https:\/\/www.p31noticias.com.br\/?p=66022","og_site_name":"P31","article_published_time":"2025-07-12T01:39:43+00:00","og_image":[{"width":300,"height":170,"url":"https:\/\/www.p31noticias.com.br\/wp-content\/uploads\/2025\/07\/8ed108e4b601eea4f6d0a5442f11329287eed039-300x170-1.jpg","type":"image\/jpeg"}],"author":"Gon\u00e7alves Junior","twitter_card":"summary_large_image","twitter_misc":{"Escrito por":"Gon\u00e7alves Junior","Est. tempo de leitura":"2 minutos"},"schema":{"@context":"https:\/\/schema.org","@graph":[{"@type":"Article","@id":"https:\/\/www.p31noticias.com.br\/?p=66022#article","isPartOf":{"@id":"https:\/\/www.p31noticias.com.br\/?p=66022"},"author":{"name":"Gon\u00e7alves Junior","@id":"https:\/\/www.p31noticias.com.br\/#\/schema\/person\/95f2ece30e3b4132065b915150cd0f94"},"headline":"Entenda os impactos econ\u00f4micos do aumento da tarifa de 50% impostas por Trump ao Brasil","datePublished":"2025-07-12T01:39:43+00:00","mainEntityOfPage":{"@id":"https:\/\/www.p31noticias.com.br\/?p=66022"},"wordCount":223,"commentCount":0,"image":{"@id":"https:\/\/www.p31noticias.com.br\/?p=66022#primaryimage"},"thumbnailUrl":"https:\/\/www.p31noticias.com.br\/wp-content\/uploads\/2025\/07\/8ed108e4b601eea4f6d0a5442f11329287eed039-300x170-1.jpg","articleSection":["Brasil","Mundo","Pol\u00edtica"],"inLanguage":"pt-BR","potentialAction":[{"@type":"CommentAction","name":"Comment","target":["https:\/\/www.p31noticias.com.br\/?p=66022#respond"]}],"copyrightYear":"2025","copyrightHolder":{"@id":"https:\/\/www.p31noticias.com.br\/#organization"}},{"@type":"WebPage","@id":"https:\/\/www.p31noticias.com.br\/?p=66022","url":"https:\/\/www.p31noticias.com.br\/?p=66022","name":"Entenda os impactos econ\u00f4micos do aumento da tarifa de 50% impostas por Trump ao Brasil - P31","isPartOf":{"@id":"https:\/\/www.p31noticias.com.br\/#website"},"primaryImageOfPage":{"@id":"https:\/\/www.p31noticias.com.br\/?p=66022#primaryimage"},"image":{"@id":"https:\/\/www.p31noticias.com.br\/?p=66022#primaryimage"},"thumbnailUrl":"https:\/\/www.p31noticias.com.br\/wp-content\/uploads\/2025\/07\/8ed108e4b601eea4f6d0a5442f11329287eed039-300x170-1.jpg","datePublished":"2025-07-12T01:39:43+00:00","author":{"@id":"https:\/\/www.p31noticias.com.br\/#\/schema\/person\/95f2ece30e3b4132065b915150cd0f94"},"breadcrumb":{"@id":"https:\/\/www.p31noticias.com.br\/?p=66022#breadcrumb"},"inLanguage":"pt-BR","potentialAction":[{"@type":"ReadAction","target":["https:\/\/www.p31noticias.com.br\/?p=66022"]}]},{"@type":"ImageObject","inLanguage":"pt-BR","@id":"https:\/\/www.p31noticias.com.br\/?p=66022#primaryimage","url":"https:\/\/www.p31noticias.com.br\/wp-content\/uploads\/2025\/07\/8ed108e4b601eea4f6d0a5442f11329287eed039-300x170-1.jpg","contentUrl":"https:\/\/www.p31noticias.com.br\/wp-content\/uploads\/2025\/07\/8ed108e4b601eea4f6d0a5442f11329287eed039-300x170-1.jpg","width":300,"height":170},{"@type":"BreadcrumbList","@id":"https:\/\/www.p31noticias.com.br\/?p=66022#breadcrumb","itemListElement":[{"@type":"ListItem","position":1,"name":"In\u00edcio","item":"https:\/\/www.p31noticias.com.br\/"},{"@type":"ListItem","position":2,"name":"Entenda os impactos econ\u00f4micos do aumento da tarifa de 50% impostas por Trump ao Brasil"}]},{"@type":"WebSite","@id":"https:\/\/www.p31noticias.com.br\/#website","url":"https:\/\/www.p31noticias.com.br\/","name":"P31","description":"NOT\u00cdCIAS","potentialAction":[{"@type":"SearchAction","target":{"@type":"EntryPoint","urlTemplate":"https:\/\/www.p31noticias.com.br\/?s={search_term_string}"},"query-input":{"@type":"PropertyValueSpecification","valueRequired":true,"valueName":"search_term_string"}}],"inLanguage":"pt-BR"},{"@type":"Person","@id":"https:\/\/www.p31noticias.com.br\/#\/schema\/person\/95f2ece30e3b4132065b915150cd0f94","name":"Gon\u00e7alves Junior","image":{"@type":"ImageObject","inLanguage":"pt-BR","@id":"https:\/\/secure.gravatar.com\/avatar\/6711f350116a89762687a48d66f723c799e5438a5b7578508d4294cd7a5d0800?s=96&d=mm&r=g","url":"https:\/\/secure.gravatar.com\/avatar\/6711f350116a89762687a48d66f723c799e5438a5b7578508d4294cd7a5d0800?s=96&d=mm&r=g","contentUrl":"https:\/\/secure.gravatar.com\/avatar\/6711f350116a89762687a48d66f723c799e5438a5b7578508d4294cd7a5d0800?s=96&d=mm&r=g","caption":"Gon\u00e7alves Junior"},"url":"https:\/\/www.p31noticias.com.br\/?author=2"}]}},"amp_enabled":true,"_links":{"self":[{"href":"https:\/\/www.p31noticias.com.br\/index.php?rest_route=\/wp\/v2\/posts\/66022","targetHints":{"allow":["GET"]}}],"collection":[{"href":"https:\/\/www.p31noticias.com.br\/index.php?rest_route=\/wp\/v2\/posts"}],"about":[{"href":"https:\/\/www.p31noticias.com.br\/index.php?rest_route=\/wp\/v2\/types\/post"}],"author":[{"embeddable":true,"href":"https:\/\/www.p31noticias.com.br\/index.php?rest_route=\/wp\/v2\/users\/2"}],"replies":[{"embeddable":true,"href":"https:\/\/www.p31noticias.com.br\/index.php?rest_route=%2Fwp%2Fv2%2Fcomments&post=66022"}],"version-history":[{"count":1,"href":"https:\/\/www.p31noticias.com.br\/index.php?rest_route=\/wp\/v2\/posts\/66022\/revisions"}],"predecessor-version":[{"id":66024,"href":"https:\/\/www.p31noticias.com.br\/index.php?rest_route=\/wp\/v2\/posts\/66022\/revisions\/66024"}],"wp:featuredmedia":[{"embeddable":true,"href":"https:\/\/www.p31noticias.com.br\/index.php?rest_route=\/wp\/v2\/media\/66023"}],"wp:attachment":[{"href":"https:\/\/www.p31noticias.com.br\/index.php?rest_route=%2Fwp%2Fv2%2Fmedia&parent=66022"}],"wp:term":[{"taxonomy":"category","embeddable":true,"href":"https:\/\/www.p31noticias.com.br\/index.php?rest_route=%2Fwp%2Fv2%2Fcategories&post=66022"},{"taxonomy":"post_tag","embeddable":true,"href":"https:\/\/www.p31noticias.com.br\/index.php?rest_route=%2Fwp%2Fv2%2Ftags&post=66022"}],"curies":[{"name":"wp","href":"https:\/\/api.w.org\/{rel}","templated":true}]}}