{"id":66016,"date":"2025-07-10T23:33:56","date_gmt":"2025-07-11T02:33:56","guid":{"rendered":"https:\/\/www.p31noticias.com.br\/?p=66016"},"modified":"2025-07-10T23:33:56","modified_gmt":"2025-07-11T02:33:56","slug":"publicado-edital-para-locacao-de-mais-de-400-ventiladores-pulmonares","status":"publish","type":"post","link":"https:\/\/www.p31noticias.com.br\/?p=66016","title":{"rendered":"Publicado edital para loca\u00e7\u00e3o de mais de 400 ventiladores pulmonares"},"content":{"rendered":"<p style=\"text-align: justify;\"><em><strong>Equipamentos s\u00e3o utilizados na casa do paciente, em tratamento de apneia do sono e doen\u00e7as neuromusculares<\/strong><\/em><\/p>\n<div class=\"text-content\" style=\"text-align: justify;\">\n<p>A Secretaria de Sa\u00fade (SES-DF) publicou, nesta quinta-feira (10), o edital do preg\u00e3o eletr\u00f4nico para loca\u00e7\u00e3o de ventiladores pulmonares, Cpap e Bipap. Os equipamentos de uso domiciliar s\u00e3o fundamentais no tratamento de pacientes com s\u00edndrome de apneia obstrutiva do sono ou doen\u00e7as neuromusculares, como atrofia muscular espinal, esclerose m\u00faltipla, entre outras.<\/p>\n<p>Com investimento de mais de R$ 3 milh\u00f5es, o edital \u00e9 destinado ao aluguel de 230 unidades de Cpaps &#8211; aparelhos que fornecem um fluxo cont\u00ednuo de ar ao paciente tanto na inspira\u00e7\u00e3o quanto na expira\u00e7\u00e3o; e de 237 Bipaps &#8211; equipamentos com dois n\u00edveis de press\u00e3o, um para a fase inspirat\u00f3ria e outro para a expirat\u00f3ria.<\/p>\n<figure class=\"image\"><picture data-fileentryid=\"25579829\"><source srcset=\"\/o\/adaptive-media\/image\/25579829\/Thumbnail-300x300\/Ventilador+Pulmonar+no+HRT+-+Jhonatan+Cantarelle+-+Ag%C3%AAncia+Sa%C3%BAde+DF+%281%29.jpg?t=1752185617186\" media=\"(max-width:300px)\" \/><source srcset=\"\/o\/adaptive-media\/image\/25579829\/Preview-1000x0\/Ventilador+Pulmonar+no+HRT+-+Jhonatan+Cantarelle+-+Ag%C3%AAncia+Sa%C3%BAde+DF+%281%29.jpg?t=1752185617186\" media=\"(max-width:1000px) and (min-width:300px)\" \/><\/picture><picture data-fileentryid=\"25579829\"><source srcset=\"\/o\/adaptive-media\/image\/25579829\/Thumbnail-300x300\/Ventilador+Pulmonar+no+HRT+-+Jhonatan+Cantarelle+-+Ag%C3%AAncia+Sa%C3%BAde+DF+%281%29.jpg?t=1752185617186\" media=\"(max-width:300px)\" \/><source srcset=\"\/o\/adaptive-media\/image\/25579829\/Preview-1000x0\/Ventilador+Pulmonar+no+HRT+-+Jhonatan+Cantarelle+-+Ag%C3%AAncia+Sa%C3%BAde+DF+%281%29.jpg?t=1752185617186\" media=\"(max-width:1000px) and (min-width:300px)\" \/><img decoding=\"async\" src=\"https:\/\/agenciabrasilia.df.gov.br\/documents\/d\/guest\/ventilador-pulmonar-no-hrt-jhonatan-cantarelle-agencia-saude-df-1-jpg\" alt=\"\" data-fileentryid=\"25579829\" \/><\/picture><figcaption>A contrata\u00e7\u00e3o visa fornecer os equipamentos de forma ininterrupta para garantir continuidade nos tratamentos\u00a0| Foto: Jhonatan Cantarelle\/Ag\u00eancia Sa\u00fade-DF<\/figcaption><\/figure>\n<p>\u201cCom o contrato, estabelecemos um fornecimento cont\u00ednuo, dando que d\u00e1 seguran\u00e7a aos pacientes e aos profissionais assistenciais. O tratamento n\u00e3o \u00e9 interrompido\u201d, afirma o pneumologista e refer\u00eancia t\u00e9cnica distrital (RTD) na \u00e1rea, Rafael Melo de Deus.<\/p>\n<p>O Sistema de Registro de Pre\u00e7os (SRP) foi o escolhido para o processo de contrata\u00e7\u00e3o. O objetivo \u00e9 fornecer os equipamentos, considerados de alta complexidade, de forma cont\u00ednua e ininterrupta. O prazo de vig\u00eancia da loca\u00e7\u00e3o \u00e9 de 12 meses, contados a partir da assinatura do contrato, prorrog\u00e1vel por at\u00e9 120 meses.<\/p>\n<\/div>\n<div class=\"text-content\">\n<p style=\"text-align: justify;\">\u201cNossa expectativa \u00e9 zerar a lista de espera e disponibilizar os aparelhos em poucos dias ap\u00f3s a indica\u00e7\u00e3o m\u00e9dica. Isso representa mais qualidade de vida para quem convive com apneia do sono e doen\u00e7as neuromusculares, reduzindo interna\u00e7\u00f5es evit\u00e1veis na rede\u201d, avalia o RTD.<\/p>\n<p style=\"text-align: justify;\"><strong>Servi\u00e7o<\/strong><\/p>\n<p style=\"text-align: justify;\">No \u00e2mbito da SES-DF, os pacientes que se enquadram nos perfis s\u00e3o atendidos no Ambulat\u00f3rio do Sono, localizado no Hospital Regional da Asa Norte (Hran) e no Centro de Refer\u00eancia para Doen\u00e7as Neuromusculares, no Hospital de Apoio de Bras\u00edlia (HAB).<\/p>\n<p style=\"text-align: justify;\">O m\u00e9dico assistente \u00e9 o respons\u00e1vel pela indica\u00e7\u00e3o adequada de qual ventilador ser\u00e1 necess\u00e1rio. Ap\u00f3s essa recomenda\u00e7\u00e3o, o paciente realiza um cadastro junto ao N\u00facleo do Atendimento Ambulatorial de \u00d3rteses, Pr\u00f3teses e Materiais Especiais (Naopme) e aguarda a entrega do equipamento e da interface apropriada em casa. No recebimento, o usu\u00e1rio assina um Termo de Responsabilidade.<\/p>\n<p style=\"text-align: justify;\"><strong><em>Com informa\u00e7\u00f5es da Secretaria de Sa\u00fade do Distrito Federal (SES-DF)<\/em><\/strong><\/p>\n<\/div>\n","protected":false},"excerpt":{"rendered":"<p>Equipamentos s\u00e3o utilizados na casa do paciente, em tratamento de apneia do sono e doen\u00e7as neuromusculares A Secretaria de Sa\u00fade (SES-DF) publicou, nesta quinta-feira (10), o edital do preg\u00e3o eletr\u00f4nico para loca\u00e7\u00e3o de ventiladores pulmonares, Cpap e Bipap. Os equipamentos de uso domiciliar s\u00e3o fundamentais no tratamento de pacientes com s\u00edndrome de apneia obstrutiva do [&hellip;]<\/p>\n","protected":false},"author":2,"featured_media":66017,"comment_status":"open","ping_status":"closed","sticky":false,"template":"","format":"standard","meta":{"footnotes":""},"categories":[21,124],"tags":[],"class_list":{"0":"post-66016","1":"post","2":"type-post","3":"status-publish","4":"format-standard","5":"has-post-thumbnail","7":"category-brasilia","8":"category-saude"},"yoast_head":"<!-- This site is optimized with the Yoast SEO Premium plugin v24.5 (Yoast SEO v27.5) - https:\/\/yoast.com\/product\/yoast-seo-premium-wordpress\/ -->\n<title>Publicado edital para loca\u00e7\u00e3o de mais de 400 ventiladores pulmonares - P31<\/title>\n<meta name=\"robots\" content=\"index, follow, max-snippet:-1, max-image-preview:large, max-video-preview:-1\" \/>\n<link rel=\"canonical\" href=\"https:\/\/www.p31noticias.com.br\/?p=66016\" \/>\n<meta property=\"og:locale\" content=\"pt_BR\" \/>\n<meta property=\"og:type\" content=\"article\" \/>\n<meta property=\"og:title\" content=\"Publicado edital para loca\u00e7\u00e3o de mais de 400 ventiladores pulmonares\" \/>\n<meta property=\"og:description\" content=\"Equipamentos s\u00e3o utilizados na casa do paciente, em tratamento de apneia do sono e doen\u00e7as neuromusculares A Secretaria de Sa\u00fade (SES-DF) publicou, nesta quinta-feira (10), o edital do preg\u00e3o eletr\u00f4nico para loca\u00e7\u00e3o de ventiladores pulmonares, Cpap e Bipap. Os equipamentos de uso domiciliar s\u00e3o fundamentais no tratamento de pacientes com s\u00edndrome de apneia obstrutiva do [&hellip;]\" \/>\n<meta property=\"og:url\" content=\"https:\/\/www.p31noticias.com.br\/?p=66016\" \/>\n<meta property=\"og:site_name\" content=\"P31\" \/>\n<meta property=\"article:published_time\" content=\"2025-07-11T02:33:56+00:00\" \/>\n<meta property=\"og:image\" content=\"https:\/\/www.p31noticias.com.br\/wp-content\/uploads\/2025\/07\/Ventilador-Pulmonar-no-HRT-Jhonatan-Cantarelle-Agencia-Saude-DF-1.jpg\" \/>\n\t<meta property=\"og:image:width\" content=\"1600\" \/>\n\t<meta property=\"og:image:height\" content=\"1066\" \/>\n\t<meta property=\"og:image:type\" content=\"image\/jpeg\" \/>\n<meta name=\"author\" content=\"Gon\u00e7alves Junior\" \/>\n<meta name=\"twitter:card\" content=\"summary_large_image\" \/>\n<meta name=\"twitter:label1\" content=\"Escrito por\" \/>\n\t<meta name=\"twitter:data1\" content=\"Gon\u00e7alves Junior\" \/>\n\t<meta name=\"twitter:label2\" content=\"Est. tempo de leitura\" \/>\n\t<meta name=\"twitter:data2\" content=\"3 minutos\" \/>\n<script type=\"application\/ld+json\" class=\"yoast-schema-graph\">{\"@context\":\"https:\\\/\\\/schema.org\",\"@graph\":[{\"@type\":\"Article\",\"@id\":\"https:\\\/\\\/www.p31noticias.com.br\\\/?p=66016#article\",\"isPartOf\":{\"@id\":\"https:\\\/\\\/www.p31noticias.com.br\\\/?p=66016\"},\"author\":{\"name\":\"Gon\u00e7alves Junior\",\"@id\":\"https:\\\/\\\/www.p31noticias.com.br\\\/#\\\/schema\\\/person\\\/95f2ece30e3b4132065b915150cd0f94\"},\"headline\":\"Publicado edital para loca\u00e7\u00e3o de mais de 400 ventiladores pulmonares\",\"datePublished\":\"2025-07-11T02:33:56+00:00\",\"mainEntityOfPage\":{\"@id\":\"https:\\\/\\\/www.p31noticias.com.br\\\/?p=66016\"},\"wordCount\":434,\"commentCount\":0,\"image\":{\"@id\":\"https:\\\/\\\/www.p31noticias.com.br\\\/?p=66016#primaryimage\"},\"thumbnailUrl\":\"https:\\\/\\\/www.p31noticias.com.br\\\/wp-content\\\/uploads\\\/2025\\\/07\\\/Ventilador-Pulmonar-no-HRT-Jhonatan-Cantarelle-Agencia-Saude-DF-1.jpg\",\"articleSection\":[\"Bras\u00edlia\",\"Sa\u00fade\"],\"inLanguage\":\"pt-BR\",\"potentialAction\":[{\"@type\":\"CommentAction\",\"name\":\"Comment\",\"target\":[\"https:\\\/\\\/www.p31noticias.com.br\\\/?p=66016#respond\"]}],\"copyrightYear\":\"2025\",\"copyrightHolder\":{\"@id\":\"https:\\\/\\\/www.p31noticias.com.br\\\/#organization\"}},{\"@type\":\"WebPage\",\"@id\":\"https:\\\/\\\/www.p31noticias.com.br\\\/?p=66016\",\"url\":\"https:\\\/\\\/www.p31noticias.com.br\\\/?p=66016\",\"name\":\"Publicado edital para loca\u00e7\u00e3o de mais de 400 ventiladores pulmonares - P31\",\"isPartOf\":{\"@id\":\"https:\\\/\\\/www.p31noticias.com.br\\\/#website\"},\"primaryImageOfPage\":{\"@id\":\"https:\\\/\\\/www.p31noticias.com.br\\\/?p=66016#primaryimage\"},\"image\":{\"@id\":\"https:\\\/\\\/www.p31noticias.com.br\\\/?p=66016#primaryimage\"},\"thumbnailUrl\":\"https:\\\/\\\/www.p31noticias.com.br\\\/wp-content\\\/uploads\\\/2025\\\/07\\\/Ventilador-Pulmonar-no-HRT-Jhonatan-Cantarelle-Agencia-Saude-DF-1.jpg\",\"datePublished\":\"2025-07-11T02:33:56+00:00\",\"author\":{\"@id\":\"https:\\\/\\\/www.p31noticias.com.br\\\/#\\\/schema\\\/person\\\/95f2ece30e3b4132065b915150cd0f94\"},\"breadcrumb\":{\"@id\":\"https:\\\/\\\/www.p31noticias.com.br\\\/?p=66016#breadcrumb\"},\"inLanguage\":\"pt-BR\",\"potentialAction\":[{\"@type\":\"ReadAction\",\"target\":[\"https:\\\/\\\/www.p31noticias.com.br\\\/?p=66016\"]}]},{\"@type\":\"ImageObject\",\"inLanguage\":\"pt-BR\",\"@id\":\"https:\\\/\\\/www.p31noticias.com.br\\\/?p=66016#primaryimage\",\"url\":\"https:\\\/\\\/www.p31noticias.com.br\\\/wp-content\\\/uploads\\\/2025\\\/07\\\/Ventilador-Pulmonar-no-HRT-Jhonatan-Cantarelle-Agencia-Saude-DF-1.jpg\",\"contentUrl\":\"https:\\\/\\\/www.p31noticias.com.br\\\/wp-content\\\/uploads\\\/2025\\\/07\\\/Ventilador-Pulmonar-no-HRT-Jhonatan-Cantarelle-Agencia-Saude-DF-1.jpg\",\"width\":1600,\"height\":1066},{\"@type\":\"BreadcrumbList\",\"@id\":\"https:\\\/\\\/www.p31noticias.com.br\\\/?p=66016#breadcrumb\",\"itemListElement\":[{\"@type\":\"ListItem\",\"position\":1,\"name\":\"In\u00edcio\",\"item\":\"https:\\\/\\\/www.p31noticias.com.br\\\/\"},{\"@type\":\"ListItem\",\"position\":2,\"name\":\"Publicado edital para loca\u00e7\u00e3o de mais de 400 ventiladores pulmonares\"}]},{\"@type\":\"WebSite\",\"@id\":\"https:\\\/\\\/www.p31noticias.com.br\\\/#website\",\"url\":\"https:\\\/\\\/www.p31noticias.com.br\\\/\",\"name\":\"P31\",\"description\":\"NOT\u00cdCIAS\",\"potentialAction\":[{\"@type\":\"SearchAction\",\"target\":{\"@type\":\"EntryPoint\",\"urlTemplate\":\"https:\\\/\\\/www.p31noticias.com.br\\\/?s={search_term_string}\"},\"query-input\":{\"@type\":\"PropertyValueSpecification\",\"valueRequired\":true,\"valueName\":\"search_term_string\"}}],\"inLanguage\":\"pt-BR\"},{\"@type\":\"Person\",\"@id\":\"https:\\\/\\\/www.p31noticias.com.br\\\/#\\\/schema\\\/person\\\/95f2ece30e3b4132065b915150cd0f94\",\"name\":\"Gon\u00e7alves Junior\",\"image\":{\"@type\":\"ImageObject\",\"inLanguage\":\"pt-BR\",\"@id\":\"https:\\\/\\\/secure.gravatar.com\\\/avatar\\\/6711f350116a89762687a48d66f723c799e5438a5b7578508d4294cd7a5d0800?s=96&d=mm&r=g\",\"url\":\"https:\\\/\\\/secure.gravatar.com\\\/avatar\\\/6711f350116a89762687a48d66f723c799e5438a5b7578508d4294cd7a5d0800?s=96&d=mm&r=g\",\"contentUrl\":\"https:\\\/\\\/secure.gravatar.com\\\/avatar\\\/6711f350116a89762687a48d66f723c799e5438a5b7578508d4294cd7a5d0800?s=96&d=mm&r=g\",\"caption\":\"Gon\u00e7alves Junior\"},\"url\":\"https:\\\/\\\/www.p31noticias.com.br\\\/?author=2\"}]}<\/script>\n<!-- \/ Yoast SEO Premium plugin. -->","yoast_head_json":{"title":"Publicado edital para loca\u00e7\u00e3o de mais de 400 ventiladores pulmonares - P31","robots":{"index":"index","follow":"follow","max-snippet":"max-snippet:-1","max-image-preview":"max-image-preview:large","max-video-preview":"max-video-preview:-1"},"canonical":"https:\/\/www.p31noticias.com.br\/?p=66016","og_locale":"pt_BR","og_type":"article","og_title":"Publicado edital para loca\u00e7\u00e3o de mais de 400 ventiladores pulmonares","og_description":"Equipamentos s\u00e3o utilizados na casa do paciente, em tratamento de apneia do sono e doen\u00e7as neuromusculares A Secretaria de Sa\u00fade (SES-DF) publicou, nesta quinta-feira (10), o edital do preg\u00e3o eletr\u00f4nico para loca\u00e7\u00e3o de ventiladores pulmonares, Cpap e Bipap. Os equipamentos de uso domiciliar s\u00e3o fundamentais no tratamento de pacientes com s\u00edndrome de apneia obstrutiva do [&hellip;]","og_url":"https:\/\/www.p31noticias.com.br\/?p=66016","og_site_name":"P31","article_published_time":"2025-07-11T02:33:56+00:00","og_image":[{"width":1600,"height":1066,"url":"https:\/\/www.p31noticias.com.br\/wp-content\/uploads\/2025\/07\/Ventilador-Pulmonar-no-HRT-Jhonatan-Cantarelle-Agencia-Saude-DF-1.jpg","type":"image\/jpeg"}],"author":"Gon\u00e7alves Junior","twitter_card":"summary_large_image","twitter_misc":{"Escrito por":"Gon\u00e7alves Junior","Est. tempo de leitura":"3 minutos"},"schema":{"@context":"https:\/\/schema.org","@graph":[{"@type":"Article","@id":"https:\/\/www.p31noticias.com.br\/?p=66016#article","isPartOf":{"@id":"https:\/\/www.p31noticias.com.br\/?p=66016"},"author":{"name":"Gon\u00e7alves Junior","@id":"https:\/\/www.p31noticias.com.br\/#\/schema\/person\/95f2ece30e3b4132065b915150cd0f94"},"headline":"Publicado edital para loca\u00e7\u00e3o de mais de 400 ventiladores pulmonares","datePublished":"2025-07-11T02:33:56+00:00","mainEntityOfPage":{"@id":"https:\/\/www.p31noticias.com.br\/?p=66016"},"wordCount":434,"commentCount":0,"image":{"@id":"https:\/\/www.p31noticias.com.br\/?p=66016#primaryimage"},"thumbnailUrl":"https:\/\/www.p31noticias.com.br\/wp-content\/uploads\/2025\/07\/Ventilador-Pulmonar-no-HRT-Jhonatan-Cantarelle-Agencia-Saude-DF-1.jpg","articleSection":["Bras\u00edlia","Sa\u00fade"],"inLanguage":"pt-BR","potentialAction":[{"@type":"CommentAction","name":"Comment","target":["https:\/\/www.p31noticias.com.br\/?p=66016#respond"]}],"copyrightYear":"2025","copyrightHolder":{"@id":"https:\/\/www.p31noticias.com.br\/#organization"}},{"@type":"WebPage","@id":"https:\/\/www.p31noticias.com.br\/?p=66016","url":"https:\/\/www.p31noticias.com.br\/?p=66016","name":"Publicado edital para loca\u00e7\u00e3o de mais de 400 ventiladores pulmonares - P31","isPartOf":{"@id":"https:\/\/www.p31noticias.com.br\/#website"},"primaryImageOfPage":{"@id":"https:\/\/www.p31noticias.com.br\/?p=66016#primaryimage"},"image":{"@id":"https:\/\/www.p31noticias.com.br\/?p=66016#primaryimage"},"thumbnailUrl":"https:\/\/www.p31noticias.com.br\/wp-content\/uploads\/2025\/07\/Ventilador-Pulmonar-no-HRT-Jhonatan-Cantarelle-Agencia-Saude-DF-1.jpg","datePublished":"2025-07-11T02:33:56+00:00","author":{"@id":"https:\/\/www.p31noticias.com.br\/#\/schema\/person\/95f2ece30e3b4132065b915150cd0f94"},"breadcrumb":{"@id":"https:\/\/www.p31noticias.com.br\/?p=66016#breadcrumb"},"inLanguage":"pt-BR","potentialAction":[{"@type":"ReadAction","target":["https:\/\/www.p31noticias.com.br\/?p=66016"]}]},{"@type":"ImageObject","inLanguage":"pt-BR","@id":"https:\/\/www.p31noticias.com.br\/?p=66016#primaryimage","url":"https:\/\/www.p31noticias.com.br\/wp-content\/uploads\/2025\/07\/Ventilador-Pulmonar-no-HRT-Jhonatan-Cantarelle-Agencia-Saude-DF-1.jpg","contentUrl":"https:\/\/www.p31noticias.com.br\/wp-content\/uploads\/2025\/07\/Ventilador-Pulmonar-no-HRT-Jhonatan-Cantarelle-Agencia-Saude-DF-1.jpg","width":1600,"height":1066},{"@type":"BreadcrumbList","@id":"https:\/\/www.p31noticias.com.br\/?p=66016#breadcrumb","itemListElement":[{"@type":"ListItem","position":1,"name":"In\u00edcio","item":"https:\/\/www.p31noticias.com.br\/"},{"@type":"ListItem","position":2,"name":"Publicado edital para loca\u00e7\u00e3o de mais de 400 ventiladores pulmonares"}]},{"@type":"WebSite","@id":"https:\/\/www.p31noticias.com.br\/#website","url":"https:\/\/www.p31noticias.com.br\/","name":"P31","description":"NOT\u00cdCIAS","potentialAction":[{"@type":"SearchAction","target":{"@type":"EntryPoint","urlTemplate":"https:\/\/www.p31noticias.com.br\/?s={search_term_string}"},"query-input":{"@type":"PropertyValueSpecification","valueRequired":true,"valueName":"search_term_string"}}],"inLanguage":"pt-BR"},{"@type":"Person","@id":"https:\/\/www.p31noticias.com.br\/#\/schema\/person\/95f2ece30e3b4132065b915150cd0f94","name":"Gon\u00e7alves Junior","image":{"@type":"ImageObject","inLanguage":"pt-BR","@id":"https:\/\/secure.gravatar.com\/avatar\/6711f350116a89762687a48d66f723c799e5438a5b7578508d4294cd7a5d0800?s=96&d=mm&r=g","url":"https:\/\/secure.gravatar.com\/avatar\/6711f350116a89762687a48d66f723c799e5438a5b7578508d4294cd7a5d0800?s=96&d=mm&r=g","contentUrl":"https:\/\/secure.gravatar.com\/avatar\/6711f350116a89762687a48d66f723c799e5438a5b7578508d4294cd7a5d0800?s=96&d=mm&r=g","caption":"Gon\u00e7alves Junior"},"url":"https:\/\/www.p31noticias.com.br\/?author=2"}]}},"amp_enabled":true,"_links":{"self":[{"href":"https:\/\/www.p31noticias.com.br\/index.php?rest_route=\/wp\/v2\/posts\/66016","targetHints":{"allow":["GET"]}}],"collection":[{"href":"https:\/\/www.p31noticias.com.br\/index.php?rest_route=\/wp\/v2\/posts"}],"about":[{"href":"https:\/\/www.p31noticias.com.br\/index.php?rest_route=\/wp\/v2\/types\/post"}],"author":[{"embeddable":true,"href":"https:\/\/www.p31noticias.com.br\/index.php?rest_route=\/wp\/v2\/users\/2"}],"replies":[{"embeddable":true,"href":"https:\/\/www.p31noticias.com.br\/index.php?rest_route=%2Fwp%2Fv2%2Fcomments&post=66016"}],"version-history":[{"count":1,"href":"https:\/\/www.p31noticias.com.br\/index.php?rest_route=\/wp\/v2\/posts\/66016\/revisions"}],"predecessor-version":[{"id":66018,"href":"https:\/\/www.p31noticias.com.br\/index.php?rest_route=\/wp\/v2\/posts\/66016\/revisions\/66018"}],"wp:featuredmedia":[{"embeddable":true,"href":"https:\/\/www.p31noticias.com.br\/index.php?rest_route=\/wp\/v2\/media\/66017"}],"wp:attachment":[{"href":"https:\/\/www.p31noticias.com.br\/index.php?rest_route=%2Fwp%2Fv2%2Fmedia&parent=66016"}],"wp:term":[{"taxonomy":"category","embeddable":true,"href":"https:\/\/www.p31noticias.com.br\/index.php?rest_route=%2Fwp%2Fv2%2Fcategories&post=66016"},{"taxonomy":"post_tag","embeddable":true,"href":"https:\/\/www.p31noticias.com.br\/index.php?rest_route=%2Fwp%2Fv2%2Ftags&post=66016"}],"curies":[{"name":"wp","href":"https:\/\/api.w.org\/{rel}","templated":true}]}}