{"id":66013,"date":"2025-07-10T23:28:31","date_gmt":"2025-07-11T02:28:31","guid":{"rendered":"https:\/\/www.p31noticias.com.br\/?p=66013"},"modified":"2025-07-10T23:28:31","modified_gmt":"2025-07-11T02:28:31","slug":"crescimento-economico-cafe-e-energia-reforcaram-inflacao-diz-bc","status":"publish","type":"post","link":"https:\/\/www.p31noticias.com.br\/?p=66013","title":{"rendered":"Crescimento econ\u00f4mico, caf\u00e9 e energia refor\u00e7aram infla\u00e7\u00e3o, diz BC"},"content":{"rendered":"<p style=\"text-align: justify;\"><em><strong>\u00d3rg\u00e3o divulgou carta justificando IPCA acima do teto da meta<\/strong><\/em><\/p>\n<p style=\"text-align: justify;\"><strong>O aquecimento da economia, o encarecimento de alguns pre\u00e7os industrializados como o caf\u00e9 e a bandeira tarif\u00e1ria de energia refor\u00e7aram a infla\u00e7\u00e3o no primeiro semestre, informou nesta quinta-feira (10) o Banco Central (BC).\u00a0<\/strong>A autoridade monet\u00e1ria divulgou uma carta aberta justificando o\u00a0<a href=\"https:\/\/agenciabrasil.ebc.com.br\/economia\/noticia\/2025-07\/ipca-de-junho-faz-brasil-estourar-novo-modelo-de-metas-de-inflacao\" target=\"_blank\" rel=\"noopener\">estouro da meta<\/a>\u00a0do \u00cdndice Nacional de Pre\u00e7os ao Consumidor Amplo (IPCA) em junho.<img decoding=\"async\" src=\"https:\/\/agenciabrasil.ebc.com.br\/ebc.png?id=1650489&amp;o=node\" \/>Pelo sistema de meta cont\u00ednua, em vigor desde o in\u00edcio do ano, o BC precisa divulgar uma carta aberta a cada semestre em que a infla\u00e7\u00e3o oficial, expressa pelo IPCA, estourar o teto de 4,5% da meta estabelecida pelo Conselho Monet\u00e1rio Nacional (CMN). A meta est\u00e1 em 3% para o IPCA, com intervalo de toler\u00e2ncia de 1,5 ponto percentual para cima ou para baixo, com os limites entre 1,5% (piso) e 4,5% (teto).<\/p>\n<p style=\"text-align: justify;\">Em junho,\u00a0<a href=\"https:\/\/agenciabrasil.ebc.com.br\/economia\/noticia\/2025-07\/precos-de-alimentos-caem-inflacao-perde-forca-e-fecha-junho-em-024\" target=\"_blank\" rel=\"noopener\">o IPCA ficou em 0,24%, alcan\u00e7ando 5,35% em 12 meses<\/a>. No modelo de meta cont\u00ednua, a infla\u00e7\u00e3o acumulada em 12 meses n\u00e3o pode superar o teto de 4,5% por seis meses consecutivos.<\/p>\n<blockquote><p>\u201cHouve altas mais intensas que as antecipadas no pre\u00e7o da gasolina, na infla\u00e7\u00e3o subjacente dos pre\u00e7os de servi\u00e7os, nos pre\u00e7os de alimentos industrializados, em particular do caf\u00e9, e nos pre\u00e7os de alguns bens industriais, como os do vestu\u00e1rio e de autom\u00f3veis\u201d, destaca\u00a0a carta do BC.<\/p><\/blockquote>\n<p style=\"text-align: justify;\">O texto tamb\u00e9m ressalta\u00a0surpresas para cima em pre\u00e7os administrados e para baixo em alimenta\u00e7\u00e3o em casa. \u201cA varia\u00e7\u00e3o de pre\u00e7os administrados veio acima do esperado devido, principalmente, \u00e0 energia el\u00e9trica residencial, com a deteriora\u00e7\u00e3o do cen\u00e1rio h\u00eddrico [falta de chuvas]. Essa surpresa em pre\u00e7os administrados foi mais do que compensada por varia\u00e7\u00f5es mais baixas que o esperado em alimenta\u00e7\u00e3o no domic\u00edlio\u201d, continua\u00a0a carta.<\/p>\n<h2 style=\"text-align: justify;\">Fatores<\/h2>\n<p style=\"text-align: justify;\">Em rela\u00e7\u00e3o aos fatores que pesaram no desvio de 2,35 pontos percentuais (p.p.) da infla\u00e7\u00e3o em rela\u00e7\u00e3o ao centro da meta de 3%, a carta do BC enumerou os seguintes:<\/p>\n<ul style=\"text-align: justify;\">\n<li>In\u00e9rcia da infla\u00e7\u00e3o dos 12 meses anteriores (contribui\u00e7\u00e3o de 0,69 p.p.);<\/li>\n<li>Expectativas de infla\u00e7\u00e3o (0,58 p.p.);<\/li>\n<li>Hiato do produto, economia produzindo al\u00e9m da capacidade (0,47 p.p.);<\/li>\n<li>Infla\u00e7\u00e3o importada (0,46 p.p.);<\/li>\n<li>Bandeira tarif\u00e1ria de energia el\u00e9trica (0,27 p.p.);<\/li>\n<li>Demais fatores (-0,12 p.p.).<\/li>\n<\/ul>\n<h2 style=\"text-align: justify;\">Converg\u00eancia<\/h2>\n<p style=\"text-align: justify;\">Assim como na \u00faltima edi\u00e7\u00e3o do\u00a0<a href=\"https:\/\/agenciabrasil.ebc.com.br\/economia\/noticia\/2025-06\/relatorio-do-bc-preve-alta-de-21-do-pib-e-queda-da-inflacao-em-2025\" target=\"_blank\" rel=\"noopener\">Relat\u00f3rio de Pol\u00edtica Monet\u00e1ria<\/a>,<strong>\u00a0o BC reiterou que a infla\u00e7\u00e3o s\u00f3 deve convergir para um n\u00edvel abaixo do teto de 4,5% no primeiro trimestre de 2026.\u00a0<\/strong>Com a entrada em vigor do sistema de meta cont\u00ednua, esse relat\u00f3rio substituiu o Relat\u00f3rio de Infla\u00e7\u00e3o, mas continuar\u00e1 a ser divulgado a cada tr\u00eas meses pelo BC.<\/p>\n<p style=\"text-align: justify;\">\u201cNesse cen\u00e1rio, projeta-se que a infla\u00e7\u00e3o acumulada em quatro trimestres ficar\u00e1 na faixa de 5,4% a 5,5% nos tr\u00eas primeiros trimestres de 2025, cair\u00e1 para 4,9% no final do ano e atingir\u00e1 4,2% no final do primeiro trimestre de 2026, mantendo-se dentro do intervalo de toler\u00e2ncia a partir de ent\u00e3o\u201d, destacou o Banco Central.<\/p>\n<h2 style=\"text-align: justify;\">Juros<\/h2>\n<p style=\"text-align: justify;\">O principal instrumento do BC para segurar a infla\u00e7\u00e3o \u00e9 a Taxa Selic, juros b\u00e1sicos da economia. Em\u00a0<a href=\"https:\/\/agenciabrasil.ebc.com.br\/economia\/noticia\/2025-06\/copom-eleva-juros-basicos-da-economia-para-15-ao-ano\" target=\"_blank\" rel=\"noopener\">15% ao ano desde junho<\/a>, a Selic est\u00e1 no maior n\u00edvel desde julho de 2006.<\/p>\n<p style=\"text-align: justify;\"><strong>Segundo a carta, a pol\u00edtica monet\u00e1ria deve permanecer em patamar significativamente contracionista (que desestimula a economia) por per\u00edodo \u201cbastante prolongado\u201d para assegurar a converg\u00eancia da infla\u00e7\u00e3o \u00e0 meta em \u201cambiente de expectativas desancoradas\u201d.<\/strong>\u00a0A\u00a0Selic \u00e9 definida a cada 45 dias pelo Comit\u00ea de Pol\u00edtica Monet\u00e1ria (Copom) do Banco Central.<\/p>\n<p style=\"text-align: justify;\">Assim como nas atas mais recentes do Copom, a carta ressalta\u00a0que o BC deve manter os juros elevados pelo tempo necess\u00e1rio para levar a infla\u00e7\u00e3o de volta ao intervalo da meta. No entanto, n\u00e3o descarta\u00a0que os juros permane\u00e7am altos caso surjam imprevistos.<\/p>\n<p style=\"text-align: justify;\">\u201cO Copom enfatizou que segue vigilante, que os passos futuros da pol\u00edtica monet\u00e1ria poder\u00e3o ser ajustados e que n\u00e3o hesitar\u00e1 em prosseguir no ciclo de alta, caso julgue apropriado\u201d, ressalta o BC na carta.<\/p>\n<p style=\"text-align: justify;\"><em><strong>Ag\u00eancia Brasil<\/strong><\/em><\/p>\n","protected":false},"excerpt":{"rendered":"<p>\u00d3rg\u00e3o divulgou carta justificando IPCA acima do teto da meta O aquecimento da economia, o encarecimento de alguns pre\u00e7os industrializados como o caf\u00e9 e a bandeira tarif\u00e1ria de energia refor\u00e7aram a infla\u00e7\u00e3o no primeiro semestre, informou nesta quinta-feira (10) o Banco Central (BC).\u00a0A autoridade monet\u00e1ria divulgou uma carta aberta justificando o\u00a0estouro da meta\u00a0do \u00cdndice Nacional [&hellip;]<\/p>\n","protected":false},"author":2,"featured_media":66014,"comment_status":"open","ping_status":"closed","sticky":false,"template":"","format":"standard","meta":{"footnotes":""},"categories":[68,637,57],"tags":[],"class_list":{"0":"post-66013","1":"post","2":"type-post","3":"status-publish","4":"format-standard","5":"has-post-thumbnail","7":"category-brasil","8":"category-economia","9":"category-politica"},"yoast_head":"<!-- This site is optimized with the Yoast SEO Premium plugin v24.5 (Yoast SEO v27.5) - https:\/\/yoast.com\/product\/yoast-seo-premium-wordpress\/ -->\n<title>Crescimento econ\u00f4mico, caf\u00e9 e energia refor\u00e7aram infla\u00e7\u00e3o, diz BC - P31<\/title>\n<meta name=\"robots\" content=\"index, follow, max-snippet:-1, max-image-preview:large, max-video-preview:-1\" \/>\n<link rel=\"canonical\" href=\"https:\/\/www.p31noticias.com.br\/?p=66013\" \/>\n<meta property=\"og:locale\" content=\"pt_BR\" \/>\n<meta property=\"og:type\" content=\"article\" \/>\n<meta property=\"og:title\" content=\"Crescimento econ\u00f4mico, caf\u00e9 e energia refor\u00e7aram infla\u00e7\u00e3o, diz BC\" \/>\n<meta property=\"og:description\" content=\"\u00d3rg\u00e3o divulgou carta justificando IPCA acima do teto da meta O aquecimento da economia, o encarecimento de alguns pre\u00e7os industrializados como o caf\u00e9 e a bandeira tarif\u00e1ria de energia refor\u00e7aram a infla\u00e7\u00e3o no primeiro semestre, informou nesta quinta-feira (10) o Banco Central (BC).\u00a0A autoridade monet\u00e1ria divulgou uma carta aberta justificando o\u00a0estouro da meta\u00a0do \u00cdndice Nacional [&hellip;]\" \/>\n<meta property=\"og:url\" content=\"https:\/\/www.p31noticias.com.br\/?p=66013\" \/>\n<meta property=\"og:site_name\" content=\"P31\" \/>\n<meta property=\"article:published_time\" content=\"2025-07-11T02:28:31+00:00\" \/>\n<meta property=\"og:image\" content=\"https:\/\/www.p31noticias.com.br\/wp-content\/uploads\/2025\/07\/banco_central_mcajr_abr_0104222276-2.webp\" \/>\n\t<meta property=\"og:image:width\" content=\"390\" \/>\n\t<meta property=\"og:image:height\" content=\"240\" \/>\n\t<meta property=\"og:image:type\" content=\"image\/webp\" \/>\n<meta name=\"author\" content=\"Gon\u00e7alves Junior\" \/>\n<meta name=\"twitter:card\" content=\"summary_large_image\" \/>\n<meta name=\"twitter:label1\" content=\"Escrito por\" \/>\n\t<meta name=\"twitter:data1\" content=\"Gon\u00e7alves Junior\" \/>\n\t<meta name=\"twitter:label2\" content=\"Est. tempo de leitura\" \/>\n\t<meta name=\"twitter:data2\" content=\"4 minutos\" \/>\n<script type=\"application\/ld+json\" class=\"yoast-schema-graph\">{\"@context\":\"https:\\\/\\\/schema.org\",\"@graph\":[{\"@type\":\"Article\",\"@id\":\"https:\\\/\\\/www.p31noticias.com.br\\\/?p=66013#article\",\"isPartOf\":{\"@id\":\"https:\\\/\\\/www.p31noticias.com.br\\\/?p=66013\"},\"author\":{\"name\":\"Gon\u00e7alves Junior\",\"@id\":\"https:\\\/\\\/www.p31noticias.com.br\\\/#\\\/schema\\\/person\\\/95f2ece30e3b4132065b915150cd0f94\"},\"headline\":\"Crescimento econ\u00f4mico, caf\u00e9 e energia refor\u00e7aram infla\u00e7\u00e3o, diz BC\",\"datePublished\":\"2025-07-11T02:28:31+00:00\",\"mainEntityOfPage\":{\"@id\":\"https:\\\/\\\/www.p31noticias.com.br\\\/?p=66013\"},\"wordCount\":704,\"commentCount\":0,\"image\":{\"@id\":\"https:\\\/\\\/www.p31noticias.com.br\\\/?p=66013#primaryimage\"},\"thumbnailUrl\":\"https:\\\/\\\/www.p31noticias.com.br\\\/wp-content\\\/uploads\\\/2025\\\/07\\\/banco_central_mcajr_abr_0104222276-2.webp\",\"articleSection\":[\"Brasil\",\"Economia\",\"Pol\u00edtica\"],\"inLanguage\":\"pt-BR\",\"potentialAction\":[{\"@type\":\"CommentAction\",\"name\":\"Comment\",\"target\":[\"https:\\\/\\\/www.p31noticias.com.br\\\/?p=66013#respond\"]}],\"copyrightYear\":\"2025\",\"copyrightHolder\":{\"@id\":\"https:\\\/\\\/www.p31noticias.com.br\\\/#organization\"}},{\"@type\":\"WebPage\",\"@id\":\"https:\\\/\\\/www.p31noticias.com.br\\\/?p=66013\",\"url\":\"https:\\\/\\\/www.p31noticias.com.br\\\/?p=66013\",\"name\":\"Crescimento econ\u00f4mico, caf\u00e9 e energia refor\u00e7aram infla\u00e7\u00e3o, diz BC - P31\",\"isPartOf\":{\"@id\":\"https:\\\/\\\/www.p31noticias.com.br\\\/#website\"},\"primaryImageOfPage\":{\"@id\":\"https:\\\/\\\/www.p31noticias.com.br\\\/?p=66013#primaryimage\"},\"image\":{\"@id\":\"https:\\\/\\\/www.p31noticias.com.br\\\/?p=66013#primaryimage\"},\"thumbnailUrl\":\"https:\\\/\\\/www.p31noticias.com.br\\\/wp-content\\\/uploads\\\/2025\\\/07\\\/banco_central_mcajr_abr_0104222276-2.webp\",\"datePublished\":\"2025-07-11T02:28:31+00:00\",\"author\":{\"@id\":\"https:\\\/\\\/www.p31noticias.com.br\\\/#\\\/schema\\\/person\\\/95f2ece30e3b4132065b915150cd0f94\"},\"breadcrumb\":{\"@id\":\"https:\\\/\\\/www.p31noticias.com.br\\\/?p=66013#breadcrumb\"},\"inLanguage\":\"pt-BR\",\"potentialAction\":[{\"@type\":\"ReadAction\",\"target\":[\"https:\\\/\\\/www.p31noticias.com.br\\\/?p=66013\"]}]},{\"@type\":\"ImageObject\",\"inLanguage\":\"pt-BR\",\"@id\":\"https:\\\/\\\/www.p31noticias.com.br\\\/?p=66013#primaryimage\",\"url\":\"https:\\\/\\\/www.p31noticias.com.br\\\/wp-content\\\/uploads\\\/2025\\\/07\\\/banco_central_mcajr_abr_0104222276-2.webp\",\"contentUrl\":\"https:\\\/\\\/www.p31noticias.com.br\\\/wp-content\\\/uploads\\\/2025\\\/07\\\/banco_central_mcajr_abr_0104222276-2.webp\",\"width\":390,\"height\":240},{\"@type\":\"BreadcrumbList\",\"@id\":\"https:\\\/\\\/www.p31noticias.com.br\\\/?p=66013#breadcrumb\",\"itemListElement\":[{\"@type\":\"ListItem\",\"position\":1,\"name\":\"In\u00edcio\",\"item\":\"https:\\\/\\\/www.p31noticias.com.br\\\/\"},{\"@type\":\"ListItem\",\"position\":2,\"name\":\"Crescimento econ\u00f4mico, caf\u00e9 e energia refor\u00e7aram infla\u00e7\u00e3o, diz BC\"}]},{\"@type\":\"WebSite\",\"@id\":\"https:\\\/\\\/www.p31noticias.com.br\\\/#website\",\"url\":\"https:\\\/\\\/www.p31noticias.com.br\\\/\",\"name\":\"P31\",\"description\":\"NOT\u00cdCIAS\",\"potentialAction\":[{\"@type\":\"SearchAction\",\"target\":{\"@type\":\"EntryPoint\",\"urlTemplate\":\"https:\\\/\\\/www.p31noticias.com.br\\\/?s={search_term_string}\"},\"query-input\":{\"@type\":\"PropertyValueSpecification\",\"valueRequired\":true,\"valueName\":\"search_term_string\"}}],\"inLanguage\":\"pt-BR\"},{\"@type\":\"Person\",\"@id\":\"https:\\\/\\\/www.p31noticias.com.br\\\/#\\\/schema\\\/person\\\/95f2ece30e3b4132065b915150cd0f94\",\"name\":\"Gon\u00e7alves Junior\",\"image\":{\"@type\":\"ImageObject\",\"inLanguage\":\"pt-BR\",\"@id\":\"https:\\\/\\\/secure.gravatar.com\\\/avatar\\\/6711f350116a89762687a48d66f723c799e5438a5b7578508d4294cd7a5d0800?s=96&d=mm&r=g\",\"url\":\"https:\\\/\\\/secure.gravatar.com\\\/avatar\\\/6711f350116a89762687a48d66f723c799e5438a5b7578508d4294cd7a5d0800?s=96&d=mm&r=g\",\"contentUrl\":\"https:\\\/\\\/secure.gravatar.com\\\/avatar\\\/6711f350116a89762687a48d66f723c799e5438a5b7578508d4294cd7a5d0800?s=96&d=mm&r=g\",\"caption\":\"Gon\u00e7alves Junior\"},\"url\":\"https:\\\/\\\/www.p31noticias.com.br\\\/?author=2\"}]}<\/script>\n<!-- \/ Yoast SEO Premium plugin. -->","yoast_head_json":{"title":"Crescimento econ\u00f4mico, caf\u00e9 e energia refor\u00e7aram infla\u00e7\u00e3o, diz BC - P31","robots":{"index":"index","follow":"follow","max-snippet":"max-snippet:-1","max-image-preview":"max-image-preview:large","max-video-preview":"max-video-preview:-1"},"canonical":"https:\/\/www.p31noticias.com.br\/?p=66013","og_locale":"pt_BR","og_type":"article","og_title":"Crescimento econ\u00f4mico, caf\u00e9 e energia refor\u00e7aram infla\u00e7\u00e3o, diz BC","og_description":"\u00d3rg\u00e3o divulgou carta justificando IPCA acima do teto da meta O aquecimento da economia, o encarecimento de alguns pre\u00e7os industrializados como o caf\u00e9 e a bandeira tarif\u00e1ria de energia refor\u00e7aram a infla\u00e7\u00e3o no primeiro semestre, informou nesta quinta-feira (10) o Banco Central (BC).\u00a0A autoridade monet\u00e1ria divulgou uma carta aberta justificando o\u00a0estouro da meta\u00a0do \u00cdndice Nacional [&hellip;]","og_url":"https:\/\/www.p31noticias.com.br\/?p=66013","og_site_name":"P31","article_published_time":"2025-07-11T02:28:31+00:00","og_image":[{"width":390,"height":240,"url":"https:\/\/www.p31noticias.com.br\/wp-content\/uploads\/2025\/07\/banco_central_mcajr_abr_0104222276-2.webp","type":"image\/webp"}],"author":"Gon\u00e7alves Junior","twitter_card":"summary_large_image","twitter_misc":{"Escrito por":"Gon\u00e7alves Junior","Est. tempo de leitura":"4 minutos"},"schema":{"@context":"https:\/\/schema.org","@graph":[{"@type":"Article","@id":"https:\/\/www.p31noticias.com.br\/?p=66013#article","isPartOf":{"@id":"https:\/\/www.p31noticias.com.br\/?p=66013"},"author":{"name":"Gon\u00e7alves Junior","@id":"https:\/\/www.p31noticias.com.br\/#\/schema\/person\/95f2ece30e3b4132065b915150cd0f94"},"headline":"Crescimento econ\u00f4mico, caf\u00e9 e energia refor\u00e7aram infla\u00e7\u00e3o, diz BC","datePublished":"2025-07-11T02:28:31+00:00","mainEntityOfPage":{"@id":"https:\/\/www.p31noticias.com.br\/?p=66013"},"wordCount":704,"commentCount":0,"image":{"@id":"https:\/\/www.p31noticias.com.br\/?p=66013#primaryimage"},"thumbnailUrl":"https:\/\/www.p31noticias.com.br\/wp-content\/uploads\/2025\/07\/banco_central_mcajr_abr_0104222276-2.webp","articleSection":["Brasil","Economia","Pol\u00edtica"],"inLanguage":"pt-BR","potentialAction":[{"@type":"CommentAction","name":"Comment","target":["https:\/\/www.p31noticias.com.br\/?p=66013#respond"]}],"copyrightYear":"2025","copyrightHolder":{"@id":"https:\/\/www.p31noticias.com.br\/#organization"}},{"@type":"WebPage","@id":"https:\/\/www.p31noticias.com.br\/?p=66013","url":"https:\/\/www.p31noticias.com.br\/?p=66013","name":"Crescimento econ\u00f4mico, caf\u00e9 e energia refor\u00e7aram infla\u00e7\u00e3o, diz BC - P31","isPartOf":{"@id":"https:\/\/www.p31noticias.com.br\/#website"},"primaryImageOfPage":{"@id":"https:\/\/www.p31noticias.com.br\/?p=66013#primaryimage"},"image":{"@id":"https:\/\/www.p31noticias.com.br\/?p=66013#primaryimage"},"thumbnailUrl":"https:\/\/www.p31noticias.com.br\/wp-content\/uploads\/2025\/07\/banco_central_mcajr_abr_0104222276-2.webp","datePublished":"2025-07-11T02:28:31+00:00","author":{"@id":"https:\/\/www.p31noticias.com.br\/#\/schema\/person\/95f2ece30e3b4132065b915150cd0f94"},"breadcrumb":{"@id":"https:\/\/www.p31noticias.com.br\/?p=66013#breadcrumb"},"inLanguage":"pt-BR","potentialAction":[{"@type":"ReadAction","target":["https:\/\/www.p31noticias.com.br\/?p=66013"]}]},{"@type":"ImageObject","inLanguage":"pt-BR","@id":"https:\/\/www.p31noticias.com.br\/?p=66013#primaryimage","url":"https:\/\/www.p31noticias.com.br\/wp-content\/uploads\/2025\/07\/banco_central_mcajr_abr_0104222276-2.webp","contentUrl":"https:\/\/www.p31noticias.com.br\/wp-content\/uploads\/2025\/07\/banco_central_mcajr_abr_0104222276-2.webp","width":390,"height":240},{"@type":"BreadcrumbList","@id":"https:\/\/www.p31noticias.com.br\/?p=66013#breadcrumb","itemListElement":[{"@type":"ListItem","position":1,"name":"In\u00edcio","item":"https:\/\/www.p31noticias.com.br\/"},{"@type":"ListItem","position":2,"name":"Crescimento econ\u00f4mico, caf\u00e9 e energia refor\u00e7aram infla\u00e7\u00e3o, diz BC"}]},{"@type":"WebSite","@id":"https:\/\/www.p31noticias.com.br\/#website","url":"https:\/\/www.p31noticias.com.br\/","name":"P31","description":"NOT\u00cdCIAS","potentialAction":[{"@type":"SearchAction","target":{"@type":"EntryPoint","urlTemplate":"https:\/\/www.p31noticias.com.br\/?s={search_term_string}"},"query-input":{"@type":"PropertyValueSpecification","valueRequired":true,"valueName":"search_term_string"}}],"inLanguage":"pt-BR"},{"@type":"Person","@id":"https:\/\/www.p31noticias.com.br\/#\/schema\/person\/95f2ece30e3b4132065b915150cd0f94","name":"Gon\u00e7alves Junior","image":{"@type":"ImageObject","inLanguage":"pt-BR","@id":"https:\/\/secure.gravatar.com\/avatar\/6711f350116a89762687a48d66f723c799e5438a5b7578508d4294cd7a5d0800?s=96&d=mm&r=g","url":"https:\/\/secure.gravatar.com\/avatar\/6711f350116a89762687a48d66f723c799e5438a5b7578508d4294cd7a5d0800?s=96&d=mm&r=g","contentUrl":"https:\/\/secure.gravatar.com\/avatar\/6711f350116a89762687a48d66f723c799e5438a5b7578508d4294cd7a5d0800?s=96&d=mm&r=g","caption":"Gon\u00e7alves Junior"},"url":"https:\/\/www.p31noticias.com.br\/?author=2"}]}},"amp_enabled":true,"_links":{"self":[{"href":"https:\/\/www.p31noticias.com.br\/index.php?rest_route=\/wp\/v2\/posts\/66013","targetHints":{"allow":["GET"]}}],"collection":[{"href":"https:\/\/www.p31noticias.com.br\/index.php?rest_route=\/wp\/v2\/posts"}],"about":[{"href":"https:\/\/www.p31noticias.com.br\/index.php?rest_route=\/wp\/v2\/types\/post"}],"author":[{"embeddable":true,"href":"https:\/\/www.p31noticias.com.br\/index.php?rest_route=\/wp\/v2\/users\/2"}],"replies":[{"embeddable":true,"href":"https:\/\/www.p31noticias.com.br\/index.php?rest_route=%2Fwp%2Fv2%2Fcomments&post=66013"}],"version-history":[{"count":1,"href":"https:\/\/www.p31noticias.com.br\/index.php?rest_route=\/wp\/v2\/posts\/66013\/revisions"}],"predecessor-version":[{"id":66015,"href":"https:\/\/www.p31noticias.com.br\/index.php?rest_route=\/wp\/v2\/posts\/66013\/revisions\/66015"}],"wp:featuredmedia":[{"embeddable":true,"href":"https:\/\/www.p31noticias.com.br\/index.php?rest_route=\/wp\/v2\/media\/66014"}],"wp:attachment":[{"href":"https:\/\/www.p31noticias.com.br\/index.php?rest_route=%2Fwp%2Fv2%2Fmedia&parent=66013"}],"wp:term":[{"taxonomy":"category","embeddable":true,"href":"https:\/\/www.p31noticias.com.br\/index.php?rest_route=%2Fwp%2Fv2%2Fcategories&post=66013"},{"taxonomy":"post_tag","embeddable":true,"href":"https:\/\/www.p31noticias.com.br\/index.php?rest_route=%2Fwp%2Fv2%2Ftags&post=66013"}],"curies":[{"name":"wp","href":"https:\/\/api.w.org\/{rel}","templated":true}]}}