{"id":65417,"date":"2025-05-08T08:09:38","date_gmt":"2025-05-08T11:09:38","guid":{"rendered":"https:\/\/www.p31noticias.com.br\/?p=65417"},"modified":"2025-05-08T08:09:38","modified_gmt":"2025-05-08T11:09:38","slug":"dia-internacional-da-luta-contra-a-endometriose-alerta-para-importancia-do-diagnostico-precoce","status":"publish","type":"post","link":"https:\/\/www.p31noticias.com.br\/?p=65417","title":{"rendered":"Dia Internacional da Luta contra a Endometriose alerta para import\u00e2ncia do diagn\u00f3stico precoce"},"content":{"rendered":"<p style=\"text-align: justify;\"><em><strong>Especialista do IgesDF esclarece sintomas e tratamentos da doen\u00e7a, que atinge uma em cada dez mulheres em idade f\u00e9rtil<\/strong><\/em><\/p>\n<div class=\"text-content\">\n<p dir=\"ltr\" style=\"text-align: justify;\">Nesta quarta-feira (7), Dia Internacional da Luta contra a Endometriose, o Instituto de Gest\u00e3o Estrat\u00e9gica de Sa\u00fade do Distrito Federal (IgesDF) chama aten\u00e7\u00e3o para a necessidade do diagn\u00f3stico precoce dessa condi\u00e7\u00e3o cr\u00f4nica que afeta cerca de 190 milh\u00f5es de mulheres no mundo, sendo mais de 7 milh\u00f5es no Brasil, segundo a Organiza\u00e7\u00e3o Mundial da Sa\u00fade (OMS).<\/p>\n<figure class=\"image\" style=\"text-align: justify;\"><picture data-fileentryid=\"25246336\"><source srcset=\"\/o\/adaptive-media\/image\/25246336\/Thumbnail-300x300\/WhatsApp+Image+2025-05-07+at+15.49.21.jpeg?t=1746646625985\" media=\"(max-width:300px)\" \/><source srcset=\"\/o\/adaptive-media\/image\/25246336\/Preview-1000x0\/WhatsApp+Image+2025-05-07+at+15.49.21.jpeg?t=1746646625985\" media=\"(max-width:1000px) and (min-width:300px)\" \/><\/picture><picture data-fileentryid=\"25246336\"><source srcset=\"\/o\/adaptive-media\/image\/25246336\/Thumbnail-300x300\/WhatsApp+Image+2025-05-07+at+15.49.21.jpeg?t=1746646625985\" media=\"(max-width:300px)\" \/><source srcset=\"\/o\/adaptive-media\/image\/25246336\/Preview-1000x0\/WhatsApp+Image+2025-05-07+at+15.49.21.jpeg?t=1746646625985\" media=\"(max-width:1000px) and (min-width:300px)\" \/><img loading=\"lazy\" decoding=\"async\" src=\"https:\/\/www.agenciabrasilia.df.gov.br\/documents\/d\/guest\/whatsapp-image-2025-05-07-at-15-49-21-jpeg\" alt=\"\" width=\"900\" height=\"600\" data-fileentryid=\"25246336\" \/><\/picture><figcaption>A endometriose pode causar c\u00f3licas menstruais intensas, dor durante a rela\u00e7\u00e3o sexual, dor p\u00e9lvica cr\u00f4nica e dificuldade para engravidar | Foto: Alberto Ruy\/IgesDF<\/figcaption><\/figure>\n<p dir=\"ltr\" style=\"text-align: justify;\">De acordo com o Minist\u00e9rio da Sa\u00fade, 10% das brasileiras em idade reprodutiva convivem com a doen\u00e7a, que est\u00e1 presente em 40% das pacientes com infertilidade. Entre os principais sintomas est\u00e3o c\u00f3licas menstruais intensas, dor durante a rela\u00e7\u00e3o sexual, dor p\u00e9lvica cr\u00f4nica e dificuldade para engravidar.<\/p>\n<p dir=\"ltr\" style=\"text-align: justify;\">O Hospital Regional de Santa Maria (HRSM), gerido pelo IgesDF, integra a linha de cuidado para mulheres e gestantes. A ginecologista e obstetra do HRSM Kheylla Gonzales destaca que o diagn\u00f3stico ainda \u00e9 um desafio, pois os sintomas variam e, muitas vezes, s\u00e3o confundidos com condi\u00e7\u00f5es menos complexas: \u201cAl\u00e9m da dor p\u00e9lvica e dispareunia, em casos menos comuns, a endometriose pode comprometer \u00f3rg\u00e3os como intestino, bexiga e at\u00e9 a cavidade tor\u00e1cica\u201d.<\/p>\n<p dir=\"ltr\" style=\"text-align: justify;\">A doen\u00e7a \u00e9 provocada pela presen\u00e7a do endom\u00e9trio \u2013 tecido que reveste a parede interna do \u00fatero \u2013 em outras regi\u00f5es do corpo, como ov\u00e1rios, intestino e bexiga. Existem tr\u00eas formas cl\u00ednicas: superficial, ovariana (endometriomas) e profunda.<\/p>\n<p dir=\"ltr\" style=\"text-align: justify;\">O tratamento depende da gravidade do caso e pode incluir medicamentos para controle dos sintomas, cirurgia para retirada das les\u00f5es e acompanhamento especializado em fertilidade.\u00a0 \u201cO diagn\u00f3stico precoce e o suporte multidisciplinar s\u00e3o fundamentais para preservar a qualidade de vida das pacientes e evitar complica\u00e7\u00f5es\u201d, afirma a m\u00e9dica.<\/p>\n<p dir=\"ltr\" style=\"text-align: justify;\">Dados recentes do Minist\u00e9rio da Sa\u00fade apontam um aumento de 76,2% nos atendimentos pelo SUS relacionados \u00e0 endometriose nos \u00faltimos tr\u00eas anos, reflexo da maior conscientiza\u00e7\u00e3o e procura por tratamento.<\/p>\n<p dir=\"ltr\" style=\"text-align: justify;\">O exame ginecol\u00f3gico, a ultrassonografia transvaginal com preparo intestinal e a resson\u00e2ncia magn\u00e9tica com contraste s\u00e3o os principais m\u00e9todos para confirma\u00e7\u00e3o e estadiamento da doen\u00e7a.<\/p>\n<p dir=\"ltr\" style=\"text-align: justify;\"><strong><em>Com informa\u00e7\u00f5es do Instituto de Gest\u00e3o Estrat\u00e9gica de Sa\u00fade do Distrito Federal (IgesDF)<\/em><\/strong><\/p>\n<\/div>\n","protected":false},"excerpt":{"rendered":"<p>Especialista do IgesDF esclarece sintomas e tratamentos da doen\u00e7a, que atinge uma em cada dez mulheres em idade f\u00e9rtil Nesta quarta-feira (7), Dia Internacional da Luta contra a Endometriose, o Instituto de Gest\u00e3o Estrat\u00e9gica de Sa\u00fade do Distrito Federal (IgesDF) chama aten\u00e7\u00e3o para a necessidade do diagn\u00f3stico precoce dessa condi\u00e7\u00e3o cr\u00f4nica que afeta cerca de [&hellip;]<\/p>\n","protected":false},"author":2,"featured_media":65418,"comment_status":"open","ping_status":"closed","sticky":false,"template":"","format":"standard","meta":{"footnotes":""},"categories":[68,124],"tags":[],"class_list":{"0":"post-65417","1":"post","2":"type-post","3":"status-publish","4":"format-standard","5":"has-post-thumbnail","7":"category-brasil","8":"category-saude"},"yoast_head":"<!-- This site is optimized with the Yoast SEO Premium plugin v24.5 (Yoast SEO v27.4) - https:\/\/yoast.com\/product\/yoast-seo-premium-wordpress\/ -->\n<title>Dia Internacional da Luta contra a Endometriose alerta para import\u00e2ncia do diagn\u00f3stico precoce - P31<\/title>\n<meta name=\"robots\" content=\"index, follow, max-snippet:-1, max-image-preview:large, max-video-preview:-1\" \/>\n<link rel=\"canonical\" href=\"https:\/\/www.p31noticias.com.br\/?p=65417\" \/>\n<meta property=\"og:locale\" content=\"pt_BR\" \/>\n<meta property=\"og:type\" content=\"article\" \/>\n<meta property=\"og:title\" content=\"Dia Internacional da Luta contra a Endometriose alerta para import\u00e2ncia do diagn\u00f3stico precoce\" \/>\n<meta property=\"og:description\" content=\"Especialista do IgesDF esclarece sintomas e tratamentos da doen\u00e7a, que atinge uma em cada dez mulheres em idade f\u00e9rtil Nesta quarta-feira (7), Dia Internacional da Luta contra a Endometriose, o Instituto de Gest\u00e3o Estrat\u00e9gica de Sa\u00fade do Distrito Federal (IgesDF) chama aten\u00e7\u00e3o para a necessidade do diagn\u00f3stico precoce dessa condi\u00e7\u00e3o cr\u00f4nica que afeta cerca de [&hellip;]\" \/>\n<meta property=\"og:url\" content=\"https:\/\/www.p31noticias.com.br\/?p=65417\" \/>\n<meta property=\"og:site_name\" content=\"P31\" \/>\n<meta property=\"article:published_time\" content=\"2025-05-08T11:09:38+00:00\" \/>\n<meta property=\"og:image\" content=\"https:\/\/www.p31noticias.com.br\/wp-content\/uploads\/2025\/05\/WhatsApp-Image-2025-05-07-at-15.49.21.jpeg\" \/>\n\t<meta property=\"og:image:width\" content=\"1600\" \/>\n\t<meta property=\"og:image:height\" content=\"1066\" \/>\n\t<meta property=\"og:image:type\" content=\"image\/jpeg\" \/>\n<meta name=\"author\" content=\"Gon\u00e7alves Junior\" \/>\n<meta name=\"twitter:card\" content=\"summary_large_image\" \/>\n<meta name=\"twitter:label1\" content=\"Escrito por\" \/>\n\t<meta name=\"twitter:data1\" content=\"Gon\u00e7alves Junior\" \/>\n\t<meta name=\"twitter:label2\" content=\"Est. tempo de leitura\" \/>\n\t<meta name=\"twitter:data2\" content=\"3 minutos\" \/>\n<script type=\"application\/ld+json\" class=\"yoast-schema-graph\">{\"@context\":\"https:\\\/\\\/schema.org\",\"@graph\":[{\"@type\":\"Article\",\"@id\":\"https:\\\/\\\/www.p31noticias.com.br\\\/?p=65417#article\",\"isPartOf\":{\"@id\":\"https:\\\/\\\/www.p31noticias.com.br\\\/?p=65417\"},\"author\":{\"name\":\"Gon\u00e7alves Junior\",\"@id\":\"https:\\\/\\\/www.p31noticias.com.br\\\/#\\\/schema\\\/person\\\/95f2ece30e3b4132065b915150cd0f94\"},\"headline\":\"Dia Internacional da Luta contra a Endometriose alerta para import\u00e2ncia do diagn\u00f3stico precoce\",\"datePublished\":\"2025-05-08T11:09:38+00:00\",\"mainEntityOfPage\":{\"@id\":\"https:\\\/\\\/www.p31noticias.com.br\\\/?p=65417\"},\"wordCount\":431,\"commentCount\":0,\"image\":{\"@id\":\"https:\\\/\\\/www.p31noticias.com.br\\\/?p=65417#primaryimage\"},\"thumbnailUrl\":\"https:\\\/\\\/www.p31noticias.com.br\\\/wp-content\\\/uploads\\\/2025\\\/05\\\/WhatsApp-Image-2025-05-07-at-15.49.21.jpeg\",\"articleSection\":[\"Brasil\",\"Sa\u00fade\"],\"inLanguage\":\"pt-BR\",\"potentialAction\":[{\"@type\":\"CommentAction\",\"name\":\"Comment\",\"target\":[\"https:\\\/\\\/www.p31noticias.com.br\\\/?p=65417#respond\"]}],\"copyrightYear\":\"2025\",\"copyrightHolder\":{\"@id\":\"https:\\\/\\\/www.p31noticias.com.br\\\/#organization\"}},{\"@type\":\"WebPage\",\"@id\":\"https:\\\/\\\/www.p31noticias.com.br\\\/?p=65417\",\"url\":\"https:\\\/\\\/www.p31noticias.com.br\\\/?p=65417\",\"name\":\"Dia Internacional da Luta contra a Endometriose alerta para import\u00e2ncia do diagn\u00f3stico precoce - P31\",\"isPartOf\":{\"@id\":\"https:\\\/\\\/www.p31noticias.com.br\\\/#website\"},\"primaryImageOfPage\":{\"@id\":\"https:\\\/\\\/www.p31noticias.com.br\\\/?p=65417#primaryimage\"},\"image\":{\"@id\":\"https:\\\/\\\/www.p31noticias.com.br\\\/?p=65417#primaryimage\"},\"thumbnailUrl\":\"https:\\\/\\\/www.p31noticias.com.br\\\/wp-content\\\/uploads\\\/2025\\\/05\\\/WhatsApp-Image-2025-05-07-at-15.49.21.jpeg\",\"datePublished\":\"2025-05-08T11:09:38+00:00\",\"author\":{\"@id\":\"https:\\\/\\\/www.p31noticias.com.br\\\/#\\\/schema\\\/person\\\/95f2ece30e3b4132065b915150cd0f94\"},\"breadcrumb\":{\"@id\":\"https:\\\/\\\/www.p31noticias.com.br\\\/?p=65417#breadcrumb\"},\"inLanguage\":\"pt-BR\",\"potentialAction\":[{\"@type\":\"ReadAction\",\"target\":[\"https:\\\/\\\/www.p31noticias.com.br\\\/?p=65417\"]}]},{\"@type\":\"ImageObject\",\"inLanguage\":\"pt-BR\",\"@id\":\"https:\\\/\\\/www.p31noticias.com.br\\\/?p=65417#primaryimage\",\"url\":\"https:\\\/\\\/www.p31noticias.com.br\\\/wp-content\\\/uploads\\\/2025\\\/05\\\/WhatsApp-Image-2025-05-07-at-15.49.21.jpeg\",\"contentUrl\":\"https:\\\/\\\/www.p31noticias.com.br\\\/wp-content\\\/uploads\\\/2025\\\/05\\\/WhatsApp-Image-2025-05-07-at-15.49.21.jpeg\",\"width\":1600,\"height\":1066},{\"@type\":\"BreadcrumbList\",\"@id\":\"https:\\\/\\\/www.p31noticias.com.br\\\/?p=65417#breadcrumb\",\"itemListElement\":[{\"@type\":\"ListItem\",\"position\":1,\"name\":\"In\u00edcio\",\"item\":\"https:\\\/\\\/www.p31noticias.com.br\\\/\"},{\"@type\":\"ListItem\",\"position\":2,\"name\":\"Dia Internacional da Luta contra a Endometriose alerta para import\u00e2ncia do diagn\u00f3stico precoce\"}]},{\"@type\":\"WebSite\",\"@id\":\"https:\\\/\\\/www.p31noticias.com.br\\\/#website\",\"url\":\"https:\\\/\\\/www.p31noticias.com.br\\\/\",\"name\":\"P31\",\"description\":\"NOT\u00cdCIAS\",\"potentialAction\":[{\"@type\":\"SearchAction\",\"target\":{\"@type\":\"EntryPoint\",\"urlTemplate\":\"https:\\\/\\\/www.p31noticias.com.br\\\/?s={search_term_string}\"},\"query-input\":{\"@type\":\"PropertyValueSpecification\",\"valueRequired\":true,\"valueName\":\"search_term_string\"}}],\"inLanguage\":\"pt-BR\"},{\"@type\":\"Person\",\"@id\":\"https:\\\/\\\/www.p31noticias.com.br\\\/#\\\/schema\\\/person\\\/95f2ece30e3b4132065b915150cd0f94\",\"name\":\"Gon\u00e7alves Junior\",\"image\":{\"@type\":\"ImageObject\",\"inLanguage\":\"pt-BR\",\"@id\":\"https:\\\/\\\/secure.gravatar.com\\\/avatar\\\/6711f350116a89762687a48d66f723c799e5438a5b7578508d4294cd7a5d0800?s=96&d=mm&r=g\",\"url\":\"https:\\\/\\\/secure.gravatar.com\\\/avatar\\\/6711f350116a89762687a48d66f723c799e5438a5b7578508d4294cd7a5d0800?s=96&d=mm&r=g\",\"contentUrl\":\"https:\\\/\\\/secure.gravatar.com\\\/avatar\\\/6711f350116a89762687a48d66f723c799e5438a5b7578508d4294cd7a5d0800?s=96&d=mm&r=g\",\"caption\":\"Gon\u00e7alves Junior\"},\"url\":\"https:\\\/\\\/www.p31noticias.com.br\\\/?author=2\"}]}<\/script>\n<!-- \/ Yoast SEO Premium plugin. -->","yoast_head_json":{"title":"Dia Internacional da Luta contra a Endometriose alerta para import\u00e2ncia do diagn\u00f3stico precoce - P31","robots":{"index":"index","follow":"follow","max-snippet":"max-snippet:-1","max-image-preview":"max-image-preview:large","max-video-preview":"max-video-preview:-1"},"canonical":"https:\/\/www.p31noticias.com.br\/?p=65417","og_locale":"pt_BR","og_type":"article","og_title":"Dia Internacional da Luta contra a Endometriose alerta para import\u00e2ncia do diagn\u00f3stico precoce","og_description":"Especialista do IgesDF esclarece sintomas e tratamentos da doen\u00e7a, que atinge uma em cada dez mulheres em idade f\u00e9rtil Nesta quarta-feira (7), Dia Internacional da Luta contra a Endometriose, o Instituto de Gest\u00e3o Estrat\u00e9gica de Sa\u00fade do Distrito Federal (IgesDF) chama aten\u00e7\u00e3o para a necessidade do diagn\u00f3stico precoce dessa condi\u00e7\u00e3o cr\u00f4nica que afeta cerca de [&hellip;]","og_url":"https:\/\/www.p31noticias.com.br\/?p=65417","og_site_name":"P31","article_published_time":"2025-05-08T11:09:38+00:00","og_image":[{"width":1600,"height":1066,"url":"https:\/\/www.p31noticias.com.br\/wp-content\/uploads\/2025\/05\/WhatsApp-Image-2025-05-07-at-15.49.21.jpeg","type":"image\/jpeg"}],"author":"Gon\u00e7alves Junior","twitter_card":"summary_large_image","twitter_misc":{"Escrito por":"Gon\u00e7alves Junior","Est. tempo de leitura":"3 minutos"},"schema":{"@context":"https:\/\/schema.org","@graph":[{"@type":"Article","@id":"https:\/\/www.p31noticias.com.br\/?p=65417#article","isPartOf":{"@id":"https:\/\/www.p31noticias.com.br\/?p=65417"},"author":{"name":"Gon\u00e7alves Junior","@id":"https:\/\/www.p31noticias.com.br\/#\/schema\/person\/95f2ece30e3b4132065b915150cd0f94"},"headline":"Dia Internacional da Luta contra a Endometriose alerta para import\u00e2ncia do diagn\u00f3stico precoce","datePublished":"2025-05-08T11:09:38+00:00","mainEntityOfPage":{"@id":"https:\/\/www.p31noticias.com.br\/?p=65417"},"wordCount":431,"commentCount":0,"image":{"@id":"https:\/\/www.p31noticias.com.br\/?p=65417#primaryimage"},"thumbnailUrl":"https:\/\/www.p31noticias.com.br\/wp-content\/uploads\/2025\/05\/WhatsApp-Image-2025-05-07-at-15.49.21.jpeg","articleSection":["Brasil","Sa\u00fade"],"inLanguage":"pt-BR","potentialAction":[{"@type":"CommentAction","name":"Comment","target":["https:\/\/www.p31noticias.com.br\/?p=65417#respond"]}],"copyrightYear":"2025","copyrightHolder":{"@id":"https:\/\/www.p31noticias.com.br\/#organization"}},{"@type":"WebPage","@id":"https:\/\/www.p31noticias.com.br\/?p=65417","url":"https:\/\/www.p31noticias.com.br\/?p=65417","name":"Dia Internacional da Luta contra a Endometriose alerta para import\u00e2ncia do diagn\u00f3stico precoce - P31","isPartOf":{"@id":"https:\/\/www.p31noticias.com.br\/#website"},"primaryImageOfPage":{"@id":"https:\/\/www.p31noticias.com.br\/?p=65417#primaryimage"},"image":{"@id":"https:\/\/www.p31noticias.com.br\/?p=65417#primaryimage"},"thumbnailUrl":"https:\/\/www.p31noticias.com.br\/wp-content\/uploads\/2025\/05\/WhatsApp-Image-2025-05-07-at-15.49.21.jpeg","datePublished":"2025-05-08T11:09:38+00:00","author":{"@id":"https:\/\/www.p31noticias.com.br\/#\/schema\/person\/95f2ece30e3b4132065b915150cd0f94"},"breadcrumb":{"@id":"https:\/\/www.p31noticias.com.br\/?p=65417#breadcrumb"},"inLanguage":"pt-BR","potentialAction":[{"@type":"ReadAction","target":["https:\/\/www.p31noticias.com.br\/?p=65417"]}]},{"@type":"ImageObject","inLanguage":"pt-BR","@id":"https:\/\/www.p31noticias.com.br\/?p=65417#primaryimage","url":"https:\/\/www.p31noticias.com.br\/wp-content\/uploads\/2025\/05\/WhatsApp-Image-2025-05-07-at-15.49.21.jpeg","contentUrl":"https:\/\/www.p31noticias.com.br\/wp-content\/uploads\/2025\/05\/WhatsApp-Image-2025-05-07-at-15.49.21.jpeg","width":1600,"height":1066},{"@type":"BreadcrumbList","@id":"https:\/\/www.p31noticias.com.br\/?p=65417#breadcrumb","itemListElement":[{"@type":"ListItem","position":1,"name":"In\u00edcio","item":"https:\/\/www.p31noticias.com.br\/"},{"@type":"ListItem","position":2,"name":"Dia Internacional da Luta contra a Endometriose alerta para import\u00e2ncia do diagn\u00f3stico precoce"}]},{"@type":"WebSite","@id":"https:\/\/www.p31noticias.com.br\/#website","url":"https:\/\/www.p31noticias.com.br\/","name":"P31","description":"NOT\u00cdCIAS","potentialAction":[{"@type":"SearchAction","target":{"@type":"EntryPoint","urlTemplate":"https:\/\/www.p31noticias.com.br\/?s={search_term_string}"},"query-input":{"@type":"PropertyValueSpecification","valueRequired":true,"valueName":"search_term_string"}}],"inLanguage":"pt-BR"},{"@type":"Person","@id":"https:\/\/www.p31noticias.com.br\/#\/schema\/person\/95f2ece30e3b4132065b915150cd0f94","name":"Gon\u00e7alves Junior","image":{"@type":"ImageObject","inLanguage":"pt-BR","@id":"https:\/\/secure.gravatar.com\/avatar\/6711f350116a89762687a48d66f723c799e5438a5b7578508d4294cd7a5d0800?s=96&d=mm&r=g","url":"https:\/\/secure.gravatar.com\/avatar\/6711f350116a89762687a48d66f723c799e5438a5b7578508d4294cd7a5d0800?s=96&d=mm&r=g","contentUrl":"https:\/\/secure.gravatar.com\/avatar\/6711f350116a89762687a48d66f723c799e5438a5b7578508d4294cd7a5d0800?s=96&d=mm&r=g","caption":"Gon\u00e7alves Junior"},"url":"https:\/\/www.p31noticias.com.br\/?author=2"}]}},"amp_enabled":true,"_links":{"self":[{"href":"https:\/\/www.p31noticias.com.br\/index.php?rest_route=\/wp\/v2\/posts\/65417","targetHints":{"allow":["GET"]}}],"collection":[{"href":"https:\/\/www.p31noticias.com.br\/index.php?rest_route=\/wp\/v2\/posts"}],"about":[{"href":"https:\/\/www.p31noticias.com.br\/index.php?rest_route=\/wp\/v2\/types\/post"}],"author":[{"embeddable":true,"href":"https:\/\/www.p31noticias.com.br\/index.php?rest_route=\/wp\/v2\/users\/2"}],"replies":[{"embeddable":true,"href":"https:\/\/www.p31noticias.com.br\/index.php?rest_route=%2Fwp%2Fv2%2Fcomments&post=65417"}],"version-history":[{"count":1,"href":"https:\/\/www.p31noticias.com.br\/index.php?rest_route=\/wp\/v2\/posts\/65417\/revisions"}],"predecessor-version":[{"id":65419,"href":"https:\/\/www.p31noticias.com.br\/index.php?rest_route=\/wp\/v2\/posts\/65417\/revisions\/65419"}],"wp:featuredmedia":[{"embeddable":true,"href":"https:\/\/www.p31noticias.com.br\/index.php?rest_route=\/wp\/v2\/media\/65418"}],"wp:attachment":[{"href":"https:\/\/www.p31noticias.com.br\/index.php?rest_route=%2Fwp%2Fv2%2Fmedia&parent=65417"}],"wp:term":[{"taxonomy":"category","embeddable":true,"href":"https:\/\/www.p31noticias.com.br\/index.php?rest_route=%2Fwp%2Fv2%2Fcategories&post=65417"},{"taxonomy":"post_tag","embeddable":true,"href":"https:\/\/www.p31noticias.com.br\/index.php?rest_route=%2Fwp%2Fv2%2Ftags&post=65417"}],"curies":[{"name":"wp","href":"https:\/\/api.w.org\/{rel}","templated":true}]}}