{"id":65411,"date":"2025-05-07T06:05:51","date_gmt":"2025-05-07T09:05:51","guid":{"rendered":"https:\/\/www.p31noticias.com.br\/?p=65411"},"modified":"2025-05-07T06:05:51","modified_gmt":"2025-05-07T09:05:51","slug":"paquistao-retalia-ataques-aereos-da-india-e-promete-resposta-firme-temos-todo-direito","status":"publish","type":"post","link":"https:\/\/www.p31noticias.com.br\/?p=65411","title":{"rendered":"Paquist\u00e3o retalia ataques a\u00e9reos da \u00cdndia e promete \u2018resposta firme\u2019: \u2018Temos todo direito\u2019"},"content":{"rendered":"<p style=\"text-align: justify;\">O ministro federal da Informa\u00e7\u00e3o do\u00a0<a href=\"https:\/\/jovempan.com.br\/tag\/paquistao\" target=\"_blank\" rel=\"noopener noreferrer\"><strong>Paquist\u00e3o<\/strong><\/a>, Attaullah Tarar, afirmou nesta quarta-feira (7) (hor\u00e1rio de local), que o pa\u00eds retaliou os recentes ataques da\u00a0<strong><a href=\"https:\/\/jovempan.com.br\/tag\/india\" target=\"_blank\" rel=\"noopener noreferrer\">\u00cdndia<\/a>\u00a0<\/strong>e que tr\u00eas jatos e um drone indiano foram abatidos.\u00a0\u201cA \u00cdndia realizou ataques covardes contra civis inocentes e mesquitas no Paquist\u00e3o, desafiando a honra e o orgulho dessa na\u00e7\u00e3o. Agora, estejam preparados. Esta na\u00e7\u00e3o responsabilizar\u00e1 o inimigo por cada gota de sangue de seus m\u00e1rtires. As For\u00e7as Armadas est\u00e3o dando uma resposta esmagadora, exatamente de acordo com os sentimentos do povo. A na\u00e7\u00e3o inteira est\u00e1 unida em ora\u00e7\u00f5es e solidariedade aos nossos bravos oficiais e soldados\u201d, escreveu Tarar na rede X.<\/p>\n<div class=\"clearfix text-center advert\">\n<div id=\"ad-middle1\" class=\"ads-gam\" data-google-query-id=\"CObvqoiAkY0DFYOJYQYdSWwCig\">\n<div id=\"google_ads_iframe_173743064\/jovempan\/web\/mundo_4__container__\" style=\"text-align: justify;\">O primeiro-ministro paquistan\u00eas, Shehbaz Sharif, condenou os ataques a\u00e9reos da \u00cdndia e disse o pa\u00eds \u201ctem todo o direito de dar uma resposta firme\u201d ao \u201cato de guerra imposto pela \u00cdndia\u201d, que deixou pelo menos oito civis. Segundo o porta-voz do Ex\u00e9rcito paquistan\u00eas, Ahmed Chaudhry, duas pessoas est\u00e3o desaparecidas, e o Ex\u00e9rcito indiano praticou \u201c24 bombardeios\u201d contra seu territ\u00f3rio. Entre as v\u00edtimas h\u00e1 \u201cuma menina de tr\u00eas anos\u201d falecida em uma mesquita na regi\u00e3o fronteiri\u00e7a de Punjab, a mais populosa do pa\u00eds. O Ex\u00e9rcito indiano, por sua vez, acusou Islamabad de \u201cviolar mais uma vez o cessar-fogo, ao realizar disparos de artilharia nos setores de Bhimber Gali e Poonch-Rajauri\u201d, na Caxemira indiana.<\/div>\n<div>\n<p style=\"text-align: justify;\">A \u00cdndia bombardeou nesta quarta, num contexto de tens\u00e3o m\u00e1xima desde o atentado cometido na Caxemira indiana em 22 de abril.\u00a0Desde que esse ataque armado resultou na morte de 26 homens na parte da Caxemira administrada pela \u00cdndia, a comunidade internacional temia novos confrontos entre as duas pot\u00eancias nucleares.\u00a0A Caxemira \u00e9 uma regi\u00e3o de maioria mu\u00e7ulmana dividida entre \u00cdndia e Paquist\u00e3o, disputada por ambos os pa\u00edses desde que se tornaram independentes do Reino Unido em 1947. O Paquist\u00e3o convocar\u00e1 nesta quarta-feira, \u00e0s 05h00 GMT (02h00 de Bras\u00edlia), seu Comit\u00ea de Seguran\u00e7a Nacional, composto por autoridades civis e militares, anunciou o ministro da Informa\u00e7\u00e3o, Ataullah Tarar.<\/p>\n<p style=\"text-align: justify;\">Em meio a esses an\u00fancios, o presidente dos Estados Unidos, Donald Trump, afirmou esperar que os confrontos entre \u00cdndia e Paquist\u00e3o \u201cterminem muito em breve\u201d. Pouco antes desses bombardeios, o Departamento de Estado dos Estados Unidos havia informado que convocou \u00cdndia e Paquist\u00e3o a trabalharem por uma \u201cresolu\u00e7\u00e3o respons\u00e1vel\u201d de seu conflito. Nova D\u00e9lhi havia acabado de amea\u00e7ar \u201ccortar a \u00e1gua\u201d de v\u00e1rios rios que nascem em seu territ\u00f3rio e percorrem o Paquist\u00e3o, em repres\u00e1lia pelo atentado de 22 de abril. Um dia ap\u00f3s esse ataque, a \u00cdndia suspendeu sua participa\u00e7\u00e3o em um tratado assinado em 1960 com o Paquist\u00e3o, que estabelece que ambos devem compartilhar o controle da bacia de seis rios da Caxemira que convergem em dire\u00e7\u00e3o ao rio Indo, no Paquist\u00e3o.<\/p>\n<p style=\"text-align: justify;\"><em><strong>JP NEWS \/ MUNDO<\/strong><\/em><\/p>\n<\/div>\n<\/div>\n<\/div>\n","protected":false},"excerpt":{"rendered":"<p>O ministro federal da Informa\u00e7\u00e3o do\u00a0Paquist\u00e3o, Attaullah Tarar, afirmou nesta quarta-feira (7) (hor\u00e1rio de local), que o pa\u00eds retaliou os recentes ataques da\u00a0\u00cdndia\u00a0e que tr\u00eas jatos e um drone indiano foram abatidos.\u00a0\u201cA \u00cdndia realizou ataques covardes contra civis inocentes e mesquitas no Paquist\u00e3o, desafiando a honra e o orgulho dessa na\u00e7\u00e3o. Agora, estejam preparados. Esta [&hellip;]<\/p>\n","protected":false},"author":2,"featured_media":65412,"comment_status":"open","ping_status":"closed","sticky":false,"template":"","format":"standard","meta":{"footnotes":""},"categories":[752],"tags":[],"class_list":{"0":"post-65411","1":"post","2":"type-post","3":"status-publish","4":"format-standard","5":"has-post-thumbnail","7":"category-mundo"},"yoast_head":"<!-- This site is optimized with the Yoast SEO Premium plugin v24.5 (Yoast SEO v27.4) - https:\/\/yoast.com\/product\/yoast-seo-premium-wordpress\/ -->\n<title>Paquist\u00e3o retalia ataques a\u00e9reos da \u00cdndia e promete \u2018resposta firme\u2019: \u2018Temos todo direito\u2019 - P31<\/title>\n<meta name=\"robots\" content=\"index, follow, max-snippet:-1, max-image-preview:large, max-video-preview:-1\" \/>\n<link rel=\"canonical\" href=\"https:\/\/www.p31noticias.com.br\/?p=65411\" \/>\n<meta property=\"og:locale\" content=\"pt_BR\" \/>\n<meta property=\"og:type\" content=\"article\" \/>\n<meta property=\"og:title\" content=\"Paquist\u00e3o retalia ataques a\u00e9reos da \u00cdndia e promete \u2018resposta firme\u2019: \u2018Temos todo direito\u2019\" \/>\n<meta property=\"og:description\" content=\"O ministro federal da Informa\u00e7\u00e3o do\u00a0Paquist\u00e3o, Attaullah Tarar, afirmou nesta quarta-feira (7) (hor\u00e1rio de local), que o pa\u00eds retaliou os recentes ataques da\u00a0\u00cdndia\u00a0e que tr\u00eas jatos e um drone indiano foram abatidos.\u00a0\u201cA \u00cdndia realizou ataques covardes contra civis inocentes e mesquitas no Paquist\u00e3o, desafiando a honra e o orgulho dessa na\u00e7\u00e3o. Agora, estejam preparados. Esta [&hellip;]\" \/>\n<meta property=\"og:url\" content=\"https:\/\/www.p31noticias.com.br\/?p=65411\" \/>\n<meta property=\"og:site_name\" content=\"P31\" \/>\n<meta property=\"article:published_time\" content=\"2025-05-07T09:05:51+00:00\" \/>\n<meta property=\"og:image\" content=\"https:\/\/www.p31noticias.com.br\/wp-content\/uploads\/2025\/05\/tensao-paquistao-e-india-300x170-1.jpg\" \/>\n\t<meta property=\"og:image:width\" content=\"300\" \/>\n\t<meta property=\"og:image:height\" content=\"170\" \/>\n\t<meta property=\"og:image:type\" content=\"image\/jpeg\" \/>\n<meta name=\"author\" content=\"Gon\u00e7alves Junior\" \/>\n<meta name=\"twitter:card\" content=\"summary_large_image\" \/>\n<meta name=\"twitter:label1\" content=\"Escrito por\" \/>\n\t<meta name=\"twitter:data1\" content=\"Gon\u00e7alves Junior\" \/>\n\t<meta name=\"twitter:label2\" content=\"Est. tempo de leitura\" \/>\n\t<meta name=\"twitter:data2\" content=\"3 minutos\" \/>\n<script type=\"application\/ld+json\" class=\"yoast-schema-graph\">{\"@context\":\"https:\\\/\\\/schema.org\",\"@graph\":[{\"@type\":\"Article\",\"@id\":\"https:\\\/\\\/www.p31noticias.com.br\\\/?p=65411#article\",\"isPartOf\":{\"@id\":\"https:\\\/\\\/www.p31noticias.com.br\\\/?p=65411\"},\"author\":{\"name\":\"Gon\u00e7alves Junior\",\"@id\":\"https:\\\/\\\/www.p31noticias.com.br\\\/#\\\/schema\\\/person\\\/95f2ece30e3b4132065b915150cd0f94\"},\"headline\":\"Paquist\u00e3o retalia ataques a\u00e9reos da \u00cdndia e promete \u2018resposta firme\u2019: \u2018Temos todo direito\u2019\",\"datePublished\":\"2025-05-07T09:05:51+00:00\",\"mainEntityOfPage\":{\"@id\":\"https:\\\/\\\/www.p31noticias.com.br\\\/?p=65411\"},\"wordCount\":514,\"commentCount\":0,\"image\":{\"@id\":\"https:\\\/\\\/www.p31noticias.com.br\\\/?p=65411#primaryimage\"},\"thumbnailUrl\":\"https:\\\/\\\/www.p31noticias.com.br\\\/wp-content\\\/uploads\\\/2025\\\/05\\\/tensao-paquistao-e-india-300x170-1.jpg\",\"articleSection\":[\"Mundo\"],\"inLanguage\":\"pt-BR\",\"potentialAction\":[{\"@type\":\"CommentAction\",\"name\":\"Comment\",\"target\":[\"https:\\\/\\\/www.p31noticias.com.br\\\/?p=65411#respond\"]}],\"copyrightYear\":\"2025\",\"copyrightHolder\":{\"@id\":\"https:\\\/\\\/www.p31noticias.com.br\\\/#organization\"}},{\"@type\":\"WebPage\",\"@id\":\"https:\\\/\\\/www.p31noticias.com.br\\\/?p=65411\",\"url\":\"https:\\\/\\\/www.p31noticias.com.br\\\/?p=65411\",\"name\":\"Paquist\u00e3o retalia ataques a\u00e9reos da \u00cdndia e promete \u2018resposta firme\u2019: \u2018Temos todo direito\u2019 - P31\",\"isPartOf\":{\"@id\":\"https:\\\/\\\/www.p31noticias.com.br\\\/#website\"},\"primaryImageOfPage\":{\"@id\":\"https:\\\/\\\/www.p31noticias.com.br\\\/?p=65411#primaryimage\"},\"image\":{\"@id\":\"https:\\\/\\\/www.p31noticias.com.br\\\/?p=65411#primaryimage\"},\"thumbnailUrl\":\"https:\\\/\\\/www.p31noticias.com.br\\\/wp-content\\\/uploads\\\/2025\\\/05\\\/tensao-paquistao-e-india-300x170-1.jpg\",\"datePublished\":\"2025-05-07T09:05:51+00:00\",\"author\":{\"@id\":\"https:\\\/\\\/www.p31noticias.com.br\\\/#\\\/schema\\\/person\\\/95f2ece30e3b4132065b915150cd0f94\"},\"breadcrumb\":{\"@id\":\"https:\\\/\\\/www.p31noticias.com.br\\\/?p=65411#breadcrumb\"},\"inLanguage\":\"pt-BR\",\"potentialAction\":[{\"@type\":\"ReadAction\",\"target\":[\"https:\\\/\\\/www.p31noticias.com.br\\\/?p=65411\"]}]},{\"@type\":\"ImageObject\",\"inLanguage\":\"pt-BR\",\"@id\":\"https:\\\/\\\/www.p31noticias.com.br\\\/?p=65411#primaryimage\",\"url\":\"https:\\\/\\\/www.p31noticias.com.br\\\/wp-content\\\/uploads\\\/2025\\\/05\\\/tensao-paquistao-e-india-300x170-1.jpg\",\"contentUrl\":\"https:\\\/\\\/www.p31noticias.com.br\\\/wp-content\\\/uploads\\\/2025\\\/05\\\/tensao-paquistao-e-india-300x170-1.jpg\",\"width\":300,\"height\":170},{\"@type\":\"BreadcrumbList\",\"@id\":\"https:\\\/\\\/www.p31noticias.com.br\\\/?p=65411#breadcrumb\",\"itemListElement\":[{\"@type\":\"ListItem\",\"position\":1,\"name\":\"In\u00edcio\",\"item\":\"https:\\\/\\\/www.p31noticias.com.br\\\/\"},{\"@type\":\"ListItem\",\"position\":2,\"name\":\"Paquist\u00e3o retalia ataques a\u00e9reos da \u00cdndia e promete \u2018resposta firme\u2019: \u2018Temos todo direito\u2019\"}]},{\"@type\":\"WebSite\",\"@id\":\"https:\\\/\\\/www.p31noticias.com.br\\\/#website\",\"url\":\"https:\\\/\\\/www.p31noticias.com.br\\\/\",\"name\":\"P31\",\"description\":\"NOT\u00cdCIAS\",\"potentialAction\":[{\"@type\":\"SearchAction\",\"target\":{\"@type\":\"EntryPoint\",\"urlTemplate\":\"https:\\\/\\\/www.p31noticias.com.br\\\/?s={search_term_string}\"},\"query-input\":{\"@type\":\"PropertyValueSpecification\",\"valueRequired\":true,\"valueName\":\"search_term_string\"}}],\"inLanguage\":\"pt-BR\"},{\"@type\":\"Person\",\"@id\":\"https:\\\/\\\/www.p31noticias.com.br\\\/#\\\/schema\\\/person\\\/95f2ece30e3b4132065b915150cd0f94\",\"name\":\"Gon\u00e7alves Junior\",\"image\":{\"@type\":\"ImageObject\",\"inLanguage\":\"pt-BR\",\"@id\":\"https:\\\/\\\/secure.gravatar.com\\\/avatar\\\/6711f350116a89762687a48d66f723c799e5438a5b7578508d4294cd7a5d0800?s=96&d=mm&r=g\",\"url\":\"https:\\\/\\\/secure.gravatar.com\\\/avatar\\\/6711f350116a89762687a48d66f723c799e5438a5b7578508d4294cd7a5d0800?s=96&d=mm&r=g\",\"contentUrl\":\"https:\\\/\\\/secure.gravatar.com\\\/avatar\\\/6711f350116a89762687a48d66f723c799e5438a5b7578508d4294cd7a5d0800?s=96&d=mm&r=g\",\"caption\":\"Gon\u00e7alves Junior\"},\"url\":\"https:\\\/\\\/www.p31noticias.com.br\\\/?author=2\"}]}<\/script>\n<!-- \/ Yoast SEO Premium plugin. -->","yoast_head_json":{"title":"Paquist\u00e3o retalia ataques a\u00e9reos da \u00cdndia e promete \u2018resposta firme\u2019: \u2018Temos todo direito\u2019 - P31","robots":{"index":"index","follow":"follow","max-snippet":"max-snippet:-1","max-image-preview":"max-image-preview:large","max-video-preview":"max-video-preview:-1"},"canonical":"https:\/\/www.p31noticias.com.br\/?p=65411","og_locale":"pt_BR","og_type":"article","og_title":"Paquist\u00e3o retalia ataques a\u00e9reos da \u00cdndia e promete \u2018resposta firme\u2019: \u2018Temos todo direito\u2019","og_description":"O ministro federal da Informa\u00e7\u00e3o do\u00a0Paquist\u00e3o, Attaullah Tarar, afirmou nesta quarta-feira (7) (hor\u00e1rio de local), que o pa\u00eds retaliou os recentes ataques da\u00a0\u00cdndia\u00a0e que tr\u00eas jatos e um drone indiano foram abatidos.\u00a0\u201cA \u00cdndia realizou ataques covardes contra civis inocentes e mesquitas no Paquist\u00e3o, desafiando a honra e o orgulho dessa na\u00e7\u00e3o. Agora, estejam preparados. Esta [&hellip;]","og_url":"https:\/\/www.p31noticias.com.br\/?p=65411","og_site_name":"P31","article_published_time":"2025-05-07T09:05:51+00:00","og_image":[{"width":300,"height":170,"url":"https:\/\/www.p31noticias.com.br\/wp-content\/uploads\/2025\/05\/tensao-paquistao-e-india-300x170-1.jpg","type":"image\/jpeg"}],"author":"Gon\u00e7alves Junior","twitter_card":"summary_large_image","twitter_misc":{"Escrito por":"Gon\u00e7alves Junior","Est. tempo de leitura":"3 minutos"},"schema":{"@context":"https:\/\/schema.org","@graph":[{"@type":"Article","@id":"https:\/\/www.p31noticias.com.br\/?p=65411#article","isPartOf":{"@id":"https:\/\/www.p31noticias.com.br\/?p=65411"},"author":{"name":"Gon\u00e7alves Junior","@id":"https:\/\/www.p31noticias.com.br\/#\/schema\/person\/95f2ece30e3b4132065b915150cd0f94"},"headline":"Paquist\u00e3o retalia ataques a\u00e9reos da \u00cdndia e promete \u2018resposta firme\u2019: \u2018Temos todo direito\u2019","datePublished":"2025-05-07T09:05:51+00:00","mainEntityOfPage":{"@id":"https:\/\/www.p31noticias.com.br\/?p=65411"},"wordCount":514,"commentCount":0,"image":{"@id":"https:\/\/www.p31noticias.com.br\/?p=65411#primaryimage"},"thumbnailUrl":"https:\/\/www.p31noticias.com.br\/wp-content\/uploads\/2025\/05\/tensao-paquistao-e-india-300x170-1.jpg","articleSection":["Mundo"],"inLanguage":"pt-BR","potentialAction":[{"@type":"CommentAction","name":"Comment","target":["https:\/\/www.p31noticias.com.br\/?p=65411#respond"]}],"copyrightYear":"2025","copyrightHolder":{"@id":"https:\/\/www.p31noticias.com.br\/#organization"}},{"@type":"WebPage","@id":"https:\/\/www.p31noticias.com.br\/?p=65411","url":"https:\/\/www.p31noticias.com.br\/?p=65411","name":"Paquist\u00e3o retalia ataques a\u00e9reos da \u00cdndia e promete \u2018resposta firme\u2019: \u2018Temos todo direito\u2019 - P31","isPartOf":{"@id":"https:\/\/www.p31noticias.com.br\/#website"},"primaryImageOfPage":{"@id":"https:\/\/www.p31noticias.com.br\/?p=65411#primaryimage"},"image":{"@id":"https:\/\/www.p31noticias.com.br\/?p=65411#primaryimage"},"thumbnailUrl":"https:\/\/www.p31noticias.com.br\/wp-content\/uploads\/2025\/05\/tensao-paquistao-e-india-300x170-1.jpg","datePublished":"2025-05-07T09:05:51+00:00","author":{"@id":"https:\/\/www.p31noticias.com.br\/#\/schema\/person\/95f2ece30e3b4132065b915150cd0f94"},"breadcrumb":{"@id":"https:\/\/www.p31noticias.com.br\/?p=65411#breadcrumb"},"inLanguage":"pt-BR","potentialAction":[{"@type":"ReadAction","target":["https:\/\/www.p31noticias.com.br\/?p=65411"]}]},{"@type":"ImageObject","inLanguage":"pt-BR","@id":"https:\/\/www.p31noticias.com.br\/?p=65411#primaryimage","url":"https:\/\/www.p31noticias.com.br\/wp-content\/uploads\/2025\/05\/tensao-paquistao-e-india-300x170-1.jpg","contentUrl":"https:\/\/www.p31noticias.com.br\/wp-content\/uploads\/2025\/05\/tensao-paquistao-e-india-300x170-1.jpg","width":300,"height":170},{"@type":"BreadcrumbList","@id":"https:\/\/www.p31noticias.com.br\/?p=65411#breadcrumb","itemListElement":[{"@type":"ListItem","position":1,"name":"In\u00edcio","item":"https:\/\/www.p31noticias.com.br\/"},{"@type":"ListItem","position":2,"name":"Paquist\u00e3o retalia ataques a\u00e9reos da \u00cdndia e promete \u2018resposta firme\u2019: \u2018Temos todo direito\u2019"}]},{"@type":"WebSite","@id":"https:\/\/www.p31noticias.com.br\/#website","url":"https:\/\/www.p31noticias.com.br\/","name":"P31","description":"NOT\u00cdCIAS","potentialAction":[{"@type":"SearchAction","target":{"@type":"EntryPoint","urlTemplate":"https:\/\/www.p31noticias.com.br\/?s={search_term_string}"},"query-input":{"@type":"PropertyValueSpecification","valueRequired":true,"valueName":"search_term_string"}}],"inLanguage":"pt-BR"},{"@type":"Person","@id":"https:\/\/www.p31noticias.com.br\/#\/schema\/person\/95f2ece30e3b4132065b915150cd0f94","name":"Gon\u00e7alves Junior","image":{"@type":"ImageObject","inLanguage":"pt-BR","@id":"https:\/\/secure.gravatar.com\/avatar\/6711f350116a89762687a48d66f723c799e5438a5b7578508d4294cd7a5d0800?s=96&d=mm&r=g","url":"https:\/\/secure.gravatar.com\/avatar\/6711f350116a89762687a48d66f723c799e5438a5b7578508d4294cd7a5d0800?s=96&d=mm&r=g","contentUrl":"https:\/\/secure.gravatar.com\/avatar\/6711f350116a89762687a48d66f723c799e5438a5b7578508d4294cd7a5d0800?s=96&d=mm&r=g","caption":"Gon\u00e7alves Junior"},"url":"https:\/\/www.p31noticias.com.br\/?author=2"}]}},"amp_enabled":true,"_links":{"self":[{"href":"https:\/\/www.p31noticias.com.br\/index.php?rest_route=\/wp\/v2\/posts\/65411","targetHints":{"allow":["GET"]}}],"collection":[{"href":"https:\/\/www.p31noticias.com.br\/index.php?rest_route=\/wp\/v2\/posts"}],"about":[{"href":"https:\/\/www.p31noticias.com.br\/index.php?rest_route=\/wp\/v2\/types\/post"}],"author":[{"embeddable":true,"href":"https:\/\/www.p31noticias.com.br\/index.php?rest_route=\/wp\/v2\/users\/2"}],"replies":[{"embeddable":true,"href":"https:\/\/www.p31noticias.com.br\/index.php?rest_route=%2Fwp%2Fv2%2Fcomments&post=65411"}],"version-history":[{"count":1,"href":"https:\/\/www.p31noticias.com.br\/index.php?rest_route=\/wp\/v2\/posts\/65411\/revisions"}],"predecessor-version":[{"id":65413,"href":"https:\/\/www.p31noticias.com.br\/index.php?rest_route=\/wp\/v2\/posts\/65411\/revisions\/65413"}],"wp:featuredmedia":[{"embeddable":true,"href":"https:\/\/www.p31noticias.com.br\/index.php?rest_route=\/wp\/v2\/media\/65412"}],"wp:attachment":[{"href":"https:\/\/www.p31noticias.com.br\/index.php?rest_route=%2Fwp%2Fv2%2Fmedia&parent=65411"}],"wp:term":[{"taxonomy":"category","embeddable":true,"href":"https:\/\/www.p31noticias.com.br\/index.php?rest_route=%2Fwp%2Fv2%2Fcategories&post=65411"},{"taxonomy":"post_tag","embeddable":true,"href":"https:\/\/www.p31noticias.com.br\/index.php?rest_route=%2Fwp%2Fv2%2Ftags&post=65411"}],"curies":[{"name":"wp","href":"https:\/\/api.w.org\/{rel}","templated":true}]}}