{"id":65281,"date":"2025-04-21T20:48:09","date_gmt":"2025-04-21T23:48:09","guid":{"rendered":"https:\/\/www.p31noticias.com.br\/?p=65281"},"modified":"2025-04-21T20:52:29","modified_gmt":"2025-04-21T23:52:29","slug":"65281","status":"publish","type":"post","link":"https:\/\/www.p31noticias.com.br\/?p=65281","title":{"rendered":"F\u00e9 e festa: Evang\u00e9licos celebram o anivers\u00e1rio de Bras\u00edlia na Esplanada"},"content":{"rendered":"<p style=\"text-align: justify;\">Fieis e lideran\u00e7as religiosas estiveram reunidos na manh\u00e3 desta segunda-feira (21), no palco principal montado pelo Governo do Distrito Federal (GDF) na Esplanada dos Minist\u00e9rios, para uma celebra\u00e7\u00e3o evang\u00e9lica que marcou o in\u00edcio do \u00faltimo dia de festividades em comemora\u00e7\u00e3o aos 65 anos de Bras\u00edlia.<\/p>\n<div id=\"attachment_736399\" class=\"wp-caption aligncenter\" style=\"text-align: justify;\">\n<p><img loading=\"lazy\" decoding=\"async\" class=\"wp-image-736399 size-full\" src=\"http:\/\/www.agenciabrasilia.df.gov.br\/wp-conteudo\/uploads\/2025\/04\/WhatsApp-Image-2025-04-21-at-13.21.35.jpeg\" sizes=\"auto, (max-width: 1600px) 100vw, 1600px\" srcset=\"https:\/\/www.agenciabrasilia.df.gov.br\/wp-conteudo\/uploads\/2025\/04\/WhatsApp-Image-2025-04-21-at-13.21.35.jpeg 1600w, https:\/\/www.agenciabrasilia.df.gov.br\/wp-conteudo\/uploads\/2025\/04\/WhatsApp-Image-2025-04-21-at-13.21.35-300x200.jpeg 300w, https:\/\/www.agenciabrasilia.df.gov.br\/wp-conteudo\/uploads\/2025\/04\/WhatsApp-Image-2025-04-21-at-13.21.35-768x512.jpeg 768w, https:\/\/www.agenciabrasilia.df.gov.br\/wp-conteudo\/uploads\/2025\/04\/WhatsApp-Image-2025-04-21-at-13.21.35-1536x1023.jpeg 1536w\" alt=\"\" width=\"1600\" height=\"1066\" aria-describedby=\"caption-attachment-736399\" \/><\/p>\n<p id=\"caption-attachment-736399\" class=\"wp-caption-text\">A Esplanada dos Minist\u00e9rios reuniu milhares de fieis para uma celebra\u00e7\u00e3o evang\u00e9lica na manh\u00e3 desta segunda (21) |\u00a0Fotos: Paulo H. Carvalho\/Ag\u00eancia Bras\u00edlia<\/p>\n<\/div>\n<p style=\"text-align: justify;\">Presente na celebra\u00e7\u00e3o evang\u00e9lica, a vice-governadora Celina Le\u00e3o destacou o simbolismo do momento: \u201cQuer\u00edamos entregar, nessa manh\u00e3, o Distrito Federal para o Senhor Jesus. Essa cidade que foi profetizada, que tem um povo de joelhos por ela. \u00c9 simb\u00f3lico estar aqui, no centro do pa\u00eds, na capital da Rep\u00fablica, para orarmos\u201d, disse.<\/p>\n<p style=\"text-align: justify;\">Na ocasi\u00e3o, Celina Le\u00e3o lembrou que o GDF trabalha na regulariza\u00e7\u00e3o de igrejas e templos religiosos: \u201cEsse \u00e9 o governo que mais trabalhou pela regulariza\u00e7\u00e3o dos templos, que mais entregou escritura\u201d.<\/p>\n<p style=\"text-align: justify;\">\u201cA diversidade da nossa sociedade, seja religiosa ou cultural, \u00e9 sempre muito respeitada pelo nosso governo. N\u00f3s come\u00e7amos hoje dia celebrando uma missa e agora tivemos esse momento tamb\u00e9m para a comunidade evang\u00e9lica, que sempre teve o nosso respeito\u201d, completou a gestora.<\/p>\n<div id=\"attachment_736401\" class=\"wp-caption aligncenter\" style=\"text-align: justify;\">\n<p><img loading=\"lazy\" decoding=\"async\" class=\"wp-image-736401 size-full\" src=\"http:\/\/www.agenciabrasilia.df.gov.br\/wp-conteudo\/uploads\/2025\/04\/WhatsApp-Image-2025-04-21-at-13.21.35-2.jpeg\" sizes=\"auto, (max-width: 1600px) 100vw, 1600px\" srcset=\"https:\/\/www.agenciabrasilia.df.gov.br\/wp-conteudo\/uploads\/2025\/04\/WhatsApp-Image-2025-04-21-at-13.21.35-2.jpeg 1600w, https:\/\/www.agenciabrasilia.df.gov.br\/wp-conteudo\/uploads\/2025\/04\/WhatsApp-Image-2025-04-21-at-13.21.35-2-300x200.jpeg 300w, https:\/\/www.agenciabrasilia.df.gov.br\/wp-conteudo\/uploads\/2025\/04\/WhatsApp-Image-2025-04-21-at-13.21.35-2-768x512.jpeg 768w, https:\/\/www.agenciabrasilia.df.gov.br\/wp-conteudo\/uploads\/2025\/04\/WhatsApp-Image-2025-04-21-at-13.21.35-2-1536x1023.jpeg 1536w\" alt=\"\" width=\"1600\" height=\"1066\" aria-describedby=\"caption-attachment-736401\" \/><\/p>\n<p id=\"caption-attachment-736401\" class=\"wp-caption-text\">Celina Le\u00e3o refor\u00e7ou o simbolismo da cerim\u00f4nia: \u201cQuer\u00edamos entregar, nessa manh\u00e3, o Distrito Federal para o Senhor Jesus. Essa cidade que foi profetizada, que tem um povo de joelhos por ela\u201d<\/p>\n<\/div>\n<p style=\"text-align: justify;\"><b>F\u00e9 e m\u00fasica<\/b><\/p>\n<p style=\"text-align: justify;\">A cerim\u00f4nia religiosa foi intercalada com a apresenta\u00e7\u00e3o do cantor gospel Eli Soares, atra\u00e7\u00e3o que abriu o dia de shows com uma performance marcada por emo\u00e7\u00e3o e louvores.<\/p>\n<p style=\"text-align: justify;\">Reconhecido como um dos principais nomes da m\u00fasica crist\u00e3 contempor\u00e2nea no Brasil, Eli \u00e9 mineiro de Belo Horizonte e j\u00e1 colaborou com artistas como Alexandre Pires e Mumuzinho. Em 2024, foi vencedor do Grammy Latino com o \u00e1lbum\u00a0<i>Vida<\/i>, consolidando-se como um artista que une gospel, soul, R&amp;B e MPB em seu repert\u00f3rio.<\/p>\n<p style=\"text-align: justify;\"><iframe loading=\"lazy\" title=\"YouTube video player\" src=\"https:\/\/www.youtube.com\/embed\/TI0ytkiWMmw?si=B0WHpPtUFeNdXEP1\" width=\"560\" height=\"315\" frameborder=\"0\" allowfullscreen=\"allowfullscreen\" data-mce-fragment=\"1\"><\/iframe><\/p>\n<p style=\"text-align: justify;\">O analista Gabriel Santana, 24 anos, comemorou a oportunidade de ver o \u00eddolo de perto. Chegou cedo e garantiu lugar pr\u00f3ximo ao palco. \u201cEstava esperando h\u00e1 bastante tempo por isso. Sou uma das pessoas que mais ouve Eli Soares no Brasil e estava bem animado para essa oportunidade. Acho muito importante dar esse espa\u00e7o para os cantores gospel no anivers\u00e1rio de Bras\u00edlia\u201d, avaliou.<\/p>\n<p style=\"text-align: justify;\">Al\u00e9m de Eli Soares, a programa\u00e7\u00e3o traz outros nomes de peso, como a banda brasiliense Menos \u00c9 Mais e a dupla sertaneja Z\u00e9 Neto &amp; Cristiano, que aproveitar\u00e1 a ocasi\u00e3o para gravar um novo conte\u00fado audiovisual. As apresenta\u00e7\u00f5es est\u00e3o previstas para terminar na madrugada desta ter\u00e7a-feira (22), com um espet\u00e1culo pirot\u00e9cnico que marca o encerramento oficial das celebra\u00e7\u00f5es \u00e0 capital.<\/p>\n<div id=\"attachment_736402\" class=\"wp-caption aligncenter\" style=\"text-align: justify;\">\n<p><img loading=\"lazy\" decoding=\"async\" class=\"wp-image-736402 size-full\" src=\"http:\/\/www.agenciabrasilia.df.gov.br\/wp-conteudo\/uploads\/2025\/04\/WhatsApp-Image-2025-04-21-at-13.21.35-1.jpeg\" sizes=\"auto, (max-width: 1600px) 100vw, 1600px\" srcset=\"https:\/\/www.agenciabrasilia.df.gov.br\/wp-conteudo\/uploads\/2025\/04\/WhatsApp-Image-2025-04-21-at-13.21.35-1.jpeg 1600w, https:\/\/www.agenciabrasilia.df.gov.br\/wp-conteudo\/uploads\/2025\/04\/WhatsApp-Image-2025-04-21-at-13.21.35-1-300x200.jpeg 300w, https:\/\/www.agenciabrasilia.df.gov.br\/wp-conteudo\/uploads\/2025\/04\/WhatsApp-Image-2025-04-21-at-13.21.35-1-768x512.jpeg 768w, https:\/\/www.agenciabrasilia.df.gov.br\/wp-conteudo\/uploads\/2025\/04\/WhatsApp-Image-2025-04-21-at-13.21.35-1-1536x1023.jpeg 1536w\" alt=\"\" width=\"1600\" height=\"1066\" aria-describedby=\"caption-attachment-736402\" \/><\/p>\n<p id=\"caption-attachment-736402\" class=\"wp-caption-text\">A apresenta\u00e7\u00e3o do cantor gospel Eli Soares, reconhecido como um dos principais nomes da m\u00fasica crist\u00e3 contempor\u00e2nea no Brasil, atraiu uma multid\u00e3o de f\u00e3s para o palco principal montado pelo GDF<\/p>\n<\/div>\n<p style=\"text-align: justify;\"><b>Vai de Gra\u00e7a<\/b><\/p>\n<p style=\"text-align: justify;\">Assim como foi no Carnaval, a Semana Santa e o anivers\u00e1rio de Bras\u00edlia contam com o programa Vai de Gra\u00e7a. Desde quinta-feira (17), os \u00f4nibus e o metr\u00f4 rodam com entrada gratuita. Em rela\u00e7\u00e3o aos hor\u00e1rios, os coletivos operaram de acordo com a tabela de domingos e feriados e o metr\u00f4 funciona das 9h \u00e0s 23h30.<\/p>\n<p style=\"text-align: justify;\">Os passageiros podem utilizar Cart\u00e3o Mobilidade, Vale-Transporte, PcD, Idoso ou Passe Livre Estudantil para a libera\u00e7\u00e3o autom\u00e1tica na catraca \u2013 para quem n\u00e3o tem nenhuma das op\u00e7\u00f5es, podem ser utilizados cart\u00f5es de cr\u00e9dito e d\u00e9bito, sem qualquer cobran\u00e7a. Cobradores e fiscais est\u00e3o orientados a auxiliar os passageiros nos \u00f4nibus e nas esta\u00e7\u00f5es de metr\u00f4.<\/p>\n<p style=\"text-align: justify;\">Quem fez quest\u00e3o de aproveitar a gratuidade foi a professora Milene Rosa, que trouxe toda a fam\u00edlia de Taguatinga Sul para o show do cantor gospel. \u201cA gente veio com a fam\u00edlia toda, pegamos o metr\u00f4 e o \u00f4nibus para estarmos aqui\u201d, relatou. \u201cAcho maravilhoso ter espa\u00e7o para o gospel no anivers\u00e1rio de Bras\u00edlia. \u00c9 uma oportunidade \u00fanica para quem \u00e9 evang\u00e9lico\u201d.<\/p>\n<p style=\"text-align: justify;\"><em><strong>Ag\u00eancia Brasil<\/strong><\/em><\/p>\n<p style=\"text-align: justify;\">\n","protected":false},"excerpt":{"rendered":"<p>Fieis e lideran\u00e7as religiosas estiveram reunidos na manh\u00e3 desta segunda-feira (21), no palco principal montado pelo Governo do Distrito Federal (GDF) na Esplanada dos Minist\u00e9rios, para uma celebra\u00e7\u00e3o evang\u00e9lica que marcou o in\u00edcio do \u00faltimo dia de festividades em comemora\u00e7\u00e3o aos 65 anos de Bras\u00edlia. A Esplanada dos Minist\u00e9rios reuniu milhares de fieis para uma [&hellip;]<\/p>\n","protected":false},"author":2,"featured_media":65282,"comment_status":"open","ping_status":"closed","sticky":false,"template":"","format":"standard","meta":{"footnotes":""},"categories":[21,637],"tags":[],"class_list":{"0":"post-65281","1":"post","2":"type-post","3":"status-publish","4":"format-standard","5":"has-post-thumbnail","7":"category-brasilia","8":"category-economia"},"yoast_head":"<!-- This site is optimized with the Yoast SEO Premium plugin v24.5 (Yoast SEO v27.5) - https:\/\/yoast.com\/product\/yoast-seo-premium-wordpress\/ -->\n<title>F\u00e9 e festa: Evang\u00e9licos celebram o anivers\u00e1rio de Bras\u00edlia na Esplanada - P31<\/title>\n<meta name=\"robots\" content=\"index, follow, max-snippet:-1, max-image-preview:large, max-video-preview:-1\" \/>\n<link rel=\"canonical\" href=\"https:\/\/www.p31noticias.com.br\/?p=65281\" \/>\n<meta property=\"og:locale\" content=\"pt_BR\" \/>\n<meta property=\"og:type\" content=\"article\" \/>\n<meta property=\"og:title\" content=\"F\u00e9 e festa: Evang\u00e9licos celebram o anivers\u00e1rio de Bras\u00edlia na Esplanada\" \/>\n<meta property=\"og:description\" content=\"Fieis e lideran\u00e7as religiosas estiveram reunidos na manh\u00e3 desta segunda-feira (21), no palco principal montado pelo Governo do Distrito Federal (GDF) na Esplanada dos Minist\u00e9rios, para uma celebra\u00e7\u00e3o evang\u00e9lica que marcou o in\u00edcio do \u00faltimo dia de festividades em comemora\u00e7\u00e3o aos 65 anos de Bras\u00edlia. A Esplanada dos Minist\u00e9rios reuniu milhares de fieis para uma [&hellip;]\" \/>\n<meta property=\"og:url\" content=\"https:\/\/www.p31noticias.com.br\/?p=65281\" \/>\n<meta property=\"og:site_name\" content=\"P31\" \/>\n<meta property=\"article:published_time\" content=\"2025-04-21T23:48:09+00:00\" \/>\n<meta property=\"article:modified_time\" content=\"2025-04-21T23:52:29+00:00\" \/>\n<meta property=\"og:image\" content=\"https:\/\/www.p31noticias.com.br\/wp-content\/uploads\/2025\/04\/WhatsApp-Image-2025-04-21-at-13.21.22-400x300-1.jpeg\" \/>\n\t<meta property=\"og:image:width\" content=\"400\" \/>\n\t<meta property=\"og:image:height\" content=\"300\" \/>\n\t<meta property=\"og:image:type\" content=\"image\/jpeg\" \/>\n<meta name=\"author\" content=\"Gon\u00e7alves Junior\" \/>\n<meta name=\"twitter:card\" content=\"summary_large_image\" \/>\n<meta name=\"twitter:label1\" content=\"Escrito por\" \/>\n\t<meta name=\"twitter:data1\" content=\"Gon\u00e7alves Junior\" \/>\n\t<meta name=\"twitter:label2\" content=\"Est. tempo de leitura\" \/>\n\t<meta name=\"twitter:data2\" content=\"5 minutos\" \/>\n<script type=\"application\/ld+json\" class=\"yoast-schema-graph\">{\"@context\":\"https:\\\/\\\/schema.org\",\"@graph\":[{\"@type\":\"Article\",\"@id\":\"https:\\\/\\\/www.p31noticias.com.br\\\/?p=65281#article\",\"isPartOf\":{\"@id\":\"https:\\\/\\\/www.p31noticias.com.br\\\/?p=65281\"},\"author\":{\"name\":\"Gon\u00e7alves Junior\",\"@id\":\"https:\\\/\\\/www.p31noticias.com.br\\\/#\\\/schema\\\/person\\\/95f2ece30e3b4132065b915150cd0f94\"},\"headline\":\"F\u00e9 e festa: Evang\u00e9licos celebram o anivers\u00e1rio de Bras\u00edlia na Esplanada\",\"datePublished\":\"2025-04-21T23:48:09+00:00\",\"dateModified\":\"2025-04-21T23:52:29+00:00\",\"mainEntityOfPage\":{\"@id\":\"https:\\\/\\\/www.p31noticias.com.br\\\/?p=65281\"},\"wordCount\":722,\"commentCount\":0,\"image\":{\"@id\":\"https:\\\/\\\/www.p31noticias.com.br\\\/?p=65281#primaryimage\"},\"thumbnailUrl\":\"https:\\\/\\\/www.p31noticias.com.br\\\/wp-content\\\/uploads\\\/2025\\\/04\\\/WhatsApp-Image-2025-04-21-at-13.21.22-400x300-1.jpeg\",\"articleSection\":[\"Bras\u00edlia\",\"Economia\"],\"inLanguage\":\"pt-BR\",\"potentialAction\":[{\"@type\":\"CommentAction\",\"name\":\"Comment\",\"target\":[\"https:\\\/\\\/www.p31noticias.com.br\\\/?p=65281#respond\"]}],\"copyrightYear\":\"2025\",\"copyrightHolder\":{\"@id\":\"https:\\\/\\\/www.p31noticias.com.br\\\/#organization\"}},{\"@type\":\"WebPage\",\"@id\":\"https:\\\/\\\/www.p31noticias.com.br\\\/?p=65281\",\"url\":\"https:\\\/\\\/www.p31noticias.com.br\\\/?p=65281\",\"name\":\"F\u00e9 e festa: Evang\u00e9licos celebram o anivers\u00e1rio de Bras\u00edlia na Esplanada - P31\",\"isPartOf\":{\"@id\":\"https:\\\/\\\/www.p31noticias.com.br\\\/#website\"},\"primaryImageOfPage\":{\"@id\":\"https:\\\/\\\/www.p31noticias.com.br\\\/?p=65281#primaryimage\"},\"image\":{\"@id\":\"https:\\\/\\\/www.p31noticias.com.br\\\/?p=65281#primaryimage\"},\"thumbnailUrl\":\"https:\\\/\\\/www.p31noticias.com.br\\\/wp-content\\\/uploads\\\/2025\\\/04\\\/WhatsApp-Image-2025-04-21-at-13.21.22-400x300-1.jpeg\",\"datePublished\":\"2025-04-21T23:48:09+00:00\",\"dateModified\":\"2025-04-21T23:52:29+00:00\",\"author\":{\"@id\":\"https:\\\/\\\/www.p31noticias.com.br\\\/#\\\/schema\\\/person\\\/95f2ece30e3b4132065b915150cd0f94\"},\"breadcrumb\":{\"@id\":\"https:\\\/\\\/www.p31noticias.com.br\\\/?p=65281#breadcrumb\"},\"inLanguage\":\"pt-BR\",\"potentialAction\":[{\"@type\":\"ReadAction\",\"target\":[\"https:\\\/\\\/www.p31noticias.com.br\\\/?p=65281\"]}]},{\"@type\":\"ImageObject\",\"inLanguage\":\"pt-BR\",\"@id\":\"https:\\\/\\\/www.p31noticias.com.br\\\/?p=65281#primaryimage\",\"url\":\"https:\\\/\\\/www.p31noticias.com.br\\\/wp-content\\\/uploads\\\/2025\\\/04\\\/WhatsApp-Image-2025-04-21-at-13.21.22-400x300-1.jpeg\",\"contentUrl\":\"https:\\\/\\\/www.p31noticias.com.br\\\/wp-content\\\/uploads\\\/2025\\\/04\\\/WhatsApp-Image-2025-04-21-at-13.21.22-400x300-1.jpeg\",\"width\":400,\"height\":300},{\"@type\":\"BreadcrumbList\",\"@id\":\"https:\\\/\\\/www.p31noticias.com.br\\\/?p=65281#breadcrumb\",\"itemListElement\":[{\"@type\":\"ListItem\",\"position\":1,\"name\":\"In\u00edcio\",\"item\":\"https:\\\/\\\/www.p31noticias.com.br\\\/\"},{\"@type\":\"ListItem\",\"position\":2,\"name\":\"F\u00e9 e festa: Evang\u00e9licos celebram o anivers\u00e1rio de Bras\u00edlia na Esplanada\"}]},{\"@type\":\"WebSite\",\"@id\":\"https:\\\/\\\/www.p31noticias.com.br\\\/#website\",\"url\":\"https:\\\/\\\/www.p31noticias.com.br\\\/\",\"name\":\"P31\",\"description\":\"NOT\u00cdCIAS\",\"potentialAction\":[{\"@type\":\"SearchAction\",\"target\":{\"@type\":\"EntryPoint\",\"urlTemplate\":\"https:\\\/\\\/www.p31noticias.com.br\\\/?s={search_term_string}\"},\"query-input\":{\"@type\":\"PropertyValueSpecification\",\"valueRequired\":true,\"valueName\":\"search_term_string\"}}],\"inLanguage\":\"pt-BR\"},{\"@type\":\"Person\",\"@id\":\"https:\\\/\\\/www.p31noticias.com.br\\\/#\\\/schema\\\/person\\\/95f2ece30e3b4132065b915150cd0f94\",\"name\":\"Gon\u00e7alves Junior\",\"image\":{\"@type\":\"ImageObject\",\"inLanguage\":\"pt-BR\",\"@id\":\"https:\\\/\\\/secure.gravatar.com\\\/avatar\\\/6711f350116a89762687a48d66f723c799e5438a5b7578508d4294cd7a5d0800?s=96&d=mm&r=g\",\"url\":\"https:\\\/\\\/secure.gravatar.com\\\/avatar\\\/6711f350116a89762687a48d66f723c799e5438a5b7578508d4294cd7a5d0800?s=96&d=mm&r=g\",\"contentUrl\":\"https:\\\/\\\/secure.gravatar.com\\\/avatar\\\/6711f350116a89762687a48d66f723c799e5438a5b7578508d4294cd7a5d0800?s=96&d=mm&r=g\",\"caption\":\"Gon\u00e7alves Junior\"},\"url\":\"https:\\\/\\\/www.p31noticias.com.br\\\/?author=2\"}]}<\/script>\n<!-- \/ Yoast SEO Premium plugin. -->","yoast_head_json":{"title":"F\u00e9 e festa: Evang\u00e9licos celebram o anivers\u00e1rio de Bras\u00edlia na Esplanada - P31","robots":{"index":"index","follow":"follow","max-snippet":"max-snippet:-1","max-image-preview":"max-image-preview:large","max-video-preview":"max-video-preview:-1"},"canonical":"https:\/\/www.p31noticias.com.br\/?p=65281","og_locale":"pt_BR","og_type":"article","og_title":"F\u00e9 e festa: Evang\u00e9licos celebram o anivers\u00e1rio de Bras\u00edlia na Esplanada","og_description":"Fieis e lideran\u00e7as religiosas estiveram reunidos na manh\u00e3 desta segunda-feira (21), no palco principal montado pelo Governo do Distrito Federal (GDF) na Esplanada dos Minist\u00e9rios, para uma celebra\u00e7\u00e3o evang\u00e9lica que marcou o in\u00edcio do \u00faltimo dia de festividades em comemora\u00e7\u00e3o aos 65 anos de Bras\u00edlia. A Esplanada dos Minist\u00e9rios reuniu milhares de fieis para uma [&hellip;]","og_url":"https:\/\/www.p31noticias.com.br\/?p=65281","og_site_name":"P31","article_published_time":"2025-04-21T23:48:09+00:00","article_modified_time":"2025-04-21T23:52:29+00:00","og_image":[{"width":400,"height":300,"url":"https:\/\/www.p31noticias.com.br\/wp-content\/uploads\/2025\/04\/WhatsApp-Image-2025-04-21-at-13.21.22-400x300-1.jpeg","type":"image\/jpeg"}],"author":"Gon\u00e7alves Junior","twitter_card":"summary_large_image","twitter_misc":{"Escrito por":"Gon\u00e7alves Junior","Est. tempo de leitura":"5 minutos"},"schema":{"@context":"https:\/\/schema.org","@graph":[{"@type":"Article","@id":"https:\/\/www.p31noticias.com.br\/?p=65281#article","isPartOf":{"@id":"https:\/\/www.p31noticias.com.br\/?p=65281"},"author":{"name":"Gon\u00e7alves Junior","@id":"https:\/\/www.p31noticias.com.br\/#\/schema\/person\/95f2ece30e3b4132065b915150cd0f94"},"headline":"F\u00e9 e festa: Evang\u00e9licos celebram o anivers\u00e1rio de Bras\u00edlia na Esplanada","datePublished":"2025-04-21T23:48:09+00:00","dateModified":"2025-04-21T23:52:29+00:00","mainEntityOfPage":{"@id":"https:\/\/www.p31noticias.com.br\/?p=65281"},"wordCount":722,"commentCount":0,"image":{"@id":"https:\/\/www.p31noticias.com.br\/?p=65281#primaryimage"},"thumbnailUrl":"https:\/\/www.p31noticias.com.br\/wp-content\/uploads\/2025\/04\/WhatsApp-Image-2025-04-21-at-13.21.22-400x300-1.jpeg","articleSection":["Bras\u00edlia","Economia"],"inLanguage":"pt-BR","potentialAction":[{"@type":"CommentAction","name":"Comment","target":["https:\/\/www.p31noticias.com.br\/?p=65281#respond"]}],"copyrightYear":"2025","copyrightHolder":{"@id":"https:\/\/www.p31noticias.com.br\/#organization"}},{"@type":"WebPage","@id":"https:\/\/www.p31noticias.com.br\/?p=65281","url":"https:\/\/www.p31noticias.com.br\/?p=65281","name":"F\u00e9 e festa: Evang\u00e9licos celebram o anivers\u00e1rio de Bras\u00edlia na Esplanada - P31","isPartOf":{"@id":"https:\/\/www.p31noticias.com.br\/#website"},"primaryImageOfPage":{"@id":"https:\/\/www.p31noticias.com.br\/?p=65281#primaryimage"},"image":{"@id":"https:\/\/www.p31noticias.com.br\/?p=65281#primaryimage"},"thumbnailUrl":"https:\/\/www.p31noticias.com.br\/wp-content\/uploads\/2025\/04\/WhatsApp-Image-2025-04-21-at-13.21.22-400x300-1.jpeg","datePublished":"2025-04-21T23:48:09+00:00","dateModified":"2025-04-21T23:52:29+00:00","author":{"@id":"https:\/\/www.p31noticias.com.br\/#\/schema\/person\/95f2ece30e3b4132065b915150cd0f94"},"breadcrumb":{"@id":"https:\/\/www.p31noticias.com.br\/?p=65281#breadcrumb"},"inLanguage":"pt-BR","potentialAction":[{"@type":"ReadAction","target":["https:\/\/www.p31noticias.com.br\/?p=65281"]}]},{"@type":"ImageObject","inLanguage":"pt-BR","@id":"https:\/\/www.p31noticias.com.br\/?p=65281#primaryimage","url":"https:\/\/www.p31noticias.com.br\/wp-content\/uploads\/2025\/04\/WhatsApp-Image-2025-04-21-at-13.21.22-400x300-1.jpeg","contentUrl":"https:\/\/www.p31noticias.com.br\/wp-content\/uploads\/2025\/04\/WhatsApp-Image-2025-04-21-at-13.21.22-400x300-1.jpeg","width":400,"height":300},{"@type":"BreadcrumbList","@id":"https:\/\/www.p31noticias.com.br\/?p=65281#breadcrumb","itemListElement":[{"@type":"ListItem","position":1,"name":"In\u00edcio","item":"https:\/\/www.p31noticias.com.br\/"},{"@type":"ListItem","position":2,"name":"F\u00e9 e festa: Evang\u00e9licos celebram o anivers\u00e1rio de Bras\u00edlia na Esplanada"}]},{"@type":"WebSite","@id":"https:\/\/www.p31noticias.com.br\/#website","url":"https:\/\/www.p31noticias.com.br\/","name":"P31","description":"NOT\u00cdCIAS","potentialAction":[{"@type":"SearchAction","target":{"@type":"EntryPoint","urlTemplate":"https:\/\/www.p31noticias.com.br\/?s={search_term_string}"},"query-input":{"@type":"PropertyValueSpecification","valueRequired":true,"valueName":"search_term_string"}}],"inLanguage":"pt-BR"},{"@type":"Person","@id":"https:\/\/www.p31noticias.com.br\/#\/schema\/person\/95f2ece30e3b4132065b915150cd0f94","name":"Gon\u00e7alves Junior","image":{"@type":"ImageObject","inLanguage":"pt-BR","@id":"https:\/\/secure.gravatar.com\/avatar\/6711f350116a89762687a48d66f723c799e5438a5b7578508d4294cd7a5d0800?s=96&d=mm&r=g","url":"https:\/\/secure.gravatar.com\/avatar\/6711f350116a89762687a48d66f723c799e5438a5b7578508d4294cd7a5d0800?s=96&d=mm&r=g","contentUrl":"https:\/\/secure.gravatar.com\/avatar\/6711f350116a89762687a48d66f723c799e5438a5b7578508d4294cd7a5d0800?s=96&d=mm&r=g","caption":"Gon\u00e7alves Junior"},"url":"https:\/\/www.p31noticias.com.br\/?author=2"}]}},"amp_enabled":true,"_links":{"self":[{"href":"https:\/\/www.p31noticias.com.br\/index.php?rest_route=\/wp\/v2\/posts\/65281","targetHints":{"allow":["GET"]}}],"collection":[{"href":"https:\/\/www.p31noticias.com.br\/index.php?rest_route=\/wp\/v2\/posts"}],"about":[{"href":"https:\/\/www.p31noticias.com.br\/index.php?rest_route=\/wp\/v2\/types\/post"}],"author":[{"embeddable":true,"href":"https:\/\/www.p31noticias.com.br\/index.php?rest_route=\/wp\/v2\/users\/2"}],"replies":[{"embeddable":true,"href":"https:\/\/www.p31noticias.com.br\/index.php?rest_route=%2Fwp%2Fv2%2Fcomments&post=65281"}],"version-history":[{"count":3,"href":"https:\/\/www.p31noticias.com.br\/index.php?rest_route=\/wp\/v2\/posts\/65281\/revisions"}],"predecessor-version":[{"id":65285,"href":"https:\/\/www.p31noticias.com.br\/index.php?rest_route=\/wp\/v2\/posts\/65281\/revisions\/65285"}],"wp:featuredmedia":[{"embeddable":true,"href":"https:\/\/www.p31noticias.com.br\/index.php?rest_route=\/wp\/v2\/media\/65282"}],"wp:attachment":[{"href":"https:\/\/www.p31noticias.com.br\/index.php?rest_route=%2Fwp%2Fv2%2Fmedia&parent=65281"}],"wp:term":[{"taxonomy":"category","embeddable":true,"href":"https:\/\/www.p31noticias.com.br\/index.php?rest_route=%2Fwp%2Fv2%2Fcategories&post=65281"},{"taxonomy":"post_tag","embeddable":true,"href":"https:\/\/www.p31noticias.com.br\/index.php?rest_route=%2Fwp%2Fv2%2Ftags&post=65281"}],"curies":[{"name":"wp","href":"https:\/\/api.w.org\/{rel}","templated":true}]}}