{"id":65191,"date":"2025-04-12T11:33:21","date_gmt":"2025-04-12T14:33:21","guid":{"rendered":"https:\/\/www.p31noticias.com.br\/?p=65191"},"modified":"2025-04-12T11:34:14","modified_gmt":"2025-04-12T14:34:14","slug":"menos-e-mais-wesley-safadao-leo-santana-e-mais-atracoes-agitam-os-65-anos-de-brasilia","status":"publish","type":"post","link":"https:\/\/www.p31noticias.com.br\/?p=65191","title":{"rendered":"Menos \u00c9 Mais, Wesley Safad\u00e3o, L\u00e9o Santana e mais atra\u00e7\u00f5es agitam os 65 anos de Bras\u00edlia"},"content":{"rendered":"<p style=\"text-align: justify;\"><em><strong>Ser\u00e3o tr\u00eas dias de shows gratuitos na Esplanada dos Minist\u00e9rios; a programa\u00e7\u00e3o ter\u00e1 ainda O Grande Encontro, Fagner e Elis Soares, al\u00e9m dos j\u00e1 confirmados Z\u00e9 Neto e Cristiano e Mari Fernandez<\/strong><\/em><\/p>\n<p style=\"text-align: justify;\">A celebra\u00e7\u00e3o dos 65 anos de Bras\u00edlia ter\u00e1 shows de atra\u00e7\u00f5es nacionais de renome na Esplanada dos Minist\u00e9rios. Ser\u00e3o tr\u00eas dias de programa\u00e7\u00e3o gratuita, entre 19 e 21 de abril, com artistas do ax\u00e9, forr\u00f3, frevo, pagode, piseiro, sertanejo e gospel. A festa na \u00e1rea central integra a s\u00e9rie de a\u00e7\u00f5es comemorativas promovidas pelo Governo do Distrito Federal (GDF), sob o tema \u201cO melhor tempo \u00e9 agora\u201d.<\/p>\n<p style=\"text-align: justify;\">Os shows come\u00e7am no s\u00e1bado (19), tendo como atra\u00e7\u00f5es principais os cantores Wesley Safad\u00e3o \u2013 que j\u00e1 gravou dois DVDs da carreira na cidade \u2013 e L\u00e9o Santana. No domingo (20), subir\u00e3o ao palco o cantor Fagner \u2013 que, na juventude, cursou Arquitetura na Universidade de Bras\u00edlia (UnB) \u2013, o projeto musical O Grande Encontro e a cantora Mari Fernandez. J\u00e1 na segunda-feira (21), os destaques s\u00e3o o cantor gospel Eli Soares \u2013 que se apresentar\u00e1 no per\u00edodo da manh\u00e3 \u2013, a banda brasiliense de pagode Menos \u00c9 Mais e a dupla sertaneja Z\u00e9 Neto &amp; Cristiano, que far\u00e1 a grava\u00e7\u00e3o de um novo conte\u00fado audiovisual da carreira.<\/p>\n<div id=\"attachment_734305\" class=\"wp-caption aligncenter\" style=\"text-align: justify;\">\n<p><img loading=\"lazy\" decoding=\"async\" class=\"size-full wp-image-734305\" src=\"http:\/\/agenciabrasilia.df.gov.br\/wp-conteudo\/uploads\/2025\/04\/Menos-e-mais-Foto-Divulgacao.jpeg\" sizes=\"auto, (max-width: 768px) 100vw, 768px\" srcset=\"https:\/\/www.agenciabrasilia.df.gov.br\/wp-conteudo\/uploads\/2025\/04\/Menos-e-mais-Foto-Divulgacao.jpeg 768w, https:\/\/www.agenciabrasilia.df.gov.br\/wp-conteudo\/uploads\/2025\/04\/Menos-e-mais-Foto-Divulgacao-300x194.jpeg 300w\" alt=\"\" width=\"768\" height=\"496\" aria-describedby=\"caption-attachment-734305\" \/><\/p>\n<p id=\"caption-attachment-734305\" class=\"wp-caption-text\">O grupo de pagode local do Menos \u00e9 Mais \u00e9 uma das atra\u00e7\u00f5es dos 65 anos de Bras\u00edlia | Foto: Divulga\u00e7\u00e3o<\/p>\n<\/div>\n<p style=\"text-align: justify;\">As apresenta\u00e7\u00f5es musicais ocorrer\u00e3o em um megapalco com tel\u00f5es e passarela a ser montado na Esplanada dos Minist\u00e9rios. A estrutura ter\u00e1 camarotes, \u00e1rea kids e pet, roda gigante, tirolesa e pra\u00e7a de alimenta\u00e7\u00e3o.<\/p>\n<p style=\"text-align: justify;\">Ao longo da festividade, a popula\u00e7\u00e3o poder\u00e1 contar com o programa Vai de Gra\u00e7a, que oferece transporte p\u00fablico de gra\u00e7a ao cidad\u00e3o. De forma estendida, a gratuidade estar\u00e1 dispon\u00edvel deste a Quinta-feira Santa (17) at\u00e9 o dia do anivers\u00e1rio de Bras\u00edlia, segunda-feira (21). Al\u00e9m disso, o GDF anunciou tamb\u00e9m o programa Lazer Para Todos durante os cinco dias de feriado, permitindo o acesso livre ao Jardim Bot\u00e2nico e ao Zool\u00f3gico de Bras\u00edlia.<\/p>\n<p style=\"text-align: justify;\"><strong>Diversidade<\/strong><\/p>\n<p style=\"text-align: justify;\">Os 65 anos de Bras\u00edlia incluem ainda os eventos religiosos da Semana Santa. Este ano, a Via Sacra na sexta-feira (18), no Morro da Capelinha, ter\u00e1 participa\u00e7\u00e3o efetiva dos \u00f3rg\u00e3os do GDF. A missa em a\u00e7\u00e3o de gra\u00e7as a Bras\u00edlia ser\u00e1 celebrada na segunda-feira, \u00e0s 10h, pelo arcebispo Dom Paulo Cezar na Catedral Metropolitana de Bras\u00edlia. A expectativa \u00e9 receber 3 mil fi\u00e9is.<\/p>\n<div id=\"attachment_734306\" class=\"wp-caption aligncenter\" style=\"text-align: justify;\">\n<p><img loading=\"lazy\" decoding=\"async\" class=\"size-full wp-image-734306\" src=\"http:\/\/agenciabrasilia.df.gov.br\/wp-conteudo\/uploads\/2025\/04\/Mari-Fernandes-Foto-Divulgacao.webp\" sizes=\"auto, (max-width: 1200px) 100vw, 1200px\" srcset=\"https:\/\/www.agenciabrasilia.df.gov.br\/wp-conteudo\/uploads\/2025\/04\/Mari-Fernandes-Foto-Divulgacao.webp 1200w, https:\/\/www.agenciabrasilia.df.gov.br\/wp-conteudo\/uploads\/2025\/04\/Mari-Fernandes-Foto-Divulgacao-300x226.webp 300w, https:\/\/www.agenciabrasilia.df.gov.br\/wp-conteudo\/uploads\/2025\/04\/Mari-Fernandes-Foto-Divulgacao-768x577.webp 768w, https:\/\/www.agenciabrasilia.df.gov.br\/wp-conteudo\/uploads\/2025\/04\/Mari-Fernandes-Foto-Divulgacao-400x300.webp 400w\" alt=\"\" width=\"1200\" height=\"902\" aria-describedby=\"caption-attachment-734306\" \/><\/p>\n<p id=\"caption-attachment-734306\" class=\"wp-caption-text\">Mari Fernandez se apresenta no domingo<\/p>\n<\/div>\n<p style=\"text-align: justify;\">O setor produtivo tamb\u00e9m estar\u00e1 mobilizado no anivers\u00e1rio da capital. A rede hoteleira anunciou que alguns hot\u00e9is ter\u00e3o 35% de descontos nas hospedagens. A \u00e1rea gastron\u00f4mica ter\u00e1 dois festivais em curso: Restaurant Week, entre 14 e 27 de abril, e Comida di Buteco, entre 11 de abril e 4 de maio.<\/p>\n<p style=\"text-align: justify;\">A corrida de rua tamb\u00e9m faz parte das atra\u00e7\u00f5es. Nos dias 20 e 21, ocorre mais uma edi\u00e7\u00e3o da Maratona Bras\u00edlia. Al\u00e9m da principal modalidade de 42.195 km, os atletas e amadores poder\u00e3o participar de percursos de 3 km (caminhada), 5 km, 10 km e 21 km, na Esplanada dos Minist\u00e9rios, com largada em frente ao Museu Nacional da Rep\u00fablica.<\/p>\n<p style=\"text-align: justify;\">Os principais equipamentos p\u00fablicos do Distrito Federal vinculados \u00e0 Secretaria de Cultura e Economia Criativa (Secec) estar\u00e3o com programa\u00e7\u00f5es especiais gratuitas durante o anivers\u00e1rio. A Sala Martins Pena, do Teatro Nacional Claudio Santoro, recebe no dia 19 atra\u00e7\u00f5es teatrais, no dia 20 um espet\u00e1culo de m\u00e1gica, e no dia 21 a Medalha do Boi de Seu Teodoro e o concerto Rock Sinf\u00f4nico da Orquestra Sinf\u00f4nica do Teatro Nacional Claudio Santoro.<\/p>\n<p style=\"text-align: justify;\"><em><strong>Ag\u00eancia Bras\u00edlia<\/strong><\/em><\/p>\n","protected":false},"excerpt":{"rendered":"<p>Ser\u00e3o tr\u00eas dias de shows gratuitos na Esplanada dos Minist\u00e9rios; a programa\u00e7\u00e3o ter\u00e1 ainda O Grande Encontro, Fagner e Elis Soares, al\u00e9m dos j\u00e1 confirmados Z\u00e9 Neto e Cristiano e Mari Fernandez A celebra\u00e7\u00e3o dos 65 anos de Bras\u00edlia ter\u00e1 shows de atra\u00e7\u00f5es nacionais de renome na Esplanada dos Minist\u00e9rios. Ser\u00e3o tr\u00eas dias de programa\u00e7\u00e3o [&hellip;]<\/p>\n","protected":false},"author":2,"featured_media":65192,"comment_status":"open","ping_status":"closed","sticky":false,"template":"","format":"standard","meta":{"footnotes":""},"categories":[21,57],"tags":[],"class_list":{"0":"post-65191","1":"post","2":"type-post","3":"status-publish","4":"format-standard","5":"has-post-thumbnail","7":"category-brasilia","8":"category-politica"},"yoast_head":"<!-- This site is optimized with the Yoast SEO Premium plugin v24.5 (Yoast SEO v27.4) - https:\/\/yoast.com\/product\/yoast-seo-premium-wordpress\/ -->\n<title>Menos \u00c9 Mais, Wesley Safad\u00e3o, L\u00e9o Santana e mais atra\u00e7\u00f5es agitam os 65 anos de Bras\u00edlia - P31<\/title>\n<meta name=\"robots\" content=\"index, follow, max-snippet:-1, max-image-preview:large, max-video-preview:-1\" \/>\n<link rel=\"canonical\" href=\"https:\/\/www.p31noticias.com.br\/?p=65191\" \/>\n<meta property=\"og:locale\" content=\"pt_BR\" \/>\n<meta property=\"og:type\" content=\"article\" \/>\n<meta property=\"og:title\" content=\"Menos \u00c9 Mais, Wesley Safad\u00e3o, L\u00e9o Santana e mais atra\u00e7\u00f5es agitam os 65 anos de Bras\u00edlia\" \/>\n<meta property=\"og:description\" content=\"Ser\u00e3o tr\u00eas dias de shows gratuitos na Esplanada dos Minist\u00e9rios; a programa\u00e7\u00e3o ter\u00e1 ainda O Grande Encontro, Fagner e Elis Soares, al\u00e9m dos j\u00e1 confirmados Z\u00e9 Neto e Cristiano e Mari Fernandez A celebra\u00e7\u00e3o dos 65 anos de Bras\u00edlia ter\u00e1 shows de atra\u00e7\u00f5es nacionais de renome na Esplanada dos Minist\u00e9rios. Ser\u00e3o tr\u00eas dias de programa\u00e7\u00e3o [&hellip;]\" \/>\n<meta property=\"og:url\" content=\"https:\/\/www.p31noticias.com.br\/?p=65191\" \/>\n<meta property=\"og:site_name\" content=\"P31\" \/>\n<meta property=\"article:published_time\" content=\"2025-04-12T14:33:21+00:00\" \/>\n<meta property=\"article:modified_time\" content=\"2025-04-12T14:34:14+00:00\" \/>\n<meta property=\"og:image\" content=\"https:\/\/www.p31noticias.com.br\/wp-content\/uploads\/2025\/04\/WhatsApp-Image-2025-04-11-at-18.59.17-400x300-1.jpeg\" \/>\n\t<meta property=\"og:image:width\" content=\"400\" \/>\n\t<meta property=\"og:image:height\" content=\"300\" \/>\n\t<meta property=\"og:image:type\" content=\"image\/jpeg\" \/>\n<meta name=\"author\" content=\"Gon\u00e7alves Junior\" \/>\n<meta name=\"twitter:card\" content=\"summary_large_image\" \/>\n<meta name=\"twitter:label1\" content=\"Escrito por\" \/>\n\t<meta name=\"twitter:data1\" content=\"Gon\u00e7alves Junior\" \/>\n\t<meta name=\"twitter:label2\" content=\"Est. tempo de leitura\" \/>\n\t<meta name=\"twitter:data2\" content=\"4 minutos\" \/>\n<script type=\"application\/ld+json\" class=\"yoast-schema-graph\">{\"@context\":\"https:\\\/\\\/schema.org\",\"@graph\":[{\"@type\":\"Article\",\"@id\":\"https:\\\/\\\/www.p31noticias.com.br\\\/?p=65191#article\",\"isPartOf\":{\"@id\":\"https:\\\/\\\/www.p31noticias.com.br\\\/?p=65191\"},\"author\":{\"name\":\"Gon\u00e7alves Junior\",\"@id\":\"https:\\\/\\\/www.p31noticias.com.br\\\/#\\\/schema\\\/person\\\/95f2ece30e3b4132065b915150cd0f94\"},\"headline\":\"Menos \u00c9 Mais, Wesley Safad\u00e3o, L\u00e9o Santana e mais atra\u00e7\u00f5es agitam os 65 anos de Bras\u00edlia\",\"datePublished\":\"2025-04-12T14:33:21+00:00\",\"dateModified\":\"2025-04-12T14:34:14+00:00\",\"mainEntityOfPage\":{\"@id\":\"https:\\\/\\\/www.p31noticias.com.br\\\/?p=65191\"},\"wordCount\":643,\"commentCount\":0,\"image\":{\"@id\":\"https:\\\/\\\/www.p31noticias.com.br\\\/?p=65191#primaryimage\"},\"thumbnailUrl\":\"https:\\\/\\\/www.p31noticias.com.br\\\/wp-content\\\/uploads\\\/2025\\\/04\\\/WhatsApp-Image-2025-04-11-at-18.59.17-400x300-1.jpeg\",\"articleSection\":[\"Bras\u00edlia\",\"Pol\u00edtica\"],\"inLanguage\":\"pt-BR\",\"potentialAction\":[{\"@type\":\"CommentAction\",\"name\":\"Comment\",\"target\":[\"https:\\\/\\\/www.p31noticias.com.br\\\/?p=65191#respond\"]}],\"copyrightYear\":\"2025\",\"copyrightHolder\":{\"@id\":\"https:\\\/\\\/www.p31noticias.com.br\\\/#organization\"}},{\"@type\":\"WebPage\",\"@id\":\"https:\\\/\\\/www.p31noticias.com.br\\\/?p=65191\",\"url\":\"https:\\\/\\\/www.p31noticias.com.br\\\/?p=65191\",\"name\":\"Menos \u00c9 Mais, Wesley Safad\u00e3o, L\u00e9o Santana e mais atra\u00e7\u00f5es agitam os 65 anos de Bras\u00edlia - P31\",\"isPartOf\":{\"@id\":\"https:\\\/\\\/www.p31noticias.com.br\\\/#website\"},\"primaryImageOfPage\":{\"@id\":\"https:\\\/\\\/www.p31noticias.com.br\\\/?p=65191#primaryimage\"},\"image\":{\"@id\":\"https:\\\/\\\/www.p31noticias.com.br\\\/?p=65191#primaryimage\"},\"thumbnailUrl\":\"https:\\\/\\\/www.p31noticias.com.br\\\/wp-content\\\/uploads\\\/2025\\\/04\\\/WhatsApp-Image-2025-04-11-at-18.59.17-400x300-1.jpeg\",\"datePublished\":\"2025-04-12T14:33:21+00:00\",\"dateModified\":\"2025-04-12T14:34:14+00:00\",\"author\":{\"@id\":\"https:\\\/\\\/www.p31noticias.com.br\\\/#\\\/schema\\\/person\\\/95f2ece30e3b4132065b915150cd0f94\"},\"breadcrumb\":{\"@id\":\"https:\\\/\\\/www.p31noticias.com.br\\\/?p=65191#breadcrumb\"},\"inLanguage\":\"pt-BR\",\"potentialAction\":[{\"@type\":\"ReadAction\",\"target\":[\"https:\\\/\\\/www.p31noticias.com.br\\\/?p=65191\"]}]},{\"@type\":\"ImageObject\",\"inLanguage\":\"pt-BR\",\"@id\":\"https:\\\/\\\/www.p31noticias.com.br\\\/?p=65191#primaryimage\",\"url\":\"https:\\\/\\\/www.p31noticias.com.br\\\/wp-content\\\/uploads\\\/2025\\\/04\\\/WhatsApp-Image-2025-04-11-at-18.59.17-400x300-1.jpeg\",\"contentUrl\":\"https:\\\/\\\/www.p31noticias.com.br\\\/wp-content\\\/uploads\\\/2025\\\/04\\\/WhatsApp-Image-2025-04-11-at-18.59.17-400x300-1.jpeg\",\"width\":400,\"height\":300},{\"@type\":\"BreadcrumbList\",\"@id\":\"https:\\\/\\\/www.p31noticias.com.br\\\/?p=65191#breadcrumb\",\"itemListElement\":[{\"@type\":\"ListItem\",\"position\":1,\"name\":\"In\u00edcio\",\"item\":\"https:\\\/\\\/www.p31noticias.com.br\\\/\"},{\"@type\":\"ListItem\",\"position\":2,\"name\":\"Menos \u00c9 Mais, Wesley Safad\u00e3o, L\u00e9o Santana e mais atra\u00e7\u00f5es agitam os 65 anos de Bras\u00edlia\"}]},{\"@type\":\"WebSite\",\"@id\":\"https:\\\/\\\/www.p31noticias.com.br\\\/#website\",\"url\":\"https:\\\/\\\/www.p31noticias.com.br\\\/\",\"name\":\"P31\",\"description\":\"NOT\u00cdCIAS\",\"potentialAction\":[{\"@type\":\"SearchAction\",\"target\":{\"@type\":\"EntryPoint\",\"urlTemplate\":\"https:\\\/\\\/www.p31noticias.com.br\\\/?s={search_term_string}\"},\"query-input\":{\"@type\":\"PropertyValueSpecification\",\"valueRequired\":true,\"valueName\":\"search_term_string\"}}],\"inLanguage\":\"pt-BR\"},{\"@type\":\"Person\",\"@id\":\"https:\\\/\\\/www.p31noticias.com.br\\\/#\\\/schema\\\/person\\\/95f2ece30e3b4132065b915150cd0f94\",\"name\":\"Gon\u00e7alves Junior\",\"image\":{\"@type\":\"ImageObject\",\"inLanguage\":\"pt-BR\",\"@id\":\"https:\\\/\\\/secure.gravatar.com\\\/avatar\\\/6711f350116a89762687a48d66f723c799e5438a5b7578508d4294cd7a5d0800?s=96&d=mm&r=g\",\"url\":\"https:\\\/\\\/secure.gravatar.com\\\/avatar\\\/6711f350116a89762687a48d66f723c799e5438a5b7578508d4294cd7a5d0800?s=96&d=mm&r=g\",\"contentUrl\":\"https:\\\/\\\/secure.gravatar.com\\\/avatar\\\/6711f350116a89762687a48d66f723c799e5438a5b7578508d4294cd7a5d0800?s=96&d=mm&r=g\",\"caption\":\"Gon\u00e7alves Junior\"},\"url\":\"https:\\\/\\\/www.p31noticias.com.br\\\/?author=2\"}]}<\/script>\n<!-- \/ Yoast SEO Premium plugin. -->","yoast_head_json":{"title":"Menos \u00c9 Mais, Wesley Safad\u00e3o, L\u00e9o Santana e mais atra\u00e7\u00f5es agitam os 65 anos de Bras\u00edlia - P31","robots":{"index":"index","follow":"follow","max-snippet":"max-snippet:-1","max-image-preview":"max-image-preview:large","max-video-preview":"max-video-preview:-1"},"canonical":"https:\/\/www.p31noticias.com.br\/?p=65191","og_locale":"pt_BR","og_type":"article","og_title":"Menos \u00c9 Mais, Wesley Safad\u00e3o, L\u00e9o Santana e mais atra\u00e7\u00f5es agitam os 65 anos de Bras\u00edlia","og_description":"Ser\u00e3o tr\u00eas dias de shows gratuitos na Esplanada dos Minist\u00e9rios; a programa\u00e7\u00e3o ter\u00e1 ainda O Grande Encontro, Fagner e Elis Soares, al\u00e9m dos j\u00e1 confirmados Z\u00e9 Neto e Cristiano e Mari Fernandez A celebra\u00e7\u00e3o dos 65 anos de Bras\u00edlia ter\u00e1 shows de atra\u00e7\u00f5es nacionais de renome na Esplanada dos Minist\u00e9rios. Ser\u00e3o tr\u00eas dias de programa\u00e7\u00e3o [&hellip;]","og_url":"https:\/\/www.p31noticias.com.br\/?p=65191","og_site_name":"P31","article_published_time":"2025-04-12T14:33:21+00:00","article_modified_time":"2025-04-12T14:34:14+00:00","og_image":[{"width":400,"height":300,"url":"https:\/\/www.p31noticias.com.br\/wp-content\/uploads\/2025\/04\/WhatsApp-Image-2025-04-11-at-18.59.17-400x300-1.jpeg","type":"image\/jpeg"}],"author":"Gon\u00e7alves Junior","twitter_card":"summary_large_image","twitter_misc":{"Escrito por":"Gon\u00e7alves Junior","Est. tempo de leitura":"4 minutos"},"schema":{"@context":"https:\/\/schema.org","@graph":[{"@type":"Article","@id":"https:\/\/www.p31noticias.com.br\/?p=65191#article","isPartOf":{"@id":"https:\/\/www.p31noticias.com.br\/?p=65191"},"author":{"name":"Gon\u00e7alves Junior","@id":"https:\/\/www.p31noticias.com.br\/#\/schema\/person\/95f2ece30e3b4132065b915150cd0f94"},"headline":"Menos \u00c9 Mais, Wesley Safad\u00e3o, L\u00e9o Santana e mais atra\u00e7\u00f5es agitam os 65 anos de Bras\u00edlia","datePublished":"2025-04-12T14:33:21+00:00","dateModified":"2025-04-12T14:34:14+00:00","mainEntityOfPage":{"@id":"https:\/\/www.p31noticias.com.br\/?p=65191"},"wordCount":643,"commentCount":0,"image":{"@id":"https:\/\/www.p31noticias.com.br\/?p=65191#primaryimage"},"thumbnailUrl":"https:\/\/www.p31noticias.com.br\/wp-content\/uploads\/2025\/04\/WhatsApp-Image-2025-04-11-at-18.59.17-400x300-1.jpeg","articleSection":["Bras\u00edlia","Pol\u00edtica"],"inLanguage":"pt-BR","potentialAction":[{"@type":"CommentAction","name":"Comment","target":["https:\/\/www.p31noticias.com.br\/?p=65191#respond"]}],"copyrightYear":"2025","copyrightHolder":{"@id":"https:\/\/www.p31noticias.com.br\/#organization"}},{"@type":"WebPage","@id":"https:\/\/www.p31noticias.com.br\/?p=65191","url":"https:\/\/www.p31noticias.com.br\/?p=65191","name":"Menos \u00c9 Mais, Wesley Safad\u00e3o, L\u00e9o Santana e mais atra\u00e7\u00f5es agitam os 65 anos de Bras\u00edlia - P31","isPartOf":{"@id":"https:\/\/www.p31noticias.com.br\/#website"},"primaryImageOfPage":{"@id":"https:\/\/www.p31noticias.com.br\/?p=65191#primaryimage"},"image":{"@id":"https:\/\/www.p31noticias.com.br\/?p=65191#primaryimage"},"thumbnailUrl":"https:\/\/www.p31noticias.com.br\/wp-content\/uploads\/2025\/04\/WhatsApp-Image-2025-04-11-at-18.59.17-400x300-1.jpeg","datePublished":"2025-04-12T14:33:21+00:00","dateModified":"2025-04-12T14:34:14+00:00","author":{"@id":"https:\/\/www.p31noticias.com.br\/#\/schema\/person\/95f2ece30e3b4132065b915150cd0f94"},"breadcrumb":{"@id":"https:\/\/www.p31noticias.com.br\/?p=65191#breadcrumb"},"inLanguage":"pt-BR","potentialAction":[{"@type":"ReadAction","target":["https:\/\/www.p31noticias.com.br\/?p=65191"]}]},{"@type":"ImageObject","inLanguage":"pt-BR","@id":"https:\/\/www.p31noticias.com.br\/?p=65191#primaryimage","url":"https:\/\/www.p31noticias.com.br\/wp-content\/uploads\/2025\/04\/WhatsApp-Image-2025-04-11-at-18.59.17-400x300-1.jpeg","contentUrl":"https:\/\/www.p31noticias.com.br\/wp-content\/uploads\/2025\/04\/WhatsApp-Image-2025-04-11-at-18.59.17-400x300-1.jpeg","width":400,"height":300},{"@type":"BreadcrumbList","@id":"https:\/\/www.p31noticias.com.br\/?p=65191#breadcrumb","itemListElement":[{"@type":"ListItem","position":1,"name":"In\u00edcio","item":"https:\/\/www.p31noticias.com.br\/"},{"@type":"ListItem","position":2,"name":"Menos \u00c9 Mais, Wesley Safad\u00e3o, L\u00e9o Santana e mais atra\u00e7\u00f5es agitam os 65 anos de Bras\u00edlia"}]},{"@type":"WebSite","@id":"https:\/\/www.p31noticias.com.br\/#website","url":"https:\/\/www.p31noticias.com.br\/","name":"P31","description":"NOT\u00cdCIAS","potentialAction":[{"@type":"SearchAction","target":{"@type":"EntryPoint","urlTemplate":"https:\/\/www.p31noticias.com.br\/?s={search_term_string}"},"query-input":{"@type":"PropertyValueSpecification","valueRequired":true,"valueName":"search_term_string"}}],"inLanguage":"pt-BR"},{"@type":"Person","@id":"https:\/\/www.p31noticias.com.br\/#\/schema\/person\/95f2ece30e3b4132065b915150cd0f94","name":"Gon\u00e7alves Junior","image":{"@type":"ImageObject","inLanguage":"pt-BR","@id":"https:\/\/secure.gravatar.com\/avatar\/6711f350116a89762687a48d66f723c799e5438a5b7578508d4294cd7a5d0800?s=96&d=mm&r=g","url":"https:\/\/secure.gravatar.com\/avatar\/6711f350116a89762687a48d66f723c799e5438a5b7578508d4294cd7a5d0800?s=96&d=mm&r=g","contentUrl":"https:\/\/secure.gravatar.com\/avatar\/6711f350116a89762687a48d66f723c799e5438a5b7578508d4294cd7a5d0800?s=96&d=mm&r=g","caption":"Gon\u00e7alves Junior"},"url":"https:\/\/www.p31noticias.com.br\/?author=2"}]}},"amp_enabled":true,"_links":{"self":[{"href":"https:\/\/www.p31noticias.com.br\/index.php?rest_route=\/wp\/v2\/posts\/65191","targetHints":{"allow":["GET"]}}],"collection":[{"href":"https:\/\/www.p31noticias.com.br\/index.php?rest_route=\/wp\/v2\/posts"}],"about":[{"href":"https:\/\/www.p31noticias.com.br\/index.php?rest_route=\/wp\/v2\/types\/post"}],"author":[{"embeddable":true,"href":"https:\/\/www.p31noticias.com.br\/index.php?rest_route=\/wp\/v2\/users\/2"}],"replies":[{"embeddable":true,"href":"https:\/\/www.p31noticias.com.br\/index.php?rest_route=%2Fwp%2Fv2%2Fcomments&post=65191"}],"version-history":[{"count":2,"href":"https:\/\/www.p31noticias.com.br\/index.php?rest_route=\/wp\/v2\/posts\/65191\/revisions"}],"predecessor-version":[{"id":65194,"href":"https:\/\/www.p31noticias.com.br\/index.php?rest_route=\/wp\/v2\/posts\/65191\/revisions\/65194"}],"wp:featuredmedia":[{"embeddable":true,"href":"https:\/\/www.p31noticias.com.br\/index.php?rest_route=\/wp\/v2\/media\/65192"}],"wp:attachment":[{"href":"https:\/\/www.p31noticias.com.br\/index.php?rest_route=%2Fwp%2Fv2%2Fmedia&parent=65191"}],"wp:term":[{"taxonomy":"category","embeddable":true,"href":"https:\/\/www.p31noticias.com.br\/index.php?rest_route=%2Fwp%2Fv2%2Fcategories&post=65191"},{"taxonomy":"post_tag","embeddable":true,"href":"https:\/\/www.p31noticias.com.br\/index.php?rest_route=%2Fwp%2Fv2%2Ftags&post=65191"}],"curies":[{"name":"wp","href":"https:\/\/api.w.org\/{rel}","templated":true}]}}