{"id":65163,"date":"2025-04-10T01:31:39","date_gmt":"2025-04-10T04:31:39","guid":{"rendered":"https:\/\/www.p31noticias.com.br\/?p=65163"},"modified":"2025-04-10T01:31:39","modified_gmt":"2025-04-10T04:31:39","slug":"credito-de-r-35-milhoes-para-ampliacao-do-jovem-candango-e-aprovado","status":"publish","type":"post","link":"https:\/\/www.p31noticias.com.br\/?p=65163","title":{"rendered":"Cr\u00e9dito de R$ 35 milh\u00f5es para amplia\u00e7\u00e3o do Jovem Candango \u00e9 aprovado"},"content":{"rendered":"<p style=\"text-align: justify;\"><em><strong>Coordenadora do programa, Secretaria da Fam\u00edlia e Juventude prev\u00ea 3 mil vagas; texto teve vota\u00e7\u00e3o un\u00e2nime na C\u00e2mara Legislativa do DF<\/strong><\/em><\/p>\n<p style=\"text-align: justify;\">Em uma vit\u00f3ria importante para a juventude do DF, a C\u00e2mara Legislativa do Distrito Federal (CLDF)\u00a0 aprovou por decis\u00e3o un\u00e2nime dos deputados, na noite desta ter\u00e7a-feira (8), o projeto de lei em que o governador Ibaneis Rocha solicitou a abertura de cr\u00e9dito suplementar de R$ 35 milh\u00f5es para o programa Jovem Candango.<\/p>\n<div id=\"attachment_733236\" class=\"wp-caption alignnone\" style=\"text-align: justify;\"><img loading=\"lazy\" decoding=\"async\" class=\"size-full wp-image-733236\" src=\"http:\/\/www.agenciabrasilia.df.gov.br\/wp-conteudo\/uploads\/2025\/04\/9.4.-Materia-SEFJ3.jpg\" sizes=\"auto, (max-width: 1600px) 100vw, 1600px\" srcset=\"https:\/\/www.agenciabrasilia.df.gov.br\/wp-conteudo\/uploads\/2025\/04\/9.4.-Materia-SEFJ3.jpg 1600w, https:\/\/www.agenciabrasilia.df.gov.br\/wp-conteudo\/uploads\/2025\/04\/9.4.-Materia-SEFJ3-300x169.jpg 300w, https:\/\/www.agenciabrasilia.df.gov.br\/wp-conteudo\/uploads\/2025\/04\/9.4.-Materia-SEFJ3-768x432.jpg 768w, https:\/\/www.agenciabrasilia.df.gov.br\/wp-conteudo\/uploads\/2025\/04\/9.4.-Materia-SEFJ3-1536x864.jpg 1536w\" alt=\"\" width=\"1600\" height=\"900\" aria-describedby=\"caption-attachment-733236\" \/><\/p>\n<p id=\"caption-attachment-733236\" class=\"wp-caption-text\">Lotada na Secretaria de Sa\u00fade, a jovem Jhennyfer Vieira, elogia o programa:\u00a0\u201cEssa oportunidade nos ajuda muito a crescer no ambiente de trabalho e tamb\u00e9m na nossa vida\u201d | Foto: Divulga\u00e7\u00e3o\/SEFJ-DF<\/p>\n<\/div>\n<p style=\"text-align: justify;\">O investimento vai promover a abertura de mais vagas para os jovens, atualmente com o quadro de quase dois mil contratados. A Secretaria da Fam\u00edlia e Juventude (SEFJ-DF), coordenadora do programa, prev\u00ea a amplia\u00e7\u00e3o para tr\u00eas mil vagas, em edital a ser publicado ainda sem data definida.<\/p>\n<p>Jhennyfer Vieira, 16, est\u00e1 h\u00e1 um ano e tr\u00eas meses no programa e acompanhou a vota\u00e7\u00e3o na C\u00e2mara. \u201cEu tive a chance de entrar, e isso vai ser importante para quem ainda n\u00e3o conseguiu uma vaga\u201d, afirmou a jovem, lotada na Secretaria de Sa\u00fade (SES-DF). \u201cEssa oportunidade nos ajuda muito a crescer no ambiente de trabalho e tamb\u00e9m na nossa vida\u201d.<\/p>\n<p><img loading=\"lazy\" decoding=\"async\" class=\"alignleft\" src=\"https:\/\/blogolhardigital.com.br\/wp-content\/uploads\/2024\/12\/unnamed-2024-12-11T233417.846-696x459-1.jpg\" alt=\"Secret\u00e1rio da Fam\u00edlia Rodrigo Delmasso discute &quot;Governo dos Justos x  Governo dos \u00cdmpios&quot; em discurso\" width=\"428\" height=\"282\" \/><\/p>\n<p style=\"text-align: justify;\">O titular da SEFJ-DF, Rodrigo Delmasso, comemorou o resultado: \u201cConseguimos uma grande vit\u00f3ria para ampliar o programa Jovem Candango, gra\u00e7as aos ajustes or\u00e7ament\u00e1rios que o governador Ibaneis Rocha e a vice-governadora Celina Le\u00e3o determinaram para que o dia de hoje fosse poss\u00edvel. Agrade\u00e7o a todos os parlamentares que votaram a favor da nossa juventude. Agora, a bola est\u00e1 conosco, e vamos trabalhar ainda mais para ampliar as oportunidades\u201d. O projeto aprovado segue para san\u00e7\u00e3o do governador.<\/p>\n<p style=\"text-align: justify;\"><b>Jovem Candango<\/b><\/p>\n<p style=\"text-align: justify;\">Jovens entre 14 e 22 anos de idade, em situa\u00e7\u00e3o de vulnerabilidade social, atuam nas \u00e1reas administrativas dos \u00f3rg\u00e3os do GDF por meio do programa Jovem Candango, pelo qual recebem meio sal\u00e1rio m\u00ednimo, 13\u00b0 sal\u00e1rio, f\u00e9rias, vale-transporte, vale-alimenta\u00e7\u00e3o, seguro de vida, uniforme e crach\u00e1.<\/p>\n<p>As equipes selecionadas trabalham durante quatro horas di\u00e1rias no contraturno escolar, sendo um dia da semana reservado para o curso de aprimoramento junto \u00e0 institui\u00e7\u00e3o contratada para gerir o programa.<\/p>\n<p style=\"text-align: justify;\"><strong><em>Com informa\u00e7\u00f5es da SEFJ<\/em><\/strong><\/p>\n","protected":false},"excerpt":{"rendered":"<p>Coordenadora do programa, Secretaria da Fam\u00edlia e Juventude prev\u00ea 3 mil vagas; texto teve vota\u00e7\u00e3o un\u00e2nime na C\u00e2mara Legislativa do DF Em uma vit\u00f3ria importante para a juventude do DF, a C\u00e2mara Legislativa do Distrito Federal (CLDF)\u00a0 aprovou por decis\u00e3o un\u00e2nime dos deputados, na noite desta ter\u00e7a-feira (8), o projeto de lei em que o [&hellip;]<\/p>\n","protected":false},"author":2,"featured_media":65164,"comment_status":"open","ping_status":"closed","sticky":false,"template":"","format":"standard","meta":{"footnotes":""},"categories":[21,637,57],"tags":[],"class_list":{"0":"post-65163","1":"post","2":"type-post","3":"status-publish","4":"format-standard","5":"has-post-thumbnail","7":"category-brasilia","8":"category-economia","9":"category-politica"},"yoast_head":"<!-- This site is optimized with the Yoast SEO Premium plugin v24.5 (Yoast SEO v27.4) - https:\/\/yoast.com\/product\/yoast-seo-premium-wordpress\/ -->\n<title>Cr\u00e9dito de R$ 35 milh\u00f5es para amplia\u00e7\u00e3o do Jovem Candango \u00e9 aprovado - P31<\/title>\n<meta name=\"robots\" content=\"index, follow, max-snippet:-1, max-image-preview:large, max-video-preview:-1\" \/>\n<link rel=\"canonical\" href=\"https:\/\/www.p31noticias.com.br\/?p=65163\" \/>\n<meta property=\"og:locale\" content=\"pt_BR\" \/>\n<meta property=\"og:type\" content=\"article\" \/>\n<meta property=\"og:title\" content=\"Cr\u00e9dito de R$ 35 milh\u00f5es para amplia\u00e7\u00e3o do Jovem Candango \u00e9 aprovado\" \/>\n<meta property=\"og:description\" content=\"Coordenadora do programa, Secretaria da Fam\u00edlia e Juventude prev\u00ea 3 mil vagas; texto teve vota\u00e7\u00e3o un\u00e2nime na C\u00e2mara Legislativa do DF Em uma vit\u00f3ria importante para a juventude do DF, a C\u00e2mara Legislativa do Distrito Federal (CLDF)\u00a0 aprovou por decis\u00e3o un\u00e2nime dos deputados, na noite desta ter\u00e7a-feira (8), o projeto de lei em que o [&hellip;]\" \/>\n<meta property=\"og:url\" content=\"https:\/\/www.p31noticias.com.br\/?p=65163\" \/>\n<meta property=\"og:site_name\" content=\"P31\" \/>\n<meta property=\"article:published_time\" content=\"2025-04-10T04:31:39+00:00\" \/>\n<meta property=\"og:image\" content=\"https:\/\/www.p31noticias.com.br\/wp-content\/uploads\/2025\/04\/9.4.-Materia-SEFJ-400x300-1.jpg\" \/>\n\t<meta property=\"og:image:width\" content=\"400\" \/>\n\t<meta property=\"og:image:height\" content=\"300\" \/>\n\t<meta property=\"og:image:type\" content=\"image\/jpeg\" \/>\n<meta name=\"author\" content=\"Gon\u00e7alves Junior\" \/>\n<meta name=\"twitter:card\" content=\"summary_large_image\" \/>\n<meta name=\"twitter:label1\" content=\"Escrito por\" \/>\n\t<meta name=\"twitter:data1\" content=\"Gon\u00e7alves Junior\" \/>\n\t<meta name=\"twitter:label2\" content=\"Est. tempo de leitura\" \/>\n\t<meta name=\"twitter:data2\" content=\"3 minutos\" \/>\n<script type=\"application\/ld+json\" class=\"yoast-schema-graph\">{\"@context\":\"https:\\\/\\\/schema.org\",\"@graph\":[{\"@type\":\"Article\",\"@id\":\"https:\\\/\\\/www.p31noticias.com.br\\\/?p=65163#article\",\"isPartOf\":{\"@id\":\"https:\\\/\\\/www.p31noticias.com.br\\\/?p=65163\"},\"author\":{\"name\":\"Gon\u00e7alves Junior\",\"@id\":\"https:\\\/\\\/www.p31noticias.com.br\\\/#\\\/schema\\\/person\\\/95f2ece30e3b4132065b915150cd0f94\"},\"headline\":\"Cr\u00e9dito de R$ 35 milh\u00f5es para amplia\u00e7\u00e3o do Jovem Candango \u00e9 aprovado\",\"datePublished\":\"2025-04-10T04:31:39+00:00\",\"mainEntityOfPage\":{\"@id\":\"https:\\\/\\\/www.p31noticias.com.br\\\/?p=65163\"},\"wordCount\":414,\"commentCount\":0,\"image\":{\"@id\":\"https:\\\/\\\/www.p31noticias.com.br\\\/?p=65163#primaryimage\"},\"thumbnailUrl\":\"https:\\\/\\\/www.p31noticias.com.br\\\/wp-content\\\/uploads\\\/2025\\\/04\\\/9.4.-Materia-SEFJ-400x300-1.jpg\",\"articleSection\":[\"Bras\u00edlia\",\"Economia\",\"Pol\u00edtica\"],\"inLanguage\":\"pt-BR\",\"potentialAction\":[{\"@type\":\"CommentAction\",\"name\":\"Comment\",\"target\":[\"https:\\\/\\\/www.p31noticias.com.br\\\/?p=65163#respond\"]}],\"copyrightYear\":\"2025\",\"copyrightHolder\":{\"@id\":\"https:\\\/\\\/www.p31noticias.com.br\\\/#organization\"}},{\"@type\":\"WebPage\",\"@id\":\"https:\\\/\\\/www.p31noticias.com.br\\\/?p=65163\",\"url\":\"https:\\\/\\\/www.p31noticias.com.br\\\/?p=65163\",\"name\":\"Cr\u00e9dito de R$ 35 milh\u00f5es para amplia\u00e7\u00e3o do Jovem Candango \u00e9 aprovado - P31\",\"isPartOf\":{\"@id\":\"https:\\\/\\\/www.p31noticias.com.br\\\/#website\"},\"primaryImageOfPage\":{\"@id\":\"https:\\\/\\\/www.p31noticias.com.br\\\/?p=65163#primaryimage\"},\"image\":{\"@id\":\"https:\\\/\\\/www.p31noticias.com.br\\\/?p=65163#primaryimage\"},\"thumbnailUrl\":\"https:\\\/\\\/www.p31noticias.com.br\\\/wp-content\\\/uploads\\\/2025\\\/04\\\/9.4.-Materia-SEFJ-400x300-1.jpg\",\"datePublished\":\"2025-04-10T04:31:39+00:00\",\"author\":{\"@id\":\"https:\\\/\\\/www.p31noticias.com.br\\\/#\\\/schema\\\/person\\\/95f2ece30e3b4132065b915150cd0f94\"},\"breadcrumb\":{\"@id\":\"https:\\\/\\\/www.p31noticias.com.br\\\/?p=65163#breadcrumb\"},\"inLanguage\":\"pt-BR\",\"potentialAction\":[{\"@type\":\"ReadAction\",\"target\":[\"https:\\\/\\\/www.p31noticias.com.br\\\/?p=65163\"]}]},{\"@type\":\"ImageObject\",\"inLanguage\":\"pt-BR\",\"@id\":\"https:\\\/\\\/www.p31noticias.com.br\\\/?p=65163#primaryimage\",\"url\":\"https:\\\/\\\/www.p31noticias.com.br\\\/wp-content\\\/uploads\\\/2025\\\/04\\\/9.4.-Materia-SEFJ-400x300-1.jpg\",\"contentUrl\":\"https:\\\/\\\/www.p31noticias.com.br\\\/wp-content\\\/uploads\\\/2025\\\/04\\\/9.4.-Materia-SEFJ-400x300-1.jpg\",\"width\":400,\"height\":300},{\"@type\":\"BreadcrumbList\",\"@id\":\"https:\\\/\\\/www.p31noticias.com.br\\\/?p=65163#breadcrumb\",\"itemListElement\":[{\"@type\":\"ListItem\",\"position\":1,\"name\":\"In\u00edcio\",\"item\":\"https:\\\/\\\/www.p31noticias.com.br\\\/\"},{\"@type\":\"ListItem\",\"position\":2,\"name\":\"Cr\u00e9dito de R$ 35 milh\u00f5es para amplia\u00e7\u00e3o do Jovem Candango \u00e9 aprovado\"}]},{\"@type\":\"WebSite\",\"@id\":\"https:\\\/\\\/www.p31noticias.com.br\\\/#website\",\"url\":\"https:\\\/\\\/www.p31noticias.com.br\\\/\",\"name\":\"P31\",\"description\":\"NOT\u00cdCIAS\",\"potentialAction\":[{\"@type\":\"SearchAction\",\"target\":{\"@type\":\"EntryPoint\",\"urlTemplate\":\"https:\\\/\\\/www.p31noticias.com.br\\\/?s={search_term_string}\"},\"query-input\":{\"@type\":\"PropertyValueSpecification\",\"valueRequired\":true,\"valueName\":\"search_term_string\"}}],\"inLanguage\":\"pt-BR\"},{\"@type\":\"Person\",\"@id\":\"https:\\\/\\\/www.p31noticias.com.br\\\/#\\\/schema\\\/person\\\/95f2ece30e3b4132065b915150cd0f94\",\"name\":\"Gon\u00e7alves Junior\",\"image\":{\"@type\":\"ImageObject\",\"inLanguage\":\"pt-BR\",\"@id\":\"https:\\\/\\\/secure.gravatar.com\\\/avatar\\\/6711f350116a89762687a48d66f723c799e5438a5b7578508d4294cd7a5d0800?s=96&d=mm&r=g\",\"url\":\"https:\\\/\\\/secure.gravatar.com\\\/avatar\\\/6711f350116a89762687a48d66f723c799e5438a5b7578508d4294cd7a5d0800?s=96&d=mm&r=g\",\"contentUrl\":\"https:\\\/\\\/secure.gravatar.com\\\/avatar\\\/6711f350116a89762687a48d66f723c799e5438a5b7578508d4294cd7a5d0800?s=96&d=mm&r=g\",\"caption\":\"Gon\u00e7alves Junior\"},\"url\":\"https:\\\/\\\/www.p31noticias.com.br\\\/?author=2\"}]}<\/script>\n<!-- \/ Yoast SEO Premium plugin. -->","yoast_head_json":{"title":"Cr\u00e9dito de R$ 35 milh\u00f5es para amplia\u00e7\u00e3o do Jovem Candango \u00e9 aprovado - P31","robots":{"index":"index","follow":"follow","max-snippet":"max-snippet:-1","max-image-preview":"max-image-preview:large","max-video-preview":"max-video-preview:-1"},"canonical":"https:\/\/www.p31noticias.com.br\/?p=65163","og_locale":"pt_BR","og_type":"article","og_title":"Cr\u00e9dito de R$ 35 milh\u00f5es para amplia\u00e7\u00e3o do Jovem Candango \u00e9 aprovado","og_description":"Coordenadora do programa, Secretaria da Fam\u00edlia e Juventude prev\u00ea 3 mil vagas; texto teve vota\u00e7\u00e3o un\u00e2nime na C\u00e2mara Legislativa do DF Em uma vit\u00f3ria importante para a juventude do DF, a C\u00e2mara Legislativa do Distrito Federal (CLDF)\u00a0 aprovou por decis\u00e3o un\u00e2nime dos deputados, na noite desta ter\u00e7a-feira (8), o projeto de lei em que o [&hellip;]","og_url":"https:\/\/www.p31noticias.com.br\/?p=65163","og_site_name":"P31","article_published_time":"2025-04-10T04:31:39+00:00","og_image":[{"width":400,"height":300,"url":"https:\/\/www.p31noticias.com.br\/wp-content\/uploads\/2025\/04\/9.4.-Materia-SEFJ-400x300-1.jpg","type":"image\/jpeg"}],"author":"Gon\u00e7alves Junior","twitter_card":"summary_large_image","twitter_misc":{"Escrito por":"Gon\u00e7alves Junior","Est. tempo de leitura":"3 minutos"},"schema":{"@context":"https:\/\/schema.org","@graph":[{"@type":"Article","@id":"https:\/\/www.p31noticias.com.br\/?p=65163#article","isPartOf":{"@id":"https:\/\/www.p31noticias.com.br\/?p=65163"},"author":{"name":"Gon\u00e7alves Junior","@id":"https:\/\/www.p31noticias.com.br\/#\/schema\/person\/95f2ece30e3b4132065b915150cd0f94"},"headline":"Cr\u00e9dito de R$ 35 milh\u00f5es para amplia\u00e7\u00e3o do Jovem Candango \u00e9 aprovado","datePublished":"2025-04-10T04:31:39+00:00","mainEntityOfPage":{"@id":"https:\/\/www.p31noticias.com.br\/?p=65163"},"wordCount":414,"commentCount":0,"image":{"@id":"https:\/\/www.p31noticias.com.br\/?p=65163#primaryimage"},"thumbnailUrl":"https:\/\/www.p31noticias.com.br\/wp-content\/uploads\/2025\/04\/9.4.-Materia-SEFJ-400x300-1.jpg","articleSection":["Bras\u00edlia","Economia","Pol\u00edtica"],"inLanguage":"pt-BR","potentialAction":[{"@type":"CommentAction","name":"Comment","target":["https:\/\/www.p31noticias.com.br\/?p=65163#respond"]}],"copyrightYear":"2025","copyrightHolder":{"@id":"https:\/\/www.p31noticias.com.br\/#organization"}},{"@type":"WebPage","@id":"https:\/\/www.p31noticias.com.br\/?p=65163","url":"https:\/\/www.p31noticias.com.br\/?p=65163","name":"Cr\u00e9dito de R$ 35 milh\u00f5es para amplia\u00e7\u00e3o do Jovem Candango \u00e9 aprovado - P31","isPartOf":{"@id":"https:\/\/www.p31noticias.com.br\/#website"},"primaryImageOfPage":{"@id":"https:\/\/www.p31noticias.com.br\/?p=65163#primaryimage"},"image":{"@id":"https:\/\/www.p31noticias.com.br\/?p=65163#primaryimage"},"thumbnailUrl":"https:\/\/www.p31noticias.com.br\/wp-content\/uploads\/2025\/04\/9.4.-Materia-SEFJ-400x300-1.jpg","datePublished":"2025-04-10T04:31:39+00:00","author":{"@id":"https:\/\/www.p31noticias.com.br\/#\/schema\/person\/95f2ece30e3b4132065b915150cd0f94"},"breadcrumb":{"@id":"https:\/\/www.p31noticias.com.br\/?p=65163#breadcrumb"},"inLanguage":"pt-BR","potentialAction":[{"@type":"ReadAction","target":["https:\/\/www.p31noticias.com.br\/?p=65163"]}]},{"@type":"ImageObject","inLanguage":"pt-BR","@id":"https:\/\/www.p31noticias.com.br\/?p=65163#primaryimage","url":"https:\/\/www.p31noticias.com.br\/wp-content\/uploads\/2025\/04\/9.4.-Materia-SEFJ-400x300-1.jpg","contentUrl":"https:\/\/www.p31noticias.com.br\/wp-content\/uploads\/2025\/04\/9.4.-Materia-SEFJ-400x300-1.jpg","width":400,"height":300},{"@type":"BreadcrumbList","@id":"https:\/\/www.p31noticias.com.br\/?p=65163#breadcrumb","itemListElement":[{"@type":"ListItem","position":1,"name":"In\u00edcio","item":"https:\/\/www.p31noticias.com.br\/"},{"@type":"ListItem","position":2,"name":"Cr\u00e9dito de R$ 35 milh\u00f5es para amplia\u00e7\u00e3o do Jovem Candango \u00e9 aprovado"}]},{"@type":"WebSite","@id":"https:\/\/www.p31noticias.com.br\/#website","url":"https:\/\/www.p31noticias.com.br\/","name":"P31","description":"NOT\u00cdCIAS","potentialAction":[{"@type":"SearchAction","target":{"@type":"EntryPoint","urlTemplate":"https:\/\/www.p31noticias.com.br\/?s={search_term_string}"},"query-input":{"@type":"PropertyValueSpecification","valueRequired":true,"valueName":"search_term_string"}}],"inLanguage":"pt-BR"},{"@type":"Person","@id":"https:\/\/www.p31noticias.com.br\/#\/schema\/person\/95f2ece30e3b4132065b915150cd0f94","name":"Gon\u00e7alves Junior","image":{"@type":"ImageObject","inLanguage":"pt-BR","@id":"https:\/\/secure.gravatar.com\/avatar\/6711f350116a89762687a48d66f723c799e5438a5b7578508d4294cd7a5d0800?s=96&d=mm&r=g","url":"https:\/\/secure.gravatar.com\/avatar\/6711f350116a89762687a48d66f723c799e5438a5b7578508d4294cd7a5d0800?s=96&d=mm&r=g","contentUrl":"https:\/\/secure.gravatar.com\/avatar\/6711f350116a89762687a48d66f723c799e5438a5b7578508d4294cd7a5d0800?s=96&d=mm&r=g","caption":"Gon\u00e7alves Junior"},"url":"https:\/\/www.p31noticias.com.br\/?author=2"}]}},"amp_enabled":true,"_links":{"self":[{"href":"https:\/\/www.p31noticias.com.br\/index.php?rest_route=\/wp\/v2\/posts\/65163","targetHints":{"allow":["GET"]}}],"collection":[{"href":"https:\/\/www.p31noticias.com.br\/index.php?rest_route=\/wp\/v2\/posts"}],"about":[{"href":"https:\/\/www.p31noticias.com.br\/index.php?rest_route=\/wp\/v2\/types\/post"}],"author":[{"embeddable":true,"href":"https:\/\/www.p31noticias.com.br\/index.php?rest_route=\/wp\/v2\/users\/2"}],"replies":[{"embeddable":true,"href":"https:\/\/www.p31noticias.com.br\/index.php?rest_route=%2Fwp%2Fv2%2Fcomments&post=65163"}],"version-history":[{"count":1,"href":"https:\/\/www.p31noticias.com.br\/index.php?rest_route=\/wp\/v2\/posts\/65163\/revisions"}],"predecessor-version":[{"id":65165,"href":"https:\/\/www.p31noticias.com.br\/index.php?rest_route=\/wp\/v2\/posts\/65163\/revisions\/65165"}],"wp:featuredmedia":[{"embeddable":true,"href":"https:\/\/www.p31noticias.com.br\/index.php?rest_route=\/wp\/v2\/media\/65164"}],"wp:attachment":[{"href":"https:\/\/www.p31noticias.com.br\/index.php?rest_route=%2Fwp%2Fv2%2Fmedia&parent=65163"}],"wp:term":[{"taxonomy":"category","embeddable":true,"href":"https:\/\/www.p31noticias.com.br\/index.php?rest_route=%2Fwp%2Fv2%2Fcategories&post=65163"},{"taxonomy":"post_tag","embeddable":true,"href":"https:\/\/www.p31noticias.com.br\/index.php?rest_route=%2Fwp%2Fv2%2Ftags&post=65163"}],"curies":[{"name":"wp","href":"https:\/\/api.w.org\/{rel}","templated":true}]}}