{"id":65137,"date":"2025-04-07T22:59:07","date_gmt":"2025-04-08T01:59:07","guid":{"rendered":"https:\/\/www.p31noticias.com.br\/?p=65137"},"modified":"2025-04-07T22:59:07","modified_gmt":"2025-04-08T01:59:07","slug":"casos-de-dengue-caem-97-no-df-em-relacao-ao-ano-passado","status":"publish","type":"post","link":"https:\/\/www.p31noticias.com.br\/?p=65137","title":{"rendered":"Casos de dengue caem 97% no DF em rela\u00e7\u00e3o ao ano passado"},"content":{"rendered":"<p style=\"text-align: justify;\"><em><strong>Novo boletim epidemiol\u00f3gico revela que at\u00e9 29 de mar\u00e7o deste ano foram registradas 9,3 mil ocorr\u00eancias suspeitas da doen\u00e7a na capital, das quais 6,1 mil eram prov\u00e1veis. No mesmo per\u00edodo de 2024, foram registrados quase 220 mil casos prov\u00e1veis<\/strong><\/em><\/p>\n<p style=\"text-align: justify;\">O Distrito Federal continua a registrar queda no n\u00famero de casos de dengue. At\u00e9 29 de mar\u00e7o deste ano, a capital notificou 9,3 mil ocorr\u00eancias suspeitas da doen\u00e7a, das quais 6,1 mil eram prov\u00e1veis. No mesmo per\u00edodo de 2024, foram registrados quase 220 mil casos prov\u00e1veis. Os dados est\u00e3o no\u00a0<a href=\"https:\/\/www.saude.df.gov.br\/documents\/37101\/0\/13_BOLETIM_MENSAL_ARBOVIROSES_SE_13.pdf\/10d9efd5-e7cf-d7fe-383f-abd88a47cddc?t=1744059644030\">novo boletim epidemiol\u00f3gico<\/a>, divulgado pela Secretaria de Sa\u00fade (SES-DF).<\/p>\n<p style=\"text-align: justify;\">\u201cDevemos registrar e comemorar esses dados, mas sem perder de vista os cuidados para combater a dengue. Afinal, alcan\u00e7amos esse resultado por meio de um esfor\u00e7o conjunto da popula\u00e7\u00e3o e do governo. \u00c9 um trabalho cont\u00ednuo\u201d, explica o subsecret\u00e1rio de Vigil\u00e2ncia \u00e0 Sa\u00fade, Fabiano dos Anjos Martins.<\/p>\n<div id=\"attachment_732718\" class=\"wp-caption aligncenter\" style=\"text-align: justify;\"><img loading=\"lazy\" decoding=\"async\" class=\"size-full wp-image-732718\" src=\"http:\/\/agenciabrasilia.df.gov.br\/wp-conteudo\/uploads\/2025\/04\/Foto-Jhonatan-Cantarelle_Agencia-Saude-DF-4.jpeg\" sizes=\"auto, (max-width: 2048px) 100vw, 2048px\" srcset=\"https:\/\/www.agenciabrasilia.df.gov.br\/wp-conteudo\/uploads\/2025\/04\/Foto-Jhonatan-Cantarelle_Agencia-Saude-DF-4.jpeg 2048w, https:\/\/www.agenciabrasilia.df.gov.br\/wp-conteudo\/uploads\/2025\/04\/Foto-Jhonatan-Cantarelle_Agencia-Saude-DF-4-300x200.jpeg 300w, https:\/\/www.agenciabrasilia.df.gov.br\/wp-conteudo\/uploads\/2025\/04\/Foto-Jhonatan-Cantarelle_Agencia-Saude-DF-4-1920x1280.jpeg 1920w, https:\/\/www.agenciabrasilia.df.gov.br\/wp-conteudo\/uploads\/2025\/04\/Foto-Jhonatan-Cantarelle_Agencia-Saude-DF-4-768x512.jpeg 768w, https:\/\/www.agenciabrasilia.df.gov.br\/wp-conteudo\/uploads\/2025\/04\/Foto-Jhonatan-Cantarelle_Agencia-Saude-DF-4-1536x1024.jpeg 1536w\" alt=\"\" width=\"2048\" height=\"1365\" aria-describedby=\"caption-attachment-732718\" \/><\/p>\n<p id=\"caption-attachment-732718\" class=\"wp-caption-text\">At\u00e9 29 de mar\u00e7o deste ano, a capital notificou 9,3 mil ocorr\u00eancias suspeitas de dengue, das quais 6,1 mil eram prov\u00e1veis | Fotos:\u00a0 Jhonatan Cantarelle\/Ag\u00eancia Sa\u00fade<\/p>\n<\/div>\n<p style=\"text-align: justify;\">O\u00a0<em>Aedes aegypti<\/em>\u00a0\u00e9 respons\u00e1vel por transmitir n\u00e3o s\u00f3 o v\u00edrus da dengue, como tamb\u00e9m da febre amarela urbana, chikungunya e zika. Entre essas arboviroses, a capital federal contabilizou 129 casos suspeitos de chikungunya, dos quais 105 s\u00e3o considerados prov\u00e1veis. Desses, 93,3% (98 ocorr\u00eancias) correspondem a moradores do DF. At\u00e9 o momento, 59 casos tiveram confirma\u00e7\u00e3o laboratorial, enquanto os demais seguem em investiga\u00e7\u00e3o.<\/p>\n<p style=\"text-align: justify;\">A chikungunya \u00e9 uma doen\u00e7a febril aguda e sist\u00eamica, causada por um arbov\u00edrus do g\u00eanero Alphavirus (CHIKV), e transmitida principalmente pelas f\u00eameas do mosquito. A infec\u00e7\u00e3o se destaca por sua elevada taxa de incapacita\u00e7\u00e3o, podendo causar sintomas persistentes em algumas pessoas.<\/p>\n<p style=\"text-align: justify;\"><strong>A\u00e7\u00e3o domiciliar dos Avas<\/strong><\/p>\n<div id=\"attachment_732720\" class=\"wp-caption aligncenter\" style=\"text-align: justify;\"><img loading=\"lazy\" decoding=\"async\" class=\"size-full wp-image-732720\" src=\"http:\/\/agenciabrasilia.df.gov.br\/wp-conteudo\/uploads\/2025\/04\/Foto-Jhonatan-Cantarelle_Agencia-Saude-DF-2.jpeg\" sizes=\"auto, (max-width: 2048px) 100vw, 2048px\" srcset=\"https:\/\/www.agenciabrasilia.df.gov.br\/wp-conteudo\/uploads\/2025\/04\/Foto-Jhonatan-Cantarelle_Agencia-Saude-DF-2.jpeg 2048w, https:\/\/www.agenciabrasilia.df.gov.br\/wp-conteudo\/uploads\/2025\/04\/Foto-Jhonatan-Cantarelle_Agencia-Saude-DF-2-300x200.jpeg 300w, https:\/\/www.agenciabrasilia.df.gov.br\/wp-conteudo\/uploads\/2025\/04\/Foto-Jhonatan-Cantarelle_Agencia-Saude-DF-2-1920x1280.jpeg 1920w, https:\/\/www.agenciabrasilia.df.gov.br\/wp-conteudo\/uploads\/2025\/04\/Foto-Jhonatan-Cantarelle_Agencia-Saude-DF-2-768x512.jpeg 768w, https:\/\/www.agenciabrasilia.df.gov.br\/wp-conteudo\/uploads\/2025\/04\/Foto-Jhonatan-Cantarelle_Agencia-Saude-DF-2-1536x1024.jpeg 1536w\" alt=\"\" width=\"2048\" height=\"1365\" aria-describedby=\"caption-attachment-732720\" \/><\/div>\n<div>\n<p style=\"text-align: justify;\">Pe\u00e7a-chave no combate ao\u00a0<em>Aedes aegypti,<\/em>\u00a0a visita dos Agentes de Vigil\u00e2ncia Ambiental em Sa\u00fade (Avas) promove a preven\u00e7\u00e3o de doen\u00e7as, o mapeamento de territ\u00f3rios e a execu\u00e7\u00e3o de atividades de vigil\u00e2ncia por meio da coleta e da pesquisa.<\/p>\n<p style=\"text-align: justify;\">Identific\u00e1-los \u00e9 simples: os Avas usam colete e chap\u00e9u com abas, os dois da cor marrom-c\u00e1qui, al\u00e9m de uma camiseta branca. Eles tamb\u00e9m carregam uma bolsa amarela, onde armazenam seu material de trabalho.<\/p>\n<p style=\"text-align: justify;\">Os agentes devem estar devidamente identificados com s\u00edmbolos da SES-DF e com a designa\u00e7\u00e3o de suas fun\u00e7\u00f5es bem vis\u00edveis no uniforme. Na maioria dos casos, o profissional estar\u00e1 munido de um crach\u00e1 com nome e foto, por\u00e9m pode haver situa\u00e7\u00f5es em que o servidor ainda esteja com seu crach\u00e1 provis\u00f3rio.<\/p>\n<p style=\"text-align: justify;\"><strong><em>Com informa\u00e7\u00f5es da Secretaria de Sa\u00fade<\/em><\/strong><\/p>\n<\/div>\n","protected":false},"excerpt":{"rendered":"<p>Novo boletim epidemiol\u00f3gico revela que at\u00e9 29 de mar\u00e7o deste ano foram registradas 9,3 mil ocorr\u00eancias suspeitas da doen\u00e7a na capital, das quais 6,1 mil eram prov\u00e1veis. No mesmo per\u00edodo de 2024, foram registrados quase 220 mil casos prov\u00e1veis O Distrito Federal continua a registrar queda no n\u00famero de casos de dengue. At\u00e9 29 de [&hellip;]<\/p>\n","protected":false},"author":2,"featured_media":65138,"comment_status":"open","ping_status":"closed","sticky":false,"template":"","format":"standard","meta":{"footnotes":""},"categories":[21,124],"tags":[],"class_list":{"0":"post-65137","1":"post","2":"type-post","3":"status-publish","4":"format-standard","5":"has-post-thumbnail","7":"category-brasilia","8":"category-saude"},"yoast_head":"<!-- This site is optimized with the Yoast SEO Premium plugin v24.5 (Yoast SEO v27.5) - https:\/\/yoast.com\/product\/yoast-seo-premium-wordpress\/ -->\n<title>Casos de dengue caem 97% no DF em rela\u00e7\u00e3o ao ano passado - P31<\/title>\n<meta name=\"robots\" content=\"index, follow, max-snippet:-1, max-image-preview:large, max-video-preview:-1\" \/>\n<link rel=\"canonical\" href=\"https:\/\/www.p31noticias.com.br\/?p=65137\" \/>\n<meta property=\"og:locale\" content=\"pt_BR\" \/>\n<meta property=\"og:type\" content=\"article\" \/>\n<meta property=\"og:title\" content=\"Casos de dengue caem 97% no DF em rela\u00e7\u00e3o ao ano passado\" \/>\n<meta property=\"og:description\" content=\"Novo boletim epidemiol\u00f3gico revela que at\u00e9 29 de mar\u00e7o deste ano foram registradas 9,3 mil ocorr\u00eancias suspeitas da doen\u00e7a na capital, das quais 6,1 mil eram prov\u00e1veis. No mesmo per\u00edodo de 2024, foram registrados quase 220 mil casos prov\u00e1veis O Distrito Federal continua a registrar queda no n\u00famero de casos de dengue. At\u00e9 29 de [&hellip;]\" \/>\n<meta property=\"og:url\" content=\"https:\/\/www.p31noticias.com.br\/?p=65137\" \/>\n<meta property=\"og:site_name\" content=\"P31\" \/>\n<meta property=\"article:published_time\" content=\"2025-04-08T01:59:07+00:00\" \/>\n<meta property=\"og:image\" content=\"https:\/\/www.p31noticias.com.br\/wp-content\/uploads\/2025\/04\/Foto-Jhonatan-Cantarelle_Agencia-Saude-DF-4-400x300-1.jpeg\" \/>\n\t<meta property=\"og:image:width\" content=\"400\" \/>\n\t<meta property=\"og:image:height\" content=\"300\" \/>\n\t<meta property=\"og:image:type\" content=\"image\/jpeg\" \/>\n<meta name=\"author\" content=\"Gon\u00e7alves Junior\" \/>\n<meta name=\"twitter:card\" content=\"summary_large_image\" \/>\n<meta name=\"twitter:label1\" content=\"Escrito por\" \/>\n\t<meta name=\"twitter:data1\" content=\"Gon\u00e7alves Junior\" \/>\n\t<meta name=\"twitter:label2\" content=\"Est. tempo de leitura\" \/>\n\t<meta name=\"twitter:data2\" content=\"3 minutos\" \/>\n<script type=\"application\/ld+json\" class=\"yoast-schema-graph\">{\"@context\":\"https:\\\/\\\/schema.org\",\"@graph\":[{\"@type\":\"Article\",\"@id\":\"https:\\\/\\\/www.p31noticias.com.br\\\/?p=65137#article\",\"isPartOf\":{\"@id\":\"https:\\\/\\\/www.p31noticias.com.br\\\/?p=65137\"},\"author\":{\"name\":\"Gon\u00e7alves Junior\",\"@id\":\"https:\\\/\\\/www.p31noticias.com.br\\\/#\\\/schema\\\/person\\\/95f2ece30e3b4132065b915150cd0f94\"},\"headline\":\"Casos de dengue caem 97% no DF em rela\u00e7\u00e3o ao ano passado\",\"datePublished\":\"2025-04-08T01:59:07+00:00\",\"mainEntityOfPage\":{\"@id\":\"https:\\\/\\\/www.p31noticias.com.br\\\/?p=65137\"},\"wordCount\":464,\"commentCount\":0,\"image\":{\"@id\":\"https:\\\/\\\/www.p31noticias.com.br\\\/?p=65137#primaryimage\"},\"thumbnailUrl\":\"https:\\\/\\\/www.p31noticias.com.br\\\/wp-content\\\/uploads\\\/2025\\\/04\\\/Foto-Jhonatan-Cantarelle_Agencia-Saude-DF-4-400x300-1.jpeg\",\"articleSection\":[\"Bras\u00edlia\",\"Sa\u00fade\"],\"inLanguage\":\"pt-BR\",\"potentialAction\":[{\"@type\":\"CommentAction\",\"name\":\"Comment\",\"target\":[\"https:\\\/\\\/www.p31noticias.com.br\\\/?p=65137#respond\"]}],\"copyrightYear\":\"2025\",\"copyrightHolder\":{\"@id\":\"https:\\\/\\\/www.p31noticias.com.br\\\/#organization\"}},{\"@type\":\"WebPage\",\"@id\":\"https:\\\/\\\/www.p31noticias.com.br\\\/?p=65137\",\"url\":\"https:\\\/\\\/www.p31noticias.com.br\\\/?p=65137\",\"name\":\"Casos de dengue caem 97% no DF em rela\u00e7\u00e3o ao ano passado - P31\",\"isPartOf\":{\"@id\":\"https:\\\/\\\/www.p31noticias.com.br\\\/#website\"},\"primaryImageOfPage\":{\"@id\":\"https:\\\/\\\/www.p31noticias.com.br\\\/?p=65137#primaryimage\"},\"image\":{\"@id\":\"https:\\\/\\\/www.p31noticias.com.br\\\/?p=65137#primaryimage\"},\"thumbnailUrl\":\"https:\\\/\\\/www.p31noticias.com.br\\\/wp-content\\\/uploads\\\/2025\\\/04\\\/Foto-Jhonatan-Cantarelle_Agencia-Saude-DF-4-400x300-1.jpeg\",\"datePublished\":\"2025-04-08T01:59:07+00:00\",\"author\":{\"@id\":\"https:\\\/\\\/www.p31noticias.com.br\\\/#\\\/schema\\\/person\\\/95f2ece30e3b4132065b915150cd0f94\"},\"breadcrumb\":{\"@id\":\"https:\\\/\\\/www.p31noticias.com.br\\\/?p=65137#breadcrumb\"},\"inLanguage\":\"pt-BR\",\"potentialAction\":[{\"@type\":\"ReadAction\",\"target\":[\"https:\\\/\\\/www.p31noticias.com.br\\\/?p=65137\"]}]},{\"@type\":\"ImageObject\",\"inLanguage\":\"pt-BR\",\"@id\":\"https:\\\/\\\/www.p31noticias.com.br\\\/?p=65137#primaryimage\",\"url\":\"https:\\\/\\\/www.p31noticias.com.br\\\/wp-content\\\/uploads\\\/2025\\\/04\\\/Foto-Jhonatan-Cantarelle_Agencia-Saude-DF-4-400x300-1.jpeg\",\"contentUrl\":\"https:\\\/\\\/www.p31noticias.com.br\\\/wp-content\\\/uploads\\\/2025\\\/04\\\/Foto-Jhonatan-Cantarelle_Agencia-Saude-DF-4-400x300-1.jpeg\",\"width\":400,\"height\":300},{\"@type\":\"BreadcrumbList\",\"@id\":\"https:\\\/\\\/www.p31noticias.com.br\\\/?p=65137#breadcrumb\",\"itemListElement\":[{\"@type\":\"ListItem\",\"position\":1,\"name\":\"In\u00edcio\",\"item\":\"https:\\\/\\\/www.p31noticias.com.br\\\/\"},{\"@type\":\"ListItem\",\"position\":2,\"name\":\"Casos de dengue caem 97% no DF em rela\u00e7\u00e3o ao ano passado\"}]},{\"@type\":\"WebSite\",\"@id\":\"https:\\\/\\\/www.p31noticias.com.br\\\/#website\",\"url\":\"https:\\\/\\\/www.p31noticias.com.br\\\/\",\"name\":\"P31\",\"description\":\"NOT\u00cdCIAS\",\"potentialAction\":[{\"@type\":\"SearchAction\",\"target\":{\"@type\":\"EntryPoint\",\"urlTemplate\":\"https:\\\/\\\/www.p31noticias.com.br\\\/?s={search_term_string}\"},\"query-input\":{\"@type\":\"PropertyValueSpecification\",\"valueRequired\":true,\"valueName\":\"search_term_string\"}}],\"inLanguage\":\"pt-BR\"},{\"@type\":\"Person\",\"@id\":\"https:\\\/\\\/www.p31noticias.com.br\\\/#\\\/schema\\\/person\\\/95f2ece30e3b4132065b915150cd0f94\",\"name\":\"Gon\u00e7alves Junior\",\"image\":{\"@type\":\"ImageObject\",\"inLanguage\":\"pt-BR\",\"@id\":\"https:\\\/\\\/secure.gravatar.com\\\/avatar\\\/6711f350116a89762687a48d66f723c799e5438a5b7578508d4294cd7a5d0800?s=96&d=mm&r=g\",\"url\":\"https:\\\/\\\/secure.gravatar.com\\\/avatar\\\/6711f350116a89762687a48d66f723c799e5438a5b7578508d4294cd7a5d0800?s=96&d=mm&r=g\",\"contentUrl\":\"https:\\\/\\\/secure.gravatar.com\\\/avatar\\\/6711f350116a89762687a48d66f723c799e5438a5b7578508d4294cd7a5d0800?s=96&d=mm&r=g\",\"caption\":\"Gon\u00e7alves Junior\"},\"url\":\"https:\\\/\\\/www.p31noticias.com.br\\\/?author=2\"}]}<\/script>\n<!-- \/ Yoast SEO Premium plugin. -->","yoast_head_json":{"title":"Casos de dengue caem 97% no DF em rela\u00e7\u00e3o ao ano passado - P31","robots":{"index":"index","follow":"follow","max-snippet":"max-snippet:-1","max-image-preview":"max-image-preview:large","max-video-preview":"max-video-preview:-1"},"canonical":"https:\/\/www.p31noticias.com.br\/?p=65137","og_locale":"pt_BR","og_type":"article","og_title":"Casos de dengue caem 97% no DF em rela\u00e7\u00e3o ao ano passado","og_description":"Novo boletim epidemiol\u00f3gico revela que at\u00e9 29 de mar\u00e7o deste ano foram registradas 9,3 mil ocorr\u00eancias suspeitas da doen\u00e7a na capital, das quais 6,1 mil eram prov\u00e1veis. No mesmo per\u00edodo de 2024, foram registrados quase 220 mil casos prov\u00e1veis O Distrito Federal continua a registrar queda no n\u00famero de casos de dengue. At\u00e9 29 de [&hellip;]","og_url":"https:\/\/www.p31noticias.com.br\/?p=65137","og_site_name":"P31","article_published_time":"2025-04-08T01:59:07+00:00","og_image":[{"width":400,"height":300,"url":"https:\/\/www.p31noticias.com.br\/wp-content\/uploads\/2025\/04\/Foto-Jhonatan-Cantarelle_Agencia-Saude-DF-4-400x300-1.jpeg","type":"image\/jpeg"}],"author":"Gon\u00e7alves Junior","twitter_card":"summary_large_image","twitter_misc":{"Escrito por":"Gon\u00e7alves Junior","Est. tempo de leitura":"3 minutos"},"schema":{"@context":"https:\/\/schema.org","@graph":[{"@type":"Article","@id":"https:\/\/www.p31noticias.com.br\/?p=65137#article","isPartOf":{"@id":"https:\/\/www.p31noticias.com.br\/?p=65137"},"author":{"name":"Gon\u00e7alves Junior","@id":"https:\/\/www.p31noticias.com.br\/#\/schema\/person\/95f2ece30e3b4132065b915150cd0f94"},"headline":"Casos de dengue caem 97% no DF em rela\u00e7\u00e3o ao ano passado","datePublished":"2025-04-08T01:59:07+00:00","mainEntityOfPage":{"@id":"https:\/\/www.p31noticias.com.br\/?p=65137"},"wordCount":464,"commentCount":0,"image":{"@id":"https:\/\/www.p31noticias.com.br\/?p=65137#primaryimage"},"thumbnailUrl":"https:\/\/www.p31noticias.com.br\/wp-content\/uploads\/2025\/04\/Foto-Jhonatan-Cantarelle_Agencia-Saude-DF-4-400x300-1.jpeg","articleSection":["Bras\u00edlia","Sa\u00fade"],"inLanguage":"pt-BR","potentialAction":[{"@type":"CommentAction","name":"Comment","target":["https:\/\/www.p31noticias.com.br\/?p=65137#respond"]}],"copyrightYear":"2025","copyrightHolder":{"@id":"https:\/\/www.p31noticias.com.br\/#organization"}},{"@type":"WebPage","@id":"https:\/\/www.p31noticias.com.br\/?p=65137","url":"https:\/\/www.p31noticias.com.br\/?p=65137","name":"Casos de dengue caem 97% no DF em rela\u00e7\u00e3o ao ano passado - P31","isPartOf":{"@id":"https:\/\/www.p31noticias.com.br\/#website"},"primaryImageOfPage":{"@id":"https:\/\/www.p31noticias.com.br\/?p=65137#primaryimage"},"image":{"@id":"https:\/\/www.p31noticias.com.br\/?p=65137#primaryimage"},"thumbnailUrl":"https:\/\/www.p31noticias.com.br\/wp-content\/uploads\/2025\/04\/Foto-Jhonatan-Cantarelle_Agencia-Saude-DF-4-400x300-1.jpeg","datePublished":"2025-04-08T01:59:07+00:00","author":{"@id":"https:\/\/www.p31noticias.com.br\/#\/schema\/person\/95f2ece30e3b4132065b915150cd0f94"},"breadcrumb":{"@id":"https:\/\/www.p31noticias.com.br\/?p=65137#breadcrumb"},"inLanguage":"pt-BR","potentialAction":[{"@type":"ReadAction","target":["https:\/\/www.p31noticias.com.br\/?p=65137"]}]},{"@type":"ImageObject","inLanguage":"pt-BR","@id":"https:\/\/www.p31noticias.com.br\/?p=65137#primaryimage","url":"https:\/\/www.p31noticias.com.br\/wp-content\/uploads\/2025\/04\/Foto-Jhonatan-Cantarelle_Agencia-Saude-DF-4-400x300-1.jpeg","contentUrl":"https:\/\/www.p31noticias.com.br\/wp-content\/uploads\/2025\/04\/Foto-Jhonatan-Cantarelle_Agencia-Saude-DF-4-400x300-1.jpeg","width":400,"height":300},{"@type":"BreadcrumbList","@id":"https:\/\/www.p31noticias.com.br\/?p=65137#breadcrumb","itemListElement":[{"@type":"ListItem","position":1,"name":"In\u00edcio","item":"https:\/\/www.p31noticias.com.br\/"},{"@type":"ListItem","position":2,"name":"Casos de dengue caem 97% no DF em rela\u00e7\u00e3o ao ano passado"}]},{"@type":"WebSite","@id":"https:\/\/www.p31noticias.com.br\/#website","url":"https:\/\/www.p31noticias.com.br\/","name":"P31","description":"NOT\u00cdCIAS","potentialAction":[{"@type":"SearchAction","target":{"@type":"EntryPoint","urlTemplate":"https:\/\/www.p31noticias.com.br\/?s={search_term_string}"},"query-input":{"@type":"PropertyValueSpecification","valueRequired":true,"valueName":"search_term_string"}}],"inLanguage":"pt-BR"},{"@type":"Person","@id":"https:\/\/www.p31noticias.com.br\/#\/schema\/person\/95f2ece30e3b4132065b915150cd0f94","name":"Gon\u00e7alves Junior","image":{"@type":"ImageObject","inLanguage":"pt-BR","@id":"https:\/\/secure.gravatar.com\/avatar\/6711f350116a89762687a48d66f723c799e5438a5b7578508d4294cd7a5d0800?s=96&d=mm&r=g","url":"https:\/\/secure.gravatar.com\/avatar\/6711f350116a89762687a48d66f723c799e5438a5b7578508d4294cd7a5d0800?s=96&d=mm&r=g","contentUrl":"https:\/\/secure.gravatar.com\/avatar\/6711f350116a89762687a48d66f723c799e5438a5b7578508d4294cd7a5d0800?s=96&d=mm&r=g","caption":"Gon\u00e7alves Junior"},"url":"https:\/\/www.p31noticias.com.br\/?author=2"}]}},"amp_enabled":true,"_links":{"self":[{"href":"https:\/\/www.p31noticias.com.br\/index.php?rest_route=\/wp\/v2\/posts\/65137","targetHints":{"allow":["GET"]}}],"collection":[{"href":"https:\/\/www.p31noticias.com.br\/index.php?rest_route=\/wp\/v2\/posts"}],"about":[{"href":"https:\/\/www.p31noticias.com.br\/index.php?rest_route=\/wp\/v2\/types\/post"}],"author":[{"embeddable":true,"href":"https:\/\/www.p31noticias.com.br\/index.php?rest_route=\/wp\/v2\/users\/2"}],"replies":[{"embeddable":true,"href":"https:\/\/www.p31noticias.com.br\/index.php?rest_route=%2Fwp%2Fv2%2Fcomments&post=65137"}],"version-history":[{"count":1,"href":"https:\/\/www.p31noticias.com.br\/index.php?rest_route=\/wp\/v2\/posts\/65137\/revisions"}],"predecessor-version":[{"id":65139,"href":"https:\/\/www.p31noticias.com.br\/index.php?rest_route=\/wp\/v2\/posts\/65137\/revisions\/65139"}],"wp:featuredmedia":[{"embeddable":true,"href":"https:\/\/www.p31noticias.com.br\/index.php?rest_route=\/wp\/v2\/media\/65138"}],"wp:attachment":[{"href":"https:\/\/www.p31noticias.com.br\/index.php?rest_route=%2Fwp%2Fv2%2Fmedia&parent=65137"}],"wp:term":[{"taxonomy":"category","embeddable":true,"href":"https:\/\/www.p31noticias.com.br\/index.php?rest_route=%2Fwp%2Fv2%2Fcategories&post=65137"},{"taxonomy":"post_tag","embeddable":true,"href":"https:\/\/www.p31noticias.com.br\/index.php?rest_route=%2Fwp%2Fv2%2Ftags&post=65137"}],"curies":[{"name":"wp","href":"https:\/\/api.w.org\/{rel}","templated":true}]}}