{"id":65128,"date":"2025-04-06T00:49:44","date_gmt":"2025-04-06T03:49:44","guid":{"rendered":"https:\/\/www.p31noticias.com.br\/?p=65128"},"modified":"2025-04-06T00:49:44","modified_gmt":"2025-04-06T03:49:44","slug":"primeira-creche-publica-do-riacho-fundo-oferecera-atendimento-integral-para-188-criancas","status":"publish","type":"post","link":"https:\/\/www.p31noticias.com.br\/?p=65128","title":{"rendered":"Primeira creche p\u00fablica do Riacho Fundo oferecer\u00e1 atendimento integral para 188 crian\u00e7as"},"content":{"rendered":"<p style=\"text-align: justify;\"><em><strong>Obra tem investimento de R$ 5,9 milh\u00f5es do Governo do Distrito Federal e est\u00e1 em fase de acabamento; servi\u00e7o oferece alimenta\u00e7\u00e3o de qualidade e desenvolvimento infantil<\/strong><\/em><\/p>\n<p style=\"text-align: justify;\">A comunidade do Riacho Fundo se prepara para receber o primeiro Centro de Educa\u00e7\u00e3o para Primeira Inf\u00e2ncia (Cepi). Com um investimento de mais de R$ 5,9 milh\u00f5es do Governo do Distrito Federal (GDF), as crian\u00e7as contar\u00e3o com ambiente acolhedor e com educa\u00e7\u00e3o de qualidade, em tempo integral, trazendo mais tranquilidade aos pais e respons\u00e1veis durante o per\u00edodo de trabalho.<\/p>\n<div id=\"attachment_731608\" class=\"wp-caption aligncenter\" style=\"text-align: justify;\"><img loading=\"lazy\" decoding=\"async\" class=\"wp-image-731608 size-full\" src=\"http:\/\/www.agenciabrasilia.df.gov.br\/wp-conteudo\/uploads\/2025\/04\/Dentro-1-5.jpg\" sizes=\"auto, (max-width: 2118px) 100vw, 2118px\" srcset=\"https:\/\/www.agenciabrasilia.df.gov.br\/wp-conteudo\/uploads\/2025\/04\/Dentro-1-5.jpg 2118w, https:\/\/www.agenciabrasilia.df.gov.br\/wp-conteudo\/uploads\/2025\/04\/Dentro-1-5-300x200.jpg 300w, https:\/\/www.agenciabrasilia.df.gov.br\/wp-conteudo\/uploads\/2025\/04\/Dentro-1-5-1920x1280.jpg 1920w, https:\/\/www.agenciabrasilia.df.gov.br\/wp-conteudo\/uploads\/2025\/04\/Dentro-1-5-768x512.jpg 768w, https:\/\/www.agenciabrasilia.df.gov.br\/wp-conteudo\/uploads\/2025\/04\/Dentro-1-5-1536x1024.jpg 1536w, https:\/\/www.agenciabrasilia.df.gov.br\/wp-conteudo\/uploads\/2025\/04\/Dentro-1-5-2048x1365.jpg 2048w\" alt=\"\" width=\"2118\" height=\"1412\" aria-describedby=\"caption-attachment-731608\" \/><\/p>\n<p id=\"caption-attachment-731608\" class=\"wp-caption-text\">O Cepi Uru\u00e7\u00fa, no Riacho Fundo, ter\u00e1 capacidade para atender 188 crian\u00e7as | Fotos: L\u00facio Bernardo Jr.\/Ag\u00eancia Bras\u00edlia<\/p>\n<\/div>\n<p style=\"text-align: justify;\">A nova unidade educacional, nomeada de Cepi Uru\u00e7\u00fa, atender\u00e1 crian\u00e7as de at\u00e9 5 anos de idade, com capacidade para 188 alunos, com jornada de dez horas di\u00e1rias. O espa\u00e7o disp\u00f5e de 10 salas de atividades para a educa\u00e7\u00e3o infantil, al\u00e9m de sala multiuso, dire\u00e7\u00e3o, secretaria, sala de professores, sol\u00e1rios, frald\u00e1rios, lact\u00e1rio, sala de amamenta\u00e7\u00e3o e refeit\u00f3rio.<\/p>\n<div class=\"numeralha-direita\" style=\"text-align: justify;\">\n<p class=\"numeralha__numero\">R$ 5,9 milh\u00f5es<\/p>\n<p class=\"numeralha__explicacao\">Investimento do GDF na constru\u00e7\u00e3o do Cepi Uru\u00e7\u00fa, no Riacho Fundo<\/p>\n<\/div>\n<p style=\"text-align: justify;\">Localizada em uma \u00e1rea com mais de 4,5 mil m\u00b2, na QN 9, \u00c1rea Especial 4, o espa\u00e7o ainda vai dispor de p\u00e1tio coberto e descoberto, banheiros, cozinha, copa, lavanderia, estacionamento e \u00e1rea recreativa, al\u00e9m de grelhas para capta\u00e7\u00e3o de \u00e1gua pluvial e \u00e1rea verde com tratamento paisag\u00edstico.<\/p>\n<p style=\"text-align: justify;\">Em rela\u00e7\u00e3o ao ensino, segundo o coordenador da regional de Ensino do N\u00facleo Bandeirante, Mauro Rocha, a proposta pedag\u00f3gica ser\u00e1 baseada em eixos integradores da educa\u00e7\u00e3o. \u201cVamos focar no cuidar, no educar, no brincar e no interagir, trazendo benef\u00edcios para as crian\u00e7as da educa\u00e7\u00e3o infantil\u201d, garante o coordenador.<\/p>\n<div id=\"attachment_731623\" class=\"wp-caption aligncenter\" style=\"text-align: justify;\"><img loading=\"lazy\" decoding=\"async\" class=\"wp-image-731623 size-full\" src=\"http:\/\/www.agenciabrasilia.df.gov.br\/wp-conteudo\/uploads\/2025\/04\/Mauro-Rocha-Coord-da-Reg-de-Ensino-do-Nucleo-Bandeirante-2.jpg\" sizes=\"auto, (max-width: 2240px) 100vw, 2240px\" srcset=\"https:\/\/www.agenciabrasilia.df.gov.br\/wp-conteudo\/uploads\/2025\/04\/Mauro-Rocha-Coord-da-Reg-de-Ensino-do-Nucleo-Bandeirante-2.jpg 2240w, https:\/\/www.agenciabrasilia.df.gov.br\/wp-conteudo\/uploads\/2025\/04\/Mauro-Rocha-Coord-da-Reg-de-Ensino-do-Nucleo-Bandeirante-2-300x200.jpg 300w, https:\/\/www.agenciabrasilia.df.gov.br\/wp-conteudo\/uploads\/2025\/04\/Mauro-Rocha-Coord-da-Reg-de-Ensino-do-Nucleo-Bandeirante-2-1920x1280.jpg 1920w, https:\/\/www.agenciabrasilia.df.gov.br\/wp-conteudo\/uploads\/2025\/04\/Mauro-Rocha-Coord-da-Reg-de-Ensino-do-Nucleo-Bandeirante-2-768x512.jpg 768w, https:\/\/www.agenciabrasilia.df.gov.br\/wp-conteudo\/uploads\/2025\/04\/Mauro-Rocha-Coord-da-Reg-de-Ensino-do-Nucleo-Bandeirante-2-1536x1024.jpg 1536w, https:\/\/www.agenciabrasilia.df.gov.br\/wp-conteudo\/uploads\/2025\/04\/Mauro-Rocha-Coord-da-Reg-de-Ensino-do-Nucleo-Bandeirante-2-2048x1365.jpg 2048w\" alt=\"\" width=\"2240\" height=\"1493\" aria-describedby=\"caption-attachment-731623\" \/><\/p>\n<p id=\"caption-attachment-731623\" class=\"wp-caption-text\">O coordenador da Regional de Ensino do N\u00facleo Bandeirante, Mauro Rocha, disse que as novas unidades v\u00e3o reduzir a demanda por vagas na educa\u00e7\u00e3o infantil<\/p>\n<\/div>\n<p style=\"text-align: justify;\">Al\u00e9m do Cepi no Riacho Fundo, est\u00e1 em andamento a constru\u00e7\u00e3o de mais dois centros de educa\u00e7\u00e3o no Riacho Fundo II. \u201cCom a inaugura\u00e7\u00e3o das tr\u00eas unidades do Cepi no Riacho Fundo e Riacho Fundo II, aproximadamente 750 crian\u00e7as ser\u00e3o atendidas, reduzindo significativamente a demanda por vagas na educa\u00e7\u00e3o infantil na regi\u00e3o e em cidades pr\u00f3ximas\u201d, prev\u00ea Mauro.<\/p>\n<p style=\"text-align: justify;\"><strong>Popula\u00e7\u00e3o \u00e0 espera<\/strong><\/p>\n<div id=\"attachment_731611\" class=\"wp-caption aligncenter\" style=\"text-align: justify;\"><img loading=\"lazy\" decoding=\"async\" class=\"wp-image-731611 size-full\" src=\"http:\/\/www.agenciabrasilia.df.gov.br\/wp-conteudo\/uploads\/2025\/04\/Maeli-Adna-Alves-Maquiadora-2.jpg\" sizes=\"auto, (max-width: 2240px) 100vw, 2240px\" srcset=\"https:\/\/www.agenciabrasilia.df.gov.br\/wp-conteudo\/uploads\/2025\/04\/Maeli-Adna-Alves-Maquiadora-2.jpg 2240w, https:\/\/www.agenciabrasilia.df.gov.br\/wp-conteudo\/uploads\/2025\/04\/Maeli-Adna-Alves-Maquiadora-2-300x200.jpg 300w, https:\/\/www.agenciabrasilia.df.gov.br\/wp-conteudo\/uploads\/2025\/04\/Maeli-Adna-Alves-Maquiadora-2-1920x1280.jpg 1920w, https:\/\/www.agenciabrasilia.df.gov.br\/wp-conteudo\/uploads\/2025\/04\/Maeli-Adna-Alves-Maquiadora-2-768x512.jpg 768w, https:\/\/www.agenciabrasilia.df.gov.br\/wp-conteudo\/uploads\/2025\/04\/Maeli-Adna-Alves-Maquiadora-2-1536x1024.jpg 1536w, https:\/\/www.agenciabrasilia.df.gov.br\/wp-conteudo\/uploads\/2025\/04\/Maeli-Adna-Alves-Maquiadora-2-2048x1365.jpg 2048w\" alt=\"\" width=\"2240\" height=\"1493\" aria-describedby=\"caption-attachment-731611\" \/><\/p>\n<p id=\"caption-attachment-731611\" class=\"wp-caption-text\">A maquiadora Maeli Adna Alves planeja aumentar a carga hor\u00e1ria de trabalho, j\u00e1 que poder\u00e1 deixar a filha Ol\u00edvia bem-assistida no Cepi<\/p>\n<\/div>\n<p style=\"text-align: justify;\">Desde que recebeu a not\u00edcia de que a cidade iria receber um Cepi, Maeli Adna Alves, 28, tem se preparado para uma nova rotina com a pequena Ol\u00edvia Alves, 4. \u201c\u00c9 uma m\u00e3o na roda poder deixar a crian\u00e7a em um lugar seguro, sendo bem assistida\u201d, diz a maquiadora, que planeja aumentar a carga hor\u00e1ria de trabalho. \u201cAgora fico bem mais tranquila para trabalhar mais tempo e assim complementar a renda de casa\u201d.<\/p>\n<p style=\"text-align: justify;\">De acordo com o administrador da cidade, Rog\u00e9rio Sales Silveira, a unidade faz parte de um esfor\u00e7o do governo para ampliar o atendimento \u00e0 primeira inf\u00e2ncia. \u201cDurante a gest\u00e3o, o governador tem focado nas necessidades e peculiaridades de cada cidade, e a Cepi Uru\u00e7\u00fa \u00e9 um desses exemplos\u201d, ressalta.<\/p>\n<p style=\"text-align: justify;\">A unidade pretende trazer mais progresso para os moradores da regi\u00e3o. \u201cN\u00f3s sabemos que uma das dificuldades que as fam\u00edlias t\u00eam na hora de procurar um emprego ou melhores condi\u00e7\u00f5es de vida, \u00e9 de n\u00e3o ter onde deixar seus filhos e agora eles v\u00e3o poder contar com esse apoio. Ent\u00e3o, a import\u00e2ncia dessa creche \u00e9 gigantesca\u201d, garante o administrador.<\/p>\n<p style=\"text-align: justify;\"><em><strong>Ag\u00eancia Bras\u00edlia<\/strong><\/em><\/p>\n","protected":false},"excerpt":{"rendered":"<p>Obra tem investimento de R$ 5,9 milh\u00f5es do Governo do Distrito Federal e est\u00e1 em fase de acabamento; servi\u00e7o oferece alimenta\u00e7\u00e3o de qualidade e desenvolvimento infantil A comunidade do Riacho Fundo se prepara para receber o primeiro Centro de Educa\u00e7\u00e3o para Primeira Inf\u00e2ncia (Cepi). Com um investimento de mais de R$ 5,9 milh\u00f5es do Governo [&hellip;]<\/p>\n","protected":false},"author":2,"featured_media":65129,"comment_status":"open","ping_status":"closed","sticky":false,"template":"","format":"standard","meta":{"footnotes":""},"categories":[21,57],"tags":[],"class_list":{"0":"post-65128","1":"post","2":"type-post","3":"status-publish","4":"format-standard","5":"has-post-thumbnail","7":"category-brasilia","8":"category-politica"},"yoast_head":"<!-- This site is optimized with the Yoast SEO Premium plugin v24.5 (Yoast SEO v27.5) - https:\/\/yoast.com\/product\/yoast-seo-premium-wordpress\/ -->\n<title>Primeira creche p\u00fablica do Riacho Fundo oferecer\u00e1 atendimento integral para 188 crian\u00e7as - P31<\/title>\n<meta name=\"robots\" content=\"index, follow, max-snippet:-1, max-image-preview:large, max-video-preview:-1\" \/>\n<link rel=\"canonical\" href=\"https:\/\/www.p31noticias.com.br\/?p=65128\" \/>\n<meta property=\"og:locale\" content=\"pt_BR\" \/>\n<meta property=\"og:type\" content=\"article\" \/>\n<meta property=\"og:title\" content=\"Primeira creche p\u00fablica do Riacho Fundo oferecer\u00e1 atendimento integral para 188 crian\u00e7as\" \/>\n<meta property=\"og:description\" content=\"Obra tem investimento de R$ 5,9 milh\u00f5es do Governo do Distrito Federal e est\u00e1 em fase de acabamento; servi\u00e7o oferece alimenta\u00e7\u00e3o de qualidade e desenvolvimento infantil A comunidade do Riacho Fundo se prepara para receber o primeiro Centro de Educa\u00e7\u00e3o para Primeira Inf\u00e2ncia (Cepi). Com um investimento de mais de R$ 5,9 milh\u00f5es do Governo [&hellip;]\" \/>\n<meta property=\"og:url\" content=\"https:\/\/www.p31noticias.com.br\/?p=65128\" \/>\n<meta property=\"og:site_name\" content=\"P31\" \/>\n<meta property=\"article:published_time\" content=\"2025-04-06T03:49:44+00:00\" \/>\n<meta property=\"og:image\" content=\"https:\/\/www.p31noticias.com.br\/wp-content\/uploads\/2025\/04\/Capa-13-400x300-1.jpg\" \/>\n\t<meta property=\"og:image:width\" content=\"400\" \/>\n\t<meta property=\"og:image:height\" content=\"300\" \/>\n\t<meta property=\"og:image:type\" content=\"image\/jpeg\" \/>\n<meta name=\"author\" content=\"Gon\u00e7alves Junior\" \/>\n<meta name=\"twitter:card\" content=\"summary_large_image\" \/>\n<meta name=\"twitter:label1\" content=\"Escrito por\" \/>\n\t<meta name=\"twitter:data1\" content=\"Gon\u00e7alves Junior\" \/>\n\t<meta name=\"twitter:label2\" content=\"Est. tempo de leitura\" \/>\n\t<meta name=\"twitter:data2\" content=\"4 minutos\" \/>\n<script type=\"application\/ld+json\" class=\"yoast-schema-graph\">{\"@context\":\"https:\\\/\\\/schema.org\",\"@graph\":[{\"@type\":\"Article\",\"@id\":\"https:\\\/\\\/www.p31noticias.com.br\\\/?p=65128#article\",\"isPartOf\":{\"@id\":\"https:\\\/\\\/www.p31noticias.com.br\\\/?p=65128\"},\"author\":{\"name\":\"Gon\u00e7alves Junior\",\"@id\":\"https:\\\/\\\/www.p31noticias.com.br\\\/#\\\/schema\\\/person\\\/95f2ece30e3b4132065b915150cd0f94\"},\"headline\":\"Primeira creche p\u00fablica do Riacho Fundo oferecer\u00e1 atendimento integral para 188 crian\u00e7as\",\"datePublished\":\"2025-04-06T03:49:44+00:00\",\"mainEntityOfPage\":{\"@id\":\"https:\\\/\\\/www.p31noticias.com.br\\\/?p=65128\"},\"wordCount\":631,\"commentCount\":0,\"image\":{\"@id\":\"https:\\\/\\\/www.p31noticias.com.br\\\/?p=65128#primaryimage\"},\"thumbnailUrl\":\"https:\\\/\\\/www.p31noticias.com.br\\\/wp-content\\\/uploads\\\/2025\\\/04\\\/Capa-13-400x300-1.jpg\",\"articleSection\":[\"Bras\u00edlia\",\"Pol\u00edtica\"],\"inLanguage\":\"pt-BR\",\"potentialAction\":[{\"@type\":\"CommentAction\",\"name\":\"Comment\",\"target\":[\"https:\\\/\\\/www.p31noticias.com.br\\\/?p=65128#respond\"]}],\"copyrightYear\":\"2025\",\"copyrightHolder\":{\"@id\":\"https:\\\/\\\/www.p31noticias.com.br\\\/#organization\"}},{\"@type\":\"WebPage\",\"@id\":\"https:\\\/\\\/www.p31noticias.com.br\\\/?p=65128\",\"url\":\"https:\\\/\\\/www.p31noticias.com.br\\\/?p=65128\",\"name\":\"Primeira creche p\u00fablica do Riacho Fundo oferecer\u00e1 atendimento integral para 188 crian\u00e7as - P31\",\"isPartOf\":{\"@id\":\"https:\\\/\\\/www.p31noticias.com.br\\\/#website\"},\"primaryImageOfPage\":{\"@id\":\"https:\\\/\\\/www.p31noticias.com.br\\\/?p=65128#primaryimage\"},\"image\":{\"@id\":\"https:\\\/\\\/www.p31noticias.com.br\\\/?p=65128#primaryimage\"},\"thumbnailUrl\":\"https:\\\/\\\/www.p31noticias.com.br\\\/wp-content\\\/uploads\\\/2025\\\/04\\\/Capa-13-400x300-1.jpg\",\"datePublished\":\"2025-04-06T03:49:44+00:00\",\"author\":{\"@id\":\"https:\\\/\\\/www.p31noticias.com.br\\\/#\\\/schema\\\/person\\\/95f2ece30e3b4132065b915150cd0f94\"},\"breadcrumb\":{\"@id\":\"https:\\\/\\\/www.p31noticias.com.br\\\/?p=65128#breadcrumb\"},\"inLanguage\":\"pt-BR\",\"potentialAction\":[{\"@type\":\"ReadAction\",\"target\":[\"https:\\\/\\\/www.p31noticias.com.br\\\/?p=65128\"]}]},{\"@type\":\"ImageObject\",\"inLanguage\":\"pt-BR\",\"@id\":\"https:\\\/\\\/www.p31noticias.com.br\\\/?p=65128#primaryimage\",\"url\":\"https:\\\/\\\/www.p31noticias.com.br\\\/wp-content\\\/uploads\\\/2025\\\/04\\\/Capa-13-400x300-1.jpg\",\"contentUrl\":\"https:\\\/\\\/www.p31noticias.com.br\\\/wp-content\\\/uploads\\\/2025\\\/04\\\/Capa-13-400x300-1.jpg\",\"width\":400,\"height\":300},{\"@type\":\"BreadcrumbList\",\"@id\":\"https:\\\/\\\/www.p31noticias.com.br\\\/?p=65128#breadcrumb\",\"itemListElement\":[{\"@type\":\"ListItem\",\"position\":1,\"name\":\"In\u00edcio\",\"item\":\"https:\\\/\\\/www.p31noticias.com.br\\\/\"},{\"@type\":\"ListItem\",\"position\":2,\"name\":\"Primeira creche p\u00fablica do Riacho Fundo oferecer\u00e1 atendimento integral para 188 crian\u00e7as\"}]},{\"@type\":\"WebSite\",\"@id\":\"https:\\\/\\\/www.p31noticias.com.br\\\/#website\",\"url\":\"https:\\\/\\\/www.p31noticias.com.br\\\/\",\"name\":\"P31\",\"description\":\"NOT\u00cdCIAS\",\"potentialAction\":[{\"@type\":\"SearchAction\",\"target\":{\"@type\":\"EntryPoint\",\"urlTemplate\":\"https:\\\/\\\/www.p31noticias.com.br\\\/?s={search_term_string}\"},\"query-input\":{\"@type\":\"PropertyValueSpecification\",\"valueRequired\":true,\"valueName\":\"search_term_string\"}}],\"inLanguage\":\"pt-BR\"},{\"@type\":\"Person\",\"@id\":\"https:\\\/\\\/www.p31noticias.com.br\\\/#\\\/schema\\\/person\\\/95f2ece30e3b4132065b915150cd0f94\",\"name\":\"Gon\u00e7alves Junior\",\"image\":{\"@type\":\"ImageObject\",\"inLanguage\":\"pt-BR\",\"@id\":\"https:\\\/\\\/secure.gravatar.com\\\/avatar\\\/6711f350116a89762687a48d66f723c799e5438a5b7578508d4294cd7a5d0800?s=96&d=mm&r=g\",\"url\":\"https:\\\/\\\/secure.gravatar.com\\\/avatar\\\/6711f350116a89762687a48d66f723c799e5438a5b7578508d4294cd7a5d0800?s=96&d=mm&r=g\",\"contentUrl\":\"https:\\\/\\\/secure.gravatar.com\\\/avatar\\\/6711f350116a89762687a48d66f723c799e5438a5b7578508d4294cd7a5d0800?s=96&d=mm&r=g\",\"caption\":\"Gon\u00e7alves Junior\"},\"url\":\"https:\\\/\\\/www.p31noticias.com.br\\\/?author=2\"}]}<\/script>\n<!-- \/ Yoast SEO Premium plugin. -->","yoast_head_json":{"title":"Primeira creche p\u00fablica do Riacho Fundo oferecer\u00e1 atendimento integral para 188 crian\u00e7as - P31","robots":{"index":"index","follow":"follow","max-snippet":"max-snippet:-1","max-image-preview":"max-image-preview:large","max-video-preview":"max-video-preview:-1"},"canonical":"https:\/\/www.p31noticias.com.br\/?p=65128","og_locale":"pt_BR","og_type":"article","og_title":"Primeira creche p\u00fablica do Riacho Fundo oferecer\u00e1 atendimento integral para 188 crian\u00e7as","og_description":"Obra tem investimento de R$ 5,9 milh\u00f5es do Governo do Distrito Federal e est\u00e1 em fase de acabamento; servi\u00e7o oferece alimenta\u00e7\u00e3o de qualidade e desenvolvimento infantil A comunidade do Riacho Fundo se prepara para receber o primeiro Centro de Educa\u00e7\u00e3o para Primeira Inf\u00e2ncia (Cepi). Com um investimento de mais de R$ 5,9 milh\u00f5es do Governo [&hellip;]","og_url":"https:\/\/www.p31noticias.com.br\/?p=65128","og_site_name":"P31","article_published_time":"2025-04-06T03:49:44+00:00","og_image":[{"width":400,"height":300,"url":"https:\/\/www.p31noticias.com.br\/wp-content\/uploads\/2025\/04\/Capa-13-400x300-1.jpg","type":"image\/jpeg"}],"author":"Gon\u00e7alves Junior","twitter_card":"summary_large_image","twitter_misc":{"Escrito por":"Gon\u00e7alves Junior","Est. tempo de leitura":"4 minutos"},"schema":{"@context":"https:\/\/schema.org","@graph":[{"@type":"Article","@id":"https:\/\/www.p31noticias.com.br\/?p=65128#article","isPartOf":{"@id":"https:\/\/www.p31noticias.com.br\/?p=65128"},"author":{"name":"Gon\u00e7alves Junior","@id":"https:\/\/www.p31noticias.com.br\/#\/schema\/person\/95f2ece30e3b4132065b915150cd0f94"},"headline":"Primeira creche p\u00fablica do Riacho Fundo oferecer\u00e1 atendimento integral para 188 crian\u00e7as","datePublished":"2025-04-06T03:49:44+00:00","mainEntityOfPage":{"@id":"https:\/\/www.p31noticias.com.br\/?p=65128"},"wordCount":631,"commentCount":0,"image":{"@id":"https:\/\/www.p31noticias.com.br\/?p=65128#primaryimage"},"thumbnailUrl":"https:\/\/www.p31noticias.com.br\/wp-content\/uploads\/2025\/04\/Capa-13-400x300-1.jpg","articleSection":["Bras\u00edlia","Pol\u00edtica"],"inLanguage":"pt-BR","potentialAction":[{"@type":"CommentAction","name":"Comment","target":["https:\/\/www.p31noticias.com.br\/?p=65128#respond"]}],"copyrightYear":"2025","copyrightHolder":{"@id":"https:\/\/www.p31noticias.com.br\/#organization"}},{"@type":"WebPage","@id":"https:\/\/www.p31noticias.com.br\/?p=65128","url":"https:\/\/www.p31noticias.com.br\/?p=65128","name":"Primeira creche p\u00fablica do Riacho Fundo oferecer\u00e1 atendimento integral para 188 crian\u00e7as - P31","isPartOf":{"@id":"https:\/\/www.p31noticias.com.br\/#website"},"primaryImageOfPage":{"@id":"https:\/\/www.p31noticias.com.br\/?p=65128#primaryimage"},"image":{"@id":"https:\/\/www.p31noticias.com.br\/?p=65128#primaryimage"},"thumbnailUrl":"https:\/\/www.p31noticias.com.br\/wp-content\/uploads\/2025\/04\/Capa-13-400x300-1.jpg","datePublished":"2025-04-06T03:49:44+00:00","author":{"@id":"https:\/\/www.p31noticias.com.br\/#\/schema\/person\/95f2ece30e3b4132065b915150cd0f94"},"breadcrumb":{"@id":"https:\/\/www.p31noticias.com.br\/?p=65128#breadcrumb"},"inLanguage":"pt-BR","potentialAction":[{"@type":"ReadAction","target":["https:\/\/www.p31noticias.com.br\/?p=65128"]}]},{"@type":"ImageObject","inLanguage":"pt-BR","@id":"https:\/\/www.p31noticias.com.br\/?p=65128#primaryimage","url":"https:\/\/www.p31noticias.com.br\/wp-content\/uploads\/2025\/04\/Capa-13-400x300-1.jpg","contentUrl":"https:\/\/www.p31noticias.com.br\/wp-content\/uploads\/2025\/04\/Capa-13-400x300-1.jpg","width":400,"height":300},{"@type":"BreadcrumbList","@id":"https:\/\/www.p31noticias.com.br\/?p=65128#breadcrumb","itemListElement":[{"@type":"ListItem","position":1,"name":"In\u00edcio","item":"https:\/\/www.p31noticias.com.br\/"},{"@type":"ListItem","position":2,"name":"Primeira creche p\u00fablica do Riacho Fundo oferecer\u00e1 atendimento integral para 188 crian\u00e7as"}]},{"@type":"WebSite","@id":"https:\/\/www.p31noticias.com.br\/#website","url":"https:\/\/www.p31noticias.com.br\/","name":"P31","description":"NOT\u00cdCIAS","potentialAction":[{"@type":"SearchAction","target":{"@type":"EntryPoint","urlTemplate":"https:\/\/www.p31noticias.com.br\/?s={search_term_string}"},"query-input":{"@type":"PropertyValueSpecification","valueRequired":true,"valueName":"search_term_string"}}],"inLanguage":"pt-BR"},{"@type":"Person","@id":"https:\/\/www.p31noticias.com.br\/#\/schema\/person\/95f2ece30e3b4132065b915150cd0f94","name":"Gon\u00e7alves Junior","image":{"@type":"ImageObject","inLanguage":"pt-BR","@id":"https:\/\/secure.gravatar.com\/avatar\/6711f350116a89762687a48d66f723c799e5438a5b7578508d4294cd7a5d0800?s=96&d=mm&r=g","url":"https:\/\/secure.gravatar.com\/avatar\/6711f350116a89762687a48d66f723c799e5438a5b7578508d4294cd7a5d0800?s=96&d=mm&r=g","contentUrl":"https:\/\/secure.gravatar.com\/avatar\/6711f350116a89762687a48d66f723c799e5438a5b7578508d4294cd7a5d0800?s=96&d=mm&r=g","caption":"Gon\u00e7alves Junior"},"url":"https:\/\/www.p31noticias.com.br\/?author=2"}]}},"amp_enabled":true,"_links":{"self":[{"href":"https:\/\/www.p31noticias.com.br\/index.php?rest_route=\/wp\/v2\/posts\/65128","targetHints":{"allow":["GET"]}}],"collection":[{"href":"https:\/\/www.p31noticias.com.br\/index.php?rest_route=\/wp\/v2\/posts"}],"about":[{"href":"https:\/\/www.p31noticias.com.br\/index.php?rest_route=\/wp\/v2\/types\/post"}],"author":[{"embeddable":true,"href":"https:\/\/www.p31noticias.com.br\/index.php?rest_route=\/wp\/v2\/users\/2"}],"replies":[{"embeddable":true,"href":"https:\/\/www.p31noticias.com.br\/index.php?rest_route=%2Fwp%2Fv2%2Fcomments&post=65128"}],"version-history":[{"count":1,"href":"https:\/\/www.p31noticias.com.br\/index.php?rest_route=\/wp\/v2\/posts\/65128\/revisions"}],"predecessor-version":[{"id":65130,"href":"https:\/\/www.p31noticias.com.br\/index.php?rest_route=\/wp\/v2\/posts\/65128\/revisions\/65130"}],"wp:featuredmedia":[{"embeddable":true,"href":"https:\/\/www.p31noticias.com.br\/index.php?rest_route=\/wp\/v2\/media\/65129"}],"wp:attachment":[{"href":"https:\/\/www.p31noticias.com.br\/index.php?rest_route=%2Fwp%2Fv2%2Fmedia&parent=65128"}],"wp:term":[{"taxonomy":"category","embeddable":true,"href":"https:\/\/www.p31noticias.com.br\/index.php?rest_route=%2Fwp%2Fv2%2Fcategories&post=65128"},{"taxonomy":"post_tag","embeddable":true,"href":"https:\/\/www.p31noticias.com.br\/index.php?rest_route=%2Fwp%2Fv2%2Ftags&post=65128"}],"curies":[{"name":"wp","href":"https:\/\/api.w.org\/{rel}","templated":true}]}}