{"id":65121,"date":"2025-04-03T21:24:57","date_gmt":"2025-04-04T00:24:57","guid":{"rendered":"https:\/\/www.p31noticias.com.br\/?p=65121"},"modified":"2025-04-03T21:24:57","modified_gmt":"2025-04-04T00:24:57","slug":"pix-parcelado-deve-ser-lancado-em-setembro-diz-banco-central","status":"publish","type":"post","link":"https:\/\/www.p31noticias.com.br\/?p=65121","title":{"rendered":"Pix parcelado deve ser lan\u00e7ado em setembro, diz Banco Central"},"content":{"rendered":"<p style=\"text-align: justify;\"><em><strong>BC divulgou datas prov\u00e1veis de novas funcionalidades do Pix<\/strong><\/em><\/p>\n<p style=\"text-align: justify;\">Um dia depois de o presidente do Banco Central (BC), Gabriel Gal\u00edpolo,\u00a0<a href=\"https:\/\/agenciabrasil.ebc.com.br\/economia\/noticia\/2025-04\/presidente-do-bc-anuncia-uso-de-pix-como-garantia-de-emprestimos\" target=\"_blank\" rel=\"noopener\">anunciar inova\u00e7\u00f5es no Pix<\/a>,\u00a0o \u00f3rg\u00e3o divulgou as datas prov\u00e1veis para o lan\u00e7amento de tr\u00eas funcionalidades no sistema de transfer\u00eancias instant\u00e2neas.<img decoding=\"async\" src=\"https:\/\/agenciabrasil.ebc.com.br\/ebc.png?id=1637472&amp;o=node\" \/>As novas ferramentas devem estar dispon\u00edveis nas seguintes datas:<\/p>\n<ul style=\"text-align: justify;\">\n<li><strong>Pix parcelado: setembro deste ano;<\/strong><\/li>\n<li><strong>Pix em garantia: 2026;<\/strong><\/li>\n<li><strong>Autoatendimento do Mecanismo Especial de Devolu\u00e7\u00e3o: 1\u00ba de outubro.<\/strong><\/li>\n<\/ul>\n<h2 style=\"text-align: justify;\">Pix parcelado<\/h2>\n<p style=\"text-align: justify;\"><strong>O Pix parcelado permitir\u00e1 que o pagador contraia um cr\u00e9dito para permitir o parcelamento de uma transa\u00e7\u00e3o.<\/strong>\u00a0Semelhante \u00e0 modalidade com juros do cart\u00e3o de cr\u00e9dito parcelado, o recebedor ter\u00e1 acesso instant\u00e2neo a todo o valor da transa\u00e7\u00e3o, mas o pagador poder\u00e1 parcelar o valor, com acr\u00e9scimo.<\/p>\n<p style=\"text-align: justify;\">Segundo o BC, a ferramenta dever\u00e1 estimular o uso do Pix no varejo para a compra de bens e servi\u00e7os de valor mais elevado, favorecendo quem n\u00e3o tem acesso a esse tipo de opera\u00e7\u00e3o. O Pix parcelado poder\u00e1 ser usado para qualquer tipo de transa\u00e7\u00e3o Pix, inclusive para transfer\u00eancias.<\/p>\n<h2 style=\"text-align: justify;\">Pix em garantia<\/h2>\n<p style=\"text-align: justify;\"><strong>Com o objetivo de ajudar empreendedores, o Pix em garantia permitir\u00e1 que empresas ofere\u00e7am receb\u00edveis futuros (valores a receber) de Pix como garantia em opera\u00e7\u00f5es de cr\u00e9dito.<\/strong>\u00a0A modalidade poder\u00e1 baratear os juros das linhas de cr\u00e9dito a pessoas jur\u00eddicas, principalmente para as que usam mais o Pix.<\/p>\n<p style=\"text-align: justify;\">A garantia de uma linha de cr\u00e9dito permite que a institui\u00e7\u00e3o financeira tome bens e recursos para cobrir eventuais calotes. O BC esclareceu que o Pix em garantia \u00e9 voltado apenas para estabelecimentos comerciais e empresas, sem mudan\u00e7as na forma como as pessoas f\u00edsicas usam o Pix. Segundo o BC, o lan\u00e7amento s\u00f3 ocorrer\u00e1 em 2026 porque a ferramenta exige uma infraestrutura mais complexa.<\/p>\n<h2 style=\"text-align: justify;\">Autoatendimento do Mecanismo Especial de Devolu\u00e7\u00e3o (MED)<\/h2>\n<p style=\"text-align: justify;\"><strong>Aplic\u00e1vel somente para fraudes, golpes e crimes, o autoatendimento permite a contesta\u00e7\u00e3o de transa\u00e7\u00f5es Pix de forma simples e intuitiva diretamente por meio do aplicativo dos bancos.<\/strong>\u00a0O processo moderniza o MED porque passa a ser feito de forma 100% digital, sem a necessidade de intera\u00e7\u00e3o com o atendimento da institui\u00e7\u00e3o financeira.<\/p>\n<p style=\"text-align: justify;\">Existente desde 2021,\u00a0o\u00a0<a href=\"https:\/\/agenciabrasil.ebc.com.br\/economia\/noticia\/2021-11\/pix-completa-um-ano-com-nova-funcionalidade-de-devolucao\" target=\"_blank\" rel=\"noopener\">Mecanismo Especial de Devolu\u00e7\u00e3o<\/a>\u00a0s\u00f3 pode ser usado em caso comprovado de fraudes ou de erros operacionais da institui\u00e7\u00e3o financeira. A ferramenta n\u00e3o pode ser usada para desacordos comerciais, casos entre terceiros de boa-f\u00e9 e envio de Pix para a pessoa errada por erro do pr\u00f3prio usu\u00e1rio pagador (como erro de digita\u00e7\u00e3o de uma chave).<\/p>\n<p style=\"text-align: justify;\">Com o autoatendimento do MED, o usu\u00e1rio poder\u00e1 consultar o\u00a0<em>status<\/em>\u00a0e a evolu\u00e7\u00e3o dos pedidos de devolu\u00e7\u00e3o efetuados. Segundo o BC, a moderniza\u00e7\u00e3o acelerar\u00e1 os pedidos de devolu\u00e7\u00e3o, aumentando a chance de os recursos transferidos por fraude serem bloqueados na conta do fraudador e devolvidos para a v\u00edtima.<\/p>\n<h2 style=\"text-align: justify;\">Diferencia\u00e7\u00e3o de comprovantes<\/h2>\n<p style=\"text-align: justify;\">Desde ter\u00e7a-feira (1\u00ba), o comprovante de agendamento de um Pix deve conter o termo &#8220;Agendamento Pix&#8221; e \u00edcone do tipo\u00a0<em>calendar clock<\/em>\u00a0(rel\u00f3gio e calend\u00e1rio). Os comprovantes de pagamentos conclu\u00eddos devem conter o \u00edcone do tipo\u00a0<em>check<\/em>\u00a0(sinal de conclu\u00eddo). A medida passou a ser obrigat\u00f3ria para todos os bancos.<\/p>\n<p style=\"text-align: justify;\">Segundo o BC, a diferencia\u00e7\u00e3o ajudar\u00e1 a combater o golpe do falso comprovante e facilitar\u00e1 para o recebedor a identifica\u00e7\u00e3o de que uma transa\u00e7\u00e3o foi de fato conclu\u00edda. Nos \u00faltimos tempos, tornou-se comum um golpe em que o pagador mostra o comprovante de Pix agendado ao vendedor. Por ter de olhar r\u00e1pido e sem elementos visuais para identificar facilmente se a transa\u00e7\u00e3o n\u00e3o foi conclu\u00edda, o vendedor fica sem receber os recursos quando o pagador cancela o agendamento.<\/p>\n<p style=\"text-align: justify;\"><em><strong>Ag\u00eancia Brasil<\/strong><\/em><\/p>\n","protected":false},"excerpt":{"rendered":"<p>BC divulgou datas prov\u00e1veis de novas funcionalidades do Pix Um dia depois de o presidente do Banco Central (BC), Gabriel Gal\u00edpolo,\u00a0anunciar inova\u00e7\u00f5es no Pix,\u00a0o \u00f3rg\u00e3o divulgou as datas prov\u00e1veis para o lan\u00e7amento de tr\u00eas funcionalidades no sistema de transfer\u00eancias instant\u00e2neas.As novas ferramentas devem estar dispon\u00edveis nas seguintes datas: Pix parcelado: setembro deste ano; Pix em [&hellip;]<\/p>\n","protected":false},"author":2,"featured_media":65123,"comment_status":"open","ping_status":"closed","sticky":false,"template":"","format":"standard","meta":{"footnotes":""},"categories":[68,637],"tags":[],"class_list":{"0":"post-65121","1":"post","2":"type-post","3":"status-publish","4":"format-standard","5":"has-post-thumbnail","7":"category-brasil","8":"category-economia"},"yoast_head":"<!-- This site is optimized with the Yoast SEO Premium plugin v24.5 (Yoast SEO v27.4) - https:\/\/yoast.com\/product\/yoast-seo-premium-wordpress\/ -->\n<title>Pix parcelado deve ser lan\u00e7ado em setembro, diz Banco Central - P31<\/title>\n<meta name=\"robots\" content=\"index, follow, max-snippet:-1, max-image-preview:large, max-video-preview:-1\" \/>\n<link rel=\"canonical\" href=\"https:\/\/www.p31noticias.com.br\/?p=65121\" \/>\n<meta property=\"og:locale\" content=\"pt_BR\" \/>\n<meta property=\"og:type\" content=\"article\" \/>\n<meta property=\"og:title\" content=\"Pix parcelado deve ser lan\u00e7ado em setembro, diz Banco Central\" \/>\n<meta property=\"og:description\" content=\"BC divulgou datas prov\u00e1veis de novas funcionalidades do Pix Um dia depois de o presidente do Banco Central (BC), Gabriel Gal\u00edpolo,\u00a0anunciar inova\u00e7\u00f5es no Pix,\u00a0o \u00f3rg\u00e3o divulgou as datas prov\u00e1veis para o lan\u00e7amento de tr\u00eas funcionalidades no sistema de transfer\u00eancias instant\u00e2neas.As novas ferramentas devem estar dispon\u00edveis nas seguintes datas: Pix parcelado: setembro deste ano; Pix em [&hellip;]\" \/>\n<meta property=\"og:url\" content=\"https:\/\/www.p31noticias.com.br\/?p=65121\" \/>\n<meta property=\"og:site_name\" content=\"P31\" \/>\n<meta property=\"article:published_time\" content=\"2025-04-04T00:24:57+00:00\" \/>\n<meta property=\"og:image\" content=\"https:\/\/www.p31noticias.com.br\/wp-content\/uploads\/2025\/04\/mg_5213-1.webp\" \/>\n\t<meta property=\"og:image:width\" content=\"390\" \/>\n\t<meta property=\"og:image:height\" content=\"240\" \/>\n\t<meta property=\"og:image:type\" content=\"image\/webp\" \/>\n<meta name=\"author\" content=\"Gon\u00e7alves Junior\" \/>\n<meta name=\"twitter:card\" content=\"summary_large_image\" \/>\n<meta name=\"twitter:label1\" content=\"Escrito por\" \/>\n\t<meta name=\"twitter:data1\" content=\"Gon\u00e7alves Junior\" \/>\n\t<meta name=\"twitter:label2\" content=\"Est. tempo de leitura\" \/>\n\t<meta name=\"twitter:data2\" content=\"4 minutos\" \/>\n<script type=\"application\/ld+json\" class=\"yoast-schema-graph\">{\"@context\":\"https:\\\/\\\/schema.org\",\"@graph\":[{\"@type\":\"Article\",\"@id\":\"https:\\\/\\\/www.p31noticias.com.br\\\/?p=65121#article\",\"isPartOf\":{\"@id\":\"https:\\\/\\\/www.p31noticias.com.br\\\/?p=65121\"},\"author\":{\"name\":\"Gon\u00e7alves Junior\",\"@id\":\"https:\\\/\\\/www.p31noticias.com.br\\\/#\\\/schema\\\/person\\\/95f2ece30e3b4132065b915150cd0f94\"},\"headline\":\"Pix parcelado deve ser lan\u00e7ado em setembro, diz Banco Central\",\"datePublished\":\"2025-04-04T00:24:57+00:00\",\"mainEntityOfPage\":{\"@id\":\"https:\\\/\\\/www.p31noticias.com.br\\\/?p=65121\"},\"wordCount\":653,\"commentCount\":0,\"image\":{\"@id\":\"https:\\\/\\\/www.p31noticias.com.br\\\/?p=65121#primaryimage\"},\"thumbnailUrl\":\"https:\\\/\\\/www.p31noticias.com.br\\\/wp-content\\\/uploads\\\/2025\\\/04\\\/mg_5213-1.webp\",\"articleSection\":[\"Brasil\",\"Economia\"],\"inLanguage\":\"pt-BR\",\"potentialAction\":[{\"@type\":\"CommentAction\",\"name\":\"Comment\",\"target\":[\"https:\\\/\\\/www.p31noticias.com.br\\\/?p=65121#respond\"]}],\"copyrightYear\":\"2025\",\"copyrightHolder\":{\"@id\":\"https:\\\/\\\/www.p31noticias.com.br\\\/#organization\"}},{\"@type\":\"WebPage\",\"@id\":\"https:\\\/\\\/www.p31noticias.com.br\\\/?p=65121\",\"url\":\"https:\\\/\\\/www.p31noticias.com.br\\\/?p=65121\",\"name\":\"Pix parcelado deve ser lan\u00e7ado em setembro, diz Banco Central - P31\",\"isPartOf\":{\"@id\":\"https:\\\/\\\/www.p31noticias.com.br\\\/#website\"},\"primaryImageOfPage\":{\"@id\":\"https:\\\/\\\/www.p31noticias.com.br\\\/?p=65121#primaryimage\"},\"image\":{\"@id\":\"https:\\\/\\\/www.p31noticias.com.br\\\/?p=65121#primaryimage\"},\"thumbnailUrl\":\"https:\\\/\\\/www.p31noticias.com.br\\\/wp-content\\\/uploads\\\/2025\\\/04\\\/mg_5213-1.webp\",\"datePublished\":\"2025-04-04T00:24:57+00:00\",\"author\":{\"@id\":\"https:\\\/\\\/www.p31noticias.com.br\\\/#\\\/schema\\\/person\\\/95f2ece30e3b4132065b915150cd0f94\"},\"breadcrumb\":{\"@id\":\"https:\\\/\\\/www.p31noticias.com.br\\\/?p=65121#breadcrumb\"},\"inLanguage\":\"pt-BR\",\"potentialAction\":[{\"@type\":\"ReadAction\",\"target\":[\"https:\\\/\\\/www.p31noticias.com.br\\\/?p=65121\"]}]},{\"@type\":\"ImageObject\",\"inLanguage\":\"pt-BR\",\"@id\":\"https:\\\/\\\/www.p31noticias.com.br\\\/?p=65121#primaryimage\",\"url\":\"https:\\\/\\\/www.p31noticias.com.br\\\/wp-content\\\/uploads\\\/2025\\\/04\\\/mg_5213-1.webp\",\"contentUrl\":\"https:\\\/\\\/www.p31noticias.com.br\\\/wp-content\\\/uploads\\\/2025\\\/04\\\/mg_5213-1.webp\",\"width\":390,\"height\":240},{\"@type\":\"BreadcrumbList\",\"@id\":\"https:\\\/\\\/www.p31noticias.com.br\\\/?p=65121#breadcrumb\",\"itemListElement\":[{\"@type\":\"ListItem\",\"position\":1,\"name\":\"In\u00edcio\",\"item\":\"https:\\\/\\\/www.p31noticias.com.br\\\/\"},{\"@type\":\"ListItem\",\"position\":2,\"name\":\"Pix parcelado deve ser lan\u00e7ado em setembro, diz Banco Central\"}]},{\"@type\":\"WebSite\",\"@id\":\"https:\\\/\\\/www.p31noticias.com.br\\\/#website\",\"url\":\"https:\\\/\\\/www.p31noticias.com.br\\\/\",\"name\":\"P31\",\"description\":\"NOT\u00cdCIAS\",\"potentialAction\":[{\"@type\":\"SearchAction\",\"target\":{\"@type\":\"EntryPoint\",\"urlTemplate\":\"https:\\\/\\\/www.p31noticias.com.br\\\/?s={search_term_string}\"},\"query-input\":{\"@type\":\"PropertyValueSpecification\",\"valueRequired\":true,\"valueName\":\"search_term_string\"}}],\"inLanguage\":\"pt-BR\"},{\"@type\":\"Person\",\"@id\":\"https:\\\/\\\/www.p31noticias.com.br\\\/#\\\/schema\\\/person\\\/95f2ece30e3b4132065b915150cd0f94\",\"name\":\"Gon\u00e7alves Junior\",\"image\":{\"@type\":\"ImageObject\",\"inLanguage\":\"pt-BR\",\"@id\":\"https:\\\/\\\/secure.gravatar.com\\\/avatar\\\/6711f350116a89762687a48d66f723c799e5438a5b7578508d4294cd7a5d0800?s=96&d=mm&r=g\",\"url\":\"https:\\\/\\\/secure.gravatar.com\\\/avatar\\\/6711f350116a89762687a48d66f723c799e5438a5b7578508d4294cd7a5d0800?s=96&d=mm&r=g\",\"contentUrl\":\"https:\\\/\\\/secure.gravatar.com\\\/avatar\\\/6711f350116a89762687a48d66f723c799e5438a5b7578508d4294cd7a5d0800?s=96&d=mm&r=g\",\"caption\":\"Gon\u00e7alves Junior\"},\"url\":\"https:\\\/\\\/www.p31noticias.com.br\\\/?author=2\"}]}<\/script>\n<!-- \/ Yoast SEO Premium plugin. -->","yoast_head_json":{"title":"Pix parcelado deve ser lan\u00e7ado em setembro, diz Banco Central - P31","robots":{"index":"index","follow":"follow","max-snippet":"max-snippet:-1","max-image-preview":"max-image-preview:large","max-video-preview":"max-video-preview:-1"},"canonical":"https:\/\/www.p31noticias.com.br\/?p=65121","og_locale":"pt_BR","og_type":"article","og_title":"Pix parcelado deve ser lan\u00e7ado em setembro, diz Banco Central","og_description":"BC divulgou datas prov\u00e1veis de novas funcionalidades do Pix Um dia depois de o presidente do Banco Central (BC), Gabriel Gal\u00edpolo,\u00a0anunciar inova\u00e7\u00f5es no Pix,\u00a0o \u00f3rg\u00e3o divulgou as datas prov\u00e1veis para o lan\u00e7amento de tr\u00eas funcionalidades no sistema de transfer\u00eancias instant\u00e2neas.As novas ferramentas devem estar dispon\u00edveis nas seguintes datas: Pix parcelado: setembro deste ano; Pix em [&hellip;]","og_url":"https:\/\/www.p31noticias.com.br\/?p=65121","og_site_name":"P31","article_published_time":"2025-04-04T00:24:57+00:00","og_image":[{"width":390,"height":240,"url":"https:\/\/www.p31noticias.com.br\/wp-content\/uploads\/2025\/04\/mg_5213-1.webp","type":"image\/webp"}],"author":"Gon\u00e7alves Junior","twitter_card":"summary_large_image","twitter_misc":{"Escrito por":"Gon\u00e7alves Junior","Est. tempo de leitura":"4 minutos"},"schema":{"@context":"https:\/\/schema.org","@graph":[{"@type":"Article","@id":"https:\/\/www.p31noticias.com.br\/?p=65121#article","isPartOf":{"@id":"https:\/\/www.p31noticias.com.br\/?p=65121"},"author":{"name":"Gon\u00e7alves Junior","@id":"https:\/\/www.p31noticias.com.br\/#\/schema\/person\/95f2ece30e3b4132065b915150cd0f94"},"headline":"Pix parcelado deve ser lan\u00e7ado em setembro, diz Banco Central","datePublished":"2025-04-04T00:24:57+00:00","mainEntityOfPage":{"@id":"https:\/\/www.p31noticias.com.br\/?p=65121"},"wordCount":653,"commentCount":0,"image":{"@id":"https:\/\/www.p31noticias.com.br\/?p=65121#primaryimage"},"thumbnailUrl":"https:\/\/www.p31noticias.com.br\/wp-content\/uploads\/2025\/04\/mg_5213-1.webp","articleSection":["Brasil","Economia"],"inLanguage":"pt-BR","potentialAction":[{"@type":"CommentAction","name":"Comment","target":["https:\/\/www.p31noticias.com.br\/?p=65121#respond"]}],"copyrightYear":"2025","copyrightHolder":{"@id":"https:\/\/www.p31noticias.com.br\/#organization"}},{"@type":"WebPage","@id":"https:\/\/www.p31noticias.com.br\/?p=65121","url":"https:\/\/www.p31noticias.com.br\/?p=65121","name":"Pix parcelado deve ser lan\u00e7ado em setembro, diz Banco Central - P31","isPartOf":{"@id":"https:\/\/www.p31noticias.com.br\/#website"},"primaryImageOfPage":{"@id":"https:\/\/www.p31noticias.com.br\/?p=65121#primaryimage"},"image":{"@id":"https:\/\/www.p31noticias.com.br\/?p=65121#primaryimage"},"thumbnailUrl":"https:\/\/www.p31noticias.com.br\/wp-content\/uploads\/2025\/04\/mg_5213-1.webp","datePublished":"2025-04-04T00:24:57+00:00","author":{"@id":"https:\/\/www.p31noticias.com.br\/#\/schema\/person\/95f2ece30e3b4132065b915150cd0f94"},"breadcrumb":{"@id":"https:\/\/www.p31noticias.com.br\/?p=65121#breadcrumb"},"inLanguage":"pt-BR","potentialAction":[{"@type":"ReadAction","target":["https:\/\/www.p31noticias.com.br\/?p=65121"]}]},{"@type":"ImageObject","inLanguage":"pt-BR","@id":"https:\/\/www.p31noticias.com.br\/?p=65121#primaryimage","url":"https:\/\/www.p31noticias.com.br\/wp-content\/uploads\/2025\/04\/mg_5213-1.webp","contentUrl":"https:\/\/www.p31noticias.com.br\/wp-content\/uploads\/2025\/04\/mg_5213-1.webp","width":390,"height":240},{"@type":"BreadcrumbList","@id":"https:\/\/www.p31noticias.com.br\/?p=65121#breadcrumb","itemListElement":[{"@type":"ListItem","position":1,"name":"In\u00edcio","item":"https:\/\/www.p31noticias.com.br\/"},{"@type":"ListItem","position":2,"name":"Pix parcelado deve ser lan\u00e7ado em setembro, diz Banco Central"}]},{"@type":"WebSite","@id":"https:\/\/www.p31noticias.com.br\/#website","url":"https:\/\/www.p31noticias.com.br\/","name":"P31","description":"NOT\u00cdCIAS","potentialAction":[{"@type":"SearchAction","target":{"@type":"EntryPoint","urlTemplate":"https:\/\/www.p31noticias.com.br\/?s={search_term_string}"},"query-input":{"@type":"PropertyValueSpecification","valueRequired":true,"valueName":"search_term_string"}}],"inLanguage":"pt-BR"},{"@type":"Person","@id":"https:\/\/www.p31noticias.com.br\/#\/schema\/person\/95f2ece30e3b4132065b915150cd0f94","name":"Gon\u00e7alves Junior","image":{"@type":"ImageObject","inLanguage":"pt-BR","@id":"https:\/\/secure.gravatar.com\/avatar\/6711f350116a89762687a48d66f723c799e5438a5b7578508d4294cd7a5d0800?s=96&d=mm&r=g","url":"https:\/\/secure.gravatar.com\/avatar\/6711f350116a89762687a48d66f723c799e5438a5b7578508d4294cd7a5d0800?s=96&d=mm&r=g","contentUrl":"https:\/\/secure.gravatar.com\/avatar\/6711f350116a89762687a48d66f723c799e5438a5b7578508d4294cd7a5d0800?s=96&d=mm&r=g","caption":"Gon\u00e7alves Junior"},"url":"https:\/\/www.p31noticias.com.br\/?author=2"}]}},"amp_enabled":true,"_links":{"self":[{"href":"https:\/\/www.p31noticias.com.br\/index.php?rest_route=\/wp\/v2\/posts\/65121","targetHints":{"allow":["GET"]}}],"collection":[{"href":"https:\/\/www.p31noticias.com.br\/index.php?rest_route=\/wp\/v2\/posts"}],"about":[{"href":"https:\/\/www.p31noticias.com.br\/index.php?rest_route=\/wp\/v2\/types\/post"}],"author":[{"embeddable":true,"href":"https:\/\/www.p31noticias.com.br\/index.php?rest_route=\/wp\/v2\/users\/2"}],"replies":[{"embeddable":true,"href":"https:\/\/www.p31noticias.com.br\/index.php?rest_route=%2Fwp%2Fv2%2Fcomments&post=65121"}],"version-history":[{"count":1,"href":"https:\/\/www.p31noticias.com.br\/index.php?rest_route=\/wp\/v2\/posts\/65121\/revisions"}],"predecessor-version":[{"id":65124,"href":"https:\/\/www.p31noticias.com.br\/index.php?rest_route=\/wp\/v2\/posts\/65121\/revisions\/65124"}],"wp:featuredmedia":[{"embeddable":true,"href":"https:\/\/www.p31noticias.com.br\/index.php?rest_route=\/wp\/v2\/media\/65123"}],"wp:attachment":[{"href":"https:\/\/www.p31noticias.com.br\/index.php?rest_route=%2Fwp%2Fv2%2Fmedia&parent=65121"}],"wp:term":[{"taxonomy":"category","embeddable":true,"href":"https:\/\/www.p31noticias.com.br\/index.php?rest_route=%2Fwp%2Fv2%2Fcategories&post=65121"},{"taxonomy":"post_tag","embeddable":true,"href":"https:\/\/www.p31noticias.com.br\/index.php?rest_route=%2Fwp%2Fv2%2Ftags&post=65121"}],"curies":[{"name":"wp","href":"https:\/\/api.w.org\/{rel}","templated":true}]}}