{"id":64368,"date":"2024-11-29T14:18:40","date_gmt":"2024-11-29T17:18:40","guid":{"rendered":"https:\/\/www.p31noticias.com.br\/?p=64368"},"modified":"2024-11-29T14:18:40","modified_gmt":"2024-11-29T17:18:40","slug":"dirigentes-de-entidades-de-ceilandia-sao-convocados-sobre-permissao-de-uso","status":"publish","type":"post","link":"https:\/\/www.p31noticias.com.br\/?p=64368","title":{"rendered":"Dirigentes de entidades de Ceil\u00e2ndia s\u00e3o convocados sobre permiss\u00e3o de uso"},"content":{"rendered":"<p style=\"text-align: justify;\"><em><strong>Os respons\u00e1veis receber\u00e3o instru\u00e7\u00f5es para abertura do processo para emiss\u00e3o da PNQ, documento que mant\u00e9m os locais em atividade enquanto tramita o processo de regulariza\u00e7\u00e3o fundi\u00e1ria definitiva<\/strong><\/em><\/p>\n<p style=\"text-align: justify;\">A Secretaria da Fam\u00edlia e Juventude (SEFJ-DF) convocou dirigentes de entidades religiosas, sem fins lucrativos e sociais para iniciarem o processo da Permiss\u00e3o N\u00e3o Qualificada, a PNQ. Dessa vez, ser\u00e3o atendidos representantes das institui\u00e7\u00f5es localizadas em Ceil\u00e2ndia, com processos de regulariza\u00e7\u00e3o fundi\u00e1ria de \u00e1reas p\u00fablicas em andamentos, junto aos \u00f3rg\u00e3os respons\u00e1veis no Governo do Distrito Federal (GDF). A reuni\u00e3o ser\u00e1 realizada em 5 de dezembro, \u00e0s 14h30, na sede da secretaria.<\/p>\n<div id=\"attachment_694008\" class=\"wp-caption alignleft\" style=\"text-align: justify; width: 364px;\"><img loading=\"lazy\" decoding=\"async\" class=\"wp-image-694008 \" src=\"http:\/\/www.agenciabrasilia.df.gov.br\/wp-conteudo\/uploads\/2024\/11\/PNQ.jpg\" sizes=\"auto, (max-width: 1280px) 100vw, 1280px\" srcset=\"https:\/\/agenciabrasilia.df.gov.br\/wp-conteudo\/uploads\/2024\/11\/PNQ.jpg 1280w, https:\/\/agenciabrasilia.df.gov.br\/wp-conteudo\/uploads\/2024\/11\/PNQ-300x169.jpg 300w, https:\/\/agenciabrasilia.df.gov.br\/wp-conteudo\/uploads\/2024\/11\/PNQ-768x432.jpg 768w\" alt=\"\" width=\"364\" height=\"205\" aria-describedby=\"caption-attachment-694008\" \/><\/p>\n<p id=\"caption-attachment-694008\" class=\"wp-caption-text\">Dirigentes de entidades da Ceil\u00e2ndia s\u00e3o convocados sobre permiss\u00e3o de uso, em reuni\u00e3o que ocorrer\u00e1 em 5 de dezembro | Foto: Divulga\u00e7\u00e3o\/SEFJ<\/p>\n<\/div>\n<p style=\"text-align: justify;\">Os respons\u00e1veis receber\u00e3o instru\u00e7\u00f5es para abertura do processo para emiss\u00e3o da PNQ, documento que mant\u00e9m os locais em atividade enquanto tramita o processo de regulariza\u00e7\u00e3o fundi\u00e1ria definitiva. Os interessados dever\u00e3o fazer a inscri\u00e7\u00e3o por meio de\u00a0<a href=\"https:\/\/abrir.link\/BcZrK\" target=\"_blank\" rel=\"noopener\">formul\u00e1rio eletr\u00f4nico dispon\u00edvel aqui<\/a>.<\/p>\n<p style=\"text-align: justify;\">A convoca\u00e7\u00e3o est\u00e1 baseada no decreto n\u00ba 45.563\/2024, que regulamenta a lei complementar n\u00ba 806\/2009. A pasta segue calend\u00e1rio de atendimento que vai contemplar todas as regi\u00f5es administrativas do DF. Para a abertura do processo, os interessados dever\u00e3o comparecer munidos da seguinte documenta\u00e7\u00e3o:<\/p>\n<p style=\"text-align: justify;\">\u2192 Ato constitutivo ou estatuto social em vigor, devidamente registrado;<br \/>\n\u2192 Ata atualizada de elei\u00e7\u00e3o dos dirigentes, contendo a rela\u00e7\u00e3o e qualifica\u00e7\u00e3o dos diretores, e instrumento comprobat\u00f3rio de representa\u00e7\u00e3o legal, quando for o caso, ou documento similar das organiza\u00e7\u00f5es religiosas que apontem seu representante legal;<br \/>\n\u2192 Comprovante de ocupa\u00e7\u00e3o da \u00e1rea anterior a 22 de dezembro de 2016;<br \/>\n\u2192 Declara\u00e7\u00e3o de regularidade do CNPJ;<br \/>\n\u2192 Comprovante vigente de inscri\u00e7\u00e3o no conselho de sua sede ou de onde desenvolva suas principais atividades, quando se tratar de entidades de assist\u00eancia social;<br \/>\n\u2192 Requerimento espec\u00edfico de solicita\u00e7\u00e3o de Permiss\u00e3o de Uso N\u00e3o Qualificada de \u00c1rea P\u00fablica (PNQ).<\/p>\n<p style=\"text-align: justify;\">Os documentos tamb\u00e9m poder\u00e3o ser encaminhadas para o e-mail\u00a0<a href=\"mailto:gab.sefj@buriti.df.gov.br\" target=\"_blank\" rel=\"noopener\">gab.sefj@buriti.df.gov.br<\/a>.<\/p>\n<p style=\"text-align: justify;\">\u201cConvidamos as entidades religiosas e de assist\u00eancia social de Ceil\u00e2ndia para a reuni\u00e3o do dia 5 de dezembro, para tirar d\u00favidas e darmos mais esse grande passo no processo de regulariza\u00e7\u00e3o. Esse \u00e9 um governo que atua com a participa\u00e7\u00e3o dos cidad\u00e3os nas tomadas de decis\u00e3o. Se cada um de n\u00f3s nos comprometermos com aquilo que nos cabe fazer, certamente alcan\u00e7aremos nosso objetivo em regularizar os templos e entidades e manter a oferta dos seus servi\u00e7os sociais e religiosos\u201d, apontou o titular da SEFJ-DF, Rodrigo Delmasso.<\/p>\n<p style=\"text-align: justify;\"><strong>O que \u00e9 a Permiss\u00e3o de Uso N\u00e3o Qualificada (PNQ)?<\/strong><\/p>\n<p style=\"text-align: justify;\">A PNQ \u00e9 aplicada para regulariza\u00e7\u00e3o de ocupa\u00e7\u00f5es hist\u00f3ricas de \u00e1rea p\u00fablica, entidades, institui\u00e7\u00f5es que est\u00e3o no local antes de 2016. N\u00e3o possui car\u00e1ter de posse da terra, mas oferece a perman\u00eancia no local enquanto os tr\u00e2mites de regulariza\u00e7\u00e3o est\u00e3o em andamento.<\/p>\n<p style=\"text-align: justify;\">As d\u00favidas relacionadas aos processos de regulariza\u00e7\u00e3o poder\u00e3o ser sanadas pela Assessoria de Assuntos Religiosos da Secretaria da Fam\u00edlia e Juventude, por meio do e-mail\u00a0<a href=\"mailto:assrel.sefj@buriti.df.gov.br\" target=\"_blank\" rel=\"noopener\">assrel.sefj@buriti.df.gov.br<\/a>.<\/p>\n<p style=\"text-align: justify;\"><strong>Servi\u00e7o<\/strong><\/p>\n<p style=\"text-align: justify;\">Dirigentes de entidades da Ceil\u00e2ndia s\u00e3o convocados sobre permiss\u00e3o de uso<\/p>\n<p style=\"text-align: justify;\">\u2192 Local: Sede da Secretaria da Fam\u00edlia e Juventude \u2013\u00a0 Setor Comercial Sul, Edif\u00edcio Luiz Carlos Botelho, Quadra 4, Bloco A, 6\u00ba andar, Asa Sul.<br \/>\n\u2192 Data: 5 de dezembro<br \/>\n\u2192 Hor\u00e1rio: 14h30.<\/p>\n<p style=\"text-align: justify;\"><strong><em>Com informa\u00e7\u00f5es da SEFJ-DF<\/em><\/strong><\/p>\n","protected":false},"excerpt":{"rendered":"<p>Os respons\u00e1veis receber\u00e3o instru\u00e7\u00f5es para abertura do processo para emiss\u00e3o da PNQ, documento que mant\u00e9m os locais em atividade enquanto tramita o processo de regulariza\u00e7\u00e3o fundi\u00e1ria definitiva A Secretaria da Fam\u00edlia e Juventude (SEFJ-DF) convocou dirigentes de entidades religiosas, sem fins lucrativos e sociais para iniciarem o processo da Permiss\u00e3o N\u00e3o Qualificada, a PNQ. Dessa [&hellip;]<\/p>\n","protected":false},"author":2,"featured_media":64369,"comment_status":"open","ping_status":"closed","sticky":false,"template":"","format":"standard","meta":{"footnotes":""},"categories":[68,21,57],"tags":[],"class_list":{"0":"post-64368","1":"post","2":"type-post","3":"status-publish","4":"format-standard","5":"has-post-thumbnail","7":"category-brasil","8":"category-brasilia","9":"category-politica"},"yoast_head":"<!-- This site is optimized with the Yoast SEO Premium plugin v24.5 (Yoast SEO v27.5) - https:\/\/yoast.com\/product\/yoast-seo-premium-wordpress\/ -->\n<title>Dirigentes de entidades de Ceil\u00e2ndia s\u00e3o convocados sobre permiss\u00e3o de uso - P31<\/title>\n<meta name=\"robots\" content=\"index, follow, max-snippet:-1, max-image-preview:large, max-video-preview:-1\" \/>\n<link rel=\"canonical\" href=\"https:\/\/www.p31noticias.com.br\/?p=64368\" \/>\n<meta property=\"og:locale\" content=\"pt_BR\" \/>\n<meta property=\"og:type\" content=\"article\" \/>\n<meta property=\"og:title\" content=\"Dirigentes de entidades de Ceil\u00e2ndia s\u00e3o convocados sobre permiss\u00e3o de uso\" \/>\n<meta property=\"og:description\" content=\"Os respons\u00e1veis receber\u00e3o instru\u00e7\u00f5es para abertura do processo para emiss\u00e3o da PNQ, documento que mant\u00e9m os locais em atividade enquanto tramita o processo de regulariza\u00e7\u00e3o fundi\u00e1ria definitiva A Secretaria da Fam\u00edlia e Juventude (SEFJ-DF) convocou dirigentes de entidades religiosas, sem fins lucrativos e sociais para iniciarem o processo da Permiss\u00e3o N\u00e3o Qualificada, a PNQ. Dessa [&hellip;]\" \/>\n<meta property=\"og:url\" content=\"https:\/\/www.p31noticias.com.br\/?p=64368\" \/>\n<meta property=\"og:site_name\" content=\"P31\" \/>\n<meta property=\"article:published_time\" content=\"2024-11-29T17:18:40+00:00\" \/>\n<meta property=\"og:image\" content=\"https:\/\/www.p31noticias.com.br\/wp-content\/uploads\/2024\/11\/unnamed-2024-11-29T141328.551.jpg\" \/>\n\t<meta property=\"og:image:width\" content=\"1029\" \/>\n\t<meta property=\"og:image:height\" content=\"575\" \/>\n\t<meta property=\"og:image:type\" content=\"image\/jpeg\" \/>\n<meta name=\"author\" content=\"Gon\u00e7alves Junior\" \/>\n<meta name=\"twitter:card\" content=\"summary_large_image\" \/>\n<meta name=\"twitter:label1\" content=\"Escrito por\" \/>\n\t<meta name=\"twitter:data1\" content=\"Gon\u00e7alves Junior\" \/>\n\t<meta name=\"twitter:label2\" content=\"Est. tempo de leitura\" \/>\n\t<meta name=\"twitter:data2\" content=\"4 minutos\" \/>\n<script type=\"application\/ld+json\" class=\"yoast-schema-graph\">{\"@context\":\"https:\\\/\\\/schema.org\",\"@graph\":[{\"@type\":\"Article\",\"@id\":\"https:\\\/\\\/www.p31noticias.com.br\\\/?p=64368#article\",\"isPartOf\":{\"@id\":\"https:\\\/\\\/www.p31noticias.com.br\\\/?p=64368\"},\"author\":{\"name\":\"Gon\u00e7alves Junior\",\"@id\":\"https:\\\/\\\/www.p31noticias.com.br\\\/#\\\/schema\\\/person\\\/95f2ece30e3b4132065b915150cd0f94\"},\"headline\":\"Dirigentes de entidades de Ceil\u00e2ndia s\u00e3o convocados sobre permiss\u00e3o de uso\",\"datePublished\":\"2024-11-29T17:18:40+00:00\",\"mainEntityOfPage\":{\"@id\":\"https:\\\/\\\/www.p31noticias.com.br\\\/?p=64368\"},\"wordCount\":625,\"commentCount\":0,\"image\":{\"@id\":\"https:\\\/\\\/www.p31noticias.com.br\\\/?p=64368#primaryimage\"},\"thumbnailUrl\":\"https:\\\/\\\/www.p31noticias.com.br\\\/wp-content\\\/uploads\\\/2024\\\/11\\\/unnamed-2024-11-29T141328.551.jpg\",\"articleSection\":[\"Brasil\",\"Bras\u00edlia\",\"Pol\u00edtica\"],\"inLanguage\":\"pt-BR\",\"potentialAction\":[{\"@type\":\"CommentAction\",\"name\":\"Comment\",\"target\":[\"https:\\\/\\\/www.p31noticias.com.br\\\/?p=64368#respond\"]}],\"copyrightYear\":\"2024\",\"copyrightHolder\":{\"@id\":\"https:\\\/\\\/www.p31noticias.com.br\\\/#organization\"}},{\"@type\":\"WebPage\",\"@id\":\"https:\\\/\\\/www.p31noticias.com.br\\\/?p=64368\",\"url\":\"https:\\\/\\\/www.p31noticias.com.br\\\/?p=64368\",\"name\":\"Dirigentes de entidades de Ceil\u00e2ndia s\u00e3o convocados sobre permiss\u00e3o de uso - P31\",\"isPartOf\":{\"@id\":\"https:\\\/\\\/www.p31noticias.com.br\\\/#website\"},\"primaryImageOfPage\":{\"@id\":\"https:\\\/\\\/www.p31noticias.com.br\\\/?p=64368#primaryimage\"},\"image\":{\"@id\":\"https:\\\/\\\/www.p31noticias.com.br\\\/?p=64368#primaryimage\"},\"thumbnailUrl\":\"https:\\\/\\\/www.p31noticias.com.br\\\/wp-content\\\/uploads\\\/2024\\\/11\\\/unnamed-2024-11-29T141328.551.jpg\",\"datePublished\":\"2024-11-29T17:18:40+00:00\",\"author\":{\"@id\":\"https:\\\/\\\/www.p31noticias.com.br\\\/#\\\/schema\\\/person\\\/95f2ece30e3b4132065b915150cd0f94\"},\"breadcrumb\":{\"@id\":\"https:\\\/\\\/www.p31noticias.com.br\\\/?p=64368#breadcrumb\"},\"inLanguage\":\"pt-BR\",\"potentialAction\":[{\"@type\":\"ReadAction\",\"target\":[\"https:\\\/\\\/www.p31noticias.com.br\\\/?p=64368\"]}]},{\"@type\":\"ImageObject\",\"inLanguage\":\"pt-BR\",\"@id\":\"https:\\\/\\\/www.p31noticias.com.br\\\/?p=64368#primaryimage\",\"url\":\"https:\\\/\\\/www.p31noticias.com.br\\\/wp-content\\\/uploads\\\/2024\\\/11\\\/unnamed-2024-11-29T141328.551.jpg\",\"contentUrl\":\"https:\\\/\\\/www.p31noticias.com.br\\\/wp-content\\\/uploads\\\/2024\\\/11\\\/unnamed-2024-11-29T141328.551.jpg\",\"width\":1029,\"height\":575},{\"@type\":\"BreadcrumbList\",\"@id\":\"https:\\\/\\\/www.p31noticias.com.br\\\/?p=64368#breadcrumb\",\"itemListElement\":[{\"@type\":\"ListItem\",\"position\":1,\"name\":\"In\u00edcio\",\"item\":\"https:\\\/\\\/www.p31noticias.com.br\\\/\"},{\"@type\":\"ListItem\",\"position\":2,\"name\":\"Dirigentes de entidades de Ceil\u00e2ndia s\u00e3o convocados sobre permiss\u00e3o de uso\"}]},{\"@type\":\"WebSite\",\"@id\":\"https:\\\/\\\/www.p31noticias.com.br\\\/#website\",\"url\":\"https:\\\/\\\/www.p31noticias.com.br\\\/\",\"name\":\"P31\",\"description\":\"NOT\u00cdCIAS\",\"potentialAction\":[{\"@type\":\"SearchAction\",\"target\":{\"@type\":\"EntryPoint\",\"urlTemplate\":\"https:\\\/\\\/www.p31noticias.com.br\\\/?s={search_term_string}\"},\"query-input\":{\"@type\":\"PropertyValueSpecification\",\"valueRequired\":true,\"valueName\":\"search_term_string\"}}],\"inLanguage\":\"pt-BR\"},{\"@type\":\"Person\",\"@id\":\"https:\\\/\\\/www.p31noticias.com.br\\\/#\\\/schema\\\/person\\\/95f2ece30e3b4132065b915150cd0f94\",\"name\":\"Gon\u00e7alves Junior\",\"image\":{\"@type\":\"ImageObject\",\"inLanguage\":\"pt-BR\",\"@id\":\"https:\\\/\\\/secure.gravatar.com\\\/avatar\\\/6711f350116a89762687a48d66f723c799e5438a5b7578508d4294cd7a5d0800?s=96&d=mm&r=g\",\"url\":\"https:\\\/\\\/secure.gravatar.com\\\/avatar\\\/6711f350116a89762687a48d66f723c799e5438a5b7578508d4294cd7a5d0800?s=96&d=mm&r=g\",\"contentUrl\":\"https:\\\/\\\/secure.gravatar.com\\\/avatar\\\/6711f350116a89762687a48d66f723c799e5438a5b7578508d4294cd7a5d0800?s=96&d=mm&r=g\",\"caption\":\"Gon\u00e7alves Junior\"},\"url\":\"https:\\\/\\\/www.p31noticias.com.br\\\/?author=2\"}]}<\/script>\n<!-- \/ Yoast SEO Premium plugin. -->","yoast_head_json":{"title":"Dirigentes de entidades de Ceil\u00e2ndia s\u00e3o convocados sobre permiss\u00e3o de uso - P31","robots":{"index":"index","follow":"follow","max-snippet":"max-snippet:-1","max-image-preview":"max-image-preview:large","max-video-preview":"max-video-preview:-1"},"canonical":"https:\/\/www.p31noticias.com.br\/?p=64368","og_locale":"pt_BR","og_type":"article","og_title":"Dirigentes de entidades de Ceil\u00e2ndia s\u00e3o convocados sobre permiss\u00e3o de uso","og_description":"Os respons\u00e1veis receber\u00e3o instru\u00e7\u00f5es para abertura do processo para emiss\u00e3o da PNQ, documento que mant\u00e9m os locais em atividade enquanto tramita o processo de regulariza\u00e7\u00e3o fundi\u00e1ria definitiva A Secretaria da Fam\u00edlia e Juventude (SEFJ-DF) convocou dirigentes de entidades religiosas, sem fins lucrativos e sociais para iniciarem o processo da Permiss\u00e3o N\u00e3o Qualificada, a PNQ. Dessa [&hellip;]","og_url":"https:\/\/www.p31noticias.com.br\/?p=64368","og_site_name":"P31","article_published_time":"2024-11-29T17:18:40+00:00","og_image":[{"width":1029,"height":575,"url":"https:\/\/www.p31noticias.com.br\/wp-content\/uploads\/2024\/11\/unnamed-2024-11-29T141328.551.jpg","type":"image\/jpeg"}],"author":"Gon\u00e7alves Junior","twitter_card":"summary_large_image","twitter_misc":{"Escrito por":"Gon\u00e7alves Junior","Est. tempo de leitura":"4 minutos"},"schema":{"@context":"https:\/\/schema.org","@graph":[{"@type":"Article","@id":"https:\/\/www.p31noticias.com.br\/?p=64368#article","isPartOf":{"@id":"https:\/\/www.p31noticias.com.br\/?p=64368"},"author":{"name":"Gon\u00e7alves Junior","@id":"https:\/\/www.p31noticias.com.br\/#\/schema\/person\/95f2ece30e3b4132065b915150cd0f94"},"headline":"Dirigentes de entidades de Ceil\u00e2ndia s\u00e3o convocados sobre permiss\u00e3o de uso","datePublished":"2024-11-29T17:18:40+00:00","mainEntityOfPage":{"@id":"https:\/\/www.p31noticias.com.br\/?p=64368"},"wordCount":625,"commentCount":0,"image":{"@id":"https:\/\/www.p31noticias.com.br\/?p=64368#primaryimage"},"thumbnailUrl":"https:\/\/www.p31noticias.com.br\/wp-content\/uploads\/2024\/11\/unnamed-2024-11-29T141328.551.jpg","articleSection":["Brasil","Bras\u00edlia","Pol\u00edtica"],"inLanguage":"pt-BR","potentialAction":[{"@type":"CommentAction","name":"Comment","target":["https:\/\/www.p31noticias.com.br\/?p=64368#respond"]}],"copyrightYear":"2024","copyrightHolder":{"@id":"https:\/\/www.p31noticias.com.br\/#organization"}},{"@type":"WebPage","@id":"https:\/\/www.p31noticias.com.br\/?p=64368","url":"https:\/\/www.p31noticias.com.br\/?p=64368","name":"Dirigentes de entidades de Ceil\u00e2ndia s\u00e3o convocados sobre permiss\u00e3o de uso - P31","isPartOf":{"@id":"https:\/\/www.p31noticias.com.br\/#website"},"primaryImageOfPage":{"@id":"https:\/\/www.p31noticias.com.br\/?p=64368#primaryimage"},"image":{"@id":"https:\/\/www.p31noticias.com.br\/?p=64368#primaryimage"},"thumbnailUrl":"https:\/\/www.p31noticias.com.br\/wp-content\/uploads\/2024\/11\/unnamed-2024-11-29T141328.551.jpg","datePublished":"2024-11-29T17:18:40+00:00","author":{"@id":"https:\/\/www.p31noticias.com.br\/#\/schema\/person\/95f2ece30e3b4132065b915150cd0f94"},"breadcrumb":{"@id":"https:\/\/www.p31noticias.com.br\/?p=64368#breadcrumb"},"inLanguage":"pt-BR","potentialAction":[{"@type":"ReadAction","target":["https:\/\/www.p31noticias.com.br\/?p=64368"]}]},{"@type":"ImageObject","inLanguage":"pt-BR","@id":"https:\/\/www.p31noticias.com.br\/?p=64368#primaryimage","url":"https:\/\/www.p31noticias.com.br\/wp-content\/uploads\/2024\/11\/unnamed-2024-11-29T141328.551.jpg","contentUrl":"https:\/\/www.p31noticias.com.br\/wp-content\/uploads\/2024\/11\/unnamed-2024-11-29T141328.551.jpg","width":1029,"height":575},{"@type":"BreadcrumbList","@id":"https:\/\/www.p31noticias.com.br\/?p=64368#breadcrumb","itemListElement":[{"@type":"ListItem","position":1,"name":"In\u00edcio","item":"https:\/\/www.p31noticias.com.br\/"},{"@type":"ListItem","position":2,"name":"Dirigentes de entidades de Ceil\u00e2ndia s\u00e3o convocados sobre permiss\u00e3o de uso"}]},{"@type":"WebSite","@id":"https:\/\/www.p31noticias.com.br\/#website","url":"https:\/\/www.p31noticias.com.br\/","name":"P31","description":"NOT\u00cdCIAS","potentialAction":[{"@type":"SearchAction","target":{"@type":"EntryPoint","urlTemplate":"https:\/\/www.p31noticias.com.br\/?s={search_term_string}"},"query-input":{"@type":"PropertyValueSpecification","valueRequired":true,"valueName":"search_term_string"}}],"inLanguage":"pt-BR"},{"@type":"Person","@id":"https:\/\/www.p31noticias.com.br\/#\/schema\/person\/95f2ece30e3b4132065b915150cd0f94","name":"Gon\u00e7alves Junior","image":{"@type":"ImageObject","inLanguage":"pt-BR","@id":"https:\/\/secure.gravatar.com\/avatar\/6711f350116a89762687a48d66f723c799e5438a5b7578508d4294cd7a5d0800?s=96&d=mm&r=g","url":"https:\/\/secure.gravatar.com\/avatar\/6711f350116a89762687a48d66f723c799e5438a5b7578508d4294cd7a5d0800?s=96&d=mm&r=g","contentUrl":"https:\/\/secure.gravatar.com\/avatar\/6711f350116a89762687a48d66f723c799e5438a5b7578508d4294cd7a5d0800?s=96&d=mm&r=g","caption":"Gon\u00e7alves Junior"},"url":"https:\/\/www.p31noticias.com.br\/?author=2"}]}},"amp_enabled":true,"_links":{"self":[{"href":"https:\/\/www.p31noticias.com.br\/index.php?rest_route=\/wp\/v2\/posts\/64368","targetHints":{"allow":["GET"]}}],"collection":[{"href":"https:\/\/www.p31noticias.com.br\/index.php?rest_route=\/wp\/v2\/posts"}],"about":[{"href":"https:\/\/www.p31noticias.com.br\/index.php?rest_route=\/wp\/v2\/types\/post"}],"author":[{"embeddable":true,"href":"https:\/\/www.p31noticias.com.br\/index.php?rest_route=\/wp\/v2\/users\/2"}],"replies":[{"embeddable":true,"href":"https:\/\/www.p31noticias.com.br\/index.php?rest_route=%2Fwp%2Fv2%2Fcomments&post=64368"}],"version-history":[{"count":1,"href":"https:\/\/www.p31noticias.com.br\/index.php?rest_route=\/wp\/v2\/posts\/64368\/revisions"}],"predecessor-version":[{"id":64370,"href":"https:\/\/www.p31noticias.com.br\/index.php?rest_route=\/wp\/v2\/posts\/64368\/revisions\/64370"}],"wp:featuredmedia":[{"embeddable":true,"href":"https:\/\/www.p31noticias.com.br\/index.php?rest_route=\/wp\/v2\/media\/64369"}],"wp:attachment":[{"href":"https:\/\/www.p31noticias.com.br\/index.php?rest_route=%2Fwp%2Fv2%2Fmedia&parent=64368"}],"wp:term":[{"taxonomy":"category","embeddable":true,"href":"https:\/\/www.p31noticias.com.br\/index.php?rest_route=%2Fwp%2Fv2%2Fcategories&post=64368"},{"taxonomy":"post_tag","embeddable":true,"href":"https:\/\/www.p31noticias.com.br\/index.php?rest_route=%2Fwp%2Fv2%2Ftags&post=64368"}],"curies":[{"name":"wp","href":"https:\/\/api.w.org\/{rel}","templated":true}]}}