{"id":64145,"date":"2024-10-25T08:54:00","date_gmt":"2024-10-25T11:54:00","guid":{"rendered":"https:\/\/www.p31noticias.com.br\/?p=64145"},"modified":"2024-10-25T08:54:00","modified_gmt":"2024-10-25T11:54:00","slug":"spa-em-brasilia-recebe-selo-empresa-parceira-da-familia","status":"publish","type":"post","link":"https:\/\/www.p31noticias.com.br\/?p=64145","title":{"rendered":"SPA em Bras\u00edlia recebe \u201cSelo Empresa Parceira da Fam\u00edlia\u201d"},"content":{"rendered":"<p style=\"text-align: justify;\"><strong><i>O selo \u00e9 concedido \u00e0s empresas p\u00fablicas ou privadas com iniciativas que beneficiam as fam\u00edlias de seus colaboradores<\/i><\/strong><\/p>\n<p style=\"text-align: justify;\">Nessa quarta (23), foi publicada a portaria 272\/2024 que concede o Selo Empresa Parceira da Fam\u00edlia ao Shiloah SPA. O selo \u00e9 entregue \u00e0s empresas p\u00fablicas ou privadas que tenham iniciativas que fortale\u00e7am os v\u00ednculos familiares de seus empregados, bem como os cuidados com os membros de suas fam\u00edlias.<\/p>\n<p><img decoding=\"async\" src=\"https:\/\/mail.google.com\/mail\/u\/0?ui=2&amp;ik=e51c0b2605&amp;attid=0.1&amp;permmsgid=msg-f:1813886690819471828&amp;th=192c3855bd1a79d4&amp;view=fimg&amp;fur=ip&amp;sz=s0-l75-ft&amp;attbid=ANGjdJ9X0nftrMFEg5EO5xA_lIREi9h8BDBQPZ20iFBtM2ZZSAM2o8aShMN8RTwEMNwD7nt5Qlp7wbyVUIzzuclzpMnSLJc9Ee-sOVZFm4s1EBgs7mLYm9xDJjKT2kc&amp;disp=emb&amp;realattid=FD213A2C-7D5C-453A-8F78-C7603C8E21E2\" \/><\/p>\n<p style=\"text-align: justify;\">Para o Secret\u00e1rio da Fam\u00edlia e Juventude, Rodrigo Delmasso, a entrega do selo \u00e9 um importante meio de \u201creconhecimento ao investimento feito pelas empresas no fortalecimento de v\u00ednculos familiares, combate ao trabalho infantil e trabalho escravo. O Shiloah \u00e9 uma empresa que tem muitas iniciativas importantes e de prote\u00e7\u00e3o para os familiares de seus funcion\u00e1rios\u201d, disse.<\/p>\n<p style=\"text-align: justify;\">O Gestor do Shiloah, Gustavo Torres, reconhece a import\u00e2ncia do reconhecimento do trabalho que realizam. \u201cBras\u00edlia merece iniciativas como essa, da Secretaria da Fam\u00edlia e Juventude. A fam\u00edlia \u00e9 a base da sociedade! Ter empresas que se preocupam com o bem-estar da fam\u00edlia de seus colaboradores faz com que o ecossistema empresarial da nossa capital se fortale\u00e7a de maneira s\u00f3lida\u201d, comemora.<\/p>\n<p style=\"text-align: justify;\">Dentre as iniciativas, o SPA empenha-se em: eventos empresariais onde os empregados podem levar os familiares; autoriza\u00e7\u00e3o para as empregadas com filho se ausentarem do trabalho para acompanhar os filhos na escola\/hospital, sem descontar o dia de trabalho. Al\u00e9m de palestra semestral onde a fam\u00edlia \u00e9 um dos temas abordados; desconto em servi\u00e7os da empresa, para que os filhos dos funcion\u00e1rios e os familiares possam usufruir das instala\u00e7\u00f5es e servi\u00e7os prestados.<\/p>\n<p style=\"text-align: justify;\">S\u00e3o consideradas iniciativas para a concess\u00e3o do selo: promover a solidariedade e apoio m\u00fatuo entre os membros das fam\u00edlias dos empregados; oferecer assist\u00eancia financeira ou servi\u00e7os de apoio para o cuidado de crian\u00e7as em idade escolar e estimular o di\u00e1logo e a comunica\u00e7\u00e3o eficaz entre os membros das fam\u00edlias.<\/p>\n<p style=\"text-align: justify;\"><strong>Como adquirir o selo?<\/strong><\/p>\n<p style=\"text-align: justify;\">A empresa deve enviar toda a documenta\u00e7\u00e3o prevista na Portaria n\u00ba 250, de 11 de junho de 2024, \u00e0 Subsecretaria de Emancipa\u00e7\u00e3o Social das Fam\u00edlias (SUBESF) atrav\u00e9s do email:\u00a0<a href=\"mailto:subesf.sefj@buriti.df.gov.br\">subesf.sefj@buriti.df.gov.br<\/a><\/p>\n<p style=\"text-align: justify;\">O envio da documenta\u00e7\u00e3o deve ser em arquivo tipo PDF e de forma individual, isto \u00e9, cada documento em um arquivo diferente, para melhor confer\u00eancia. As informa\u00e7\u00f5es acerca da solicita\u00e7\u00e3o do selo e a sua aplica\u00e7\u00e3o na publicidade da empresa, podem ser conferidas no site da Secretaria da Fam\u00edlia e Juventude:\u00a0<a href=\"http:\/\/familiaejuventude.df.gov.br\/\" data-saferedirecturl=\"https:\/\/www.google.com\/url?q=http:\/\/familiaejuventude.df.gov.br&amp;source=gmail&amp;ust=1729942681190000&amp;usg=AOvVaw22orMJqJ_Qwiiw6WEJkmxt\">familiaejuventude.df.gov.br<\/a>.<\/p>\n<p style=\"text-align: justify;\"><em><strong>Assessoria de Comunica\u00e7\u00e3o Social\u00a0<\/strong><\/em><\/p>\n<p style=\"text-align: justify;\"><em><strong>Secretaria da Fam\u00edlia e Juventude do Distrito Federa<\/strong><\/em><strong>l<\/strong><\/p>\n<p>&nbsp;<\/p>\n","protected":false},"excerpt":{"rendered":"<p>O selo \u00e9 concedido \u00e0s empresas p\u00fablicas ou privadas com iniciativas que beneficiam as fam\u00edlias de seus colaboradores Nessa quarta (23), foi publicada a portaria 272\/2024 que concede o Selo Empresa Parceira da Fam\u00edlia ao Shiloah SPA. O selo \u00e9 entregue \u00e0s empresas p\u00fablicas ou privadas que tenham iniciativas que fortale\u00e7am os v\u00ednculos familiares de [&hellip;]<\/p>\n","protected":false},"author":2,"featured_media":64146,"comment_status":"open","ping_status":"closed","sticky":false,"template":"","format":"standard","meta":{"footnotes":""},"categories":[68,21],"tags":[],"class_list":{"0":"post-64145","1":"post","2":"type-post","3":"status-publish","4":"format-standard","5":"has-post-thumbnail","7":"category-brasil","8":"category-brasilia"},"yoast_head":"<!-- This site is optimized with the Yoast SEO Premium plugin v24.5 (Yoast SEO v27.5) - https:\/\/yoast.com\/product\/yoast-seo-premium-wordpress\/ -->\n<title>SPA em Bras\u00edlia recebe \u201cSelo Empresa Parceira da Fam\u00edlia\u201d - P31<\/title>\n<meta name=\"robots\" content=\"index, follow, max-snippet:-1, max-image-preview:large, max-video-preview:-1\" \/>\n<link rel=\"canonical\" href=\"https:\/\/www.p31noticias.com.br\/?p=64145\" \/>\n<meta property=\"og:locale\" content=\"pt_BR\" \/>\n<meta property=\"og:type\" content=\"article\" \/>\n<meta property=\"og:title\" content=\"SPA em Bras\u00edlia recebe \u201cSelo Empresa Parceira da Fam\u00edlia\u201d\" \/>\n<meta property=\"og:description\" content=\"O selo \u00e9 concedido \u00e0s empresas p\u00fablicas ou privadas com iniciativas que beneficiam as fam\u00edlias de seus colaboradores Nessa quarta (23), foi publicada a portaria 272\/2024 que concede o Selo Empresa Parceira da Fam\u00edlia ao Shiloah SPA. O selo \u00e9 entregue \u00e0s empresas p\u00fablicas ou privadas que tenham iniciativas que fortale\u00e7am os v\u00ednculos familiares de [&hellip;]\" \/>\n<meta property=\"og:url\" content=\"https:\/\/www.p31noticias.com.br\/?p=64145\" \/>\n<meta property=\"og:site_name\" content=\"P31\" \/>\n<meta property=\"article:published_time\" content=\"2024-10-25T11:54:00+00:00\" \/>\n<meta property=\"og:image\" content=\"https:\/\/www.p31noticias.com.br\/wp-content\/uploads\/2024\/10\/Selo-da-Familia.png\" \/>\n\t<meta property=\"og:image:width\" content=\"300\" \/>\n\t<meta property=\"og:image:height\" content=\"298\" \/>\n\t<meta property=\"og:image:type\" content=\"image\/png\" \/>\n<meta name=\"author\" content=\"Gon\u00e7alves Junior\" \/>\n<meta name=\"twitter:card\" content=\"summary_large_image\" \/>\n<meta name=\"twitter:label1\" content=\"Escrito por\" \/>\n\t<meta name=\"twitter:data1\" content=\"Gon\u00e7alves Junior\" \/>\n\t<meta name=\"twitter:label2\" content=\"Est. tempo de leitura\" \/>\n\t<meta name=\"twitter:data2\" content=\"3 minutos\" \/>\n<script type=\"application\/ld+json\" class=\"yoast-schema-graph\">{\"@context\":\"https:\\\/\\\/schema.org\",\"@graph\":[{\"@type\":\"Article\",\"@id\":\"https:\\\/\\\/www.p31noticias.com.br\\\/?p=64145#article\",\"isPartOf\":{\"@id\":\"https:\\\/\\\/www.p31noticias.com.br\\\/?p=64145\"},\"author\":{\"name\":\"Gon\u00e7alves Junior\",\"@id\":\"https:\\\/\\\/www.p31noticias.com.br\\\/#\\\/schema\\\/person\\\/95f2ece30e3b4132065b915150cd0f94\"},\"headline\":\"SPA em Bras\u00edlia recebe \u201cSelo Empresa Parceira da Fam\u00edlia\u201d\",\"datePublished\":\"2024-10-25T11:54:00+00:00\",\"mainEntityOfPage\":{\"@id\":\"https:\\\/\\\/www.p31noticias.com.br\\\/?p=64145\"},\"wordCount\":459,\"commentCount\":0,\"image\":{\"@id\":\"https:\\\/\\\/www.p31noticias.com.br\\\/?p=64145#primaryimage\"},\"thumbnailUrl\":\"https:\\\/\\\/www.p31noticias.com.br\\\/wp-content\\\/uploads\\\/2024\\\/10\\\/Selo-da-Familia.png\",\"articleSection\":[\"Brasil\",\"Bras\u00edlia\"],\"inLanguage\":\"pt-BR\",\"potentialAction\":[{\"@type\":\"CommentAction\",\"name\":\"Comment\",\"target\":[\"https:\\\/\\\/www.p31noticias.com.br\\\/?p=64145#respond\"]}],\"copyrightYear\":\"2024\",\"copyrightHolder\":{\"@id\":\"https:\\\/\\\/www.p31noticias.com.br\\\/#organization\"}},{\"@type\":\"WebPage\",\"@id\":\"https:\\\/\\\/www.p31noticias.com.br\\\/?p=64145\",\"url\":\"https:\\\/\\\/www.p31noticias.com.br\\\/?p=64145\",\"name\":\"SPA em Bras\u00edlia recebe \u201cSelo Empresa Parceira da Fam\u00edlia\u201d - P31\",\"isPartOf\":{\"@id\":\"https:\\\/\\\/www.p31noticias.com.br\\\/#website\"},\"primaryImageOfPage\":{\"@id\":\"https:\\\/\\\/www.p31noticias.com.br\\\/?p=64145#primaryimage\"},\"image\":{\"@id\":\"https:\\\/\\\/www.p31noticias.com.br\\\/?p=64145#primaryimage\"},\"thumbnailUrl\":\"https:\\\/\\\/www.p31noticias.com.br\\\/wp-content\\\/uploads\\\/2024\\\/10\\\/Selo-da-Familia.png\",\"datePublished\":\"2024-10-25T11:54:00+00:00\",\"author\":{\"@id\":\"https:\\\/\\\/www.p31noticias.com.br\\\/#\\\/schema\\\/person\\\/95f2ece30e3b4132065b915150cd0f94\"},\"breadcrumb\":{\"@id\":\"https:\\\/\\\/www.p31noticias.com.br\\\/?p=64145#breadcrumb\"},\"inLanguage\":\"pt-BR\",\"potentialAction\":[{\"@type\":\"ReadAction\",\"target\":[\"https:\\\/\\\/www.p31noticias.com.br\\\/?p=64145\"]}]},{\"@type\":\"ImageObject\",\"inLanguage\":\"pt-BR\",\"@id\":\"https:\\\/\\\/www.p31noticias.com.br\\\/?p=64145#primaryimage\",\"url\":\"https:\\\/\\\/www.p31noticias.com.br\\\/wp-content\\\/uploads\\\/2024\\\/10\\\/Selo-da-Familia.png\",\"contentUrl\":\"https:\\\/\\\/www.p31noticias.com.br\\\/wp-content\\\/uploads\\\/2024\\\/10\\\/Selo-da-Familia.png\",\"width\":300,\"height\":298},{\"@type\":\"BreadcrumbList\",\"@id\":\"https:\\\/\\\/www.p31noticias.com.br\\\/?p=64145#breadcrumb\",\"itemListElement\":[{\"@type\":\"ListItem\",\"position\":1,\"name\":\"In\u00edcio\",\"item\":\"https:\\\/\\\/www.p31noticias.com.br\\\/\"},{\"@type\":\"ListItem\",\"position\":2,\"name\":\"SPA em Bras\u00edlia recebe \u201cSelo Empresa Parceira da Fam\u00edlia\u201d\"}]},{\"@type\":\"WebSite\",\"@id\":\"https:\\\/\\\/www.p31noticias.com.br\\\/#website\",\"url\":\"https:\\\/\\\/www.p31noticias.com.br\\\/\",\"name\":\"P31\",\"description\":\"NOT\u00cdCIAS\",\"potentialAction\":[{\"@type\":\"SearchAction\",\"target\":{\"@type\":\"EntryPoint\",\"urlTemplate\":\"https:\\\/\\\/www.p31noticias.com.br\\\/?s={search_term_string}\"},\"query-input\":{\"@type\":\"PropertyValueSpecification\",\"valueRequired\":true,\"valueName\":\"search_term_string\"}}],\"inLanguage\":\"pt-BR\"},{\"@type\":\"Person\",\"@id\":\"https:\\\/\\\/www.p31noticias.com.br\\\/#\\\/schema\\\/person\\\/95f2ece30e3b4132065b915150cd0f94\",\"name\":\"Gon\u00e7alves Junior\",\"image\":{\"@type\":\"ImageObject\",\"inLanguage\":\"pt-BR\",\"@id\":\"https:\\\/\\\/secure.gravatar.com\\\/avatar\\\/6711f350116a89762687a48d66f723c799e5438a5b7578508d4294cd7a5d0800?s=96&d=mm&r=g\",\"url\":\"https:\\\/\\\/secure.gravatar.com\\\/avatar\\\/6711f350116a89762687a48d66f723c799e5438a5b7578508d4294cd7a5d0800?s=96&d=mm&r=g\",\"contentUrl\":\"https:\\\/\\\/secure.gravatar.com\\\/avatar\\\/6711f350116a89762687a48d66f723c799e5438a5b7578508d4294cd7a5d0800?s=96&d=mm&r=g\",\"caption\":\"Gon\u00e7alves Junior\"},\"url\":\"https:\\\/\\\/www.p31noticias.com.br\\\/?author=2\"}]}<\/script>\n<!-- \/ Yoast SEO Premium plugin. -->","yoast_head_json":{"title":"SPA em Bras\u00edlia recebe \u201cSelo Empresa Parceira da Fam\u00edlia\u201d - P31","robots":{"index":"index","follow":"follow","max-snippet":"max-snippet:-1","max-image-preview":"max-image-preview:large","max-video-preview":"max-video-preview:-1"},"canonical":"https:\/\/www.p31noticias.com.br\/?p=64145","og_locale":"pt_BR","og_type":"article","og_title":"SPA em Bras\u00edlia recebe \u201cSelo Empresa Parceira da Fam\u00edlia\u201d","og_description":"O selo \u00e9 concedido \u00e0s empresas p\u00fablicas ou privadas com iniciativas que beneficiam as fam\u00edlias de seus colaboradores Nessa quarta (23), foi publicada a portaria 272\/2024 que concede o Selo Empresa Parceira da Fam\u00edlia ao Shiloah SPA. O selo \u00e9 entregue \u00e0s empresas p\u00fablicas ou privadas que tenham iniciativas que fortale\u00e7am os v\u00ednculos familiares de [&hellip;]","og_url":"https:\/\/www.p31noticias.com.br\/?p=64145","og_site_name":"P31","article_published_time":"2024-10-25T11:54:00+00:00","og_image":[{"width":300,"height":298,"url":"https:\/\/www.p31noticias.com.br\/wp-content\/uploads\/2024\/10\/Selo-da-Familia.png","type":"image\/png"}],"author":"Gon\u00e7alves Junior","twitter_card":"summary_large_image","twitter_misc":{"Escrito por":"Gon\u00e7alves Junior","Est. tempo de leitura":"3 minutos"},"schema":{"@context":"https:\/\/schema.org","@graph":[{"@type":"Article","@id":"https:\/\/www.p31noticias.com.br\/?p=64145#article","isPartOf":{"@id":"https:\/\/www.p31noticias.com.br\/?p=64145"},"author":{"name":"Gon\u00e7alves Junior","@id":"https:\/\/www.p31noticias.com.br\/#\/schema\/person\/95f2ece30e3b4132065b915150cd0f94"},"headline":"SPA em Bras\u00edlia recebe \u201cSelo Empresa Parceira da Fam\u00edlia\u201d","datePublished":"2024-10-25T11:54:00+00:00","mainEntityOfPage":{"@id":"https:\/\/www.p31noticias.com.br\/?p=64145"},"wordCount":459,"commentCount":0,"image":{"@id":"https:\/\/www.p31noticias.com.br\/?p=64145#primaryimage"},"thumbnailUrl":"https:\/\/www.p31noticias.com.br\/wp-content\/uploads\/2024\/10\/Selo-da-Familia.png","articleSection":["Brasil","Bras\u00edlia"],"inLanguage":"pt-BR","potentialAction":[{"@type":"CommentAction","name":"Comment","target":["https:\/\/www.p31noticias.com.br\/?p=64145#respond"]}],"copyrightYear":"2024","copyrightHolder":{"@id":"https:\/\/www.p31noticias.com.br\/#organization"}},{"@type":"WebPage","@id":"https:\/\/www.p31noticias.com.br\/?p=64145","url":"https:\/\/www.p31noticias.com.br\/?p=64145","name":"SPA em Bras\u00edlia recebe \u201cSelo Empresa Parceira da Fam\u00edlia\u201d - P31","isPartOf":{"@id":"https:\/\/www.p31noticias.com.br\/#website"},"primaryImageOfPage":{"@id":"https:\/\/www.p31noticias.com.br\/?p=64145#primaryimage"},"image":{"@id":"https:\/\/www.p31noticias.com.br\/?p=64145#primaryimage"},"thumbnailUrl":"https:\/\/www.p31noticias.com.br\/wp-content\/uploads\/2024\/10\/Selo-da-Familia.png","datePublished":"2024-10-25T11:54:00+00:00","author":{"@id":"https:\/\/www.p31noticias.com.br\/#\/schema\/person\/95f2ece30e3b4132065b915150cd0f94"},"breadcrumb":{"@id":"https:\/\/www.p31noticias.com.br\/?p=64145#breadcrumb"},"inLanguage":"pt-BR","potentialAction":[{"@type":"ReadAction","target":["https:\/\/www.p31noticias.com.br\/?p=64145"]}]},{"@type":"ImageObject","inLanguage":"pt-BR","@id":"https:\/\/www.p31noticias.com.br\/?p=64145#primaryimage","url":"https:\/\/www.p31noticias.com.br\/wp-content\/uploads\/2024\/10\/Selo-da-Familia.png","contentUrl":"https:\/\/www.p31noticias.com.br\/wp-content\/uploads\/2024\/10\/Selo-da-Familia.png","width":300,"height":298},{"@type":"BreadcrumbList","@id":"https:\/\/www.p31noticias.com.br\/?p=64145#breadcrumb","itemListElement":[{"@type":"ListItem","position":1,"name":"In\u00edcio","item":"https:\/\/www.p31noticias.com.br\/"},{"@type":"ListItem","position":2,"name":"SPA em Bras\u00edlia recebe \u201cSelo Empresa Parceira da Fam\u00edlia\u201d"}]},{"@type":"WebSite","@id":"https:\/\/www.p31noticias.com.br\/#website","url":"https:\/\/www.p31noticias.com.br\/","name":"P31","description":"NOT\u00cdCIAS","potentialAction":[{"@type":"SearchAction","target":{"@type":"EntryPoint","urlTemplate":"https:\/\/www.p31noticias.com.br\/?s={search_term_string}"},"query-input":{"@type":"PropertyValueSpecification","valueRequired":true,"valueName":"search_term_string"}}],"inLanguage":"pt-BR"},{"@type":"Person","@id":"https:\/\/www.p31noticias.com.br\/#\/schema\/person\/95f2ece30e3b4132065b915150cd0f94","name":"Gon\u00e7alves Junior","image":{"@type":"ImageObject","inLanguage":"pt-BR","@id":"https:\/\/secure.gravatar.com\/avatar\/6711f350116a89762687a48d66f723c799e5438a5b7578508d4294cd7a5d0800?s=96&d=mm&r=g","url":"https:\/\/secure.gravatar.com\/avatar\/6711f350116a89762687a48d66f723c799e5438a5b7578508d4294cd7a5d0800?s=96&d=mm&r=g","contentUrl":"https:\/\/secure.gravatar.com\/avatar\/6711f350116a89762687a48d66f723c799e5438a5b7578508d4294cd7a5d0800?s=96&d=mm&r=g","caption":"Gon\u00e7alves Junior"},"url":"https:\/\/www.p31noticias.com.br\/?author=2"}]}},"amp_enabled":true,"_links":{"self":[{"href":"https:\/\/www.p31noticias.com.br\/index.php?rest_route=\/wp\/v2\/posts\/64145","targetHints":{"allow":["GET"]}}],"collection":[{"href":"https:\/\/www.p31noticias.com.br\/index.php?rest_route=\/wp\/v2\/posts"}],"about":[{"href":"https:\/\/www.p31noticias.com.br\/index.php?rest_route=\/wp\/v2\/types\/post"}],"author":[{"embeddable":true,"href":"https:\/\/www.p31noticias.com.br\/index.php?rest_route=\/wp\/v2\/users\/2"}],"replies":[{"embeddable":true,"href":"https:\/\/www.p31noticias.com.br\/index.php?rest_route=%2Fwp%2Fv2%2Fcomments&post=64145"}],"version-history":[{"count":1,"href":"https:\/\/www.p31noticias.com.br\/index.php?rest_route=\/wp\/v2\/posts\/64145\/revisions"}],"predecessor-version":[{"id":64147,"href":"https:\/\/www.p31noticias.com.br\/index.php?rest_route=\/wp\/v2\/posts\/64145\/revisions\/64147"}],"wp:featuredmedia":[{"embeddable":true,"href":"https:\/\/www.p31noticias.com.br\/index.php?rest_route=\/wp\/v2\/media\/64146"}],"wp:attachment":[{"href":"https:\/\/www.p31noticias.com.br\/index.php?rest_route=%2Fwp%2Fv2%2Fmedia&parent=64145"}],"wp:term":[{"taxonomy":"category","embeddable":true,"href":"https:\/\/www.p31noticias.com.br\/index.php?rest_route=%2Fwp%2Fv2%2Fcategories&post=64145"},{"taxonomy":"post_tag","embeddable":true,"href":"https:\/\/www.p31noticias.com.br\/index.php?rest_route=%2Fwp%2Fv2%2Ftags&post=64145"}],"curies":[{"name":"wp","href":"https:\/\/api.w.org\/{rel}","templated":true}]}}