{"id":64132,"date":"2024-10-24T10:49:15","date_gmt":"2024-10-24T13:49:15","guid":{"rendered":"https:\/\/www.p31noticias.com.br\/?p=64132"},"modified":"2024-10-24T10:50:04","modified_gmt":"2024-10-24T13:50:04","slug":"waldez-goes-defende-taxacao-de-grandes-fortunas-como-forma-de-reduzir-risco-de-desastres-no-bom-dia-ministro","status":"publish","type":"post","link":"https:\/\/www.p31noticias.com.br\/?p=64132","title":{"rendered":"Waldez G\u00f3es defende taxa\u00e7\u00e3o de grandes fortunas como forma de reduzir risco de desastres no \u201cBom Dia, Ministro\u201d"},"content":{"rendered":"<p style=\"text-align: justify;\"><em><strong>Titular da Integra\u00e7\u00e3o e do Desenvolvimento Regional ser\u00e1 entrevistado por r\u00e1dios de v\u00e1rias partes do pa\u00eds nesta quinta-feira (24), a partir das 8h<\/strong><\/em><\/p>\n<p style=\"text-align: justify;\">Oministro Waldez G\u00f3es (Integra\u00e7\u00e3o e Desenvolvimento Regional) \u00e9 o convidado do programa \u201cBom Dia, Ministro\u201d desta quinta-feira, 24 de outubro. O programa, coprodu\u00e7\u00e3o da Secretaria de Comunica\u00e7\u00e3o Social da Presid\u00eancia da Rep\u00fablica (Secom PR) e da Empresa Brasil de Comunica\u00e7\u00e3o (EBC), \u00e9 transmitido ao vivo a partir das 8h em formato de entrevista coletiva. Na conversa com radialistas de v\u00e1rias regi\u00f5es do pa\u00eds, ele vai comentar sua coordena\u00e7\u00e3o do Grupo de Trabalho de Redu\u00e7\u00e3o do Risco de Desastres do G20, que j\u00e1 realizou seu primeiro encontro no Rio de Janeiro (RJ). O pr\u00f3ximo encontro ser\u00e1 em Bel\u00e9m (PA).<\/p>\n<p style=\"text-align: justify;\">G\u00f3es defende a possibilidade de destinar parte dos recursos arrecadados com a implementa\u00e7\u00e3o de uma proposta de imposto sobre grandes fortunas para financiar a\u00e7\u00f5es de prote\u00e7\u00e3o e defesa civil, especialmente de recupera\u00e7\u00e3o e preven\u00e7\u00e3o de desastres. O Brasil tem mais de dez milh\u00f5es de pessoas vivendo em \u00e1reas de risco elevado ou muito elevado, o que torna o combate \u00e0s desigualdades para a redu\u00e7\u00e3o das vulnerabilidades a principal prioridade do grupo do G20. Outra iniciativa neste sentido foi o lan\u00e7amento de bases para a Alian\u00e7a Global Contra a Fome e a Pobreza, que dialoga com a prioridade transversal do grupo de trabalho presidido pelo ministro.<\/p>\n<p style=\"text-align: justify;\"><strong>COMUNIDADES RURAIS \u2014<\/strong>\u00a0Outro tema que o ministro Waldez vai abordar durante o programa \u00e9 a nova linha de microcr\u00e9dito produtivo para comunidades rurais e tradicionais nas regi\u00f5es Centro-Oeste e Norte. O Minist\u00e9rio da Integra\u00e7\u00e3o e do Desenvolvimento Regional (MIDR) celebrou acordo de coopera\u00e7\u00e3o habilitando a Caixa Econ\u00f4mica Federal a operacionalizar investimentos em atividades produtivas agr\u00edcolas no \u00e2mbito do Programa Nacional de Microcr\u00e9dito Produtivo Orientado (PNMPO). Para 2024, est\u00e3o previstos R$ 300 milh\u00f5es em repasses provenientes dos Fundos Constitucionais de Financiamento do Centro-Oeste e do Norte \u2014 sendo R$ 150 milh\u00f5es do FCO e outros R$ 150 milh\u00f5es do FNO.<\/p>\n<p style=\"text-align: justify;\"><strong>COLABORA\u00c7\u00c3O FEDERATIVA \u2014<\/strong>\u00a0O ministro vai tratar tamb\u00e9m de outras iniciativas da Pasta, como a mobiliza\u00e7\u00e3o para atender todos os estados brasileiros no combate \u00e0 seca, aos inc\u00eandios florestais e \u00e0 estiagem. G\u00f3es justifica que, em meio a uma crise, n\u00e3o deve ocorrer politiza\u00e7\u00e3o e conflito partid\u00e1rio, nem espa\u00e7o para disputa entre agentes.<\/p>\n<p style=\"text-align: justify;\">O minist\u00e9rio comandado por ele aprovou, at\u00e9 o momento, 77 planos de trabalho, totalizando R$ 72,7 milh\u00f5es destinados \u00e0 assist\u00eancia humanit\u00e1ria para os estados da Amaz\u00f4nia que enfrentam ou enfrentaram per\u00edodos de seca e estiagem. Al\u00e9m disso, foram aprovados outros 19 planos de trabalho, com aporte de R$ 70,9 milh\u00f5es, para estados de todo o Brasil que solicitaram o reconhecimento de situa\u00e7\u00e3o de emerg\u00eancia e que apresentaram seus planos \u00e0 Defesa Civil Nacional.<\/p>\n<p style=\"text-align: justify;\"><strong>RIO S\u00c3O FRANCISCO \u2014<\/strong>\u00a0Outro t\u00f3pico que est\u00e1 no rol de assuntos que ser\u00e3o abordados por Waldez G\u00f3es \u00e9 o Projeto de Integra\u00e7\u00e3o do Rio S\u00e3o Francisco (PISF), composto pelos seus Eixos Norte e Leste \u2014 que encontram-se 100% operacionais \u2014 e Ramais Associados, representando seguran\u00e7a h\u00eddrica para mais de 12 milh\u00f5es de pessoas, em cerca de 390 munic\u00edpios dos estados do Cear\u00e1, Para\u00edba, Pernambuco e Rio Grande do Norte. Foram investidos cerca de R$ 16,7 bilh\u00f5es.<\/p>\n<p style=\"text-align: justify;\"><iframe loading=\"lazy\" title=\"YouTube video player\" src=\"https:\/\/www.youtube-nocookie.com\/embed\/X5l84Ls1Hjk?si=av6ezC4mWERfEwKc\" width=\"80%\" height=\"450\" frameborder=\"0\" allowfullscreen=\"allowfullscreen\" data-mce-fragment=\"1\"><\/iframe><\/p>\n<p style=\"text-align: justify;\"><strong>AO VIVO \u2014<\/strong>\u00a0O \u201cBom Dia, Ministro\u201d \u00e9 transmitido ao vivo pela Empresa Brasil de Comunica\u00e7\u00e3o (EBC). Pode ser acompanhado pela TV (aberta ou via sat\u00e9lite) e pela internet, no YouTube, Facebook, TikTok e Instagram do CanalGov. Para as r\u00e1dios, o sinal de transmiss\u00e3o \u00e9 oferecido pela Rede Nacional de R\u00e1dio (RNR), pelo mesmo canal de \u201cA Voz do Brasil\u201d.<\/p>\n<p class=\"callout\" style=\"text-align: justify;\"><strong>PARTICIPE \u2014<\/strong>\u00a0Comunicadores e jornalistas de r\u00e1dio de todo o pa\u00eds interessados em participar do &#8220;Bom Dia, Ministro&#8221; podem encaminhar mensagem para o telefone (61) 99222-1282 (via WhatsApp) informando o nome da r\u00e1dio, munic\u00edpio e estado de origem, para serem inclu\u00eddos na lista de ve\u00edculos interessados em participar do programa.<\/p>\n<p style=\"text-align: justify;\"><em><strong>Secretaria de Comunica\u00e7\u00e3o Social\u00a0<\/strong><\/em><\/p>\n<p style=\"text-align: justify;\"><em><strong>Presid\u00eancia da Rep\u00fablica<\/strong><\/em><\/p>\n","protected":false},"excerpt":{"rendered":"<p>Titular da Integra\u00e7\u00e3o e do Desenvolvimento Regional ser\u00e1 entrevistado por r\u00e1dios de v\u00e1rias partes do pa\u00eds nesta quinta-feira (24), a partir das 8h Oministro Waldez G\u00f3es (Integra\u00e7\u00e3o e Desenvolvimento Regional) \u00e9 o convidado do programa \u201cBom Dia, Ministro\u201d desta quinta-feira, 24 de outubro. O programa, coprodu\u00e7\u00e3o da Secretaria de Comunica\u00e7\u00e3o Social da Presid\u00eancia da Rep\u00fablica [&hellip;]<\/p>\n","protected":false},"author":2,"featured_media":64134,"comment_status":"open","ping_status":"closed","sticky":false,"template":"","format":"standard","meta":{"footnotes":""},"categories":[68,21,57],"tags":[],"class_list":{"0":"post-64132","1":"post","2":"type-post","3":"status-publish","4":"format-standard","5":"has-post-thumbnail","7":"category-brasil","8":"category-brasilia","9":"category-politica"},"yoast_head":"<!-- This site is optimized with the Yoast SEO Premium plugin v24.5 (Yoast SEO v27.4) - https:\/\/yoast.com\/product\/yoast-seo-premium-wordpress\/ -->\n<title>Waldez G\u00f3es defende taxa\u00e7\u00e3o de grandes fortunas como forma de reduzir risco de desastres no \u201cBom Dia, Ministro\u201d - P31<\/title>\n<meta name=\"robots\" content=\"index, follow, max-snippet:-1, max-image-preview:large, max-video-preview:-1\" \/>\n<link rel=\"canonical\" href=\"https:\/\/www.p31noticias.com.br\/?p=64132\" \/>\n<meta property=\"og:locale\" content=\"pt_BR\" \/>\n<meta property=\"og:type\" content=\"article\" \/>\n<meta property=\"og:title\" content=\"Waldez G\u00f3es defende taxa\u00e7\u00e3o de grandes fortunas como forma de reduzir risco de desastres no \u201cBom Dia, Ministro\u201d\" \/>\n<meta property=\"og:description\" content=\"Titular da Integra\u00e7\u00e3o e do Desenvolvimento Regional ser\u00e1 entrevistado por r\u00e1dios de v\u00e1rias partes do pa\u00eds nesta quinta-feira (24), a partir das 8h Oministro Waldez G\u00f3es (Integra\u00e7\u00e3o e Desenvolvimento Regional) \u00e9 o convidado do programa \u201cBom Dia, Ministro\u201d desta quinta-feira, 24 de outubro. O programa, coprodu\u00e7\u00e3o da Secretaria de Comunica\u00e7\u00e3o Social da Presid\u00eancia da Rep\u00fablica [&hellip;]\" \/>\n<meta property=\"og:url\" content=\"https:\/\/www.p31noticias.com.br\/?p=64132\" \/>\n<meta property=\"og:site_name\" content=\"P31\" \/>\n<meta property=\"article:published_time\" content=\"2024-10-24T13:49:15+00:00\" \/>\n<meta property=\"article:modified_time\" content=\"2024-10-24T13:50:04+00:00\" \/>\n<meta property=\"og:image\" content=\"https:\/\/www.p31noticias.com.br\/wp-content\/uploads\/2024\/10\/unnamed-87.jpg\" \/>\n\t<meta property=\"og:image:width\" content=\"1133\" \/>\n\t<meta property=\"og:image:height\" content=\"633\" \/>\n\t<meta property=\"og:image:type\" content=\"image\/jpeg\" \/>\n<meta name=\"author\" content=\"Gon\u00e7alves Junior\" \/>\n<meta name=\"twitter:card\" content=\"summary_large_image\" \/>\n<meta name=\"twitter:label1\" content=\"Escrito por\" \/>\n\t<meta name=\"twitter:data1\" content=\"Gon\u00e7alves Junior\" \/>\n\t<meta name=\"twitter:label2\" content=\"Est. tempo de leitura\" \/>\n\t<meta name=\"twitter:data2\" content=\"4 minutos\" \/>\n<script type=\"application\/ld+json\" class=\"yoast-schema-graph\">{\"@context\":\"https:\\\/\\\/schema.org\",\"@graph\":[{\"@type\":\"Article\",\"@id\":\"https:\\\/\\\/www.p31noticias.com.br\\\/?p=64132#article\",\"isPartOf\":{\"@id\":\"https:\\\/\\\/www.p31noticias.com.br\\\/?p=64132\"},\"author\":{\"name\":\"Gon\u00e7alves Junior\",\"@id\":\"https:\\\/\\\/www.p31noticias.com.br\\\/#\\\/schema\\\/person\\\/95f2ece30e3b4132065b915150cd0f94\"},\"headline\":\"Waldez G\u00f3es defende taxa\u00e7\u00e3o de grandes fortunas como forma de reduzir risco de desastres no \u201cBom Dia, Ministro\u201d\",\"datePublished\":\"2024-10-24T13:49:15+00:00\",\"dateModified\":\"2024-10-24T13:50:04+00:00\",\"mainEntityOfPage\":{\"@id\":\"https:\\\/\\\/www.p31noticias.com.br\\\/?p=64132\"},\"wordCount\":718,\"commentCount\":0,\"image\":{\"@id\":\"https:\\\/\\\/www.p31noticias.com.br\\\/?p=64132#primaryimage\"},\"thumbnailUrl\":\"https:\\\/\\\/www.p31noticias.com.br\\\/wp-content\\\/uploads\\\/2024\\\/10\\\/unnamed-87.jpg\",\"articleSection\":[\"Brasil\",\"Bras\u00edlia\",\"Pol\u00edtica\"],\"inLanguage\":\"pt-BR\",\"potentialAction\":[{\"@type\":\"CommentAction\",\"name\":\"Comment\",\"target\":[\"https:\\\/\\\/www.p31noticias.com.br\\\/?p=64132#respond\"]}],\"copyrightYear\":\"2024\",\"copyrightHolder\":{\"@id\":\"https:\\\/\\\/www.p31noticias.com.br\\\/#organization\"}},{\"@type\":\"WebPage\",\"@id\":\"https:\\\/\\\/www.p31noticias.com.br\\\/?p=64132\",\"url\":\"https:\\\/\\\/www.p31noticias.com.br\\\/?p=64132\",\"name\":\"Waldez G\u00f3es defende taxa\u00e7\u00e3o de grandes fortunas como forma de reduzir risco de desastres no \u201cBom Dia, Ministro\u201d - P31\",\"isPartOf\":{\"@id\":\"https:\\\/\\\/www.p31noticias.com.br\\\/#website\"},\"primaryImageOfPage\":{\"@id\":\"https:\\\/\\\/www.p31noticias.com.br\\\/?p=64132#primaryimage\"},\"image\":{\"@id\":\"https:\\\/\\\/www.p31noticias.com.br\\\/?p=64132#primaryimage\"},\"thumbnailUrl\":\"https:\\\/\\\/www.p31noticias.com.br\\\/wp-content\\\/uploads\\\/2024\\\/10\\\/unnamed-87.jpg\",\"datePublished\":\"2024-10-24T13:49:15+00:00\",\"dateModified\":\"2024-10-24T13:50:04+00:00\",\"author\":{\"@id\":\"https:\\\/\\\/www.p31noticias.com.br\\\/#\\\/schema\\\/person\\\/95f2ece30e3b4132065b915150cd0f94\"},\"breadcrumb\":{\"@id\":\"https:\\\/\\\/www.p31noticias.com.br\\\/?p=64132#breadcrumb\"},\"inLanguage\":\"pt-BR\",\"potentialAction\":[{\"@type\":\"ReadAction\",\"target\":[\"https:\\\/\\\/www.p31noticias.com.br\\\/?p=64132\"]}]},{\"@type\":\"ImageObject\",\"inLanguage\":\"pt-BR\",\"@id\":\"https:\\\/\\\/www.p31noticias.com.br\\\/?p=64132#primaryimage\",\"url\":\"https:\\\/\\\/www.p31noticias.com.br\\\/wp-content\\\/uploads\\\/2024\\\/10\\\/unnamed-87.jpg\",\"contentUrl\":\"https:\\\/\\\/www.p31noticias.com.br\\\/wp-content\\\/uploads\\\/2024\\\/10\\\/unnamed-87.jpg\",\"width\":1133,\"height\":633},{\"@type\":\"BreadcrumbList\",\"@id\":\"https:\\\/\\\/www.p31noticias.com.br\\\/?p=64132#breadcrumb\",\"itemListElement\":[{\"@type\":\"ListItem\",\"position\":1,\"name\":\"In\u00edcio\",\"item\":\"https:\\\/\\\/www.p31noticias.com.br\\\/\"},{\"@type\":\"ListItem\",\"position\":2,\"name\":\"Waldez G\u00f3es defende taxa\u00e7\u00e3o de grandes fortunas como forma de reduzir risco de desastres no \u201cBom Dia, Ministro\u201d\"}]},{\"@type\":\"WebSite\",\"@id\":\"https:\\\/\\\/www.p31noticias.com.br\\\/#website\",\"url\":\"https:\\\/\\\/www.p31noticias.com.br\\\/\",\"name\":\"P31\",\"description\":\"NOT\u00cdCIAS\",\"potentialAction\":[{\"@type\":\"SearchAction\",\"target\":{\"@type\":\"EntryPoint\",\"urlTemplate\":\"https:\\\/\\\/www.p31noticias.com.br\\\/?s={search_term_string}\"},\"query-input\":{\"@type\":\"PropertyValueSpecification\",\"valueRequired\":true,\"valueName\":\"search_term_string\"}}],\"inLanguage\":\"pt-BR\"},{\"@type\":\"Person\",\"@id\":\"https:\\\/\\\/www.p31noticias.com.br\\\/#\\\/schema\\\/person\\\/95f2ece30e3b4132065b915150cd0f94\",\"name\":\"Gon\u00e7alves Junior\",\"image\":{\"@type\":\"ImageObject\",\"inLanguage\":\"pt-BR\",\"@id\":\"https:\\\/\\\/secure.gravatar.com\\\/avatar\\\/6711f350116a89762687a48d66f723c799e5438a5b7578508d4294cd7a5d0800?s=96&d=mm&r=g\",\"url\":\"https:\\\/\\\/secure.gravatar.com\\\/avatar\\\/6711f350116a89762687a48d66f723c799e5438a5b7578508d4294cd7a5d0800?s=96&d=mm&r=g\",\"contentUrl\":\"https:\\\/\\\/secure.gravatar.com\\\/avatar\\\/6711f350116a89762687a48d66f723c799e5438a5b7578508d4294cd7a5d0800?s=96&d=mm&r=g\",\"caption\":\"Gon\u00e7alves Junior\"},\"url\":\"https:\\\/\\\/www.p31noticias.com.br\\\/?author=2\"}]}<\/script>\n<!-- \/ Yoast SEO Premium plugin. -->","yoast_head_json":{"title":"Waldez G\u00f3es defende taxa\u00e7\u00e3o de grandes fortunas como forma de reduzir risco de desastres no \u201cBom Dia, Ministro\u201d - P31","robots":{"index":"index","follow":"follow","max-snippet":"max-snippet:-1","max-image-preview":"max-image-preview:large","max-video-preview":"max-video-preview:-1"},"canonical":"https:\/\/www.p31noticias.com.br\/?p=64132","og_locale":"pt_BR","og_type":"article","og_title":"Waldez G\u00f3es defende taxa\u00e7\u00e3o de grandes fortunas como forma de reduzir risco de desastres no \u201cBom Dia, Ministro\u201d","og_description":"Titular da Integra\u00e7\u00e3o e do Desenvolvimento Regional ser\u00e1 entrevistado por r\u00e1dios de v\u00e1rias partes do pa\u00eds nesta quinta-feira (24), a partir das 8h Oministro Waldez G\u00f3es (Integra\u00e7\u00e3o e Desenvolvimento Regional) \u00e9 o convidado do programa \u201cBom Dia, Ministro\u201d desta quinta-feira, 24 de outubro. O programa, coprodu\u00e7\u00e3o da Secretaria de Comunica\u00e7\u00e3o Social da Presid\u00eancia da Rep\u00fablica [&hellip;]","og_url":"https:\/\/www.p31noticias.com.br\/?p=64132","og_site_name":"P31","article_published_time":"2024-10-24T13:49:15+00:00","article_modified_time":"2024-10-24T13:50:04+00:00","og_image":[{"width":1133,"height":633,"url":"https:\/\/www.p31noticias.com.br\/wp-content\/uploads\/2024\/10\/unnamed-87.jpg","type":"image\/jpeg"}],"author":"Gon\u00e7alves Junior","twitter_card":"summary_large_image","twitter_misc":{"Escrito por":"Gon\u00e7alves Junior","Est. tempo de leitura":"4 minutos"},"schema":{"@context":"https:\/\/schema.org","@graph":[{"@type":"Article","@id":"https:\/\/www.p31noticias.com.br\/?p=64132#article","isPartOf":{"@id":"https:\/\/www.p31noticias.com.br\/?p=64132"},"author":{"name":"Gon\u00e7alves Junior","@id":"https:\/\/www.p31noticias.com.br\/#\/schema\/person\/95f2ece30e3b4132065b915150cd0f94"},"headline":"Waldez G\u00f3es defende taxa\u00e7\u00e3o de grandes fortunas como forma de reduzir risco de desastres no \u201cBom Dia, Ministro\u201d","datePublished":"2024-10-24T13:49:15+00:00","dateModified":"2024-10-24T13:50:04+00:00","mainEntityOfPage":{"@id":"https:\/\/www.p31noticias.com.br\/?p=64132"},"wordCount":718,"commentCount":0,"image":{"@id":"https:\/\/www.p31noticias.com.br\/?p=64132#primaryimage"},"thumbnailUrl":"https:\/\/www.p31noticias.com.br\/wp-content\/uploads\/2024\/10\/unnamed-87.jpg","articleSection":["Brasil","Bras\u00edlia","Pol\u00edtica"],"inLanguage":"pt-BR","potentialAction":[{"@type":"CommentAction","name":"Comment","target":["https:\/\/www.p31noticias.com.br\/?p=64132#respond"]}],"copyrightYear":"2024","copyrightHolder":{"@id":"https:\/\/www.p31noticias.com.br\/#organization"}},{"@type":"WebPage","@id":"https:\/\/www.p31noticias.com.br\/?p=64132","url":"https:\/\/www.p31noticias.com.br\/?p=64132","name":"Waldez G\u00f3es defende taxa\u00e7\u00e3o de grandes fortunas como forma de reduzir risco de desastres no \u201cBom Dia, Ministro\u201d - P31","isPartOf":{"@id":"https:\/\/www.p31noticias.com.br\/#website"},"primaryImageOfPage":{"@id":"https:\/\/www.p31noticias.com.br\/?p=64132#primaryimage"},"image":{"@id":"https:\/\/www.p31noticias.com.br\/?p=64132#primaryimage"},"thumbnailUrl":"https:\/\/www.p31noticias.com.br\/wp-content\/uploads\/2024\/10\/unnamed-87.jpg","datePublished":"2024-10-24T13:49:15+00:00","dateModified":"2024-10-24T13:50:04+00:00","author":{"@id":"https:\/\/www.p31noticias.com.br\/#\/schema\/person\/95f2ece30e3b4132065b915150cd0f94"},"breadcrumb":{"@id":"https:\/\/www.p31noticias.com.br\/?p=64132#breadcrumb"},"inLanguage":"pt-BR","potentialAction":[{"@type":"ReadAction","target":["https:\/\/www.p31noticias.com.br\/?p=64132"]}]},{"@type":"ImageObject","inLanguage":"pt-BR","@id":"https:\/\/www.p31noticias.com.br\/?p=64132#primaryimage","url":"https:\/\/www.p31noticias.com.br\/wp-content\/uploads\/2024\/10\/unnamed-87.jpg","contentUrl":"https:\/\/www.p31noticias.com.br\/wp-content\/uploads\/2024\/10\/unnamed-87.jpg","width":1133,"height":633},{"@type":"BreadcrumbList","@id":"https:\/\/www.p31noticias.com.br\/?p=64132#breadcrumb","itemListElement":[{"@type":"ListItem","position":1,"name":"In\u00edcio","item":"https:\/\/www.p31noticias.com.br\/"},{"@type":"ListItem","position":2,"name":"Waldez G\u00f3es defende taxa\u00e7\u00e3o de grandes fortunas como forma de reduzir risco de desastres no \u201cBom Dia, Ministro\u201d"}]},{"@type":"WebSite","@id":"https:\/\/www.p31noticias.com.br\/#website","url":"https:\/\/www.p31noticias.com.br\/","name":"P31","description":"NOT\u00cdCIAS","potentialAction":[{"@type":"SearchAction","target":{"@type":"EntryPoint","urlTemplate":"https:\/\/www.p31noticias.com.br\/?s={search_term_string}"},"query-input":{"@type":"PropertyValueSpecification","valueRequired":true,"valueName":"search_term_string"}}],"inLanguage":"pt-BR"},{"@type":"Person","@id":"https:\/\/www.p31noticias.com.br\/#\/schema\/person\/95f2ece30e3b4132065b915150cd0f94","name":"Gon\u00e7alves Junior","image":{"@type":"ImageObject","inLanguage":"pt-BR","@id":"https:\/\/secure.gravatar.com\/avatar\/6711f350116a89762687a48d66f723c799e5438a5b7578508d4294cd7a5d0800?s=96&d=mm&r=g","url":"https:\/\/secure.gravatar.com\/avatar\/6711f350116a89762687a48d66f723c799e5438a5b7578508d4294cd7a5d0800?s=96&d=mm&r=g","contentUrl":"https:\/\/secure.gravatar.com\/avatar\/6711f350116a89762687a48d66f723c799e5438a5b7578508d4294cd7a5d0800?s=96&d=mm&r=g","caption":"Gon\u00e7alves Junior"},"url":"https:\/\/www.p31noticias.com.br\/?author=2"}]}},"amp_enabled":true,"_links":{"self":[{"href":"https:\/\/www.p31noticias.com.br\/index.php?rest_route=\/wp\/v2\/posts\/64132","targetHints":{"allow":["GET"]}}],"collection":[{"href":"https:\/\/www.p31noticias.com.br\/index.php?rest_route=\/wp\/v2\/posts"}],"about":[{"href":"https:\/\/www.p31noticias.com.br\/index.php?rest_route=\/wp\/v2\/types\/post"}],"author":[{"embeddable":true,"href":"https:\/\/www.p31noticias.com.br\/index.php?rest_route=\/wp\/v2\/users\/2"}],"replies":[{"embeddable":true,"href":"https:\/\/www.p31noticias.com.br\/index.php?rest_route=%2Fwp%2Fv2%2Fcomments&post=64132"}],"version-history":[{"count":1,"href":"https:\/\/www.p31noticias.com.br\/index.php?rest_route=\/wp\/v2\/posts\/64132\/revisions"}],"predecessor-version":[{"id":64133,"href":"https:\/\/www.p31noticias.com.br\/index.php?rest_route=\/wp\/v2\/posts\/64132\/revisions\/64133"}],"wp:featuredmedia":[{"embeddable":true,"href":"https:\/\/www.p31noticias.com.br\/index.php?rest_route=\/wp\/v2\/media\/64134"}],"wp:attachment":[{"href":"https:\/\/www.p31noticias.com.br\/index.php?rest_route=%2Fwp%2Fv2%2Fmedia&parent=64132"}],"wp:term":[{"taxonomy":"category","embeddable":true,"href":"https:\/\/www.p31noticias.com.br\/index.php?rest_route=%2Fwp%2Fv2%2Fcategories&post=64132"},{"taxonomy":"post_tag","embeddable":true,"href":"https:\/\/www.p31noticias.com.br\/index.php?rest_route=%2Fwp%2Fv2%2Ftags&post=64132"}],"curies":[{"name":"wp","href":"https:\/\/api.w.org\/{rel}","templated":true}]}}