{"id":54112,"date":"2024-06-13T10:31:31","date_gmt":"2024-06-13T13:31:31","guid":{"rendered":"https:\/\/p31noticias.com.br\/dupla-em-situacao-de-rua-e-presa-por-furtar-tabacaria-em-aguas-claras\/"},"modified":"2024-06-13T10:31:31","modified_gmt":"2024-06-13T13:31:31","slug":"dupla-em-situacao-de-rua-e-presa-por-furtar-tabacaria-em-aguas-claras","status":"publish","type":"post","link":"https:\/\/www.p31noticias.com.br\/?p=54112","title":{"rendered":"Dupla em situa\u00e7\u00e3o de rua \u00e9 presa por furtar tabacaria em \u00c1guas Claras"},"content":{"rendered":"<p>Duas pessoas em situa\u00e7\u00e3o de rua foram presas em flagrante, na noite dessa ter\u00e7a-feira (11\/6), ap\u00f3s furtarem uma tabacaria em \u00c1guas Claras. Um dos suspeitos ainda estava no local quando a Pol\u00edcia Militar do Distrito Federal (PMDF) chegou ao endere\u00e7o para atender \u00e0 ocorr\u00eancia. Por meio do telefone 190, a PMDF recebeu informa\u00e7\u00f5es sobre um [\u2026]<\/p>\n<p>O post <a href=\"https:\/\/www.delioandrade.com.br\/dupla-em-situacao-de-rua-e-presa-por-furtar-tabacaria-em-aguas-claras\/\">Dupla em situa\u00e7\u00e3o de rua \u00e9 presa por furtar tabacaria em \u00c1guas Claras<\/a> apareceu primeiro em <a href=\"https:\/\/www.delioandrade.com.br\/\">Blog do D\u00c9LIO ANDRADE<\/a>.<\/p>\n","protected":false},"excerpt":{"rendered":"<p>Duas pessoas em situa\u00e7\u00e3o de rua foram presas em flagrante, na noite dessa ter\u00e7a-feira (11\/6), ap\u00f3s furtarem uma tabacaria em \u00c1guas Claras. Um dos suspeitos ainda estava no local quando a Pol\u00edcia Militar do Distrito Federal (PMDF) chegou ao endere\u00e7o para atender \u00e0 ocorr\u00eancia. Por meio do telefone 190, a PMDF recebeu informa\u00e7\u00f5es sobre um [&hellip;]<\/p>\n","protected":false},"author":0,"featured_media":0,"comment_status":"open","ping_status":"open","sticky":false,"template":"","format":"standard","meta":{"footnotes":""},"categories":[21],"tags":[],"class_list":{"0":"post-54112","1":"post","2":"type-post","3":"status-publish","4":"format-standard","6":"category-brasilia"},"yoast_head":"<!-- This site is optimized with the Yoast SEO Premium plugin v24.5 (Yoast SEO v27.4) - https:\/\/yoast.com\/product\/yoast-seo-premium-wordpress\/ -->\n<title>Dupla em situa\u00e7\u00e3o de rua \u00e9 presa por furtar tabacaria em \u00c1guas Claras - P31<\/title>\n<meta name=\"robots\" content=\"index, follow, max-snippet:-1, max-image-preview:large, max-video-preview:-1\" \/>\n<link rel=\"canonical\" href=\"https:\/\/www.p31noticias.com.br\/?p=54112\" \/>\n<meta property=\"og:locale\" content=\"pt_BR\" \/>\n<meta property=\"og:type\" content=\"article\" \/>\n<meta property=\"og:title\" content=\"Dupla em situa\u00e7\u00e3o de rua \u00e9 presa por furtar tabacaria em \u00c1guas Claras\" \/>\n<meta property=\"og:description\" content=\"Duas pessoas em situa\u00e7\u00e3o de rua foram presas em flagrante, na noite dessa ter\u00e7a-feira (11\/6), ap\u00f3s furtarem uma tabacaria em \u00c1guas Claras. Um dos suspeitos ainda estava no local quando a Pol\u00edcia Militar do Distrito Federal (PMDF) chegou ao endere\u00e7o para atender \u00e0 ocorr\u00eancia. Por meio do telefone 190, a PMDF recebeu informa\u00e7\u00f5es sobre um [&hellip;]\" \/>\n<meta property=\"og:url\" content=\"https:\/\/www.p31noticias.com.br\/?p=54112\" \/>\n<meta property=\"og:site_name\" content=\"P31\" \/>\n<meta property=\"article:published_time\" content=\"2024-06-13T13:31:31+00:00\" \/>\n<meta name=\"twitter:card\" content=\"summary_large_image\" \/>\n<script type=\"application\/ld+json\" class=\"yoast-schema-graph\">{\"@context\":\"https:\\\/\\\/schema.org\",\"@graph\":[{\"@type\":\"Article\",\"@id\":\"https:\\\/\\\/www.p31noticias.com.br\\\/?p=54112#article\",\"isPartOf\":{\"@id\":\"https:\\\/\\\/www.p31noticias.com.br\\\/?p=54112\"},\"author\":{\"name\":\"\",\"@id\":\"\"},\"headline\":\"Dupla em situa\u00e7\u00e3o de rua \u00e9 presa por furtar tabacaria em \u00c1guas Claras\",\"datePublished\":\"2024-06-13T13:31:31+00:00\",\"mainEntityOfPage\":{\"@id\":\"https:\\\/\\\/www.p31noticias.com.br\\\/?p=54112\"},\"wordCount\":95,\"commentCount\":0,\"articleSection\":[\"Bras\u00edlia\"],\"inLanguage\":\"pt-BR\",\"potentialAction\":[{\"@type\":\"CommentAction\",\"name\":\"Comment\",\"target\":[\"https:\\\/\\\/www.p31noticias.com.br\\\/?p=54112#respond\"]}],\"copyrightYear\":\"2024\",\"copyrightHolder\":{\"@id\":\"https:\\\/\\\/www.p31noticias.com.br\\\/#organization\"}},{\"@type\":\"WebPage\",\"@id\":\"https:\\\/\\\/www.p31noticias.com.br\\\/?p=54112\",\"url\":\"https:\\\/\\\/www.p31noticias.com.br\\\/?p=54112\",\"name\":\"Dupla em situa\u00e7\u00e3o de rua \u00e9 presa por furtar tabacaria em \u00c1guas Claras - P31\",\"isPartOf\":{\"@id\":\"https:\\\/\\\/www.p31noticias.com.br\\\/#website\"},\"datePublished\":\"2024-06-13T13:31:31+00:00\",\"author\":{\"@id\":\"\"},\"breadcrumb\":{\"@id\":\"https:\\\/\\\/www.p31noticias.com.br\\\/?p=54112#breadcrumb\"},\"inLanguage\":\"pt-BR\",\"potentialAction\":[{\"@type\":\"ReadAction\",\"target\":[\"https:\\\/\\\/www.p31noticias.com.br\\\/?p=54112\"]}]},{\"@type\":\"BreadcrumbList\",\"@id\":\"https:\\\/\\\/www.p31noticias.com.br\\\/?p=54112#breadcrumb\",\"itemListElement\":[{\"@type\":\"ListItem\",\"position\":1,\"name\":\"In\u00edcio\",\"item\":\"https:\\\/\\\/www.p31noticias.com.br\\\/\"},{\"@type\":\"ListItem\",\"position\":2,\"name\":\"Dupla em situa\u00e7\u00e3o de rua \u00e9 presa por furtar tabacaria em \u00c1guas Claras\"}]},{\"@type\":\"WebSite\",\"@id\":\"https:\\\/\\\/www.p31noticias.com.br\\\/#website\",\"url\":\"https:\\\/\\\/www.p31noticias.com.br\\\/\",\"name\":\"P31\",\"description\":\"NOT\u00cdCIAS\",\"potentialAction\":[{\"@type\":\"SearchAction\",\"target\":{\"@type\":\"EntryPoint\",\"urlTemplate\":\"https:\\\/\\\/www.p31noticias.com.br\\\/?s={search_term_string}\"},\"query-input\":{\"@type\":\"PropertyValueSpecification\",\"valueRequired\":true,\"valueName\":\"search_term_string\"}}],\"inLanguage\":\"pt-BR\"}]}<\/script>\n<!-- \/ Yoast SEO Premium plugin. -->","yoast_head_json":{"title":"Dupla em situa\u00e7\u00e3o de rua \u00e9 presa por furtar tabacaria em \u00c1guas Claras - P31","robots":{"index":"index","follow":"follow","max-snippet":"max-snippet:-1","max-image-preview":"max-image-preview:large","max-video-preview":"max-video-preview:-1"},"canonical":"https:\/\/www.p31noticias.com.br\/?p=54112","og_locale":"pt_BR","og_type":"article","og_title":"Dupla em situa\u00e7\u00e3o de rua \u00e9 presa por furtar tabacaria em \u00c1guas Claras","og_description":"Duas pessoas em situa\u00e7\u00e3o de rua foram presas em flagrante, na noite dessa ter\u00e7a-feira (11\/6), ap\u00f3s furtarem uma tabacaria em \u00c1guas Claras. Um dos suspeitos ainda estava no local quando a Pol\u00edcia Militar do Distrito Federal (PMDF) chegou ao endere\u00e7o para atender \u00e0 ocorr\u00eancia. Por meio do telefone 190, a PMDF recebeu informa\u00e7\u00f5es sobre um [&hellip;]","og_url":"https:\/\/www.p31noticias.com.br\/?p=54112","og_site_name":"P31","article_published_time":"2024-06-13T13:31:31+00:00","twitter_card":"summary_large_image","schema":{"@context":"https:\/\/schema.org","@graph":[{"@type":"Article","@id":"https:\/\/www.p31noticias.com.br\/?p=54112#article","isPartOf":{"@id":"https:\/\/www.p31noticias.com.br\/?p=54112"},"author":{"name":"","@id":""},"headline":"Dupla em situa\u00e7\u00e3o de rua \u00e9 presa por furtar tabacaria em \u00c1guas Claras","datePublished":"2024-06-13T13:31:31+00:00","mainEntityOfPage":{"@id":"https:\/\/www.p31noticias.com.br\/?p=54112"},"wordCount":95,"commentCount":0,"articleSection":["Bras\u00edlia"],"inLanguage":"pt-BR","potentialAction":[{"@type":"CommentAction","name":"Comment","target":["https:\/\/www.p31noticias.com.br\/?p=54112#respond"]}],"copyrightYear":"2024","copyrightHolder":{"@id":"https:\/\/www.p31noticias.com.br\/#organization"}},{"@type":"WebPage","@id":"https:\/\/www.p31noticias.com.br\/?p=54112","url":"https:\/\/www.p31noticias.com.br\/?p=54112","name":"Dupla em situa\u00e7\u00e3o de rua \u00e9 presa por furtar tabacaria em \u00c1guas Claras - P31","isPartOf":{"@id":"https:\/\/www.p31noticias.com.br\/#website"},"datePublished":"2024-06-13T13:31:31+00:00","author":{"@id":""},"breadcrumb":{"@id":"https:\/\/www.p31noticias.com.br\/?p=54112#breadcrumb"},"inLanguage":"pt-BR","potentialAction":[{"@type":"ReadAction","target":["https:\/\/www.p31noticias.com.br\/?p=54112"]}]},{"@type":"BreadcrumbList","@id":"https:\/\/www.p31noticias.com.br\/?p=54112#breadcrumb","itemListElement":[{"@type":"ListItem","position":1,"name":"In\u00edcio","item":"https:\/\/www.p31noticias.com.br\/"},{"@type":"ListItem","position":2,"name":"Dupla em situa\u00e7\u00e3o de rua \u00e9 presa por furtar tabacaria em \u00c1guas Claras"}]},{"@type":"WebSite","@id":"https:\/\/www.p31noticias.com.br\/#website","url":"https:\/\/www.p31noticias.com.br\/","name":"P31","description":"NOT\u00cdCIAS","potentialAction":[{"@type":"SearchAction","target":{"@type":"EntryPoint","urlTemplate":"https:\/\/www.p31noticias.com.br\/?s={search_term_string}"},"query-input":{"@type":"PropertyValueSpecification","valueRequired":true,"valueName":"search_term_string"}}],"inLanguage":"pt-BR"}]}},"amp_enabled":true,"_links":{"self":[{"href":"https:\/\/www.p31noticias.com.br\/index.php?rest_route=\/wp\/v2\/posts\/54112","targetHints":{"allow":["GET"]}}],"collection":[{"href":"https:\/\/www.p31noticias.com.br\/index.php?rest_route=\/wp\/v2\/posts"}],"about":[{"href":"https:\/\/www.p31noticias.com.br\/index.php?rest_route=\/wp\/v2\/types\/post"}],"replies":[{"embeddable":true,"href":"https:\/\/www.p31noticias.com.br\/index.php?rest_route=%2Fwp%2Fv2%2Fcomments&post=54112"}],"version-history":[{"count":0,"href":"https:\/\/www.p31noticias.com.br\/index.php?rest_route=\/wp\/v2\/posts\/54112\/revisions"}],"wp:attachment":[{"href":"https:\/\/www.p31noticias.com.br\/index.php?rest_route=%2Fwp%2Fv2%2Fmedia&parent=54112"}],"wp:term":[{"taxonomy":"category","embeddable":true,"href":"https:\/\/www.p31noticias.com.br\/index.php?rest_route=%2Fwp%2Fv2%2Fcategories&post=54112"},{"taxonomy":"post_tag","embeddable":true,"href":"https:\/\/www.p31noticias.com.br\/index.php?rest_route=%2Fwp%2Fv2%2Ftags&post=54112"}],"curies":[{"name":"wp","href":"https:\/\/api.w.org\/{rel}","templated":true}]}}