{"id":54070,"date":"2024-06-12T18:30:39","date_gmt":"2024-06-12T21:30:39","guid":{"rendered":"https:\/\/p31noticias.com.br\/cpac-evento-do-instituto-de-eduardo-bolsonaro-tem-patrocinio-de-apoiadora-de-ato-golpista\/"},"modified":"2024-06-12T18:30:39","modified_gmt":"2024-06-12T21:30:39","slug":"cpac-evento-do-instituto-de-eduardo-bolsonaro-tem-patrocinio-de-apoiadora-de-ato-golpista","status":"publish","type":"post","link":"https:\/\/www.p31noticias.com.br\/?p=54070","title":{"rendered":"CPAC: Evento do instituto de Eduardo Bolsonaro tem patroc\u00ednio de apoiadora de ato golpista"},"content":{"rendered":"<p>A empresa Tuboa\u00e7os da Amaz\u00f4nia, que apoiou os atos golpistas em Manaus contra a vit\u00f3ria do presidente Luiz In\u00e1cio Lula da Silva (PT), foi anunciada como \u201cparceria\u201d do CPAC Brasil 2024 na \u00faltima semana. O congresso da extrema direita, de formato importado dos Estados Unidos, \u00e9 organizado pelo Instituto Conservador Liberal (ICL), laborat\u00f3rio de ideias [\u2026]<\/p>\n<p>O post <a href=\"https:\/\/www.delioandrade.com.br\/cpac-evento-do-instituto-de-eduardo-bolsonaro-tem-patrocinio-de-apoiadora-de-ato-golpista\/\">CPAC: Evento do instituto de Eduardo Bolsonaro tem patroc\u00ednio de apoiadora de ato golpista<\/a> apareceu primeiro em <a href=\"https:\/\/www.delioandrade.com.br\/\">Blog do D\u00c9LIO ANDRADE<\/a>.<\/p>\n","protected":false},"excerpt":{"rendered":"<p>A empresa Tuboa\u00e7os da Amaz\u00f4nia, que apoiou os atos golpistas em Manaus contra a vit\u00f3ria do presidente Luiz In\u00e1cio Lula da Silva (PT), foi anunciada como \u201cparceria\u201d do CPAC Brasil 2024 na \u00faltima semana. O congresso da extrema direita, de formato importado dos Estados Unidos, \u00e9 organizado pelo Instituto Conservador Liberal (ICL), laborat\u00f3rio de ideias [&hellip;]<\/p>\n","protected":false},"author":0,"featured_media":54071,"comment_status":"open","ping_status":"open","sticky":false,"template":"","format":"standard","meta":{"footnotes":""},"categories":[21],"tags":[],"class_list":{"0":"post-54070","1":"post","2":"type-post","3":"status-publish","4":"format-standard","5":"has-post-thumbnail","7":"category-brasilia"},"yoast_head":"<!-- This site is optimized with the Yoast SEO Premium plugin v24.5 (Yoast SEO v27.4) - https:\/\/yoast.com\/product\/yoast-seo-premium-wordpress\/ -->\n<title>CPAC: Evento do instituto de Eduardo Bolsonaro tem patroc\u00ednio de apoiadora de ato golpista - P31<\/title>\n<meta name=\"robots\" content=\"index, follow, max-snippet:-1, max-image-preview:large, max-video-preview:-1\" \/>\n<link rel=\"canonical\" href=\"https:\/\/www.p31noticias.com.br\/?p=54070\" \/>\n<meta property=\"og:locale\" content=\"pt_BR\" \/>\n<meta property=\"og:type\" content=\"article\" \/>\n<meta property=\"og:title\" content=\"CPAC: Evento do instituto de Eduardo Bolsonaro tem patroc\u00ednio de apoiadora de ato golpista\" \/>\n<meta property=\"og:description\" content=\"A empresa Tuboa\u00e7os da Amaz\u00f4nia, que apoiou os atos golpistas em Manaus contra a vit\u00f3ria do presidente Luiz In\u00e1cio Lula da Silva (PT), foi anunciada como \u201cparceria\u201d do CPAC Brasil 2024 na \u00faltima semana. O congresso da extrema direita, de formato importado dos Estados Unidos, \u00e9 organizado pelo Instituto Conservador Liberal (ICL), laborat\u00f3rio de ideias [&hellip;]\" \/>\n<meta property=\"og:url\" content=\"https:\/\/www.p31noticias.com.br\/?p=54070\" \/>\n<meta property=\"og:site_name\" content=\"P31\" \/>\n<meta property=\"article:published_time\" content=\"2024-06-12T21:30:39+00:00\" \/>\n<meta property=\"og:image\" content=\"https:\/\/www.p31noticias.com.br\/wp-content\/uploads\/2024\/06\/2-CAPA-SITE-ENTRELINHAS-DO-PODER_CPAC-Evento-do-instituto-de-Eduardo-Bolsonaro-tem-patrocinio-de-apoiadora-de-ato-golpista-J5XJrW-150x150-KMLnR5.jpeg\" \/>\n\t<meta property=\"og:image:width\" content=\"150\" \/>\n\t<meta property=\"og:image:height\" content=\"150\" \/>\n\t<meta property=\"og:image:type\" content=\"image\/jpeg\" \/>\n<meta name=\"twitter:card\" content=\"summary_large_image\" \/>\n<script type=\"application\/ld+json\" class=\"yoast-schema-graph\">{\"@context\":\"https:\\\/\\\/schema.org\",\"@graph\":[{\"@type\":\"Article\",\"@id\":\"https:\\\/\\\/www.p31noticias.com.br\\\/?p=54070#article\",\"isPartOf\":{\"@id\":\"https:\\\/\\\/www.p31noticias.com.br\\\/?p=54070\"},\"author\":{\"name\":\"\",\"@id\":\"\"},\"headline\":\"CPAC: Evento do instituto de Eduardo Bolsonaro tem patroc\u00ednio de apoiadora de ato golpista\",\"datePublished\":\"2024-06-12T21:30:39+00:00\",\"mainEntityOfPage\":{\"@id\":\"https:\\\/\\\/www.p31noticias.com.br\\\/?p=54070\"},\"wordCount\":98,\"commentCount\":0,\"image\":{\"@id\":\"https:\\\/\\\/www.p31noticias.com.br\\\/?p=54070#primaryimage\"},\"thumbnailUrl\":\"https:\\\/\\\/www.p31noticias.com.br\\\/wp-content\\\/uploads\\\/2024\\\/06\\\/2-CAPA-SITE-ENTRELINHAS-DO-PODER_CPAC-Evento-do-instituto-de-Eduardo-Bolsonaro-tem-patrocinio-de-apoiadora-de-ato-golpista-J5XJrW-150x150-KMLnR5.jpeg\",\"articleSection\":[\"Bras\u00edlia\"],\"inLanguage\":\"pt-BR\",\"potentialAction\":[{\"@type\":\"CommentAction\",\"name\":\"Comment\",\"target\":[\"https:\\\/\\\/www.p31noticias.com.br\\\/?p=54070#respond\"]}],\"copyrightYear\":\"2024\",\"copyrightHolder\":{\"@id\":\"https:\\\/\\\/www.p31noticias.com.br\\\/#organization\"}},{\"@type\":\"WebPage\",\"@id\":\"https:\\\/\\\/www.p31noticias.com.br\\\/?p=54070\",\"url\":\"https:\\\/\\\/www.p31noticias.com.br\\\/?p=54070\",\"name\":\"CPAC: Evento do instituto de Eduardo Bolsonaro tem patroc\u00ednio de apoiadora de ato golpista - P31\",\"isPartOf\":{\"@id\":\"https:\\\/\\\/www.p31noticias.com.br\\\/#website\"},\"primaryImageOfPage\":{\"@id\":\"https:\\\/\\\/www.p31noticias.com.br\\\/?p=54070#primaryimage\"},\"image\":{\"@id\":\"https:\\\/\\\/www.p31noticias.com.br\\\/?p=54070#primaryimage\"},\"thumbnailUrl\":\"https:\\\/\\\/www.p31noticias.com.br\\\/wp-content\\\/uploads\\\/2024\\\/06\\\/2-CAPA-SITE-ENTRELINHAS-DO-PODER_CPAC-Evento-do-instituto-de-Eduardo-Bolsonaro-tem-patrocinio-de-apoiadora-de-ato-golpista-J5XJrW-150x150-KMLnR5.jpeg\",\"datePublished\":\"2024-06-12T21:30:39+00:00\",\"author\":{\"@id\":\"\"},\"breadcrumb\":{\"@id\":\"https:\\\/\\\/www.p31noticias.com.br\\\/?p=54070#breadcrumb\"},\"inLanguage\":\"pt-BR\",\"potentialAction\":[{\"@type\":\"ReadAction\",\"target\":[\"https:\\\/\\\/www.p31noticias.com.br\\\/?p=54070\"]}]},{\"@type\":\"ImageObject\",\"inLanguage\":\"pt-BR\",\"@id\":\"https:\\\/\\\/www.p31noticias.com.br\\\/?p=54070#primaryimage\",\"url\":\"https:\\\/\\\/www.p31noticias.com.br\\\/wp-content\\\/uploads\\\/2024\\\/06\\\/2-CAPA-SITE-ENTRELINHAS-DO-PODER_CPAC-Evento-do-instituto-de-Eduardo-Bolsonaro-tem-patrocinio-de-apoiadora-de-ato-golpista-J5XJrW-150x150-KMLnR5.jpeg\",\"contentUrl\":\"https:\\\/\\\/www.p31noticias.com.br\\\/wp-content\\\/uploads\\\/2024\\\/06\\\/2-CAPA-SITE-ENTRELINHAS-DO-PODER_CPAC-Evento-do-instituto-de-Eduardo-Bolsonaro-tem-patrocinio-de-apoiadora-de-ato-golpista-J5XJrW-150x150-KMLnR5.jpeg\",\"width\":150,\"height\":150},{\"@type\":\"BreadcrumbList\",\"@id\":\"https:\\\/\\\/www.p31noticias.com.br\\\/?p=54070#breadcrumb\",\"itemListElement\":[{\"@type\":\"ListItem\",\"position\":1,\"name\":\"In\u00edcio\",\"item\":\"https:\\\/\\\/www.p31noticias.com.br\\\/\"},{\"@type\":\"ListItem\",\"position\":2,\"name\":\"CPAC: Evento do instituto de Eduardo Bolsonaro tem patroc\u00ednio de apoiadora de ato golpista\"}]},{\"@type\":\"WebSite\",\"@id\":\"https:\\\/\\\/www.p31noticias.com.br\\\/#website\",\"url\":\"https:\\\/\\\/www.p31noticias.com.br\\\/\",\"name\":\"P31\",\"description\":\"NOT\u00cdCIAS\",\"potentialAction\":[{\"@type\":\"SearchAction\",\"target\":{\"@type\":\"EntryPoint\",\"urlTemplate\":\"https:\\\/\\\/www.p31noticias.com.br\\\/?s={search_term_string}\"},\"query-input\":{\"@type\":\"PropertyValueSpecification\",\"valueRequired\":true,\"valueName\":\"search_term_string\"}}],\"inLanguage\":\"pt-BR\"}]}<\/script>\n<!-- \/ Yoast SEO Premium plugin. -->","yoast_head_json":{"title":"CPAC: Evento do instituto de Eduardo Bolsonaro tem patroc\u00ednio de apoiadora de ato golpista - P31","robots":{"index":"index","follow":"follow","max-snippet":"max-snippet:-1","max-image-preview":"max-image-preview:large","max-video-preview":"max-video-preview:-1"},"canonical":"https:\/\/www.p31noticias.com.br\/?p=54070","og_locale":"pt_BR","og_type":"article","og_title":"CPAC: Evento do instituto de Eduardo Bolsonaro tem patroc\u00ednio de apoiadora de ato golpista","og_description":"A empresa Tuboa\u00e7os da Amaz\u00f4nia, que apoiou os atos golpistas em Manaus contra a vit\u00f3ria do presidente Luiz In\u00e1cio Lula da Silva (PT), foi anunciada como \u201cparceria\u201d do CPAC Brasil 2024 na \u00faltima semana. O congresso da extrema direita, de formato importado dos Estados Unidos, \u00e9 organizado pelo Instituto Conservador Liberal (ICL), laborat\u00f3rio de ideias [&hellip;]","og_url":"https:\/\/www.p31noticias.com.br\/?p=54070","og_site_name":"P31","article_published_time":"2024-06-12T21:30:39+00:00","og_image":[{"width":150,"height":150,"url":"https:\/\/www.p31noticias.com.br\/wp-content\/uploads\/2024\/06\/2-CAPA-SITE-ENTRELINHAS-DO-PODER_CPAC-Evento-do-instituto-de-Eduardo-Bolsonaro-tem-patrocinio-de-apoiadora-de-ato-golpista-J5XJrW-150x150-KMLnR5.jpeg","type":"image\/jpeg"}],"twitter_card":"summary_large_image","schema":{"@context":"https:\/\/schema.org","@graph":[{"@type":"Article","@id":"https:\/\/www.p31noticias.com.br\/?p=54070#article","isPartOf":{"@id":"https:\/\/www.p31noticias.com.br\/?p=54070"},"author":{"name":"","@id":""},"headline":"CPAC: Evento do instituto de Eduardo Bolsonaro tem patroc\u00ednio de apoiadora de ato golpista","datePublished":"2024-06-12T21:30:39+00:00","mainEntityOfPage":{"@id":"https:\/\/www.p31noticias.com.br\/?p=54070"},"wordCount":98,"commentCount":0,"image":{"@id":"https:\/\/www.p31noticias.com.br\/?p=54070#primaryimage"},"thumbnailUrl":"https:\/\/www.p31noticias.com.br\/wp-content\/uploads\/2024\/06\/2-CAPA-SITE-ENTRELINHAS-DO-PODER_CPAC-Evento-do-instituto-de-Eduardo-Bolsonaro-tem-patrocinio-de-apoiadora-de-ato-golpista-J5XJrW-150x150-KMLnR5.jpeg","articleSection":["Bras\u00edlia"],"inLanguage":"pt-BR","potentialAction":[{"@type":"CommentAction","name":"Comment","target":["https:\/\/www.p31noticias.com.br\/?p=54070#respond"]}],"copyrightYear":"2024","copyrightHolder":{"@id":"https:\/\/www.p31noticias.com.br\/#organization"}},{"@type":"WebPage","@id":"https:\/\/www.p31noticias.com.br\/?p=54070","url":"https:\/\/www.p31noticias.com.br\/?p=54070","name":"CPAC: Evento do instituto de Eduardo Bolsonaro tem patroc\u00ednio de apoiadora de ato golpista - P31","isPartOf":{"@id":"https:\/\/www.p31noticias.com.br\/#website"},"primaryImageOfPage":{"@id":"https:\/\/www.p31noticias.com.br\/?p=54070#primaryimage"},"image":{"@id":"https:\/\/www.p31noticias.com.br\/?p=54070#primaryimage"},"thumbnailUrl":"https:\/\/www.p31noticias.com.br\/wp-content\/uploads\/2024\/06\/2-CAPA-SITE-ENTRELINHAS-DO-PODER_CPAC-Evento-do-instituto-de-Eduardo-Bolsonaro-tem-patrocinio-de-apoiadora-de-ato-golpista-J5XJrW-150x150-KMLnR5.jpeg","datePublished":"2024-06-12T21:30:39+00:00","author":{"@id":""},"breadcrumb":{"@id":"https:\/\/www.p31noticias.com.br\/?p=54070#breadcrumb"},"inLanguage":"pt-BR","potentialAction":[{"@type":"ReadAction","target":["https:\/\/www.p31noticias.com.br\/?p=54070"]}]},{"@type":"ImageObject","inLanguage":"pt-BR","@id":"https:\/\/www.p31noticias.com.br\/?p=54070#primaryimage","url":"https:\/\/www.p31noticias.com.br\/wp-content\/uploads\/2024\/06\/2-CAPA-SITE-ENTRELINHAS-DO-PODER_CPAC-Evento-do-instituto-de-Eduardo-Bolsonaro-tem-patrocinio-de-apoiadora-de-ato-golpista-J5XJrW-150x150-KMLnR5.jpeg","contentUrl":"https:\/\/www.p31noticias.com.br\/wp-content\/uploads\/2024\/06\/2-CAPA-SITE-ENTRELINHAS-DO-PODER_CPAC-Evento-do-instituto-de-Eduardo-Bolsonaro-tem-patrocinio-de-apoiadora-de-ato-golpista-J5XJrW-150x150-KMLnR5.jpeg","width":150,"height":150},{"@type":"BreadcrumbList","@id":"https:\/\/www.p31noticias.com.br\/?p=54070#breadcrumb","itemListElement":[{"@type":"ListItem","position":1,"name":"In\u00edcio","item":"https:\/\/www.p31noticias.com.br\/"},{"@type":"ListItem","position":2,"name":"CPAC: Evento do instituto de Eduardo Bolsonaro tem patroc\u00ednio de apoiadora de ato golpista"}]},{"@type":"WebSite","@id":"https:\/\/www.p31noticias.com.br\/#website","url":"https:\/\/www.p31noticias.com.br\/","name":"P31","description":"NOT\u00cdCIAS","potentialAction":[{"@type":"SearchAction","target":{"@type":"EntryPoint","urlTemplate":"https:\/\/www.p31noticias.com.br\/?s={search_term_string}"},"query-input":{"@type":"PropertyValueSpecification","valueRequired":true,"valueName":"search_term_string"}}],"inLanguage":"pt-BR"}]}},"amp_enabled":true,"_links":{"self":[{"href":"https:\/\/www.p31noticias.com.br\/index.php?rest_route=\/wp\/v2\/posts\/54070","targetHints":{"allow":["GET"]}}],"collection":[{"href":"https:\/\/www.p31noticias.com.br\/index.php?rest_route=\/wp\/v2\/posts"}],"about":[{"href":"https:\/\/www.p31noticias.com.br\/index.php?rest_route=\/wp\/v2\/types\/post"}],"replies":[{"embeddable":true,"href":"https:\/\/www.p31noticias.com.br\/index.php?rest_route=%2Fwp%2Fv2%2Fcomments&post=54070"}],"version-history":[{"count":0,"href":"https:\/\/www.p31noticias.com.br\/index.php?rest_route=\/wp\/v2\/posts\/54070\/revisions"}],"wp:featuredmedia":[{"embeddable":true,"href":"https:\/\/www.p31noticias.com.br\/index.php?rest_route=\/wp\/v2\/media\/54071"}],"wp:attachment":[{"href":"https:\/\/www.p31noticias.com.br\/index.php?rest_route=%2Fwp%2Fv2%2Fmedia&parent=54070"}],"wp:term":[{"taxonomy":"category","embeddable":true,"href":"https:\/\/www.p31noticias.com.br\/index.php?rest_route=%2Fwp%2Fv2%2Fcategories&post=54070"},{"taxonomy":"post_tag","embeddable":true,"href":"https:\/\/www.p31noticias.com.br\/index.php?rest_route=%2Fwp%2Fv2%2Ftags&post=54070"}],"curies":[{"name":"wp","href":"https:\/\/api.w.org\/{rel}","templated":true}]}}