{"id":54027,"date":"2024-06-12T15:30:44","date_gmt":"2024-06-12T18:30:44","guid":{"rendered":"https:\/\/p31noticias.com.br\/saude-celebra-o-dia-do-tecnico-em-nutricao-e-dietetica\/"},"modified":"2024-06-12T15:30:44","modified_gmt":"2024-06-12T18:30:44","slug":"saude-celebra-o-dia-do-tecnico-em-nutricao-e-dietetica","status":"publish","type":"post","link":"https:\/\/www.p31noticias.com.br\/?p=54027","title":{"rendered":"Sa\u00fade celebra o Dia do T\u00e9cnico em Nutri\u00e7\u00e3o e Diet\u00e9tica"},"content":{"rendered":"<p>A comemora\u00e7\u00e3o do Dia do T\u00e9cnico em Nutri\u00e7\u00e3o e Diet\u00e9tica, em 27 de junho, foi antecipada, nesta quarta-feira (12), no audit\u00f3rio da Funda\u00e7\u00e3o Hemocentro de Bras\u00edlia. Promovido pela Secretaria de Sa\u00fade (SES-DF), por meio da Ger\u00eancia de Servi\u00e7os de Nutri\u00e7\u00e3o (Gesnut), o evento homenageou os profissionais que t\u00eam papel essencial no atendimento nutricional. Os t\u00e9cnicos [\u2026]<\/p>\n<p>O post <a href=\"https:\/\/www.delioandrade.com.br\/saude-celebra-o-dia-do-tecnico-em-nutricao-e-dietetica\/\">Sa\u00fade celebra o Dia do T\u00e9cnico em Nutri\u00e7\u00e3o e Diet\u00e9tica<\/a> apareceu primeiro em <a href=\"https:\/\/www.delioandrade.com.br\/\">Blog do D\u00c9LIO ANDRADE<\/a>.<\/p>\n","protected":false},"excerpt":{"rendered":"<p>A comemora\u00e7\u00e3o do Dia do T\u00e9cnico em Nutri\u00e7\u00e3o e Diet\u00e9tica, em 27 de junho, foi antecipada, nesta quarta-feira (12), no audit\u00f3rio da Funda\u00e7\u00e3o Hemocentro de Bras\u00edlia. Promovido pela Secretaria de Sa\u00fade (SES-DF), por meio da Ger\u00eancia de Servi\u00e7os de Nutri\u00e7\u00e3o (Gesnut), o evento homenageou os profissionais que t\u00eam papel essencial no atendimento nutricional. Os t\u00e9cnicos [&hellip;]<\/p>\n","protected":false},"author":0,"featured_media":54028,"comment_status":"open","ping_status":"open","sticky":false,"template":"","format":"standard","meta":{"footnotes":""},"categories":[21],"tags":[],"class_list":{"0":"post-54027","1":"post","2":"type-post","3":"status-publish","4":"format-standard","5":"has-post-thumbnail","7":"category-brasilia"},"yoast_head":"<!-- This site is optimized with the Yoast SEO Premium plugin v24.5 (Yoast SEO v27.5) - https:\/\/yoast.com\/product\/yoast-seo-premium-wordpress\/ -->\n<title>Sa\u00fade celebra o Dia do T\u00e9cnico em Nutri\u00e7\u00e3o e Diet\u00e9tica - P31<\/title>\n<meta name=\"robots\" content=\"index, follow, max-snippet:-1, max-image-preview:large, max-video-preview:-1\" \/>\n<link rel=\"canonical\" href=\"https:\/\/www.p31noticias.com.br\/?p=54027\" \/>\n<meta property=\"og:locale\" content=\"pt_BR\" \/>\n<meta property=\"og:type\" content=\"article\" \/>\n<meta property=\"og:title\" content=\"Sa\u00fade celebra o Dia do T\u00e9cnico em Nutri\u00e7\u00e3o e Diet\u00e9tica\" \/>\n<meta property=\"og:description\" content=\"A comemora\u00e7\u00e3o do Dia do T\u00e9cnico em Nutri\u00e7\u00e3o e Diet\u00e9tica, em 27 de junho, foi antecipada, nesta quarta-feira (12), no audit\u00f3rio da Funda\u00e7\u00e3o Hemocentro de Bras\u00edlia. Promovido pela Secretaria de Sa\u00fade (SES-DF), por meio da Ger\u00eancia de Servi\u00e7os de Nutri\u00e7\u00e3o (Gesnut), o evento homenageou os profissionais que t\u00eam papel essencial no atendimento nutricional. Os t\u00e9cnicos [&hellip;]\" \/>\n<meta property=\"og:url\" content=\"https:\/\/www.p31noticias.com.br\/?p=54027\" \/>\n<meta property=\"og:site_name\" content=\"P31\" \/>\n<meta property=\"article:published_time\" content=\"2024-06-12T18:30:44+00:00\" \/>\n<meta property=\"og:image\" content=\"https:\/\/www.p31noticias.com.br\/wp-content\/uploads\/2024\/06\/Ha-244-tecnicos-em-nutricao-e-dietetica-na-SES-DF-dos-quais-85-atuam-na-atencao-hospitalar.-Foto-Jhonatan-Cantarelle-Agencia-Saude-DF-f9ZQzy-150x150-7msAIB.jpeg\" \/>\n\t<meta property=\"og:image:width\" content=\"150\" \/>\n\t<meta property=\"og:image:height\" content=\"150\" \/>\n\t<meta property=\"og:image:type\" content=\"image\/jpeg\" \/>\n<meta name=\"twitter:card\" content=\"summary_large_image\" \/>\n<script type=\"application\/ld+json\" class=\"yoast-schema-graph\">{\"@context\":\"https:\\\/\\\/schema.org\",\"@graph\":[{\"@type\":\"Article\",\"@id\":\"https:\\\/\\\/www.p31noticias.com.br\\\/?p=54027#article\",\"isPartOf\":{\"@id\":\"https:\\\/\\\/www.p31noticias.com.br\\\/?p=54027\"},\"author\":{\"name\":\"\",\"@id\":\"\"},\"headline\":\"Sa\u00fade celebra o Dia do T\u00e9cnico em Nutri\u00e7\u00e3o e Diet\u00e9tica\",\"datePublished\":\"2024-06-12T18:30:44+00:00\",\"mainEntityOfPage\":{\"@id\":\"https:\\\/\\\/www.p31noticias.com.br\\\/?p=54027\"},\"wordCount\":104,\"commentCount\":0,\"image\":{\"@id\":\"https:\\\/\\\/www.p31noticias.com.br\\\/?p=54027#primaryimage\"},\"thumbnailUrl\":\"https:\\\/\\\/www.p31noticias.com.br\\\/wp-content\\\/uploads\\\/2024\\\/06\\\/Ha-244-tecnicos-em-nutricao-e-dietetica-na-SES-DF-dos-quais-85-atuam-na-atencao-hospitalar.-Foto-Jhonatan-Cantarelle-Agencia-Saude-DF-f9ZQzy-150x150-7msAIB.jpeg\",\"articleSection\":[\"Bras\u00edlia\"],\"inLanguage\":\"pt-BR\",\"potentialAction\":[{\"@type\":\"CommentAction\",\"name\":\"Comment\",\"target\":[\"https:\\\/\\\/www.p31noticias.com.br\\\/?p=54027#respond\"]}],\"copyrightYear\":\"2024\",\"copyrightHolder\":{\"@id\":\"https:\\\/\\\/www.p31noticias.com.br\\\/#organization\"}},{\"@type\":\"WebPage\",\"@id\":\"https:\\\/\\\/www.p31noticias.com.br\\\/?p=54027\",\"url\":\"https:\\\/\\\/www.p31noticias.com.br\\\/?p=54027\",\"name\":\"Sa\u00fade celebra o Dia do T\u00e9cnico em Nutri\u00e7\u00e3o e Diet\u00e9tica - P31\",\"isPartOf\":{\"@id\":\"https:\\\/\\\/www.p31noticias.com.br\\\/#website\"},\"primaryImageOfPage\":{\"@id\":\"https:\\\/\\\/www.p31noticias.com.br\\\/?p=54027#primaryimage\"},\"image\":{\"@id\":\"https:\\\/\\\/www.p31noticias.com.br\\\/?p=54027#primaryimage\"},\"thumbnailUrl\":\"https:\\\/\\\/www.p31noticias.com.br\\\/wp-content\\\/uploads\\\/2024\\\/06\\\/Ha-244-tecnicos-em-nutricao-e-dietetica-na-SES-DF-dos-quais-85-atuam-na-atencao-hospitalar.-Foto-Jhonatan-Cantarelle-Agencia-Saude-DF-f9ZQzy-150x150-7msAIB.jpeg\",\"datePublished\":\"2024-06-12T18:30:44+00:00\",\"author\":{\"@id\":\"\"},\"breadcrumb\":{\"@id\":\"https:\\\/\\\/www.p31noticias.com.br\\\/?p=54027#breadcrumb\"},\"inLanguage\":\"pt-BR\",\"potentialAction\":[{\"@type\":\"ReadAction\",\"target\":[\"https:\\\/\\\/www.p31noticias.com.br\\\/?p=54027\"]}]},{\"@type\":\"ImageObject\",\"inLanguage\":\"pt-BR\",\"@id\":\"https:\\\/\\\/www.p31noticias.com.br\\\/?p=54027#primaryimage\",\"url\":\"https:\\\/\\\/www.p31noticias.com.br\\\/wp-content\\\/uploads\\\/2024\\\/06\\\/Ha-244-tecnicos-em-nutricao-e-dietetica-na-SES-DF-dos-quais-85-atuam-na-atencao-hospitalar.-Foto-Jhonatan-Cantarelle-Agencia-Saude-DF-f9ZQzy-150x150-7msAIB.jpeg\",\"contentUrl\":\"https:\\\/\\\/www.p31noticias.com.br\\\/wp-content\\\/uploads\\\/2024\\\/06\\\/Ha-244-tecnicos-em-nutricao-e-dietetica-na-SES-DF-dos-quais-85-atuam-na-atencao-hospitalar.-Foto-Jhonatan-Cantarelle-Agencia-Saude-DF-f9ZQzy-150x150-7msAIB.jpeg\",\"width\":150,\"height\":150},{\"@type\":\"BreadcrumbList\",\"@id\":\"https:\\\/\\\/www.p31noticias.com.br\\\/?p=54027#breadcrumb\",\"itemListElement\":[{\"@type\":\"ListItem\",\"position\":1,\"name\":\"In\u00edcio\",\"item\":\"https:\\\/\\\/www.p31noticias.com.br\\\/\"},{\"@type\":\"ListItem\",\"position\":2,\"name\":\"Sa\u00fade celebra o Dia do T\u00e9cnico em Nutri\u00e7\u00e3o e Diet\u00e9tica\"}]},{\"@type\":\"WebSite\",\"@id\":\"https:\\\/\\\/www.p31noticias.com.br\\\/#website\",\"url\":\"https:\\\/\\\/www.p31noticias.com.br\\\/\",\"name\":\"P31\",\"description\":\"NOT\u00cdCIAS\",\"potentialAction\":[{\"@type\":\"SearchAction\",\"target\":{\"@type\":\"EntryPoint\",\"urlTemplate\":\"https:\\\/\\\/www.p31noticias.com.br\\\/?s={search_term_string}\"},\"query-input\":{\"@type\":\"PropertyValueSpecification\",\"valueRequired\":true,\"valueName\":\"search_term_string\"}}],\"inLanguage\":\"pt-BR\"}]}<\/script>\n<!-- \/ Yoast SEO Premium plugin. -->","yoast_head_json":{"title":"Sa\u00fade celebra o Dia do T\u00e9cnico em Nutri\u00e7\u00e3o e Diet\u00e9tica - P31","robots":{"index":"index","follow":"follow","max-snippet":"max-snippet:-1","max-image-preview":"max-image-preview:large","max-video-preview":"max-video-preview:-1"},"canonical":"https:\/\/www.p31noticias.com.br\/?p=54027","og_locale":"pt_BR","og_type":"article","og_title":"Sa\u00fade celebra o Dia do T\u00e9cnico em Nutri\u00e7\u00e3o e Diet\u00e9tica","og_description":"A comemora\u00e7\u00e3o do Dia do T\u00e9cnico em Nutri\u00e7\u00e3o e Diet\u00e9tica, em 27 de junho, foi antecipada, nesta quarta-feira (12), no audit\u00f3rio da Funda\u00e7\u00e3o Hemocentro de Bras\u00edlia. Promovido pela Secretaria de Sa\u00fade (SES-DF), por meio da Ger\u00eancia de Servi\u00e7os de Nutri\u00e7\u00e3o (Gesnut), o evento homenageou os profissionais que t\u00eam papel essencial no atendimento nutricional. Os t\u00e9cnicos [&hellip;]","og_url":"https:\/\/www.p31noticias.com.br\/?p=54027","og_site_name":"P31","article_published_time":"2024-06-12T18:30:44+00:00","og_image":[{"width":150,"height":150,"url":"https:\/\/www.p31noticias.com.br\/wp-content\/uploads\/2024\/06\/Ha-244-tecnicos-em-nutricao-e-dietetica-na-SES-DF-dos-quais-85-atuam-na-atencao-hospitalar.-Foto-Jhonatan-Cantarelle-Agencia-Saude-DF-f9ZQzy-150x150-7msAIB.jpeg","type":"image\/jpeg"}],"twitter_card":"summary_large_image","schema":{"@context":"https:\/\/schema.org","@graph":[{"@type":"Article","@id":"https:\/\/www.p31noticias.com.br\/?p=54027#article","isPartOf":{"@id":"https:\/\/www.p31noticias.com.br\/?p=54027"},"author":{"name":"","@id":""},"headline":"Sa\u00fade celebra o Dia do T\u00e9cnico em Nutri\u00e7\u00e3o e Diet\u00e9tica","datePublished":"2024-06-12T18:30:44+00:00","mainEntityOfPage":{"@id":"https:\/\/www.p31noticias.com.br\/?p=54027"},"wordCount":104,"commentCount":0,"image":{"@id":"https:\/\/www.p31noticias.com.br\/?p=54027#primaryimage"},"thumbnailUrl":"https:\/\/www.p31noticias.com.br\/wp-content\/uploads\/2024\/06\/Ha-244-tecnicos-em-nutricao-e-dietetica-na-SES-DF-dos-quais-85-atuam-na-atencao-hospitalar.-Foto-Jhonatan-Cantarelle-Agencia-Saude-DF-f9ZQzy-150x150-7msAIB.jpeg","articleSection":["Bras\u00edlia"],"inLanguage":"pt-BR","potentialAction":[{"@type":"CommentAction","name":"Comment","target":["https:\/\/www.p31noticias.com.br\/?p=54027#respond"]}],"copyrightYear":"2024","copyrightHolder":{"@id":"https:\/\/www.p31noticias.com.br\/#organization"}},{"@type":"WebPage","@id":"https:\/\/www.p31noticias.com.br\/?p=54027","url":"https:\/\/www.p31noticias.com.br\/?p=54027","name":"Sa\u00fade celebra o Dia do T\u00e9cnico em Nutri\u00e7\u00e3o e Diet\u00e9tica - P31","isPartOf":{"@id":"https:\/\/www.p31noticias.com.br\/#website"},"primaryImageOfPage":{"@id":"https:\/\/www.p31noticias.com.br\/?p=54027#primaryimage"},"image":{"@id":"https:\/\/www.p31noticias.com.br\/?p=54027#primaryimage"},"thumbnailUrl":"https:\/\/www.p31noticias.com.br\/wp-content\/uploads\/2024\/06\/Ha-244-tecnicos-em-nutricao-e-dietetica-na-SES-DF-dos-quais-85-atuam-na-atencao-hospitalar.-Foto-Jhonatan-Cantarelle-Agencia-Saude-DF-f9ZQzy-150x150-7msAIB.jpeg","datePublished":"2024-06-12T18:30:44+00:00","author":{"@id":""},"breadcrumb":{"@id":"https:\/\/www.p31noticias.com.br\/?p=54027#breadcrumb"},"inLanguage":"pt-BR","potentialAction":[{"@type":"ReadAction","target":["https:\/\/www.p31noticias.com.br\/?p=54027"]}]},{"@type":"ImageObject","inLanguage":"pt-BR","@id":"https:\/\/www.p31noticias.com.br\/?p=54027#primaryimage","url":"https:\/\/www.p31noticias.com.br\/wp-content\/uploads\/2024\/06\/Ha-244-tecnicos-em-nutricao-e-dietetica-na-SES-DF-dos-quais-85-atuam-na-atencao-hospitalar.-Foto-Jhonatan-Cantarelle-Agencia-Saude-DF-f9ZQzy-150x150-7msAIB.jpeg","contentUrl":"https:\/\/www.p31noticias.com.br\/wp-content\/uploads\/2024\/06\/Ha-244-tecnicos-em-nutricao-e-dietetica-na-SES-DF-dos-quais-85-atuam-na-atencao-hospitalar.-Foto-Jhonatan-Cantarelle-Agencia-Saude-DF-f9ZQzy-150x150-7msAIB.jpeg","width":150,"height":150},{"@type":"BreadcrumbList","@id":"https:\/\/www.p31noticias.com.br\/?p=54027#breadcrumb","itemListElement":[{"@type":"ListItem","position":1,"name":"In\u00edcio","item":"https:\/\/www.p31noticias.com.br\/"},{"@type":"ListItem","position":2,"name":"Sa\u00fade celebra o Dia do T\u00e9cnico em Nutri\u00e7\u00e3o e Diet\u00e9tica"}]},{"@type":"WebSite","@id":"https:\/\/www.p31noticias.com.br\/#website","url":"https:\/\/www.p31noticias.com.br\/","name":"P31","description":"NOT\u00cdCIAS","potentialAction":[{"@type":"SearchAction","target":{"@type":"EntryPoint","urlTemplate":"https:\/\/www.p31noticias.com.br\/?s={search_term_string}"},"query-input":{"@type":"PropertyValueSpecification","valueRequired":true,"valueName":"search_term_string"}}],"inLanguage":"pt-BR"}]}},"amp_enabled":true,"_links":{"self":[{"href":"https:\/\/www.p31noticias.com.br\/index.php?rest_route=\/wp\/v2\/posts\/54027","targetHints":{"allow":["GET"]}}],"collection":[{"href":"https:\/\/www.p31noticias.com.br\/index.php?rest_route=\/wp\/v2\/posts"}],"about":[{"href":"https:\/\/www.p31noticias.com.br\/index.php?rest_route=\/wp\/v2\/types\/post"}],"replies":[{"embeddable":true,"href":"https:\/\/www.p31noticias.com.br\/index.php?rest_route=%2Fwp%2Fv2%2Fcomments&post=54027"}],"version-history":[{"count":0,"href":"https:\/\/www.p31noticias.com.br\/index.php?rest_route=\/wp\/v2\/posts\/54027\/revisions"}],"wp:featuredmedia":[{"embeddable":true,"href":"https:\/\/www.p31noticias.com.br\/index.php?rest_route=\/wp\/v2\/media\/54028"}],"wp:attachment":[{"href":"https:\/\/www.p31noticias.com.br\/index.php?rest_route=%2Fwp%2Fv2%2Fmedia&parent=54027"}],"wp:term":[{"taxonomy":"category","embeddable":true,"href":"https:\/\/www.p31noticias.com.br\/index.php?rest_route=%2Fwp%2Fv2%2Fcategories&post=54027"},{"taxonomy":"post_tag","embeddable":true,"href":"https:\/\/www.p31noticias.com.br\/index.php?rest_route=%2Fwp%2Fv2%2Ftags&post=54027"}],"curies":[{"name":"wp","href":"https:\/\/api.w.org\/{rel}","templated":true}]}}