{"id":53994,"date":"2024-06-12T11:30:37","date_gmt":"2024-06-12T14:30:37","guid":{"rendered":"https:\/\/p31noticias.com.br\/saiba-quem-e-o-ex-distrital-berinaldo-pontes-alvo-de-operacao-da-pf\/"},"modified":"2024-06-12T11:30:37","modified_gmt":"2024-06-12T14:30:37","slug":"saiba-quem-e-o-ex-distrital-berinaldo-pontes-alvo-de-operacao-da-pf","status":"publish","type":"post","link":"https:\/\/www.p31noticias.com.br\/?p=53994","title":{"rendered":"Saiba quem \u00e9 o ex-distrital Berinaldo Pontes, alvo de opera\u00e7\u00e3o da PF"},"content":{"rendered":"<p>Ex-deputado distrital, Berinaldo Pontes (foto em destaque) foi alvo de busca e apreens\u00e3o nesta quarta-feira (12\/6), durante opera\u00e7\u00e3o da Pol\u00edcia Federal (PF) que investiga o desvio de R$ 36 milh\u00f5es de fundo partid\u00e1rio nas elei\u00e7\u00f5es de 2022. Em 2020, Berinaldo da Ponte, como tamb\u00e9m \u00e9 conhecido, foi investigado pelo Minist\u00e9rio P\u00fablico do Distrito Federal e [\u2026]<\/p>\n<p>O post <a href=\"https:\/\/www.delioandrade.com.br\/saiba-quem-e-o-ex-distrital-berinaldo-pontes-alvo-de-operacao-da-pf\/\">Saiba quem \u00e9 o ex-distrital Berinaldo Pontes, alvo de opera\u00e7\u00e3o da PF<\/a> apareceu primeiro em <a href=\"https:\/\/www.delioandrade.com.br\/\">Blog do D\u00c9LIO ANDRADE<\/a>.<\/p>\n","protected":false},"excerpt":{"rendered":"<p>Ex-deputado distrital, Berinaldo Pontes (foto em destaque) foi alvo de busca e apreens\u00e3o nesta quarta-feira (12\/6), durante opera\u00e7\u00e3o da Pol\u00edcia Federal (PF) que investiga o desvio de R$ 36 milh\u00f5es de fundo partid\u00e1rio nas elei\u00e7\u00f5es de 2022. Em 2020, Berinaldo da Ponte, como tamb\u00e9m \u00e9 conhecido, foi investigado pelo Minist\u00e9rio P\u00fablico do Distrito Federal e [&hellip;]<\/p>\n","protected":false},"author":0,"featured_media":0,"comment_status":"open","ping_status":"open","sticky":false,"template":"","format":"standard","meta":{"footnotes":""},"categories":[21],"tags":[],"class_list":{"0":"post-53994","1":"post","2":"type-post","3":"status-publish","4":"format-standard","6":"category-brasilia"},"yoast_head":"<!-- This site is optimized with the Yoast SEO Premium plugin v24.5 (Yoast SEO v27.5) - https:\/\/yoast.com\/product\/yoast-seo-premium-wordpress\/ -->\n<title>Saiba quem \u00e9 o ex-distrital Berinaldo Pontes, alvo de opera\u00e7\u00e3o da PF - P31<\/title>\n<meta name=\"robots\" content=\"index, follow, max-snippet:-1, max-image-preview:large, max-video-preview:-1\" \/>\n<link rel=\"canonical\" href=\"https:\/\/www.p31noticias.com.br\/?p=53994\" \/>\n<meta property=\"og:locale\" content=\"pt_BR\" \/>\n<meta property=\"og:type\" content=\"article\" \/>\n<meta property=\"og:title\" content=\"Saiba quem \u00e9 o ex-distrital Berinaldo Pontes, alvo de opera\u00e7\u00e3o da PF\" \/>\n<meta property=\"og:description\" content=\"Ex-deputado distrital, Berinaldo Pontes (foto em destaque) foi alvo de busca e apreens\u00e3o nesta quarta-feira (12\/6), durante opera\u00e7\u00e3o da Pol\u00edcia Federal (PF) que investiga o desvio de R$ 36 milh\u00f5es de fundo partid\u00e1rio nas elei\u00e7\u00f5es de 2022. Em 2020, Berinaldo da Ponte, como tamb\u00e9m \u00e9 conhecido, foi investigado pelo Minist\u00e9rio P\u00fablico do Distrito Federal e [&hellip;]\" \/>\n<meta property=\"og:url\" content=\"https:\/\/www.p31noticias.com.br\/?p=53994\" \/>\n<meta property=\"og:site_name\" content=\"P31\" \/>\n<meta property=\"article:published_time\" content=\"2024-06-12T14:30:37+00:00\" \/>\n<meta name=\"twitter:card\" content=\"summary_large_image\" \/>\n<script type=\"application\/ld+json\" class=\"yoast-schema-graph\">{\"@context\":\"https:\\\/\\\/schema.org\",\"@graph\":[{\"@type\":\"Article\",\"@id\":\"https:\\\/\\\/www.p31noticias.com.br\\\/?p=53994#article\",\"isPartOf\":{\"@id\":\"https:\\\/\\\/www.p31noticias.com.br\\\/?p=53994\"},\"author\":{\"name\":\"\",\"@id\":\"\"},\"headline\":\"Saiba quem \u00e9 o ex-distrital Berinaldo Pontes, alvo de opera\u00e7\u00e3o da PF\",\"datePublished\":\"2024-06-12T14:30:37+00:00\",\"mainEntityOfPage\":{\"@id\":\"https:\\\/\\\/www.p31noticias.com.br\\\/?p=53994\"},\"wordCount\":93,\"commentCount\":0,\"articleSection\":[\"Bras\u00edlia\"],\"inLanguage\":\"pt-BR\",\"potentialAction\":[{\"@type\":\"CommentAction\",\"name\":\"Comment\",\"target\":[\"https:\\\/\\\/www.p31noticias.com.br\\\/?p=53994#respond\"]}],\"copyrightYear\":\"2024\",\"copyrightHolder\":{\"@id\":\"https:\\\/\\\/www.p31noticias.com.br\\\/#organization\"}},{\"@type\":\"WebPage\",\"@id\":\"https:\\\/\\\/www.p31noticias.com.br\\\/?p=53994\",\"url\":\"https:\\\/\\\/www.p31noticias.com.br\\\/?p=53994\",\"name\":\"Saiba quem \u00e9 o ex-distrital Berinaldo Pontes, alvo de opera\u00e7\u00e3o da PF - P31\",\"isPartOf\":{\"@id\":\"https:\\\/\\\/www.p31noticias.com.br\\\/#website\"},\"datePublished\":\"2024-06-12T14:30:37+00:00\",\"author\":{\"@id\":\"\"},\"breadcrumb\":{\"@id\":\"https:\\\/\\\/www.p31noticias.com.br\\\/?p=53994#breadcrumb\"},\"inLanguage\":\"pt-BR\",\"potentialAction\":[{\"@type\":\"ReadAction\",\"target\":[\"https:\\\/\\\/www.p31noticias.com.br\\\/?p=53994\"]}]},{\"@type\":\"BreadcrumbList\",\"@id\":\"https:\\\/\\\/www.p31noticias.com.br\\\/?p=53994#breadcrumb\",\"itemListElement\":[{\"@type\":\"ListItem\",\"position\":1,\"name\":\"In\u00edcio\",\"item\":\"https:\\\/\\\/www.p31noticias.com.br\\\/\"},{\"@type\":\"ListItem\",\"position\":2,\"name\":\"Saiba quem \u00e9 o ex-distrital Berinaldo Pontes, alvo de opera\u00e7\u00e3o da PF\"}]},{\"@type\":\"WebSite\",\"@id\":\"https:\\\/\\\/www.p31noticias.com.br\\\/#website\",\"url\":\"https:\\\/\\\/www.p31noticias.com.br\\\/\",\"name\":\"P31\",\"description\":\"NOT\u00cdCIAS\",\"potentialAction\":[{\"@type\":\"SearchAction\",\"target\":{\"@type\":\"EntryPoint\",\"urlTemplate\":\"https:\\\/\\\/www.p31noticias.com.br\\\/?s={search_term_string}\"},\"query-input\":{\"@type\":\"PropertyValueSpecification\",\"valueRequired\":true,\"valueName\":\"search_term_string\"}}],\"inLanguage\":\"pt-BR\"}]}<\/script>\n<!-- \/ Yoast SEO Premium plugin. -->","yoast_head_json":{"title":"Saiba quem \u00e9 o ex-distrital Berinaldo Pontes, alvo de opera\u00e7\u00e3o da PF - P31","robots":{"index":"index","follow":"follow","max-snippet":"max-snippet:-1","max-image-preview":"max-image-preview:large","max-video-preview":"max-video-preview:-1"},"canonical":"https:\/\/www.p31noticias.com.br\/?p=53994","og_locale":"pt_BR","og_type":"article","og_title":"Saiba quem \u00e9 o ex-distrital Berinaldo Pontes, alvo de opera\u00e7\u00e3o da PF","og_description":"Ex-deputado distrital, Berinaldo Pontes (foto em destaque) foi alvo de busca e apreens\u00e3o nesta quarta-feira (12\/6), durante opera\u00e7\u00e3o da Pol\u00edcia Federal (PF) que investiga o desvio de R$ 36 milh\u00f5es de fundo partid\u00e1rio nas elei\u00e7\u00f5es de 2022. Em 2020, Berinaldo da Ponte, como tamb\u00e9m \u00e9 conhecido, foi investigado pelo Minist\u00e9rio P\u00fablico do Distrito Federal e [&hellip;]","og_url":"https:\/\/www.p31noticias.com.br\/?p=53994","og_site_name":"P31","article_published_time":"2024-06-12T14:30:37+00:00","twitter_card":"summary_large_image","schema":{"@context":"https:\/\/schema.org","@graph":[{"@type":"Article","@id":"https:\/\/www.p31noticias.com.br\/?p=53994#article","isPartOf":{"@id":"https:\/\/www.p31noticias.com.br\/?p=53994"},"author":{"name":"","@id":""},"headline":"Saiba quem \u00e9 o ex-distrital Berinaldo Pontes, alvo de opera\u00e7\u00e3o da PF","datePublished":"2024-06-12T14:30:37+00:00","mainEntityOfPage":{"@id":"https:\/\/www.p31noticias.com.br\/?p=53994"},"wordCount":93,"commentCount":0,"articleSection":["Bras\u00edlia"],"inLanguage":"pt-BR","potentialAction":[{"@type":"CommentAction","name":"Comment","target":["https:\/\/www.p31noticias.com.br\/?p=53994#respond"]}],"copyrightYear":"2024","copyrightHolder":{"@id":"https:\/\/www.p31noticias.com.br\/#organization"}},{"@type":"WebPage","@id":"https:\/\/www.p31noticias.com.br\/?p=53994","url":"https:\/\/www.p31noticias.com.br\/?p=53994","name":"Saiba quem \u00e9 o ex-distrital Berinaldo Pontes, alvo de opera\u00e7\u00e3o da PF - P31","isPartOf":{"@id":"https:\/\/www.p31noticias.com.br\/#website"},"datePublished":"2024-06-12T14:30:37+00:00","author":{"@id":""},"breadcrumb":{"@id":"https:\/\/www.p31noticias.com.br\/?p=53994#breadcrumb"},"inLanguage":"pt-BR","potentialAction":[{"@type":"ReadAction","target":["https:\/\/www.p31noticias.com.br\/?p=53994"]}]},{"@type":"BreadcrumbList","@id":"https:\/\/www.p31noticias.com.br\/?p=53994#breadcrumb","itemListElement":[{"@type":"ListItem","position":1,"name":"In\u00edcio","item":"https:\/\/www.p31noticias.com.br\/"},{"@type":"ListItem","position":2,"name":"Saiba quem \u00e9 o ex-distrital Berinaldo Pontes, alvo de opera\u00e7\u00e3o da PF"}]},{"@type":"WebSite","@id":"https:\/\/www.p31noticias.com.br\/#website","url":"https:\/\/www.p31noticias.com.br\/","name":"P31","description":"NOT\u00cdCIAS","potentialAction":[{"@type":"SearchAction","target":{"@type":"EntryPoint","urlTemplate":"https:\/\/www.p31noticias.com.br\/?s={search_term_string}"},"query-input":{"@type":"PropertyValueSpecification","valueRequired":true,"valueName":"search_term_string"}}],"inLanguage":"pt-BR"}]}},"amp_enabled":true,"_links":{"self":[{"href":"https:\/\/www.p31noticias.com.br\/index.php?rest_route=\/wp\/v2\/posts\/53994","targetHints":{"allow":["GET"]}}],"collection":[{"href":"https:\/\/www.p31noticias.com.br\/index.php?rest_route=\/wp\/v2\/posts"}],"about":[{"href":"https:\/\/www.p31noticias.com.br\/index.php?rest_route=\/wp\/v2\/types\/post"}],"replies":[{"embeddable":true,"href":"https:\/\/www.p31noticias.com.br\/index.php?rest_route=%2Fwp%2Fv2%2Fcomments&post=53994"}],"version-history":[{"count":0,"href":"https:\/\/www.p31noticias.com.br\/index.php?rest_route=\/wp\/v2\/posts\/53994\/revisions"}],"wp:attachment":[{"href":"https:\/\/www.p31noticias.com.br\/index.php?rest_route=%2Fwp%2Fv2%2Fmedia&parent=53994"}],"wp:term":[{"taxonomy":"category","embeddable":true,"href":"https:\/\/www.p31noticias.com.br\/index.php?rest_route=%2Fwp%2Fv2%2Fcategories&post=53994"},{"taxonomy":"post_tag","embeddable":true,"href":"https:\/\/www.p31noticias.com.br\/index.php?rest_route=%2Fwp%2Fv2%2Ftags&post=53994"}],"curies":[{"name":"wp","href":"https:\/\/api.w.org\/{rel}","templated":true}]}}