{"id":53845,"date":"2024-06-11T15:30:28","date_gmt":"2024-06-11T18:30:28","guid":{"rendered":"https:\/\/p31noticias.com.br\/reinaugurado-espaco-olhar-e-refugio-de-saude-e-acolhimento-da-comunidade-escolar-do-gama\/"},"modified":"2024-06-11T15:30:28","modified_gmt":"2024-06-11T18:30:28","slug":"reinaugurado-espaco-olhar-e-refugio-de-saude-e-acolhimento-da-comunidade-escolar-do-gama","status":"publish","type":"post","link":"https:\/\/www.p31noticias.com.br\/?p=53845","title":{"rendered":"Reinaugurado, Espa\u00e7o Olhar \u00e9 ref\u00fagio de sa\u00fade e acolhimento da comunidade escolar do Gama"},"content":{"rendered":"<p>Ref\u00fagio para a sa\u00fade mental da comunidade escolar do Gama, o Espa\u00e7o Olhar est\u00e1 de cara nova. O local dedicado ao cuidado e acolhimento de professores, alunos e servidores foi inteiramente reformado pelo Governo do Distrito Federal (GDF) e reinaugurado nesta ter\u00e7a-feira (11), com direito a demonstra\u00e7\u00e3o de tai chi chuan, arte marcial chinesa. O [\u2026]<\/p>\n<p>O post <a href=\"https:\/\/www.delioandrade.com.br\/reinaugurado-espaco-olhar-e-refugio-de-saude-e-acolhimento-da-comunidade-escolar-do-gama\/\">Reinaugurado, Espa\u00e7o Olhar \u00e9 ref\u00fagio de sa\u00fade e acolhimento da comunidade escolar do Gama<\/a> apareceu primeiro em <a href=\"https:\/\/www.delioandrade.com.br\/\">Blog do D\u00c9LIO ANDRADE<\/a>.<\/p>\n","protected":false},"excerpt":{"rendered":"<p>Ref\u00fagio para a sa\u00fade mental da comunidade escolar do Gama, o Espa\u00e7o Olhar est\u00e1 de cara nova. O local dedicado ao cuidado e acolhimento de professores, alunos e servidores foi inteiramente reformado pelo Governo do Distrito Federal (GDF) e reinaugurado nesta ter\u00e7a-feira (11), com direito a demonstra\u00e7\u00e3o de tai chi chuan, arte marcial chinesa. O [&hellip;]<\/p>\n","protected":false},"author":0,"featured_media":53846,"comment_status":"open","ping_status":"open","sticky":false,"template":"","format":"standard","meta":{"footnotes":""},"categories":[21],"tags":[],"class_list":{"0":"post-53845","1":"post","2":"type-post","3":"status-publish","4":"format-standard","5":"has-post-thumbnail","7":"category-brasilia"},"yoast_head":"<!-- This site is optimized with the Yoast SEO Premium plugin v24.5 (Yoast SEO v27.5) - https:\/\/yoast.com\/product\/yoast-seo-premium-wordpress\/ -->\n<title>Reinaugurado, Espa\u00e7o Olhar \u00e9 ref\u00fagio de sa\u00fade e acolhimento da comunidade escolar do Gama - P31<\/title>\n<meta name=\"robots\" content=\"index, follow, max-snippet:-1, max-image-preview:large, max-video-preview:-1\" \/>\n<link rel=\"canonical\" href=\"https:\/\/www.p31noticias.com.br\/?p=53845\" \/>\n<meta property=\"og:locale\" content=\"pt_BR\" \/>\n<meta property=\"og:type\" content=\"article\" \/>\n<meta property=\"og:title\" content=\"Reinaugurado, Espa\u00e7o Olhar \u00e9 ref\u00fagio de sa\u00fade e acolhimento da comunidade escolar do Gama\" \/>\n<meta property=\"og:description\" content=\"Ref\u00fagio para a sa\u00fade mental da comunidade escolar do Gama, o Espa\u00e7o Olhar est\u00e1 de cara nova. O local dedicado ao cuidado e acolhimento de professores, alunos e servidores foi inteiramente reformado pelo Governo do Distrito Federal (GDF) e reinaugurado nesta ter\u00e7a-feira (11), com direito a demonstra\u00e7\u00e3o de tai chi chuan, arte marcial chinesa. O [&hellip;]\" \/>\n<meta property=\"og:url\" content=\"https:\/\/www.p31noticias.com.br\/?p=53845\" \/>\n<meta property=\"og:site_name\" content=\"P31\" \/>\n<meta property=\"article:published_time\" content=\"2024-06-11T18:30:28+00:00\" \/>\n<meta property=\"og:image\" content=\"https:\/\/www.p31noticias.com.br\/wp-content\/uploads\/2024\/06\/Capa-25-LDHWK6-150x150-olYThG.jpeg\" \/>\n\t<meta property=\"og:image:width\" content=\"150\" \/>\n\t<meta property=\"og:image:height\" content=\"150\" \/>\n\t<meta property=\"og:image:type\" content=\"image\/jpeg\" \/>\n<meta name=\"twitter:card\" content=\"summary_large_image\" \/>\n<script type=\"application\/ld+json\" class=\"yoast-schema-graph\">{\"@context\":\"https:\\\/\\\/schema.org\",\"@graph\":[{\"@type\":\"Article\",\"@id\":\"https:\\\/\\\/www.p31noticias.com.br\\\/?p=53845#article\",\"isPartOf\":{\"@id\":\"https:\\\/\\\/www.p31noticias.com.br\\\/?p=53845\"},\"author\":{\"name\":\"\",\"@id\":\"\"},\"headline\":\"Reinaugurado, Espa\u00e7o Olhar \u00e9 ref\u00fagio de sa\u00fade e acolhimento da comunidade escolar do Gama\",\"datePublished\":\"2024-06-11T18:30:28+00:00\",\"mainEntityOfPage\":{\"@id\":\"https:\\\/\\\/www.p31noticias.com.br\\\/?p=53845\"},\"wordCount\":101,\"commentCount\":0,\"image\":{\"@id\":\"https:\\\/\\\/www.p31noticias.com.br\\\/?p=53845#primaryimage\"},\"thumbnailUrl\":\"https:\\\/\\\/www.p31noticias.com.br\\\/wp-content\\\/uploads\\\/2024\\\/06\\\/Capa-25-LDHWK6-150x150-olYThG.jpeg\",\"articleSection\":[\"Bras\u00edlia\"],\"inLanguage\":\"pt-BR\",\"potentialAction\":[{\"@type\":\"CommentAction\",\"name\":\"Comment\",\"target\":[\"https:\\\/\\\/www.p31noticias.com.br\\\/?p=53845#respond\"]}],\"copyrightYear\":\"2024\",\"copyrightHolder\":{\"@id\":\"https:\\\/\\\/www.p31noticias.com.br\\\/#organization\"}},{\"@type\":\"WebPage\",\"@id\":\"https:\\\/\\\/www.p31noticias.com.br\\\/?p=53845\",\"url\":\"https:\\\/\\\/www.p31noticias.com.br\\\/?p=53845\",\"name\":\"Reinaugurado, Espa\u00e7o Olhar \u00e9 ref\u00fagio de sa\u00fade e acolhimento da comunidade escolar do Gama - P31\",\"isPartOf\":{\"@id\":\"https:\\\/\\\/www.p31noticias.com.br\\\/#website\"},\"primaryImageOfPage\":{\"@id\":\"https:\\\/\\\/www.p31noticias.com.br\\\/?p=53845#primaryimage\"},\"image\":{\"@id\":\"https:\\\/\\\/www.p31noticias.com.br\\\/?p=53845#primaryimage\"},\"thumbnailUrl\":\"https:\\\/\\\/www.p31noticias.com.br\\\/wp-content\\\/uploads\\\/2024\\\/06\\\/Capa-25-LDHWK6-150x150-olYThG.jpeg\",\"datePublished\":\"2024-06-11T18:30:28+00:00\",\"author\":{\"@id\":\"\"},\"breadcrumb\":{\"@id\":\"https:\\\/\\\/www.p31noticias.com.br\\\/?p=53845#breadcrumb\"},\"inLanguage\":\"pt-BR\",\"potentialAction\":[{\"@type\":\"ReadAction\",\"target\":[\"https:\\\/\\\/www.p31noticias.com.br\\\/?p=53845\"]}]},{\"@type\":\"ImageObject\",\"inLanguage\":\"pt-BR\",\"@id\":\"https:\\\/\\\/www.p31noticias.com.br\\\/?p=53845#primaryimage\",\"url\":\"https:\\\/\\\/www.p31noticias.com.br\\\/wp-content\\\/uploads\\\/2024\\\/06\\\/Capa-25-LDHWK6-150x150-olYThG.jpeg\",\"contentUrl\":\"https:\\\/\\\/www.p31noticias.com.br\\\/wp-content\\\/uploads\\\/2024\\\/06\\\/Capa-25-LDHWK6-150x150-olYThG.jpeg\",\"width\":150,\"height\":150},{\"@type\":\"BreadcrumbList\",\"@id\":\"https:\\\/\\\/www.p31noticias.com.br\\\/?p=53845#breadcrumb\",\"itemListElement\":[{\"@type\":\"ListItem\",\"position\":1,\"name\":\"In\u00edcio\",\"item\":\"https:\\\/\\\/www.p31noticias.com.br\\\/\"},{\"@type\":\"ListItem\",\"position\":2,\"name\":\"Reinaugurado, Espa\u00e7o Olhar \u00e9 ref\u00fagio de sa\u00fade e acolhimento da comunidade escolar do Gama\"}]},{\"@type\":\"WebSite\",\"@id\":\"https:\\\/\\\/www.p31noticias.com.br\\\/#website\",\"url\":\"https:\\\/\\\/www.p31noticias.com.br\\\/\",\"name\":\"P31\",\"description\":\"NOT\u00cdCIAS\",\"potentialAction\":[{\"@type\":\"SearchAction\",\"target\":{\"@type\":\"EntryPoint\",\"urlTemplate\":\"https:\\\/\\\/www.p31noticias.com.br\\\/?s={search_term_string}\"},\"query-input\":{\"@type\":\"PropertyValueSpecification\",\"valueRequired\":true,\"valueName\":\"search_term_string\"}}],\"inLanguage\":\"pt-BR\"}]}<\/script>\n<!-- \/ Yoast SEO Premium plugin. -->","yoast_head_json":{"title":"Reinaugurado, Espa\u00e7o Olhar \u00e9 ref\u00fagio de sa\u00fade e acolhimento da comunidade escolar do Gama - P31","robots":{"index":"index","follow":"follow","max-snippet":"max-snippet:-1","max-image-preview":"max-image-preview:large","max-video-preview":"max-video-preview:-1"},"canonical":"https:\/\/www.p31noticias.com.br\/?p=53845","og_locale":"pt_BR","og_type":"article","og_title":"Reinaugurado, Espa\u00e7o Olhar \u00e9 ref\u00fagio de sa\u00fade e acolhimento da comunidade escolar do Gama","og_description":"Ref\u00fagio para a sa\u00fade mental da comunidade escolar do Gama, o Espa\u00e7o Olhar est\u00e1 de cara nova. O local dedicado ao cuidado e acolhimento de professores, alunos e servidores foi inteiramente reformado pelo Governo do Distrito Federal (GDF) e reinaugurado nesta ter\u00e7a-feira (11), com direito a demonstra\u00e7\u00e3o de tai chi chuan, arte marcial chinesa. O [&hellip;]","og_url":"https:\/\/www.p31noticias.com.br\/?p=53845","og_site_name":"P31","article_published_time":"2024-06-11T18:30:28+00:00","og_image":[{"width":150,"height":150,"url":"https:\/\/www.p31noticias.com.br\/wp-content\/uploads\/2024\/06\/Capa-25-LDHWK6-150x150-olYThG.jpeg","type":"image\/jpeg"}],"twitter_card":"summary_large_image","schema":{"@context":"https:\/\/schema.org","@graph":[{"@type":"Article","@id":"https:\/\/www.p31noticias.com.br\/?p=53845#article","isPartOf":{"@id":"https:\/\/www.p31noticias.com.br\/?p=53845"},"author":{"name":"","@id":""},"headline":"Reinaugurado, Espa\u00e7o Olhar \u00e9 ref\u00fagio de sa\u00fade e acolhimento da comunidade escolar do Gama","datePublished":"2024-06-11T18:30:28+00:00","mainEntityOfPage":{"@id":"https:\/\/www.p31noticias.com.br\/?p=53845"},"wordCount":101,"commentCount":0,"image":{"@id":"https:\/\/www.p31noticias.com.br\/?p=53845#primaryimage"},"thumbnailUrl":"https:\/\/www.p31noticias.com.br\/wp-content\/uploads\/2024\/06\/Capa-25-LDHWK6-150x150-olYThG.jpeg","articleSection":["Bras\u00edlia"],"inLanguage":"pt-BR","potentialAction":[{"@type":"CommentAction","name":"Comment","target":["https:\/\/www.p31noticias.com.br\/?p=53845#respond"]}],"copyrightYear":"2024","copyrightHolder":{"@id":"https:\/\/www.p31noticias.com.br\/#organization"}},{"@type":"WebPage","@id":"https:\/\/www.p31noticias.com.br\/?p=53845","url":"https:\/\/www.p31noticias.com.br\/?p=53845","name":"Reinaugurado, Espa\u00e7o Olhar \u00e9 ref\u00fagio de sa\u00fade e acolhimento da comunidade escolar do Gama - P31","isPartOf":{"@id":"https:\/\/www.p31noticias.com.br\/#website"},"primaryImageOfPage":{"@id":"https:\/\/www.p31noticias.com.br\/?p=53845#primaryimage"},"image":{"@id":"https:\/\/www.p31noticias.com.br\/?p=53845#primaryimage"},"thumbnailUrl":"https:\/\/www.p31noticias.com.br\/wp-content\/uploads\/2024\/06\/Capa-25-LDHWK6-150x150-olYThG.jpeg","datePublished":"2024-06-11T18:30:28+00:00","author":{"@id":""},"breadcrumb":{"@id":"https:\/\/www.p31noticias.com.br\/?p=53845#breadcrumb"},"inLanguage":"pt-BR","potentialAction":[{"@type":"ReadAction","target":["https:\/\/www.p31noticias.com.br\/?p=53845"]}]},{"@type":"ImageObject","inLanguage":"pt-BR","@id":"https:\/\/www.p31noticias.com.br\/?p=53845#primaryimage","url":"https:\/\/www.p31noticias.com.br\/wp-content\/uploads\/2024\/06\/Capa-25-LDHWK6-150x150-olYThG.jpeg","contentUrl":"https:\/\/www.p31noticias.com.br\/wp-content\/uploads\/2024\/06\/Capa-25-LDHWK6-150x150-olYThG.jpeg","width":150,"height":150},{"@type":"BreadcrumbList","@id":"https:\/\/www.p31noticias.com.br\/?p=53845#breadcrumb","itemListElement":[{"@type":"ListItem","position":1,"name":"In\u00edcio","item":"https:\/\/www.p31noticias.com.br\/"},{"@type":"ListItem","position":2,"name":"Reinaugurado, Espa\u00e7o Olhar \u00e9 ref\u00fagio de sa\u00fade e acolhimento da comunidade escolar do Gama"}]},{"@type":"WebSite","@id":"https:\/\/www.p31noticias.com.br\/#website","url":"https:\/\/www.p31noticias.com.br\/","name":"P31","description":"NOT\u00cdCIAS","potentialAction":[{"@type":"SearchAction","target":{"@type":"EntryPoint","urlTemplate":"https:\/\/www.p31noticias.com.br\/?s={search_term_string}"},"query-input":{"@type":"PropertyValueSpecification","valueRequired":true,"valueName":"search_term_string"}}],"inLanguage":"pt-BR"}]}},"amp_enabled":true,"_links":{"self":[{"href":"https:\/\/www.p31noticias.com.br\/index.php?rest_route=\/wp\/v2\/posts\/53845","targetHints":{"allow":["GET"]}}],"collection":[{"href":"https:\/\/www.p31noticias.com.br\/index.php?rest_route=\/wp\/v2\/posts"}],"about":[{"href":"https:\/\/www.p31noticias.com.br\/index.php?rest_route=\/wp\/v2\/types\/post"}],"replies":[{"embeddable":true,"href":"https:\/\/www.p31noticias.com.br\/index.php?rest_route=%2Fwp%2Fv2%2Fcomments&post=53845"}],"version-history":[{"count":0,"href":"https:\/\/www.p31noticias.com.br\/index.php?rest_route=\/wp\/v2\/posts\/53845\/revisions"}],"wp:featuredmedia":[{"embeddable":true,"href":"https:\/\/www.p31noticias.com.br\/index.php?rest_route=\/wp\/v2\/media\/53846"}],"wp:attachment":[{"href":"https:\/\/www.p31noticias.com.br\/index.php?rest_route=%2Fwp%2Fv2%2Fmedia&parent=53845"}],"wp:term":[{"taxonomy":"category","embeddable":true,"href":"https:\/\/www.p31noticias.com.br\/index.php?rest_route=%2Fwp%2Fv2%2Fcategories&post=53845"},{"taxonomy":"post_tag","embeddable":true,"href":"https:\/\/www.p31noticias.com.br\/index.php?rest_route=%2Fwp%2Fv2%2Ftags&post=53845"}],"curies":[{"name":"wp","href":"https:\/\/api.w.org\/{rel}","templated":true}]}}