{"id":53830,"date":"2024-06-11T12:30:10","date_gmt":"2024-06-11T15:30:10","guid":{"rendered":"https:\/\/p31noticias.com.br\/carreta-da-dpdf-registra-aumento-de-227-em-atendimentos-em-relacao-a-2023\/"},"modified":"2024-06-11T12:30:10","modified_gmt":"2024-06-11T15:30:10","slug":"carreta-da-dpdf-registra-aumento-de-227-em-atendimentos-em-relacao-a-2023","status":"publish","type":"post","link":"https:\/\/www.p31noticias.com.br\/?p=53830","title":{"rendered":"Carreta da DPDF registra aumento de 227% em atendimentos em rela\u00e7\u00e3o a 2023"},"content":{"rendered":"<p>A carreta da Defensoria P\u00fablica do Distrito Federal (DPDF) registrou aumento de 227% nos atendimentos realizados nos primeiros cinco meses de 2024 em compara\u00e7\u00e3o ao mesmo per\u00edodo do ano passado. De janeiro a maio deste ano, o N\u00facleo de Assist\u00eancia Jur\u00eddica (NAJ) Itinerante da DPDF prestou 2.672 atendimentos e, no mesmo per\u00edodo de 2023, foram [\u2026]<\/p>\n<p>O post <a href=\"https:\/\/www.delioandrade.com.br\/carreta-da-dpdf-registra-aumento-de-227-em-atendimentos-em-relacao-a-2023\/\">Carreta da DPDF registra aumento de 227% em atendimentos em rela\u00e7\u00e3o a 2023<\/a> apareceu primeiro em <a href=\"https:\/\/www.delioandrade.com.br\/\">Blog do D\u00c9LIO ANDRADE<\/a>.<\/p>\n","protected":false},"excerpt":{"rendered":"<p>A carreta da Defensoria P\u00fablica do Distrito Federal (DPDF) registrou aumento de 227% nos atendimentos realizados nos primeiros cinco meses de 2024 em compara\u00e7\u00e3o ao mesmo per\u00edodo do ano passado. De janeiro a maio deste ano, o N\u00facleo de Assist\u00eancia Jur\u00eddica (NAJ) Itinerante da DPDF prestou 2.672 atendimentos e, no mesmo per\u00edodo de 2023, foram [&hellip;]<\/p>\n","protected":false},"author":0,"featured_media":53831,"comment_status":"open","ping_status":"open","sticky":false,"template":"","format":"standard","meta":{"footnotes":""},"categories":[21],"tags":[],"class_list":{"0":"post-53830","1":"post","2":"type-post","3":"status-publish","4":"format-standard","5":"has-post-thumbnail","7":"category-brasilia"},"yoast_head":"<!-- This site is optimized with the Yoast SEO Premium plugin v24.5 (Yoast SEO v27.5) - https:\/\/yoast.com\/product\/yoast-seo-premium-wordpress\/ -->\n<title>Carreta da DPDF registra aumento de 227% em atendimentos em rela\u00e7\u00e3o a 2023 - P31<\/title>\n<meta name=\"robots\" content=\"index, follow, max-snippet:-1, max-image-preview:large, max-video-preview:-1\" \/>\n<link rel=\"canonical\" href=\"https:\/\/www.p31noticias.com.br\/?p=53830\" \/>\n<meta property=\"og:locale\" content=\"pt_BR\" \/>\n<meta property=\"og:type\" content=\"article\" \/>\n<meta property=\"og:title\" content=\"Carreta da DPDF registra aumento de 227% em atendimentos em rela\u00e7\u00e3o a 2023\" \/>\n<meta property=\"og:description\" content=\"A carreta da Defensoria P\u00fablica do Distrito Federal (DPDF) registrou aumento de 227% nos atendimentos realizados nos primeiros cinco meses de 2024 em compara\u00e7\u00e3o ao mesmo per\u00edodo do ano passado. De janeiro a maio deste ano, o N\u00facleo de Assist\u00eancia Jur\u00eddica (NAJ) Itinerante da DPDF prestou 2.672 atendimentos e, no mesmo per\u00edodo de 2023, foram [&hellip;]\" \/>\n<meta property=\"og:url\" content=\"https:\/\/www.p31noticias.com.br\/?p=53830\" \/>\n<meta property=\"og:site_name\" content=\"P31\" \/>\n<meta property=\"article:published_time\" content=\"2024-06-11T15:30:10+00:00\" \/>\n<meta property=\"og:image\" content=\"https:\/\/www.p31noticias.com.br\/wp-content\/uploads\/2024\/06\/CARRETA-ITINERANTE-1-yKLUbB-150x150-TM93gJ.jpeg\" \/>\n\t<meta property=\"og:image:width\" content=\"150\" \/>\n\t<meta property=\"og:image:height\" content=\"150\" \/>\n\t<meta property=\"og:image:type\" content=\"image\/jpeg\" \/>\n<meta name=\"twitter:card\" content=\"summary_large_image\" \/>\n<script type=\"application\/ld+json\" class=\"yoast-schema-graph\">{\"@context\":\"https:\\\/\\\/schema.org\",\"@graph\":[{\"@type\":\"Article\",\"@id\":\"https:\\\/\\\/www.p31noticias.com.br\\\/?p=53830#article\",\"isPartOf\":{\"@id\":\"https:\\\/\\\/www.p31noticias.com.br\\\/?p=53830\"},\"author\":{\"name\":\"\",\"@id\":\"\"},\"headline\":\"Carreta da DPDF registra aumento de 227% em atendimentos em rela\u00e7\u00e3o a 2023\",\"datePublished\":\"2024-06-11T15:30:10+00:00\",\"mainEntityOfPage\":{\"@id\":\"https:\\\/\\\/www.p31noticias.com.br\\\/?p=53830\"},\"wordCount\":92,\"commentCount\":0,\"image\":{\"@id\":\"https:\\\/\\\/www.p31noticias.com.br\\\/?p=53830#primaryimage\"},\"thumbnailUrl\":\"https:\\\/\\\/www.p31noticias.com.br\\\/wp-content\\\/uploads\\\/2024\\\/06\\\/CARRETA-ITINERANTE-1-yKLUbB-150x150-TM93gJ.jpeg\",\"articleSection\":[\"Bras\u00edlia\"],\"inLanguage\":\"pt-BR\",\"potentialAction\":[{\"@type\":\"CommentAction\",\"name\":\"Comment\",\"target\":[\"https:\\\/\\\/www.p31noticias.com.br\\\/?p=53830#respond\"]}],\"copyrightYear\":\"2024\",\"copyrightHolder\":{\"@id\":\"https:\\\/\\\/www.p31noticias.com.br\\\/#organization\"}},{\"@type\":\"WebPage\",\"@id\":\"https:\\\/\\\/www.p31noticias.com.br\\\/?p=53830\",\"url\":\"https:\\\/\\\/www.p31noticias.com.br\\\/?p=53830\",\"name\":\"Carreta da DPDF registra aumento de 227% em atendimentos em rela\u00e7\u00e3o a 2023 - P31\",\"isPartOf\":{\"@id\":\"https:\\\/\\\/www.p31noticias.com.br\\\/#website\"},\"primaryImageOfPage\":{\"@id\":\"https:\\\/\\\/www.p31noticias.com.br\\\/?p=53830#primaryimage\"},\"image\":{\"@id\":\"https:\\\/\\\/www.p31noticias.com.br\\\/?p=53830#primaryimage\"},\"thumbnailUrl\":\"https:\\\/\\\/www.p31noticias.com.br\\\/wp-content\\\/uploads\\\/2024\\\/06\\\/CARRETA-ITINERANTE-1-yKLUbB-150x150-TM93gJ.jpeg\",\"datePublished\":\"2024-06-11T15:30:10+00:00\",\"author\":{\"@id\":\"\"},\"breadcrumb\":{\"@id\":\"https:\\\/\\\/www.p31noticias.com.br\\\/?p=53830#breadcrumb\"},\"inLanguage\":\"pt-BR\",\"potentialAction\":[{\"@type\":\"ReadAction\",\"target\":[\"https:\\\/\\\/www.p31noticias.com.br\\\/?p=53830\"]}]},{\"@type\":\"ImageObject\",\"inLanguage\":\"pt-BR\",\"@id\":\"https:\\\/\\\/www.p31noticias.com.br\\\/?p=53830#primaryimage\",\"url\":\"https:\\\/\\\/www.p31noticias.com.br\\\/wp-content\\\/uploads\\\/2024\\\/06\\\/CARRETA-ITINERANTE-1-yKLUbB-150x150-TM93gJ.jpeg\",\"contentUrl\":\"https:\\\/\\\/www.p31noticias.com.br\\\/wp-content\\\/uploads\\\/2024\\\/06\\\/CARRETA-ITINERANTE-1-yKLUbB-150x150-TM93gJ.jpeg\",\"width\":150,\"height\":150},{\"@type\":\"BreadcrumbList\",\"@id\":\"https:\\\/\\\/www.p31noticias.com.br\\\/?p=53830#breadcrumb\",\"itemListElement\":[{\"@type\":\"ListItem\",\"position\":1,\"name\":\"In\u00edcio\",\"item\":\"https:\\\/\\\/www.p31noticias.com.br\\\/\"},{\"@type\":\"ListItem\",\"position\":2,\"name\":\"Carreta da DPDF registra aumento de 227% em atendimentos em rela\u00e7\u00e3o a 2023\"}]},{\"@type\":\"WebSite\",\"@id\":\"https:\\\/\\\/www.p31noticias.com.br\\\/#website\",\"url\":\"https:\\\/\\\/www.p31noticias.com.br\\\/\",\"name\":\"P31\",\"description\":\"NOT\u00cdCIAS\",\"potentialAction\":[{\"@type\":\"SearchAction\",\"target\":{\"@type\":\"EntryPoint\",\"urlTemplate\":\"https:\\\/\\\/www.p31noticias.com.br\\\/?s={search_term_string}\"},\"query-input\":{\"@type\":\"PropertyValueSpecification\",\"valueRequired\":true,\"valueName\":\"search_term_string\"}}],\"inLanguage\":\"pt-BR\"}]}<\/script>\n<!-- \/ Yoast SEO Premium plugin. -->","yoast_head_json":{"title":"Carreta da DPDF registra aumento de 227% em atendimentos em rela\u00e7\u00e3o a 2023 - P31","robots":{"index":"index","follow":"follow","max-snippet":"max-snippet:-1","max-image-preview":"max-image-preview:large","max-video-preview":"max-video-preview:-1"},"canonical":"https:\/\/www.p31noticias.com.br\/?p=53830","og_locale":"pt_BR","og_type":"article","og_title":"Carreta da DPDF registra aumento de 227% em atendimentos em rela\u00e7\u00e3o a 2023","og_description":"A carreta da Defensoria P\u00fablica do Distrito Federal (DPDF) registrou aumento de 227% nos atendimentos realizados nos primeiros cinco meses de 2024 em compara\u00e7\u00e3o ao mesmo per\u00edodo do ano passado. De janeiro a maio deste ano, o N\u00facleo de Assist\u00eancia Jur\u00eddica (NAJ) Itinerante da DPDF prestou 2.672 atendimentos e, no mesmo per\u00edodo de 2023, foram [&hellip;]","og_url":"https:\/\/www.p31noticias.com.br\/?p=53830","og_site_name":"P31","article_published_time":"2024-06-11T15:30:10+00:00","og_image":[{"width":150,"height":150,"url":"https:\/\/www.p31noticias.com.br\/wp-content\/uploads\/2024\/06\/CARRETA-ITINERANTE-1-yKLUbB-150x150-TM93gJ.jpeg","type":"image\/jpeg"}],"twitter_card":"summary_large_image","schema":{"@context":"https:\/\/schema.org","@graph":[{"@type":"Article","@id":"https:\/\/www.p31noticias.com.br\/?p=53830#article","isPartOf":{"@id":"https:\/\/www.p31noticias.com.br\/?p=53830"},"author":{"name":"","@id":""},"headline":"Carreta da DPDF registra aumento de 227% em atendimentos em rela\u00e7\u00e3o a 2023","datePublished":"2024-06-11T15:30:10+00:00","mainEntityOfPage":{"@id":"https:\/\/www.p31noticias.com.br\/?p=53830"},"wordCount":92,"commentCount":0,"image":{"@id":"https:\/\/www.p31noticias.com.br\/?p=53830#primaryimage"},"thumbnailUrl":"https:\/\/www.p31noticias.com.br\/wp-content\/uploads\/2024\/06\/CARRETA-ITINERANTE-1-yKLUbB-150x150-TM93gJ.jpeg","articleSection":["Bras\u00edlia"],"inLanguage":"pt-BR","potentialAction":[{"@type":"CommentAction","name":"Comment","target":["https:\/\/www.p31noticias.com.br\/?p=53830#respond"]}],"copyrightYear":"2024","copyrightHolder":{"@id":"https:\/\/www.p31noticias.com.br\/#organization"}},{"@type":"WebPage","@id":"https:\/\/www.p31noticias.com.br\/?p=53830","url":"https:\/\/www.p31noticias.com.br\/?p=53830","name":"Carreta da DPDF registra aumento de 227% em atendimentos em rela\u00e7\u00e3o a 2023 - P31","isPartOf":{"@id":"https:\/\/www.p31noticias.com.br\/#website"},"primaryImageOfPage":{"@id":"https:\/\/www.p31noticias.com.br\/?p=53830#primaryimage"},"image":{"@id":"https:\/\/www.p31noticias.com.br\/?p=53830#primaryimage"},"thumbnailUrl":"https:\/\/www.p31noticias.com.br\/wp-content\/uploads\/2024\/06\/CARRETA-ITINERANTE-1-yKLUbB-150x150-TM93gJ.jpeg","datePublished":"2024-06-11T15:30:10+00:00","author":{"@id":""},"breadcrumb":{"@id":"https:\/\/www.p31noticias.com.br\/?p=53830#breadcrumb"},"inLanguage":"pt-BR","potentialAction":[{"@type":"ReadAction","target":["https:\/\/www.p31noticias.com.br\/?p=53830"]}]},{"@type":"ImageObject","inLanguage":"pt-BR","@id":"https:\/\/www.p31noticias.com.br\/?p=53830#primaryimage","url":"https:\/\/www.p31noticias.com.br\/wp-content\/uploads\/2024\/06\/CARRETA-ITINERANTE-1-yKLUbB-150x150-TM93gJ.jpeg","contentUrl":"https:\/\/www.p31noticias.com.br\/wp-content\/uploads\/2024\/06\/CARRETA-ITINERANTE-1-yKLUbB-150x150-TM93gJ.jpeg","width":150,"height":150},{"@type":"BreadcrumbList","@id":"https:\/\/www.p31noticias.com.br\/?p=53830#breadcrumb","itemListElement":[{"@type":"ListItem","position":1,"name":"In\u00edcio","item":"https:\/\/www.p31noticias.com.br\/"},{"@type":"ListItem","position":2,"name":"Carreta da DPDF registra aumento de 227% em atendimentos em rela\u00e7\u00e3o a 2023"}]},{"@type":"WebSite","@id":"https:\/\/www.p31noticias.com.br\/#website","url":"https:\/\/www.p31noticias.com.br\/","name":"P31","description":"NOT\u00cdCIAS","potentialAction":[{"@type":"SearchAction","target":{"@type":"EntryPoint","urlTemplate":"https:\/\/www.p31noticias.com.br\/?s={search_term_string}"},"query-input":{"@type":"PropertyValueSpecification","valueRequired":true,"valueName":"search_term_string"}}],"inLanguage":"pt-BR"}]}},"amp_enabled":true,"_links":{"self":[{"href":"https:\/\/www.p31noticias.com.br\/index.php?rest_route=\/wp\/v2\/posts\/53830","targetHints":{"allow":["GET"]}}],"collection":[{"href":"https:\/\/www.p31noticias.com.br\/index.php?rest_route=\/wp\/v2\/posts"}],"about":[{"href":"https:\/\/www.p31noticias.com.br\/index.php?rest_route=\/wp\/v2\/types\/post"}],"replies":[{"embeddable":true,"href":"https:\/\/www.p31noticias.com.br\/index.php?rest_route=%2Fwp%2Fv2%2Fcomments&post=53830"}],"version-history":[{"count":0,"href":"https:\/\/www.p31noticias.com.br\/index.php?rest_route=\/wp\/v2\/posts\/53830\/revisions"}],"wp:featuredmedia":[{"embeddable":true,"href":"https:\/\/www.p31noticias.com.br\/index.php?rest_route=\/wp\/v2\/media\/53831"}],"wp:attachment":[{"href":"https:\/\/www.p31noticias.com.br\/index.php?rest_route=%2Fwp%2Fv2%2Fmedia&parent=53830"}],"wp:term":[{"taxonomy":"category","embeddable":true,"href":"https:\/\/www.p31noticias.com.br\/index.php?rest_route=%2Fwp%2Fv2%2Fcategories&post=53830"},{"taxonomy":"post_tag","embeddable":true,"href":"https:\/\/www.p31noticias.com.br\/index.php?rest_route=%2Fwp%2Fv2%2Ftags&post=53830"}],"curies":[{"name":"wp","href":"https:\/\/api.w.org\/{rel}","templated":true}]}}