{"id":53821,"date":"2024-06-11T11:30:14","date_gmt":"2024-06-11T14:30:14","guid":{"rendered":"https:\/\/p31noticias.com.br\/restaurante-comunitario-do-itapoa-e-o-quinto-a-ofertar-tres-refeicoes-diarias\/"},"modified":"2024-06-11T11:30:14","modified_gmt":"2024-06-11T14:30:14","slug":"restaurante-comunitario-do-itapoa-e-o-quinto-a-ofertar-tres-refeicoes-diarias","status":"publish","type":"post","link":"https:\/\/www.p31noticias.com.br\/?p=53821","title":{"rendered":"Restaurante Comunit\u00e1rio do Itapo\u00e3 \u00e9 o quinto a ofertar tr\u00eas refei\u00e7\u00f5es di\u00e1rias\u00a0"},"content":{"rendered":"<p>O Governo do Distrito Federal (GDF) segue trabalhando para promover a seguran\u00e7a alimentar e nutricional \u00e0s pessoas em vulnerabilidade. Depois de Sol Nascente\/P\u00f4r do Sol, Planaltina, Arniqueira e Recanto das Emas, chegou a vez de o Itapo\u00e3 ganhar as tr\u00eas principais refei\u00e7\u00f5es do dia, ao custo total de R$ 2, no Restaurante Comunit\u00e1rio da cidade. [\u2026]<\/p>\n<p>O post <a href=\"https:\/\/www.delioandrade.com.br\/restaurante-comunitario-do-itapoa-e-o-quinto-a-ofertar-tres-refeicoes-diarias\/\">Restaurante Comunit\u00e1rio do Itapo\u00e3 \u00e9 o quinto a ofertar tr\u00eas refei\u00e7\u00f5es di\u00e1rias\u00a0<\/a> apareceu primeiro em <a href=\"https:\/\/www.delioandrade.com.br\/\">Blog do D\u00c9LIO ANDRADE<\/a>.<\/p>\n","protected":false},"excerpt":{"rendered":"<p>O Governo do Distrito Federal (GDF) segue trabalhando para promover a seguran\u00e7a alimentar e nutricional \u00e0s pessoas em vulnerabilidade. Depois de Sol Nascente\/P\u00f4r do Sol, Planaltina, Arniqueira e Recanto das Emas, chegou a vez de o Itapo\u00e3 ganhar as tr\u00eas principais refei\u00e7\u00f5es do dia, ao custo total de R$ 2, no Restaurante Comunit\u00e1rio da cidade. [&hellip;]<\/p>\n","protected":false},"author":0,"featured_media":53822,"comment_status":"open","ping_status":"open","sticky":false,"template":"","format":"standard","meta":{"footnotes":""},"categories":[21],"tags":[],"class_list":{"0":"post-53821","1":"post","2":"type-post","3":"status-publish","4":"format-standard","5":"has-post-thumbnail","7":"category-brasilia"},"yoast_head":"<!-- This site is optimized with the Yoast SEO Premium plugin v24.5 (Yoast SEO v27.5) - https:\/\/yoast.com\/product\/yoast-seo-premium-wordpress\/ -->\n<title>Restaurante Comunit\u00e1rio do Itapo\u00e3 \u00e9 o quinto a ofertar tr\u00eas refei\u00e7\u00f5es di\u00e1rias\u00a0 - P31<\/title>\n<meta name=\"robots\" content=\"index, follow, max-snippet:-1, max-image-preview:large, max-video-preview:-1\" \/>\n<link rel=\"canonical\" href=\"https:\/\/www.p31noticias.com.br\/?p=53821\" \/>\n<meta property=\"og:locale\" content=\"pt_BR\" \/>\n<meta property=\"og:type\" content=\"article\" \/>\n<meta property=\"og:title\" content=\"Restaurante Comunit\u00e1rio do Itapo\u00e3 \u00e9 o quinto a ofertar tr\u00eas refei\u00e7\u00f5es di\u00e1rias\u00a0\" \/>\n<meta property=\"og:description\" content=\"O Governo do Distrito Federal (GDF) segue trabalhando para promover a seguran\u00e7a alimentar e nutricional \u00e0s pessoas em vulnerabilidade. Depois de Sol Nascente\/P\u00f4r do Sol, Planaltina, Arniqueira e Recanto das Emas, chegou a vez de o Itapo\u00e3 ganhar as tr\u00eas principais refei\u00e7\u00f5es do dia, ao custo total de R$ 2, no Restaurante Comunit\u00e1rio da cidade. [&hellip;]\" \/>\n<meta property=\"og:url\" content=\"https:\/\/www.p31noticias.com.br\/?p=53821\" \/>\n<meta property=\"og:site_name\" content=\"P31\" \/>\n<meta property=\"article:published_time\" content=\"2024-06-11T14:30:14+00:00\" \/>\n<meta property=\"og:image\" content=\"https:\/\/www.p31noticias.com.br\/wp-content\/uploads\/2024\/06\/Capa-24-3lOmHA-150x150-975GMt.jpeg\" \/>\n\t<meta property=\"og:image:width\" content=\"150\" \/>\n\t<meta property=\"og:image:height\" content=\"150\" \/>\n\t<meta property=\"og:image:type\" content=\"image\/jpeg\" \/>\n<meta name=\"twitter:card\" content=\"summary_large_image\" \/>\n<script type=\"application\/ld+json\" class=\"yoast-schema-graph\">{\"@context\":\"https:\\\/\\\/schema.org\",\"@graph\":[{\"@type\":\"Article\",\"@id\":\"https:\\\/\\\/www.p31noticias.com.br\\\/?p=53821#article\",\"isPartOf\":{\"@id\":\"https:\\\/\\\/www.p31noticias.com.br\\\/?p=53821\"},\"author\":{\"name\":\"\",\"@id\":\"\"},\"headline\":\"Restaurante Comunit\u00e1rio do Itapo\u00e3 \u00e9 o quinto a ofertar tr\u00eas refei\u00e7\u00f5es di\u00e1rias\u00a0\",\"datePublished\":\"2024-06-11T14:30:14+00:00\",\"mainEntityOfPage\":{\"@id\":\"https:\\\/\\\/www.p31noticias.com.br\\\/?p=53821\"},\"wordCount\":100,\"commentCount\":0,\"image\":{\"@id\":\"https:\\\/\\\/www.p31noticias.com.br\\\/?p=53821#primaryimage\"},\"thumbnailUrl\":\"https:\\\/\\\/www.p31noticias.com.br\\\/wp-content\\\/uploads\\\/2024\\\/06\\\/Capa-24-3lOmHA-150x150-975GMt.jpeg\",\"articleSection\":[\"Bras\u00edlia\"],\"inLanguage\":\"pt-BR\",\"potentialAction\":[{\"@type\":\"CommentAction\",\"name\":\"Comment\",\"target\":[\"https:\\\/\\\/www.p31noticias.com.br\\\/?p=53821#respond\"]}],\"copyrightYear\":\"2024\",\"copyrightHolder\":{\"@id\":\"https:\\\/\\\/www.p31noticias.com.br\\\/#organization\"}},{\"@type\":\"WebPage\",\"@id\":\"https:\\\/\\\/www.p31noticias.com.br\\\/?p=53821\",\"url\":\"https:\\\/\\\/www.p31noticias.com.br\\\/?p=53821\",\"name\":\"Restaurante Comunit\u00e1rio do Itapo\u00e3 \u00e9 o quinto a ofertar tr\u00eas refei\u00e7\u00f5es di\u00e1rias\u00a0 - P31\",\"isPartOf\":{\"@id\":\"https:\\\/\\\/www.p31noticias.com.br\\\/#website\"},\"primaryImageOfPage\":{\"@id\":\"https:\\\/\\\/www.p31noticias.com.br\\\/?p=53821#primaryimage\"},\"image\":{\"@id\":\"https:\\\/\\\/www.p31noticias.com.br\\\/?p=53821#primaryimage\"},\"thumbnailUrl\":\"https:\\\/\\\/www.p31noticias.com.br\\\/wp-content\\\/uploads\\\/2024\\\/06\\\/Capa-24-3lOmHA-150x150-975GMt.jpeg\",\"datePublished\":\"2024-06-11T14:30:14+00:00\",\"author\":{\"@id\":\"\"},\"breadcrumb\":{\"@id\":\"https:\\\/\\\/www.p31noticias.com.br\\\/?p=53821#breadcrumb\"},\"inLanguage\":\"pt-BR\",\"potentialAction\":[{\"@type\":\"ReadAction\",\"target\":[\"https:\\\/\\\/www.p31noticias.com.br\\\/?p=53821\"]}]},{\"@type\":\"ImageObject\",\"inLanguage\":\"pt-BR\",\"@id\":\"https:\\\/\\\/www.p31noticias.com.br\\\/?p=53821#primaryimage\",\"url\":\"https:\\\/\\\/www.p31noticias.com.br\\\/wp-content\\\/uploads\\\/2024\\\/06\\\/Capa-24-3lOmHA-150x150-975GMt.jpeg\",\"contentUrl\":\"https:\\\/\\\/www.p31noticias.com.br\\\/wp-content\\\/uploads\\\/2024\\\/06\\\/Capa-24-3lOmHA-150x150-975GMt.jpeg\",\"width\":150,\"height\":150},{\"@type\":\"BreadcrumbList\",\"@id\":\"https:\\\/\\\/www.p31noticias.com.br\\\/?p=53821#breadcrumb\",\"itemListElement\":[{\"@type\":\"ListItem\",\"position\":1,\"name\":\"In\u00edcio\",\"item\":\"https:\\\/\\\/www.p31noticias.com.br\\\/\"},{\"@type\":\"ListItem\",\"position\":2,\"name\":\"Restaurante Comunit\u00e1rio do Itapo\u00e3 \u00e9 o quinto a ofertar tr\u00eas refei\u00e7\u00f5es di\u00e1rias\u00a0\"}]},{\"@type\":\"WebSite\",\"@id\":\"https:\\\/\\\/www.p31noticias.com.br\\\/#website\",\"url\":\"https:\\\/\\\/www.p31noticias.com.br\\\/\",\"name\":\"P31\",\"description\":\"NOT\u00cdCIAS\",\"potentialAction\":[{\"@type\":\"SearchAction\",\"target\":{\"@type\":\"EntryPoint\",\"urlTemplate\":\"https:\\\/\\\/www.p31noticias.com.br\\\/?s={search_term_string}\"},\"query-input\":{\"@type\":\"PropertyValueSpecification\",\"valueRequired\":true,\"valueName\":\"search_term_string\"}}],\"inLanguage\":\"pt-BR\"}]}<\/script>\n<!-- \/ Yoast SEO Premium plugin. -->","yoast_head_json":{"title":"Restaurante Comunit\u00e1rio do Itapo\u00e3 \u00e9 o quinto a ofertar tr\u00eas refei\u00e7\u00f5es di\u00e1rias\u00a0 - P31","robots":{"index":"index","follow":"follow","max-snippet":"max-snippet:-1","max-image-preview":"max-image-preview:large","max-video-preview":"max-video-preview:-1"},"canonical":"https:\/\/www.p31noticias.com.br\/?p=53821","og_locale":"pt_BR","og_type":"article","og_title":"Restaurante Comunit\u00e1rio do Itapo\u00e3 \u00e9 o quinto a ofertar tr\u00eas refei\u00e7\u00f5es di\u00e1rias\u00a0","og_description":"O Governo do Distrito Federal (GDF) segue trabalhando para promover a seguran\u00e7a alimentar e nutricional \u00e0s pessoas em vulnerabilidade. Depois de Sol Nascente\/P\u00f4r do Sol, Planaltina, Arniqueira e Recanto das Emas, chegou a vez de o Itapo\u00e3 ganhar as tr\u00eas principais refei\u00e7\u00f5es do dia, ao custo total de R$ 2, no Restaurante Comunit\u00e1rio da cidade. [&hellip;]","og_url":"https:\/\/www.p31noticias.com.br\/?p=53821","og_site_name":"P31","article_published_time":"2024-06-11T14:30:14+00:00","og_image":[{"width":150,"height":150,"url":"https:\/\/www.p31noticias.com.br\/wp-content\/uploads\/2024\/06\/Capa-24-3lOmHA-150x150-975GMt.jpeg","type":"image\/jpeg"}],"twitter_card":"summary_large_image","schema":{"@context":"https:\/\/schema.org","@graph":[{"@type":"Article","@id":"https:\/\/www.p31noticias.com.br\/?p=53821#article","isPartOf":{"@id":"https:\/\/www.p31noticias.com.br\/?p=53821"},"author":{"name":"","@id":""},"headline":"Restaurante Comunit\u00e1rio do Itapo\u00e3 \u00e9 o quinto a ofertar tr\u00eas refei\u00e7\u00f5es di\u00e1rias\u00a0","datePublished":"2024-06-11T14:30:14+00:00","mainEntityOfPage":{"@id":"https:\/\/www.p31noticias.com.br\/?p=53821"},"wordCount":100,"commentCount":0,"image":{"@id":"https:\/\/www.p31noticias.com.br\/?p=53821#primaryimage"},"thumbnailUrl":"https:\/\/www.p31noticias.com.br\/wp-content\/uploads\/2024\/06\/Capa-24-3lOmHA-150x150-975GMt.jpeg","articleSection":["Bras\u00edlia"],"inLanguage":"pt-BR","potentialAction":[{"@type":"CommentAction","name":"Comment","target":["https:\/\/www.p31noticias.com.br\/?p=53821#respond"]}],"copyrightYear":"2024","copyrightHolder":{"@id":"https:\/\/www.p31noticias.com.br\/#organization"}},{"@type":"WebPage","@id":"https:\/\/www.p31noticias.com.br\/?p=53821","url":"https:\/\/www.p31noticias.com.br\/?p=53821","name":"Restaurante Comunit\u00e1rio do Itapo\u00e3 \u00e9 o quinto a ofertar tr\u00eas refei\u00e7\u00f5es di\u00e1rias\u00a0 - P31","isPartOf":{"@id":"https:\/\/www.p31noticias.com.br\/#website"},"primaryImageOfPage":{"@id":"https:\/\/www.p31noticias.com.br\/?p=53821#primaryimage"},"image":{"@id":"https:\/\/www.p31noticias.com.br\/?p=53821#primaryimage"},"thumbnailUrl":"https:\/\/www.p31noticias.com.br\/wp-content\/uploads\/2024\/06\/Capa-24-3lOmHA-150x150-975GMt.jpeg","datePublished":"2024-06-11T14:30:14+00:00","author":{"@id":""},"breadcrumb":{"@id":"https:\/\/www.p31noticias.com.br\/?p=53821#breadcrumb"},"inLanguage":"pt-BR","potentialAction":[{"@type":"ReadAction","target":["https:\/\/www.p31noticias.com.br\/?p=53821"]}]},{"@type":"ImageObject","inLanguage":"pt-BR","@id":"https:\/\/www.p31noticias.com.br\/?p=53821#primaryimage","url":"https:\/\/www.p31noticias.com.br\/wp-content\/uploads\/2024\/06\/Capa-24-3lOmHA-150x150-975GMt.jpeg","contentUrl":"https:\/\/www.p31noticias.com.br\/wp-content\/uploads\/2024\/06\/Capa-24-3lOmHA-150x150-975GMt.jpeg","width":150,"height":150},{"@type":"BreadcrumbList","@id":"https:\/\/www.p31noticias.com.br\/?p=53821#breadcrumb","itemListElement":[{"@type":"ListItem","position":1,"name":"In\u00edcio","item":"https:\/\/www.p31noticias.com.br\/"},{"@type":"ListItem","position":2,"name":"Restaurante Comunit\u00e1rio do Itapo\u00e3 \u00e9 o quinto a ofertar tr\u00eas refei\u00e7\u00f5es di\u00e1rias\u00a0"}]},{"@type":"WebSite","@id":"https:\/\/www.p31noticias.com.br\/#website","url":"https:\/\/www.p31noticias.com.br\/","name":"P31","description":"NOT\u00cdCIAS","potentialAction":[{"@type":"SearchAction","target":{"@type":"EntryPoint","urlTemplate":"https:\/\/www.p31noticias.com.br\/?s={search_term_string}"},"query-input":{"@type":"PropertyValueSpecification","valueRequired":true,"valueName":"search_term_string"}}],"inLanguage":"pt-BR"}]}},"amp_enabled":true,"_links":{"self":[{"href":"https:\/\/www.p31noticias.com.br\/index.php?rest_route=\/wp\/v2\/posts\/53821","targetHints":{"allow":["GET"]}}],"collection":[{"href":"https:\/\/www.p31noticias.com.br\/index.php?rest_route=\/wp\/v2\/posts"}],"about":[{"href":"https:\/\/www.p31noticias.com.br\/index.php?rest_route=\/wp\/v2\/types\/post"}],"replies":[{"embeddable":true,"href":"https:\/\/www.p31noticias.com.br\/index.php?rest_route=%2Fwp%2Fv2%2Fcomments&post=53821"}],"version-history":[{"count":0,"href":"https:\/\/www.p31noticias.com.br\/index.php?rest_route=\/wp\/v2\/posts\/53821\/revisions"}],"wp:featuredmedia":[{"embeddable":true,"href":"https:\/\/www.p31noticias.com.br\/index.php?rest_route=\/wp\/v2\/media\/53822"}],"wp:attachment":[{"href":"https:\/\/www.p31noticias.com.br\/index.php?rest_route=%2Fwp%2Fv2%2Fmedia&parent=53821"}],"wp:term":[{"taxonomy":"category","embeddable":true,"href":"https:\/\/www.p31noticias.com.br\/index.php?rest_route=%2Fwp%2Fv2%2Fcategories&post=53821"},{"taxonomy":"post_tag","embeddable":true,"href":"https:\/\/www.p31noticias.com.br\/index.php?rest_route=%2Fwp%2Fv2%2Ftags&post=53821"}],"curies":[{"name":"wp","href":"https:\/\/api.w.org\/{rel}","templated":true}]}}