{"id":53810,"date":"2024-06-11T09:30:08","date_gmt":"2024-06-11T12:30:08","guid":{"rendered":"https:\/\/p31noticias.com.br\/gdf-lanca-processo-seletivo-de-bolsas-de-estudo-para-o-segundo-semestre\/"},"modified":"2024-06-11T09:30:08","modified_gmt":"2024-06-11T12:30:08","slug":"gdf-lanca-processo-seletivo-de-bolsas-de-estudo-para-o-segundo-semestre","status":"publish","type":"post","link":"https:\/\/www.p31noticias.com.br\/?p=53810","title":{"rendered":"GDF lan\u00e7a processo seletivo de bolsas de estudo para o segundo semestre \u00a0"},"content":{"rendered":"<p>O Governo do Distrito Federal (GDF) lan\u00e7a, nesta ter\u00e7a-feira (11), o concurso semestral para sele\u00e7\u00e3o do programa de concess\u00e3o de bolsas de estudo, para as vagas abertas no Centro de Ensino Unificado do DF (UDF), conforme Edital 1, publicado no Di\u00e1rio Oficial do Distrito Federal (DODF). Ao todo, s\u00e3o oferecidas 73 vagas destinadas aos servidores [\u2026]<\/p>\n<p>O post <a href=\"https:\/\/www.delioandrade.com.br\/gdf-lanca-processo-seletivo-de-bolsas-de-estudo-para-o-segundo-semestre\/\">GDF lan\u00e7a processo seletivo de bolsas de estudo para o segundo semestre \u00a0<\/a> apareceu primeiro em <a href=\"https:\/\/www.delioandrade.com.br\/\">Blog do D\u00c9LIO ANDRADE<\/a>.<\/p>\n","protected":false},"excerpt":{"rendered":"<p>O Governo do Distrito Federal (GDF) lan\u00e7a, nesta ter\u00e7a-feira (11), o concurso semestral para sele\u00e7\u00e3o do programa de concess\u00e3o de bolsas de estudo, para as vagas abertas no Centro de Ensino Unificado do DF (UDF), conforme Edital 1, publicado no Di\u00e1rio Oficial do Distrito Federal (DODF). Ao todo, s\u00e3o oferecidas 73 vagas destinadas aos servidores [&hellip;]<\/p>\n","protected":false},"author":0,"featured_media":53811,"comment_status":"open","ping_status":"open","sticky":false,"template":"","format":"standard","meta":{"footnotes":""},"categories":[21],"tags":[],"class_list":{"0":"post-53810","1":"post","2":"type-post","3":"status-publish","4":"format-standard","5":"has-post-thumbnail","7":"category-brasilia"},"yoast_head":"<!-- This site is optimized with the Yoast SEO Premium plugin v24.5 (Yoast SEO v27.5) - https:\/\/yoast.com\/product\/yoast-seo-premium-wordpress\/ -->\n<title>GDF lan\u00e7a processo seletivo de bolsas de estudo para o segundo semestre \u00a0 - P31<\/title>\n<meta name=\"robots\" content=\"index, follow, max-snippet:-1, max-image-preview:large, max-video-preview:-1\" \/>\n<link rel=\"canonical\" href=\"https:\/\/www.p31noticias.com.br\/?p=53810\" \/>\n<meta property=\"og:locale\" content=\"pt_BR\" \/>\n<meta property=\"og:type\" content=\"article\" \/>\n<meta property=\"og:title\" content=\"GDF lan\u00e7a processo seletivo de bolsas de estudo para o segundo semestre \u00a0\" \/>\n<meta property=\"og:description\" content=\"O Governo do Distrito Federal (GDF) lan\u00e7a, nesta ter\u00e7a-feira (11), o concurso semestral para sele\u00e7\u00e3o do programa de concess\u00e3o de bolsas de estudo, para as vagas abertas no Centro de Ensino Unificado do DF (UDF), conforme Edital 1, publicado no Di\u00e1rio Oficial do Distrito Federal (DODF). Ao todo, s\u00e3o oferecidas 73 vagas destinadas aos servidores [&hellip;]\" \/>\n<meta property=\"og:url\" content=\"https:\/\/www.p31noticias.com.br\/?p=53810\" \/>\n<meta property=\"og:site_name\" content=\"P31\" \/>\n<meta property=\"article:published_time\" content=\"2024-06-11T12:30:08+00:00\" \/>\n<meta property=\"og:image\" content=\"https:\/\/www.p31noticias.com.br\/wp-content\/uploads\/2024\/06\/5.7.-UDF.-Foto-Divulgacao-UDF-uiuPtL-150x150-gPe8qB.jpeg\" \/>\n\t<meta property=\"og:image:width\" content=\"150\" \/>\n\t<meta property=\"og:image:height\" content=\"150\" \/>\n\t<meta property=\"og:image:type\" content=\"image\/jpeg\" \/>\n<meta name=\"twitter:card\" content=\"summary_large_image\" \/>\n<script type=\"application\/ld+json\" class=\"yoast-schema-graph\">{\"@context\":\"https:\\\/\\\/schema.org\",\"@graph\":[{\"@type\":\"Article\",\"@id\":\"https:\\\/\\\/www.p31noticias.com.br\\\/?p=53810#article\",\"isPartOf\":{\"@id\":\"https:\\\/\\\/www.p31noticias.com.br\\\/?p=53810\"},\"author\":{\"name\":\"\",\"@id\":\"\"},\"headline\":\"GDF lan\u00e7a processo seletivo de bolsas de estudo para o segundo semestre \u00a0\",\"datePublished\":\"2024-06-11T12:30:08+00:00\",\"mainEntityOfPage\":{\"@id\":\"https:\\\/\\\/www.p31noticias.com.br\\\/?p=53810\"},\"wordCount\":94,\"commentCount\":0,\"image\":{\"@id\":\"https:\\\/\\\/www.p31noticias.com.br\\\/?p=53810#primaryimage\"},\"thumbnailUrl\":\"https:\\\/\\\/www.p31noticias.com.br\\\/wp-content\\\/uploads\\\/2024\\\/06\\\/5.7.-UDF.-Foto-Divulgacao-UDF-uiuPtL-150x150-gPe8qB.jpeg\",\"articleSection\":[\"Bras\u00edlia\"],\"inLanguage\":\"pt-BR\",\"potentialAction\":[{\"@type\":\"CommentAction\",\"name\":\"Comment\",\"target\":[\"https:\\\/\\\/www.p31noticias.com.br\\\/?p=53810#respond\"]}],\"copyrightYear\":\"2024\",\"copyrightHolder\":{\"@id\":\"https:\\\/\\\/www.p31noticias.com.br\\\/#organization\"}},{\"@type\":\"WebPage\",\"@id\":\"https:\\\/\\\/www.p31noticias.com.br\\\/?p=53810\",\"url\":\"https:\\\/\\\/www.p31noticias.com.br\\\/?p=53810\",\"name\":\"GDF lan\u00e7a processo seletivo de bolsas de estudo para o segundo semestre \u00a0 - P31\",\"isPartOf\":{\"@id\":\"https:\\\/\\\/www.p31noticias.com.br\\\/#website\"},\"primaryImageOfPage\":{\"@id\":\"https:\\\/\\\/www.p31noticias.com.br\\\/?p=53810#primaryimage\"},\"image\":{\"@id\":\"https:\\\/\\\/www.p31noticias.com.br\\\/?p=53810#primaryimage\"},\"thumbnailUrl\":\"https:\\\/\\\/www.p31noticias.com.br\\\/wp-content\\\/uploads\\\/2024\\\/06\\\/5.7.-UDF.-Foto-Divulgacao-UDF-uiuPtL-150x150-gPe8qB.jpeg\",\"datePublished\":\"2024-06-11T12:30:08+00:00\",\"author\":{\"@id\":\"\"},\"breadcrumb\":{\"@id\":\"https:\\\/\\\/www.p31noticias.com.br\\\/?p=53810#breadcrumb\"},\"inLanguage\":\"pt-BR\",\"potentialAction\":[{\"@type\":\"ReadAction\",\"target\":[\"https:\\\/\\\/www.p31noticias.com.br\\\/?p=53810\"]}]},{\"@type\":\"ImageObject\",\"inLanguage\":\"pt-BR\",\"@id\":\"https:\\\/\\\/www.p31noticias.com.br\\\/?p=53810#primaryimage\",\"url\":\"https:\\\/\\\/www.p31noticias.com.br\\\/wp-content\\\/uploads\\\/2024\\\/06\\\/5.7.-UDF.-Foto-Divulgacao-UDF-uiuPtL-150x150-gPe8qB.jpeg\",\"contentUrl\":\"https:\\\/\\\/www.p31noticias.com.br\\\/wp-content\\\/uploads\\\/2024\\\/06\\\/5.7.-UDF.-Foto-Divulgacao-UDF-uiuPtL-150x150-gPe8qB.jpeg\",\"width\":150,\"height\":150},{\"@type\":\"BreadcrumbList\",\"@id\":\"https:\\\/\\\/www.p31noticias.com.br\\\/?p=53810#breadcrumb\",\"itemListElement\":[{\"@type\":\"ListItem\",\"position\":1,\"name\":\"In\u00edcio\",\"item\":\"https:\\\/\\\/www.p31noticias.com.br\\\/\"},{\"@type\":\"ListItem\",\"position\":2,\"name\":\"GDF lan\u00e7a processo seletivo de bolsas de estudo para o segundo semestre \u00a0\"}]},{\"@type\":\"WebSite\",\"@id\":\"https:\\\/\\\/www.p31noticias.com.br\\\/#website\",\"url\":\"https:\\\/\\\/www.p31noticias.com.br\\\/\",\"name\":\"P31\",\"description\":\"NOT\u00cdCIAS\",\"potentialAction\":[{\"@type\":\"SearchAction\",\"target\":{\"@type\":\"EntryPoint\",\"urlTemplate\":\"https:\\\/\\\/www.p31noticias.com.br\\\/?s={search_term_string}\"},\"query-input\":{\"@type\":\"PropertyValueSpecification\",\"valueRequired\":true,\"valueName\":\"search_term_string\"}}],\"inLanguage\":\"pt-BR\"}]}<\/script>\n<!-- \/ Yoast SEO Premium plugin. -->","yoast_head_json":{"title":"GDF lan\u00e7a processo seletivo de bolsas de estudo para o segundo semestre \u00a0 - P31","robots":{"index":"index","follow":"follow","max-snippet":"max-snippet:-1","max-image-preview":"max-image-preview:large","max-video-preview":"max-video-preview:-1"},"canonical":"https:\/\/www.p31noticias.com.br\/?p=53810","og_locale":"pt_BR","og_type":"article","og_title":"GDF lan\u00e7a processo seletivo de bolsas de estudo para o segundo semestre \u00a0","og_description":"O Governo do Distrito Federal (GDF) lan\u00e7a, nesta ter\u00e7a-feira (11), o concurso semestral para sele\u00e7\u00e3o do programa de concess\u00e3o de bolsas de estudo, para as vagas abertas no Centro de Ensino Unificado do DF (UDF), conforme Edital 1, publicado no Di\u00e1rio Oficial do Distrito Federal (DODF). Ao todo, s\u00e3o oferecidas 73 vagas destinadas aos servidores [&hellip;]","og_url":"https:\/\/www.p31noticias.com.br\/?p=53810","og_site_name":"P31","article_published_time":"2024-06-11T12:30:08+00:00","og_image":[{"width":150,"height":150,"url":"https:\/\/www.p31noticias.com.br\/wp-content\/uploads\/2024\/06\/5.7.-UDF.-Foto-Divulgacao-UDF-uiuPtL-150x150-gPe8qB.jpeg","type":"image\/jpeg"}],"twitter_card":"summary_large_image","schema":{"@context":"https:\/\/schema.org","@graph":[{"@type":"Article","@id":"https:\/\/www.p31noticias.com.br\/?p=53810#article","isPartOf":{"@id":"https:\/\/www.p31noticias.com.br\/?p=53810"},"author":{"name":"","@id":""},"headline":"GDF lan\u00e7a processo seletivo de bolsas de estudo para o segundo semestre \u00a0","datePublished":"2024-06-11T12:30:08+00:00","mainEntityOfPage":{"@id":"https:\/\/www.p31noticias.com.br\/?p=53810"},"wordCount":94,"commentCount":0,"image":{"@id":"https:\/\/www.p31noticias.com.br\/?p=53810#primaryimage"},"thumbnailUrl":"https:\/\/www.p31noticias.com.br\/wp-content\/uploads\/2024\/06\/5.7.-UDF.-Foto-Divulgacao-UDF-uiuPtL-150x150-gPe8qB.jpeg","articleSection":["Bras\u00edlia"],"inLanguage":"pt-BR","potentialAction":[{"@type":"CommentAction","name":"Comment","target":["https:\/\/www.p31noticias.com.br\/?p=53810#respond"]}],"copyrightYear":"2024","copyrightHolder":{"@id":"https:\/\/www.p31noticias.com.br\/#organization"}},{"@type":"WebPage","@id":"https:\/\/www.p31noticias.com.br\/?p=53810","url":"https:\/\/www.p31noticias.com.br\/?p=53810","name":"GDF lan\u00e7a processo seletivo de bolsas de estudo para o segundo semestre \u00a0 - P31","isPartOf":{"@id":"https:\/\/www.p31noticias.com.br\/#website"},"primaryImageOfPage":{"@id":"https:\/\/www.p31noticias.com.br\/?p=53810#primaryimage"},"image":{"@id":"https:\/\/www.p31noticias.com.br\/?p=53810#primaryimage"},"thumbnailUrl":"https:\/\/www.p31noticias.com.br\/wp-content\/uploads\/2024\/06\/5.7.-UDF.-Foto-Divulgacao-UDF-uiuPtL-150x150-gPe8qB.jpeg","datePublished":"2024-06-11T12:30:08+00:00","author":{"@id":""},"breadcrumb":{"@id":"https:\/\/www.p31noticias.com.br\/?p=53810#breadcrumb"},"inLanguage":"pt-BR","potentialAction":[{"@type":"ReadAction","target":["https:\/\/www.p31noticias.com.br\/?p=53810"]}]},{"@type":"ImageObject","inLanguage":"pt-BR","@id":"https:\/\/www.p31noticias.com.br\/?p=53810#primaryimage","url":"https:\/\/www.p31noticias.com.br\/wp-content\/uploads\/2024\/06\/5.7.-UDF.-Foto-Divulgacao-UDF-uiuPtL-150x150-gPe8qB.jpeg","contentUrl":"https:\/\/www.p31noticias.com.br\/wp-content\/uploads\/2024\/06\/5.7.-UDF.-Foto-Divulgacao-UDF-uiuPtL-150x150-gPe8qB.jpeg","width":150,"height":150},{"@type":"BreadcrumbList","@id":"https:\/\/www.p31noticias.com.br\/?p=53810#breadcrumb","itemListElement":[{"@type":"ListItem","position":1,"name":"In\u00edcio","item":"https:\/\/www.p31noticias.com.br\/"},{"@type":"ListItem","position":2,"name":"GDF lan\u00e7a processo seletivo de bolsas de estudo para o segundo semestre \u00a0"}]},{"@type":"WebSite","@id":"https:\/\/www.p31noticias.com.br\/#website","url":"https:\/\/www.p31noticias.com.br\/","name":"P31","description":"NOT\u00cdCIAS","potentialAction":[{"@type":"SearchAction","target":{"@type":"EntryPoint","urlTemplate":"https:\/\/www.p31noticias.com.br\/?s={search_term_string}"},"query-input":{"@type":"PropertyValueSpecification","valueRequired":true,"valueName":"search_term_string"}}],"inLanguage":"pt-BR"}]}},"amp_enabled":true,"_links":{"self":[{"href":"https:\/\/www.p31noticias.com.br\/index.php?rest_route=\/wp\/v2\/posts\/53810","targetHints":{"allow":["GET"]}}],"collection":[{"href":"https:\/\/www.p31noticias.com.br\/index.php?rest_route=\/wp\/v2\/posts"}],"about":[{"href":"https:\/\/www.p31noticias.com.br\/index.php?rest_route=\/wp\/v2\/types\/post"}],"replies":[{"embeddable":true,"href":"https:\/\/www.p31noticias.com.br\/index.php?rest_route=%2Fwp%2Fv2%2Fcomments&post=53810"}],"version-history":[{"count":0,"href":"https:\/\/www.p31noticias.com.br\/index.php?rest_route=\/wp\/v2\/posts\/53810\/revisions"}],"wp:featuredmedia":[{"embeddable":true,"href":"https:\/\/www.p31noticias.com.br\/index.php?rest_route=\/wp\/v2\/media\/53811"}],"wp:attachment":[{"href":"https:\/\/www.p31noticias.com.br\/index.php?rest_route=%2Fwp%2Fv2%2Fmedia&parent=53810"}],"wp:term":[{"taxonomy":"category","embeddable":true,"href":"https:\/\/www.p31noticias.com.br\/index.php?rest_route=%2Fwp%2Fv2%2Fcategories&post=53810"},{"taxonomy":"post_tag","embeddable":true,"href":"https:\/\/www.p31noticias.com.br\/index.php?rest_route=%2Fwp%2Fv2%2Ftags&post=53810"}],"curies":[{"name":"wp","href":"https:\/\/api.w.org\/{rel}","templated":true}]}}