{"id":53798,"date":"2024-06-11T07:30:18","date_gmt":"2024-06-11T10:30:18","guid":{"rendered":"https:\/\/p31noticias.com.br\/hospital-cidade-do-sol-promove-campanha-de-combate-a-desnutricao-hospitalar\/"},"modified":"2024-06-11T07:30:18","modified_gmt":"2024-06-11T10:30:18","slug":"hospital-cidade-do-sol-promove-campanha-de-combate-a-desnutricao-hospitalar","status":"publish","type":"post","link":"https:\/\/www.p31noticias.com.br\/?p=53798","title":{"rendered":"Hospital Cidade do Sol promove campanha de combate \u00e0 desnutri\u00e7\u00e3o hospitalar"},"content":{"rendered":"<p>Evento reuniu equipe multidisciplinar para conscientiza\u00e7\u00e3o e preven\u00e7\u00e3o durante o Junho Verde \u00a0Por: Luciane Paz Nos dias 5 e 6 de junho, os colaboradores do Hospital Cidade do Sol, uma das unidades administradas pelo Instituto de Gest\u00e3o Estrat\u00e9gica de Sa\u00fade (IgesDF), realizaram um evento com o tema \u201cJuntos no Combate \u00e0 Desnutri\u00e7\u00e3o Hospitalar\u201d. A iniciativa, [\u2026]<\/p>\n<p>O post <a href=\"https:\/\/www.delioandrade.com.br\/hospital-cidade-do-sol-promove-campanha-de-combate-a-desnutricao-hospitalar\/\">Hospital Cidade do Sol promove campanha de combate \u00e0 desnutri\u00e7\u00e3o hospitalar<\/a> apareceu primeiro em <a href=\"https:\/\/www.delioandrade.com.br\/\">Blog do D\u00c9LIO ANDRADE<\/a>.<\/p>\n","protected":false},"excerpt":{"rendered":"<p>Evento reuniu equipe multidisciplinar para conscientiza\u00e7\u00e3o e preven\u00e7\u00e3o durante o Junho Verde \u00a0Por: Luciane Paz Nos dias 5 e 6 de junho, os colaboradores do Hospital Cidade do Sol, uma das unidades administradas pelo Instituto de Gest\u00e3o Estrat\u00e9gica de Sa\u00fade (IgesDF), realizaram um evento com o tema \u201cJuntos no Combate \u00e0 Desnutri\u00e7\u00e3o Hospitalar\u201d. A iniciativa, [&hellip;]<\/p>\n","protected":false},"author":0,"featured_media":53799,"comment_status":"open","ping_status":"open","sticky":false,"template":"","format":"standard","meta":{"footnotes":""},"categories":[21],"tags":[],"class_list":{"0":"post-53798","1":"post","2":"type-post","3":"status-publish","4":"format-standard","5":"has-post-thumbnail","7":"category-brasilia"},"yoast_head":"<!-- This site is optimized with the Yoast SEO Premium plugin v24.5 (Yoast SEO v27.5) - https:\/\/yoast.com\/product\/yoast-seo-premium-wordpress\/ -->\n<title>Hospital Cidade do Sol promove campanha de combate \u00e0 desnutri\u00e7\u00e3o hospitalar - P31<\/title>\n<meta name=\"robots\" content=\"index, follow, max-snippet:-1, max-image-preview:large, max-video-preview:-1\" \/>\n<link rel=\"canonical\" href=\"https:\/\/www.p31noticias.com.br\/?p=53798\" \/>\n<meta property=\"og:locale\" content=\"pt_BR\" \/>\n<meta property=\"og:type\" content=\"article\" \/>\n<meta property=\"og:title\" content=\"Hospital Cidade do Sol promove campanha de combate \u00e0 desnutri\u00e7\u00e3o hospitalar\" \/>\n<meta property=\"og:description\" content=\"Evento reuniu equipe multidisciplinar para conscientiza\u00e7\u00e3o e preven\u00e7\u00e3o durante o Junho Verde \u00a0Por: Luciane Paz Nos dias 5 e 6 de junho, os colaboradores do Hospital Cidade do Sol, uma das unidades administradas pelo Instituto de Gest\u00e3o Estrat\u00e9gica de Sa\u00fade (IgesDF), realizaram um evento com o tema \u201cJuntos no Combate \u00e0 Desnutri\u00e7\u00e3o Hospitalar\u201d. A iniciativa, [&hellip;]\" \/>\n<meta property=\"og:url\" content=\"https:\/\/www.p31noticias.com.br\/?p=53798\" \/>\n<meta property=\"og:site_name\" content=\"P31\" \/>\n<meta property=\"article:published_time\" content=\"2024-06-11T10:30:18+00:00\" \/>\n<meta property=\"og:image\" content=\"https:\/\/www.p31noticias.com.br\/wp-content\/uploads\/2024\/06\/junho-verde-150x150-9yj3SC-BeqAvl.jpeg\" \/>\n\t<meta property=\"og:image:width\" content=\"150\" \/>\n\t<meta property=\"og:image:height\" content=\"150\" \/>\n\t<meta property=\"og:image:type\" content=\"image\/jpeg\" \/>\n<meta name=\"twitter:card\" content=\"summary_large_image\" \/>\n<script type=\"application\/ld+json\" class=\"yoast-schema-graph\">{\"@context\":\"https:\\\/\\\/schema.org\",\"@graph\":[{\"@type\":\"Article\",\"@id\":\"https:\\\/\\\/www.p31noticias.com.br\\\/?p=53798#article\",\"isPartOf\":{\"@id\":\"https:\\\/\\\/www.p31noticias.com.br\\\/?p=53798\"},\"author\":{\"name\":\"\",\"@id\":\"\"},\"headline\":\"Hospital Cidade do Sol promove campanha de combate \u00e0 desnutri\u00e7\u00e3o hospitalar\",\"datePublished\":\"2024-06-11T10:30:18+00:00\",\"mainEntityOfPage\":{\"@id\":\"https:\\\/\\\/www.p31noticias.com.br\\\/?p=53798\"},\"wordCount\":90,\"commentCount\":0,\"image\":{\"@id\":\"https:\\\/\\\/www.p31noticias.com.br\\\/?p=53798#primaryimage\"},\"thumbnailUrl\":\"https:\\\/\\\/www.p31noticias.com.br\\\/wp-content\\\/uploads\\\/2024\\\/06\\\/junho-verde-150x150-9yj3SC-BeqAvl.jpeg\",\"articleSection\":[\"Bras\u00edlia\"],\"inLanguage\":\"pt-BR\",\"potentialAction\":[{\"@type\":\"CommentAction\",\"name\":\"Comment\",\"target\":[\"https:\\\/\\\/www.p31noticias.com.br\\\/?p=53798#respond\"]}],\"copyrightYear\":\"2024\",\"copyrightHolder\":{\"@id\":\"https:\\\/\\\/www.p31noticias.com.br\\\/#organization\"}},{\"@type\":\"WebPage\",\"@id\":\"https:\\\/\\\/www.p31noticias.com.br\\\/?p=53798\",\"url\":\"https:\\\/\\\/www.p31noticias.com.br\\\/?p=53798\",\"name\":\"Hospital Cidade do Sol promove campanha de combate \u00e0 desnutri\u00e7\u00e3o hospitalar - P31\",\"isPartOf\":{\"@id\":\"https:\\\/\\\/www.p31noticias.com.br\\\/#website\"},\"primaryImageOfPage\":{\"@id\":\"https:\\\/\\\/www.p31noticias.com.br\\\/?p=53798#primaryimage\"},\"image\":{\"@id\":\"https:\\\/\\\/www.p31noticias.com.br\\\/?p=53798#primaryimage\"},\"thumbnailUrl\":\"https:\\\/\\\/www.p31noticias.com.br\\\/wp-content\\\/uploads\\\/2024\\\/06\\\/junho-verde-150x150-9yj3SC-BeqAvl.jpeg\",\"datePublished\":\"2024-06-11T10:30:18+00:00\",\"author\":{\"@id\":\"\"},\"breadcrumb\":{\"@id\":\"https:\\\/\\\/www.p31noticias.com.br\\\/?p=53798#breadcrumb\"},\"inLanguage\":\"pt-BR\",\"potentialAction\":[{\"@type\":\"ReadAction\",\"target\":[\"https:\\\/\\\/www.p31noticias.com.br\\\/?p=53798\"]}]},{\"@type\":\"ImageObject\",\"inLanguage\":\"pt-BR\",\"@id\":\"https:\\\/\\\/www.p31noticias.com.br\\\/?p=53798#primaryimage\",\"url\":\"https:\\\/\\\/www.p31noticias.com.br\\\/wp-content\\\/uploads\\\/2024\\\/06\\\/junho-verde-150x150-9yj3SC-BeqAvl.jpeg\",\"contentUrl\":\"https:\\\/\\\/www.p31noticias.com.br\\\/wp-content\\\/uploads\\\/2024\\\/06\\\/junho-verde-150x150-9yj3SC-BeqAvl.jpeg\",\"width\":150,\"height\":150},{\"@type\":\"BreadcrumbList\",\"@id\":\"https:\\\/\\\/www.p31noticias.com.br\\\/?p=53798#breadcrumb\",\"itemListElement\":[{\"@type\":\"ListItem\",\"position\":1,\"name\":\"In\u00edcio\",\"item\":\"https:\\\/\\\/www.p31noticias.com.br\\\/\"},{\"@type\":\"ListItem\",\"position\":2,\"name\":\"Hospital Cidade do Sol promove campanha de combate \u00e0 desnutri\u00e7\u00e3o hospitalar\"}]},{\"@type\":\"WebSite\",\"@id\":\"https:\\\/\\\/www.p31noticias.com.br\\\/#website\",\"url\":\"https:\\\/\\\/www.p31noticias.com.br\\\/\",\"name\":\"P31\",\"description\":\"NOT\u00cdCIAS\",\"potentialAction\":[{\"@type\":\"SearchAction\",\"target\":{\"@type\":\"EntryPoint\",\"urlTemplate\":\"https:\\\/\\\/www.p31noticias.com.br\\\/?s={search_term_string}\"},\"query-input\":{\"@type\":\"PropertyValueSpecification\",\"valueRequired\":true,\"valueName\":\"search_term_string\"}}],\"inLanguage\":\"pt-BR\"}]}<\/script>\n<!-- \/ Yoast SEO Premium plugin. -->","yoast_head_json":{"title":"Hospital Cidade do Sol promove campanha de combate \u00e0 desnutri\u00e7\u00e3o hospitalar - P31","robots":{"index":"index","follow":"follow","max-snippet":"max-snippet:-1","max-image-preview":"max-image-preview:large","max-video-preview":"max-video-preview:-1"},"canonical":"https:\/\/www.p31noticias.com.br\/?p=53798","og_locale":"pt_BR","og_type":"article","og_title":"Hospital Cidade do Sol promove campanha de combate \u00e0 desnutri\u00e7\u00e3o hospitalar","og_description":"Evento reuniu equipe multidisciplinar para conscientiza\u00e7\u00e3o e preven\u00e7\u00e3o durante o Junho Verde \u00a0Por: Luciane Paz Nos dias 5 e 6 de junho, os colaboradores do Hospital Cidade do Sol, uma das unidades administradas pelo Instituto de Gest\u00e3o Estrat\u00e9gica de Sa\u00fade (IgesDF), realizaram um evento com o tema \u201cJuntos no Combate \u00e0 Desnutri\u00e7\u00e3o Hospitalar\u201d. A iniciativa, [&hellip;]","og_url":"https:\/\/www.p31noticias.com.br\/?p=53798","og_site_name":"P31","article_published_time":"2024-06-11T10:30:18+00:00","og_image":[{"width":150,"height":150,"url":"https:\/\/www.p31noticias.com.br\/wp-content\/uploads\/2024\/06\/junho-verde-150x150-9yj3SC-BeqAvl.jpeg","type":"image\/jpeg"}],"twitter_card":"summary_large_image","schema":{"@context":"https:\/\/schema.org","@graph":[{"@type":"Article","@id":"https:\/\/www.p31noticias.com.br\/?p=53798#article","isPartOf":{"@id":"https:\/\/www.p31noticias.com.br\/?p=53798"},"author":{"name":"","@id":""},"headline":"Hospital Cidade do Sol promove campanha de combate \u00e0 desnutri\u00e7\u00e3o hospitalar","datePublished":"2024-06-11T10:30:18+00:00","mainEntityOfPage":{"@id":"https:\/\/www.p31noticias.com.br\/?p=53798"},"wordCount":90,"commentCount":0,"image":{"@id":"https:\/\/www.p31noticias.com.br\/?p=53798#primaryimage"},"thumbnailUrl":"https:\/\/www.p31noticias.com.br\/wp-content\/uploads\/2024\/06\/junho-verde-150x150-9yj3SC-BeqAvl.jpeg","articleSection":["Bras\u00edlia"],"inLanguage":"pt-BR","potentialAction":[{"@type":"CommentAction","name":"Comment","target":["https:\/\/www.p31noticias.com.br\/?p=53798#respond"]}],"copyrightYear":"2024","copyrightHolder":{"@id":"https:\/\/www.p31noticias.com.br\/#organization"}},{"@type":"WebPage","@id":"https:\/\/www.p31noticias.com.br\/?p=53798","url":"https:\/\/www.p31noticias.com.br\/?p=53798","name":"Hospital Cidade do Sol promove campanha de combate \u00e0 desnutri\u00e7\u00e3o hospitalar - P31","isPartOf":{"@id":"https:\/\/www.p31noticias.com.br\/#website"},"primaryImageOfPage":{"@id":"https:\/\/www.p31noticias.com.br\/?p=53798#primaryimage"},"image":{"@id":"https:\/\/www.p31noticias.com.br\/?p=53798#primaryimage"},"thumbnailUrl":"https:\/\/www.p31noticias.com.br\/wp-content\/uploads\/2024\/06\/junho-verde-150x150-9yj3SC-BeqAvl.jpeg","datePublished":"2024-06-11T10:30:18+00:00","author":{"@id":""},"breadcrumb":{"@id":"https:\/\/www.p31noticias.com.br\/?p=53798#breadcrumb"},"inLanguage":"pt-BR","potentialAction":[{"@type":"ReadAction","target":["https:\/\/www.p31noticias.com.br\/?p=53798"]}]},{"@type":"ImageObject","inLanguage":"pt-BR","@id":"https:\/\/www.p31noticias.com.br\/?p=53798#primaryimage","url":"https:\/\/www.p31noticias.com.br\/wp-content\/uploads\/2024\/06\/junho-verde-150x150-9yj3SC-BeqAvl.jpeg","contentUrl":"https:\/\/www.p31noticias.com.br\/wp-content\/uploads\/2024\/06\/junho-verde-150x150-9yj3SC-BeqAvl.jpeg","width":150,"height":150},{"@type":"BreadcrumbList","@id":"https:\/\/www.p31noticias.com.br\/?p=53798#breadcrumb","itemListElement":[{"@type":"ListItem","position":1,"name":"In\u00edcio","item":"https:\/\/www.p31noticias.com.br\/"},{"@type":"ListItem","position":2,"name":"Hospital Cidade do Sol promove campanha de combate \u00e0 desnutri\u00e7\u00e3o hospitalar"}]},{"@type":"WebSite","@id":"https:\/\/www.p31noticias.com.br\/#website","url":"https:\/\/www.p31noticias.com.br\/","name":"P31","description":"NOT\u00cdCIAS","potentialAction":[{"@type":"SearchAction","target":{"@type":"EntryPoint","urlTemplate":"https:\/\/www.p31noticias.com.br\/?s={search_term_string}"},"query-input":{"@type":"PropertyValueSpecification","valueRequired":true,"valueName":"search_term_string"}}],"inLanguage":"pt-BR"}]}},"amp_enabled":true,"_links":{"self":[{"href":"https:\/\/www.p31noticias.com.br\/index.php?rest_route=\/wp\/v2\/posts\/53798","targetHints":{"allow":["GET"]}}],"collection":[{"href":"https:\/\/www.p31noticias.com.br\/index.php?rest_route=\/wp\/v2\/posts"}],"about":[{"href":"https:\/\/www.p31noticias.com.br\/index.php?rest_route=\/wp\/v2\/types\/post"}],"replies":[{"embeddable":true,"href":"https:\/\/www.p31noticias.com.br\/index.php?rest_route=%2Fwp%2Fv2%2Fcomments&post=53798"}],"version-history":[{"count":0,"href":"https:\/\/www.p31noticias.com.br\/index.php?rest_route=\/wp\/v2\/posts\/53798\/revisions"}],"wp:featuredmedia":[{"embeddable":true,"href":"https:\/\/www.p31noticias.com.br\/index.php?rest_route=\/wp\/v2\/media\/53799"}],"wp:attachment":[{"href":"https:\/\/www.p31noticias.com.br\/index.php?rest_route=%2Fwp%2Fv2%2Fmedia&parent=53798"}],"wp:term":[{"taxonomy":"category","embeddable":true,"href":"https:\/\/www.p31noticias.com.br\/index.php?rest_route=%2Fwp%2Fv2%2Fcategories&post=53798"},{"taxonomy":"post_tag","embeddable":true,"href":"https:\/\/www.p31noticias.com.br\/index.php?rest_route=%2Fwp%2Fv2%2Ftags&post=53798"}],"curies":[{"name":"wp","href":"https:\/\/api.w.org\/{rel}","templated":true}]}}