{"id":53795,"date":"2024-06-11T07:30:16","date_gmt":"2024-06-11T10:30:16","guid":{"rendered":"https:\/\/p31noticias.com.br\/motociclista-fica-em-estado-grave-apos-colidir-com-carro-em-via-do-df\/"},"modified":"2024-06-11T07:30:16","modified_gmt":"2024-06-11T10:30:16","slug":"motociclista-fica-em-estado-grave-apos-colidir-com-carro-em-via-do-df","status":"publish","type":"post","link":"https:\/\/www.p31noticias.com.br\/?p=53795","title":{"rendered":"Motociclista fica em estado grave ap\u00f3s colidir com carro em via do DF"},"content":{"rendered":"<p>Um motociclista de 29 anos ficou ferido ap\u00f3s colidir sua motocicleta com um Hyundai HB 20s branco na QNJ 13, pr\u00f3ximo ao Col\u00e9gio Proje\u00e7\u00e3o, em Taguatinga, pouco depois da 0h desta ter\u00e7a-feira (11\/6). O Corpo de Bombeiros Militar do Distrito Federal (CBMDF) informou que a v\u00edtima, que conduzia uma moto Honda CG Fan branca, estava [\u2026]<\/p>\n<p>O post <a href=\"https:\/\/www.delioandrade.com.br\/motociclista-fica-em-estado-grave-apos-colidir-com-carro-em-via-do-df\/\">Motociclista fica em estado grave ap\u00f3s colidir com carro em via do DF<\/a> apareceu primeiro em <a href=\"https:\/\/www.delioandrade.com.br\/\">Blog do D\u00c9LIO ANDRADE<\/a>.<\/p>\n","protected":false},"excerpt":{"rendered":"<p>Um motociclista de 29 anos ficou ferido ap\u00f3s colidir sua motocicleta com um Hyundai HB 20s branco na QNJ 13, pr\u00f3ximo ao Col\u00e9gio Proje\u00e7\u00e3o, em Taguatinga, pouco depois da 0h desta ter\u00e7a-feira (11\/6). O Corpo de Bombeiros Militar do Distrito Federal (CBMDF) informou que a v\u00edtima, que conduzia uma moto Honda CG Fan branca, estava [&hellip;]<\/p>\n","protected":false},"author":0,"featured_media":0,"comment_status":"open","ping_status":"open","sticky":false,"template":"","format":"standard","meta":{"footnotes":""},"categories":[21],"tags":[],"class_list":{"0":"post-53795","1":"post","2":"type-post","3":"status-publish","4":"format-standard","6":"category-brasilia"},"yoast_head":"<!-- This site is optimized with the Yoast SEO Premium plugin v24.5 (Yoast SEO v27.5) - https:\/\/yoast.com\/product\/yoast-seo-premium-wordpress\/ -->\n<title>Motociclista fica em estado grave ap\u00f3s colidir com carro em via do DF - P31<\/title>\n<meta name=\"robots\" content=\"index, follow, max-snippet:-1, max-image-preview:large, max-video-preview:-1\" \/>\n<link rel=\"canonical\" href=\"https:\/\/www.p31noticias.com.br\/?p=53795\" \/>\n<meta property=\"og:locale\" content=\"pt_BR\" \/>\n<meta property=\"og:type\" content=\"article\" \/>\n<meta property=\"og:title\" content=\"Motociclista fica em estado grave ap\u00f3s colidir com carro em via do DF\" \/>\n<meta property=\"og:description\" content=\"Um motociclista de 29 anos ficou ferido ap\u00f3s colidir sua motocicleta com um Hyundai HB 20s branco na QNJ 13, pr\u00f3ximo ao Col\u00e9gio Proje\u00e7\u00e3o, em Taguatinga, pouco depois da 0h desta ter\u00e7a-feira (11\/6). O Corpo de Bombeiros Militar do Distrito Federal (CBMDF) informou que a v\u00edtima, que conduzia uma moto Honda CG Fan branca, estava [&hellip;]\" \/>\n<meta property=\"og:url\" content=\"https:\/\/www.p31noticias.com.br\/?p=53795\" \/>\n<meta property=\"og:site_name\" content=\"P31\" \/>\n<meta property=\"article:published_time\" content=\"2024-06-11T10:30:16+00:00\" \/>\n<meta name=\"twitter:card\" content=\"summary_large_image\" \/>\n<script type=\"application\/ld+json\" class=\"yoast-schema-graph\">{\"@context\":\"https:\\\/\\\/schema.org\",\"@graph\":[{\"@type\":\"Article\",\"@id\":\"https:\\\/\\\/www.p31noticias.com.br\\\/?p=53795#article\",\"isPartOf\":{\"@id\":\"https:\\\/\\\/www.p31noticias.com.br\\\/?p=53795\"},\"author\":{\"name\":\"\",\"@id\":\"\"},\"headline\":\"Motociclista fica em estado grave ap\u00f3s colidir com carro em via do DF\",\"datePublished\":\"2024-06-11T10:30:16+00:00\",\"mainEntityOfPage\":{\"@id\":\"https:\\\/\\\/www.p31noticias.com.br\\\/?p=53795\"},\"wordCount\":96,\"commentCount\":0,\"articleSection\":[\"Bras\u00edlia\"],\"inLanguage\":\"pt-BR\",\"potentialAction\":[{\"@type\":\"CommentAction\",\"name\":\"Comment\",\"target\":[\"https:\\\/\\\/www.p31noticias.com.br\\\/?p=53795#respond\"]}],\"copyrightYear\":\"2024\",\"copyrightHolder\":{\"@id\":\"https:\\\/\\\/www.p31noticias.com.br\\\/#organization\"}},{\"@type\":\"WebPage\",\"@id\":\"https:\\\/\\\/www.p31noticias.com.br\\\/?p=53795\",\"url\":\"https:\\\/\\\/www.p31noticias.com.br\\\/?p=53795\",\"name\":\"Motociclista fica em estado grave ap\u00f3s colidir com carro em via do DF - P31\",\"isPartOf\":{\"@id\":\"https:\\\/\\\/www.p31noticias.com.br\\\/#website\"},\"datePublished\":\"2024-06-11T10:30:16+00:00\",\"author\":{\"@id\":\"\"},\"breadcrumb\":{\"@id\":\"https:\\\/\\\/www.p31noticias.com.br\\\/?p=53795#breadcrumb\"},\"inLanguage\":\"pt-BR\",\"potentialAction\":[{\"@type\":\"ReadAction\",\"target\":[\"https:\\\/\\\/www.p31noticias.com.br\\\/?p=53795\"]}]},{\"@type\":\"BreadcrumbList\",\"@id\":\"https:\\\/\\\/www.p31noticias.com.br\\\/?p=53795#breadcrumb\",\"itemListElement\":[{\"@type\":\"ListItem\",\"position\":1,\"name\":\"In\u00edcio\",\"item\":\"https:\\\/\\\/www.p31noticias.com.br\\\/\"},{\"@type\":\"ListItem\",\"position\":2,\"name\":\"Motociclista fica em estado grave ap\u00f3s colidir com carro em via do DF\"}]},{\"@type\":\"WebSite\",\"@id\":\"https:\\\/\\\/www.p31noticias.com.br\\\/#website\",\"url\":\"https:\\\/\\\/www.p31noticias.com.br\\\/\",\"name\":\"P31\",\"description\":\"NOT\u00cdCIAS\",\"potentialAction\":[{\"@type\":\"SearchAction\",\"target\":{\"@type\":\"EntryPoint\",\"urlTemplate\":\"https:\\\/\\\/www.p31noticias.com.br\\\/?s={search_term_string}\"},\"query-input\":{\"@type\":\"PropertyValueSpecification\",\"valueRequired\":true,\"valueName\":\"search_term_string\"}}],\"inLanguage\":\"pt-BR\"}]}<\/script>\n<!-- \/ Yoast SEO Premium plugin. -->","yoast_head_json":{"title":"Motociclista fica em estado grave ap\u00f3s colidir com carro em via do DF - P31","robots":{"index":"index","follow":"follow","max-snippet":"max-snippet:-1","max-image-preview":"max-image-preview:large","max-video-preview":"max-video-preview:-1"},"canonical":"https:\/\/www.p31noticias.com.br\/?p=53795","og_locale":"pt_BR","og_type":"article","og_title":"Motociclista fica em estado grave ap\u00f3s colidir com carro em via do DF","og_description":"Um motociclista de 29 anos ficou ferido ap\u00f3s colidir sua motocicleta com um Hyundai HB 20s branco na QNJ 13, pr\u00f3ximo ao Col\u00e9gio Proje\u00e7\u00e3o, em Taguatinga, pouco depois da 0h desta ter\u00e7a-feira (11\/6). O Corpo de Bombeiros Militar do Distrito Federal (CBMDF) informou que a v\u00edtima, que conduzia uma moto Honda CG Fan branca, estava [&hellip;]","og_url":"https:\/\/www.p31noticias.com.br\/?p=53795","og_site_name":"P31","article_published_time":"2024-06-11T10:30:16+00:00","twitter_card":"summary_large_image","schema":{"@context":"https:\/\/schema.org","@graph":[{"@type":"Article","@id":"https:\/\/www.p31noticias.com.br\/?p=53795#article","isPartOf":{"@id":"https:\/\/www.p31noticias.com.br\/?p=53795"},"author":{"name":"","@id":""},"headline":"Motociclista fica em estado grave ap\u00f3s colidir com carro em via do DF","datePublished":"2024-06-11T10:30:16+00:00","mainEntityOfPage":{"@id":"https:\/\/www.p31noticias.com.br\/?p=53795"},"wordCount":96,"commentCount":0,"articleSection":["Bras\u00edlia"],"inLanguage":"pt-BR","potentialAction":[{"@type":"CommentAction","name":"Comment","target":["https:\/\/www.p31noticias.com.br\/?p=53795#respond"]}],"copyrightYear":"2024","copyrightHolder":{"@id":"https:\/\/www.p31noticias.com.br\/#organization"}},{"@type":"WebPage","@id":"https:\/\/www.p31noticias.com.br\/?p=53795","url":"https:\/\/www.p31noticias.com.br\/?p=53795","name":"Motociclista fica em estado grave ap\u00f3s colidir com carro em via do DF - P31","isPartOf":{"@id":"https:\/\/www.p31noticias.com.br\/#website"},"datePublished":"2024-06-11T10:30:16+00:00","author":{"@id":""},"breadcrumb":{"@id":"https:\/\/www.p31noticias.com.br\/?p=53795#breadcrumb"},"inLanguage":"pt-BR","potentialAction":[{"@type":"ReadAction","target":["https:\/\/www.p31noticias.com.br\/?p=53795"]}]},{"@type":"BreadcrumbList","@id":"https:\/\/www.p31noticias.com.br\/?p=53795#breadcrumb","itemListElement":[{"@type":"ListItem","position":1,"name":"In\u00edcio","item":"https:\/\/www.p31noticias.com.br\/"},{"@type":"ListItem","position":2,"name":"Motociclista fica em estado grave ap\u00f3s colidir com carro em via do DF"}]},{"@type":"WebSite","@id":"https:\/\/www.p31noticias.com.br\/#website","url":"https:\/\/www.p31noticias.com.br\/","name":"P31","description":"NOT\u00cdCIAS","potentialAction":[{"@type":"SearchAction","target":{"@type":"EntryPoint","urlTemplate":"https:\/\/www.p31noticias.com.br\/?s={search_term_string}"},"query-input":{"@type":"PropertyValueSpecification","valueRequired":true,"valueName":"search_term_string"}}],"inLanguage":"pt-BR"}]}},"amp_enabled":true,"_links":{"self":[{"href":"https:\/\/www.p31noticias.com.br\/index.php?rest_route=\/wp\/v2\/posts\/53795","targetHints":{"allow":["GET"]}}],"collection":[{"href":"https:\/\/www.p31noticias.com.br\/index.php?rest_route=\/wp\/v2\/posts"}],"about":[{"href":"https:\/\/www.p31noticias.com.br\/index.php?rest_route=\/wp\/v2\/types\/post"}],"replies":[{"embeddable":true,"href":"https:\/\/www.p31noticias.com.br\/index.php?rest_route=%2Fwp%2Fv2%2Fcomments&post=53795"}],"version-history":[{"count":0,"href":"https:\/\/www.p31noticias.com.br\/index.php?rest_route=\/wp\/v2\/posts\/53795\/revisions"}],"wp:attachment":[{"href":"https:\/\/www.p31noticias.com.br\/index.php?rest_route=%2Fwp%2Fv2%2Fmedia&parent=53795"}],"wp:term":[{"taxonomy":"category","embeddable":true,"href":"https:\/\/www.p31noticias.com.br\/index.php?rest_route=%2Fwp%2Fv2%2Fcategories&post=53795"},{"taxonomy":"post_tag","embeddable":true,"href":"https:\/\/www.p31noticias.com.br\/index.php?rest_route=%2Fwp%2Fv2%2Ftags&post=53795"}],"curies":[{"name":"wp","href":"https:\/\/api.w.org\/{rel}","templated":true}]}}