{"id":53784,"date":"2024-06-11T00:30:44","date_gmt":"2024-06-11T03:30:44","guid":{"rendered":"https:\/\/p31noticias.com.br\/video-incendio-atinge-casa-no-df-e-deixa-morador-em-estado-grave\/"},"modified":"2024-06-11T00:57:31","modified_gmt":"2024-06-11T03:57:31","slug":"video-incendio-atinge-casa-no-df-e-deixa-morador-em-estado-grave","status":"publish","type":"post","link":"https:\/\/www.p31noticias.com.br\/?p=53784","title":{"rendered":"V\u00eddeo: inc\u00eandio atinge casa no DF e deixa morador em estado grave"},"content":{"rendered":"<p style=\"text-align: justify;\">Ap\u00f3s <a href=\"https:\/\/www.metropoles.com\/distrito-federal\/apartamento-em-bairro-nobre-do-distrito-federal-pega-fogo-veja-video\" target=\"_blank\" rel=\"noopener\">inc\u00eandio atingir sua resid\u00eancia<\/a>, no Setor O, Ceil\u00e2ndia, um homem de 55 anos foi levado em estado grave para o Hospital Regional da Asa Norte (HRAN) na noite desta segunda-feira (10\/6). De acordo com o Corpo de Bombeiros Militar do Distrito Federal (<a href=\"https:\/\/www.cbm.df.gov.br\/\" target=\"_blank\" rel=\"noopener\">CBMDF<\/a>), a v\u00edtima apresentava queimaduras de segundo grau por todo o corpo.<\/p>\n<p style=\"text-align: justify;\">Al\u00e9m disso, o homem estava com queimadura de terceiro grau no bra\u00e7o esquerdo e suspeita de queimaduras das vias a\u00e9reas. Foi administrado oxig\u00eanio suplementar \u00e0 v\u00edtima durante todo o transporte, o que ajudou a estabilizar seu estado cl\u00ednico.<\/p>\n<p style=\"text-align: justify;\">O inc\u00eandio aconteceu na QNO 18, conjunto 59, da Ceil\u00e2ndia. Chegando ao local, as equipes de socorro visualizaram chamas e muita fuma\u00e7a saindo de uma resid\u00eancia. De imediato, foram iniciadas as a\u00e7\u00f5es de combate com a arma\u00e7\u00e3o de linhas de mangueiras, que ajudou no fim das chamas. O local ficou aos cuidados da irm\u00e3 do propriet\u00e1rio, que recusou a per\u00edcia.<\/p>\n<div class=\"m-banner-video m-banner-wrap m-banner-rectangle m-publicity-content-middle\">\n<div class=\"MTP_VIDEO\"><\/div>\n<\/div>\n","protected":false},"excerpt":{"rendered":"<p>Ap\u00f3s inc\u00eandio atingir sua resid\u00eancia, no Setor O, Ceil\u00e2ndia, um homem de 55 anos foi levado em estado grave para o Hospital Regional da Asa Norte (HRAN) na noite desta segunda-feira (10\/6). De acordo com o Corpo de Bombeiros Militar do Distrito Federal (CBMDF), a v\u00edtima apresentava queimaduras de segundo grau por todo o corpo. [&hellip;]<\/p>\n","protected":false},"author":5,"featured_media":53785,"comment_status":"open","ping_status":"open","sticky":false,"template":"","format":"standard","meta":{"footnotes":""},"categories":[21],"tags":[],"class_list":{"0":"post-53784","1":"post","2":"type-post","3":"status-publish","4":"format-standard","5":"has-post-thumbnail","7":"category-brasilia"},"yoast_head":"<!-- This site is optimized with the Yoast SEO Premium plugin v24.5 (Yoast SEO v27.5) - https:\/\/yoast.com\/product\/yoast-seo-premium-wordpress\/ -->\n<title>V\u00eddeo: inc\u00eandio atinge casa no DF e deixa morador em estado grave - P31<\/title>\n<meta name=\"robots\" content=\"index, follow, max-snippet:-1, max-image-preview:large, max-video-preview:-1\" \/>\n<link rel=\"canonical\" href=\"https:\/\/www.p31noticias.com.br\/?p=53784\" \/>\n<meta property=\"og:locale\" content=\"pt_BR\" \/>\n<meta property=\"og:type\" content=\"article\" \/>\n<meta property=\"og:title\" content=\"V\u00eddeo: inc\u00eandio atinge casa no DF e deixa morador em estado grave\" \/>\n<meta property=\"og:description\" content=\"Ap\u00f3s inc\u00eandio atingir sua resid\u00eancia, no Setor O, Ceil\u00e2ndia, um homem de 55 anos foi levado em estado grave para o Hospital Regional da Asa Norte (HRAN) na noite desta segunda-feira (10\/6). De acordo com o Corpo de Bombeiros Militar do Distrito Federal (CBMDF), a v\u00edtima apresentava queimaduras de segundo grau por todo o corpo. [&hellip;]\" \/>\n<meta property=\"og:url\" content=\"https:\/\/www.p31noticias.com.br\/?p=53784\" \/>\n<meta property=\"og:site_name\" content=\"P31\" \/>\n<meta property=\"article:published_time\" content=\"2024-06-11T03:30:44+00:00\" \/>\n<meta property=\"article:modified_time\" content=\"2024-06-11T03:57:31+00:00\" \/>\n<meta property=\"og:image\" content=\"https:\/\/www.p31noticias.com.br\/wp-content\/uploads\/2024\/06\/Incendio-atinge-casa-em-Ceilandia-e-deixa-morador-em-estado-grave.jpeg\" \/>\n\t<meta property=\"og:image:width\" content=\"1200\" \/>\n\t<meta property=\"og:image:height\" content=\"879\" \/>\n\t<meta property=\"og:image:type\" content=\"image\/jpeg\" \/>\n<meta name=\"author\" content=\"Camilly Scheffer\" \/>\n<meta name=\"twitter:card\" content=\"summary_large_image\" \/>\n<meta name=\"twitter:label1\" content=\"Escrito por\" \/>\n\t<meta name=\"twitter:data1\" content=\"Camilly Scheffer\" \/>\n\t<meta name=\"twitter:label2\" content=\"Est. tempo de leitura\" \/>\n\t<meta name=\"twitter:data2\" content=\"1 minuto\" \/>\n<script type=\"application\/ld+json\" class=\"yoast-schema-graph\">{\"@context\":\"https:\\\/\\\/schema.org\",\"@graph\":[{\"@type\":\"Article\",\"@id\":\"https:\\\/\\\/www.p31noticias.com.br\\\/?p=53784#article\",\"isPartOf\":{\"@id\":\"https:\\\/\\\/www.p31noticias.com.br\\\/?p=53784\"},\"author\":{\"name\":\"Camilly Scheffer\",\"@id\":\"https:\\\/\\\/www.p31noticias.com.br\\\/#\\\/schema\\\/person\\\/d1bb0ccbf62b27e19ea4e75696908d43\"},\"headline\":\"V\u00eddeo: inc\u00eandio atinge casa no DF e deixa morador em estado grave\",\"datePublished\":\"2024-06-11T03:30:44+00:00\",\"dateModified\":\"2024-06-11T03:57:31+00:00\",\"mainEntityOfPage\":{\"@id\":\"https:\\\/\\\/www.p31noticias.com.br\\\/?p=53784\"},\"wordCount\":181,\"commentCount\":0,\"image\":{\"@id\":\"https:\\\/\\\/www.p31noticias.com.br\\\/?p=53784#primaryimage\"},\"thumbnailUrl\":\"https:\\\/\\\/www.p31noticias.com.br\\\/wp-content\\\/uploads\\\/2024\\\/06\\\/Incendio-atinge-casa-em-Ceilandia-e-deixa-morador-em-estado-grave.jpeg\",\"articleSection\":[\"Bras\u00edlia\"],\"inLanguage\":\"pt-BR\",\"potentialAction\":[{\"@type\":\"CommentAction\",\"name\":\"Comment\",\"target\":[\"https:\\\/\\\/www.p31noticias.com.br\\\/?p=53784#respond\"]}],\"copyrightYear\":\"2024\",\"copyrightHolder\":{\"@id\":\"https:\\\/\\\/www.p31noticias.com.br\\\/#organization\"}},{\"@type\":\"WebPage\",\"@id\":\"https:\\\/\\\/www.p31noticias.com.br\\\/?p=53784\",\"url\":\"https:\\\/\\\/www.p31noticias.com.br\\\/?p=53784\",\"name\":\"V\u00eddeo: inc\u00eandio atinge casa no DF e deixa morador em estado grave - P31\",\"isPartOf\":{\"@id\":\"https:\\\/\\\/www.p31noticias.com.br\\\/#website\"},\"primaryImageOfPage\":{\"@id\":\"https:\\\/\\\/www.p31noticias.com.br\\\/?p=53784#primaryimage\"},\"image\":{\"@id\":\"https:\\\/\\\/www.p31noticias.com.br\\\/?p=53784#primaryimage\"},\"thumbnailUrl\":\"https:\\\/\\\/www.p31noticias.com.br\\\/wp-content\\\/uploads\\\/2024\\\/06\\\/Incendio-atinge-casa-em-Ceilandia-e-deixa-morador-em-estado-grave.jpeg\",\"datePublished\":\"2024-06-11T03:30:44+00:00\",\"dateModified\":\"2024-06-11T03:57:31+00:00\",\"author\":{\"@id\":\"https:\\\/\\\/www.p31noticias.com.br\\\/#\\\/schema\\\/person\\\/d1bb0ccbf62b27e19ea4e75696908d43\"},\"breadcrumb\":{\"@id\":\"https:\\\/\\\/www.p31noticias.com.br\\\/?p=53784#breadcrumb\"},\"inLanguage\":\"pt-BR\",\"potentialAction\":[{\"@type\":\"ReadAction\",\"target\":[\"https:\\\/\\\/www.p31noticias.com.br\\\/?p=53784\"]}]},{\"@type\":\"ImageObject\",\"inLanguage\":\"pt-BR\",\"@id\":\"https:\\\/\\\/www.p31noticias.com.br\\\/?p=53784#primaryimage\",\"url\":\"https:\\\/\\\/www.p31noticias.com.br\\\/wp-content\\\/uploads\\\/2024\\\/06\\\/Incendio-atinge-casa-em-Ceilandia-e-deixa-morador-em-estado-grave.jpeg\",\"contentUrl\":\"https:\\\/\\\/www.p31noticias.com.br\\\/wp-content\\\/uploads\\\/2024\\\/06\\\/Incendio-atinge-casa-em-Ceilandia-e-deixa-morador-em-estado-grave.jpeg\",\"width\":1200,\"height\":879},{\"@type\":\"BreadcrumbList\",\"@id\":\"https:\\\/\\\/www.p31noticias.com.br\\\/?p=53784#breadcrumb\",\"itemListElement\":[{\"@type\":\"ListItem\",\"position\":1,\"name\":\"In\u00edcio\",\"item\":\"https:\\\/\\\/www.p31noticias.com.br\\\/\"},{\"@type\":\"ListItem\",\"position\":2,\"name\":\"V\u00eddeo: inc\u00eandio atinge casa no DF e deixa morador em estado grave\"}]},{\"@type\":\"WebSite\",\"@id\":\"https:\\\/\\\/www.p31noticias.com.br\\\/#website\",\"url\":\"https:\\\/\\\/www.p31noticias.com.br\\\/\",\"name\":\"P31\",\"description\":\"NOT\u00cdCIAS\",\"potentialAction\":[{\"@type\":\"SearchAction\",\"target\":{\"@type\":\"EntryPoint\",\"urlTemplate\":\"https:\\\/\\\/www.p31noticias.com.br\\\/?s={search_term_string}\"},\"query-input\":{\"@type\":\"PropertyValueSpecification\",\"valueRequired\":true,\"valueName\":\"search_term_string\"}}],\"inLanguage\":\"pt-BR\"},{\"@type\":\"Person\",\"@id\":\"https:\\\/\\\/www.p31noticias.com.br\\\/#\\\/schema\\\/person\\\/d1bb0ccbf62b27e19ea4e75696908d43\",\"name\":\"Camilly Scheffer\",\"image\":{\"@type\":\"ImageObject\",\"inLanguage\":\"pt-BR\",\"@id\":\"https:\\\/\\\/secure.gravatar.com\\\/avatar\\\/06f4704b382d241ec2670712618fccea085b2db24d7b2d3b8691d904bbc1d557?s=96&d=mm&r=g\",\"url\":\"https:\\\/\\\/secure.gravatar.com\\\/avatar\\\/06f4704b382d241ec2670712618fccea085b2db24d7b2d3b8691d904bbc1d557?s=96&d=mm&r=g\",\"contentUrl\":\"https:\\\/\\\/secure.gravatar.com\\\/avatar\\\/06f4704b382d241ec2670712618fccea085b2db24d7b2d3b8691d904bbc1d557?s=96&d=mm&r=g\",\"caption\":\"Camilly Scheffer\"},\"url\":\"https:\\\/\\\/www.p31noticias.com.br\\\/?author=5\"}]}<\/script>\n<!-- \/ Yoast SEO Premium plugin. -->","yoast_head_json":{"title":"V\u00eddeo: inc\u00eandio atinge casa no DF e deixa morador em estado grave - P31","robots":{"index":"index","follow":"follow","max-snippet":"max-snippet:-1","max-image-preview":"max-image-preview:large","max-video-preview":"max-video-preview:-1"},"canonical":"https:\/\/www.p31noticias.com.br\/?p=53784","og_locale":"pt_BR","og_type":"article","og_title":"V\u00eddeo: inc\u00eandio atinge casa no DF e deixa morador em estado grave","og_description":"Ap\u00f3s inc\u00eandio atingir sua resid\u00eancia, no Setor O, Ceil\u00e2ndia, um homem de 55 anos foi levado em estado grave para o Hospital Regional da Asa Norte (HRAN) na noite desta segunda-feira (10\/6). De acordo com o Corpo de Bombeiros Militar do Distrito Federal (CBMDF), a v\u00edtima apresentava queimaduras de segundo grau por todo o corpo. [&hellip;]","og_url":"https:\/\/www.p31noticias.com.br\/?p=53784","og_site_name":"P31","article_published_time":"2024-06-11T03:30:44+00:00","article_modified_time":"2024-06-11T03:57:31+00:00","og_image":[{"width":1200,"height":879,"url":"https:\/\/www.p31noticias.com.br\/wp-content\/uploads\/2024\/06\/Incendio-atinge-casa-em-Ceilandia-e-deixa-morador-em-estado-grave.jpeg","type":"image\/jpeg"}],"author":"Camilly Scheffer","twitter_card":"summary_large_image","twitter_misc":{"Escrito por":"Camilly Scheffer","Est. tempo de leitura":"1 minuto"},"schema":{"@context":"https:\/\/schema.org","@graph":[{"@type":"Article","@id":"https:\/\/www.p31noticias.com.br\/?p=53784#article","isPartOf":{"@id":"https:\/\/www.p31noticias.com.br\/?p=53784"},"author":{"name":"Camilly Scheffer","@id":"https:\/\/www.p31noticias.com.br\/#\/schema\/person\/d1bb0ccbf62b27e19ea4e75696908d43"},"headline":"V\u00eddeo: inc\u00eandio atinge casa no DF e deixa morador em estado grave","datePublished":"2024-06-11T03:30:44+00:00","dateModified":"2024-06-11T03:57:31+00:00","mainEntityOfPage":{"@id":"https:\/\/www.p31noticias.com.br\/?p=53784"},"wordCount":181,"commentCount":0,"image":{"@id":"https:\/\/www.p31noticias.com.br\/?p=53784#primaryimage"},"thumbnailUrl":"https:\/\/www.p31noticias.com.br\/wp-content\/uploads\/2024\/06\/Incendio-atinge-casa-em-Ceilandia-e-deixa-morador-em-estado-grave.jpeg","articleSection":["Bras\u00edlia"],"inLanguage":"pt-BR","potentialAction":[{"@type":"CommentAction","name":"Comment","target":["https:\/\/www.p31noticias.com.br\/?p=53784#respond"]}],"copyrightYear":"2024","copyrightHolder":{"@id":"https:\/\/www.p31noticias.com.br\/#organization"}},{"@type":"WebPage","@id":"https:\/\/www.p31noticias.com.br\/?p=53784","url":"https:\/\/www.p31noticias.com.br\/?p=53784","name":"V\u00eddeo: inc\u00eandio atinge casa no DF e deixa morador em estado grave - P31","isPartOf":{"@id":"https:\/\/www.p31noticias.com.br\/#website"},"primaryImageOfPage":{"@id":"https:\/\/www.p31noticias.com.br\/?p=53784#primaryimage"},"image":{"@id":"https:\/\/www.p31noticias.com.br\/?p=53784#primaryimage"},"thumbnailUrl":"https:\/\/www.p31noticias.com.br\/wp-content\/uploads\/2024\/06\/Incendio-atinge-casa-em-Ceilandia-e-deixa-morador-em-estado-grave.jpeg","datePublished":"2024-06-11T03:30:44+00:00","dateModified":"2024-06-11T03:57:31+00:00","author":{"@id":"https:\/\/www.p31noticias.com.br\/#\/schema\/person\/d1bb0ccbf62b27e19ea4e75696908d43"},"breadcrumb":{"@id":"https:\/\/www.p31noticias.com.br\/?p=53784#breadcrumb"},"inLanguage":"pt-BR","potentialAction":[{"@type":"ReadAction","target":["https:\/\/www.p31noticias.com.br\/?p=53784"]}]},{"@type":"ImageObject","inLanguage":"pt-BR","@id":"https:\/\/www.p31noticias.com.br\/?p=53784#primaryimage","url":"https:\/\/www.p31noticias.com.br\/wp-content\/uploads\/2024\/06\/Incendio-atinge-casa-em-Ceilandia-e-deixa-morador-em-estado-grave.jpeg","contentUrl":"https:\/\/www.p31noticias.com.br\/wp-content\/uploads\/2024\/06\/Incendio-atinge-casa-em-Ceilandia-e-deixa-morador-em-estado-grave.jpeg","width":1200,"height":879},{"@type":"BreadcrumbList","@id":"https:\/\/www.p31noticias.com.br\/?p=53784#breadcrumb","itemListElement":[{"@type":"ListItem","position":1,"name":"In\u00edcio","item":"https:\/\/www.p31noticias.com.br\/"},{"@type":"ListItem","position":2,"name":"V\u00eddeo: inc\u00eandio atinge casa no DF e deixa morador em estado grave"}]},{"@type":"WebSite","@id":"https:\/\/www.p31noticias.com.br\/#website","url":"https:\/\/www.p31noticias.com.br\/","name":"P31","description":"NOT\u00cdCIAS","potentialAction":[{"@type":"SearchAction","target":{"@type":"EntryPoint","urlTemplate":"https:\/\/www.p31noticias.com.br\/?s={search_term_string}"},"query-input":{"@type":"PropertyValueSpecification","valueRequired":true,"valueName":"search_term_string"}}],"inLanguage":"pt-BR"},{"@type":"Person","@id":"https:\/\/www.p31noticias.com.br\/#\/schema\/person\/d1bb0ccbf62b27e19ea4e75696908d43","name":"Camilly Scheffer","image":{"@type":"ImageObject","inLanguage":"pt-BR","@id":"https:\/\/secure.gravatar.com\/avatar\/06f4704b382d241ec2670712618fccea085b2db24d7b2d3b8691d904bbc1d557?s=96&d=mm&r=g","url":"https:\/\/secure.gravatar.com\/avatar\/06f4704b382d241ec2670712618fccea085b2db24d7b2d3b8691d904bbc1d557?s=96&d=mm&r=g","contentUrl":"https:\/\/secure.gravatar.com\/avatar\/06f4704b382d241ec2670712618fccea085b2db24d7b2d3b8691d904bbc1d557?s=96&d=mm&r=g","caption":"Camilly Scheffer"},"url":"https:\/\/www.p31noticias.com.br\/?author=5"}]}},"amp_enabled":true,"_links":{"self":[{"href":"https:\/\/www.p31noticias.com.br\/index.php?rest_route=\/wp\/v2\/posts\/53784","targetHints":{"allow":["GET"]}}],"collection":[{"href":"https:\/\/www.p31noticias.com.br\/index.php?rest_route=\/wp\/v2\/posts"}],"about":[{"href":"https:\/\/www.p31noticias.com.br\/index.php?rest_route=\/wp\/v2\/types\/post"}],"author":[{"embeddable":true,"href":"https:\/\/www.p31noticias.com.br\/index.php?rest_route=\/wp\/v2\/users\/5"}],"replies":[{"embeddable":true,"href":"https:\/\/www.p31noticias.com.br\/index.php?rest_route=%2Fwp%2Fv2%2Fcomments&post=53784"}],"version-history":[{"count":1,"href":"https:\/\/www.p31noticias.com.br\/index.php?rest_route=\/wp\/v2\/posts\/53784\/revisions"}],"predecessor-version":[{"id":53786,"href":"https:\/\/www.p31noticias.com.br\/index.php?rest_route=\/wp\/v2\/posts\/53784\/revisions\/53786"}],"wp:featuredmedia":[{"embeddable":true,"href":"https:\/\/www.p31noticias.com.br\/index.php?rest_route=\/wp\/v2\/media\/53785"}],"wp:attachment":[{"href":"https:\/\/www.p31noticias.com.br\/index.php?rest_route=%2Fwp%2Fv2%2Fmedia&parent=53784"}],"wp:term":[{"taxonomy":"category","embeddable":true,"href":"https:\/\/www.p31noticias.com.br\/index.php?rest_route=%2Fwp%2Fv2%2Fcategories&post=53784"},{"taxonomy":"post_tag","embeddable":true,"href":"https:\/\/www.p31noticias.com.br\/index.php?rest_route=%2Fwp%2Fv2%2Ftags&post=53784"}],"curies":[{"name":"wp","href":"https:\/\/api.w.org\/{rel}","templated":true}]}}