{"id":53751,"date":"2024-06-10T22:30:09","date_gmt":"2024-06-11T01:30:09","guid":{"rendered":"https:\/\/p31noticias.com.br\/inacio-magalhaes-filho-recebe-titulo-de-cidadao-honorario-de-brasilia\/"},"modified":"2024-06-10T23:28:17","modified_gmt":"2024-06-11T02:28:17","slug":"inacio-magalhaes-filho-recebe-titulo-de-cidadao-honorario-de-brasilia","status":"publish","type":"post","link":"https:\/\/www.p31noticias.com.br\/?p=53751","title":{"rendered":"In\u00e1cio Magalh\u00e3es Filho recebe t\u00edtulo de Cidad\u00e3o Honor\u00e1rio de Bras\u00edlia"},"content":{"rendered":"<p style=\"text-align: justify;\"><em><strong>O conselheiro<a href=\"https:\/\/www.metropoles.com\/colunas\/grande-angular\/de-forma-alguma-o-tcdf-esta-atrapalhando-o-governo-diz-presidente-em-resposta-a-ibaneis\" target=\"_blank\" rel=\"noopener\"> In\u00e1cio Magalh\u00e3es Filho<\/a>, do Tribunal de Contas do Distrito Federal (TCDF), receb<\/strong><\/em><em><strong>eu, na noite de hoje (10\/06), o t\u00edtulo de <a href=\"https:\/\/www.metropoles.com\/colunas\/grande-angular\/o-after-da-homenagem-a-temer-com-ministros-do-stf-e-governadores\" target=\"_blank\" rel=\"noopener\">Cidad\u00e3o Honor\u00e1rio de Bras\u00edlia<\/a>. A cerim\u00f4nia ocorreu no plen\u00e1rio da C\u00e2mara Legislativa (CLDF) e contou com cerca de 70 pessoas, entre membros do TCDF, autoridades de outros \u00f3rg\u00e3os e amigos e familiares do homenageado.<\/strong><\/em><\/p>\n<div class=\"m-banner-wrap m-banner-rectangle m-publicity-content-middle\" style=\"text-align: justify;\">\n<div>O t\u00edtulo de Cidad\u00e3o Honor\u00e1rio \u00e9 concedido a pessoas que n\u00e3o nasceram no DF, mas trabalharam em prol da capital do pa\u00eds. In\u00e1cio Magalh\u00e3es Filho mora em Bras\u00edlia h\u00e1 mais de 50 anos e, h\u00e1 cerca de tr\u00eas d\u00e9cadas, \u00e9 servidor de carreira do <a href=\"https:\/\/www.metropoles.com\/colunas\/grande-angular\/tcdf-dara-curso-a-servidores-da-saude-para-evitar-falhas-em-contratos\" target=\"_blank\" rel=\"noopener\">TCDF<\/a>. \u201cSempre busquei ajudar a cidade dentro do poss\u00edvel das nossas fun\u00e7\u00f5es institucionais\u201d, afirma.<\/div>\n<\/div>\n<p style=\"text-align: justify;\">A respeito do trabalho enquanto conselheiro do Tribunal, In\u00e1cio diz que sempre baseou seu trabalho no di\u00e1logo, \u201cpara buscar cada vez mais efici\u00eancia no gasto p\u00fablico\u201d. \u201cN\u00f3s atuamos n\u00e3o somente de maneira preventiva, mas tamb\u00e9m no controle das pol\u00edticas p\u00fablicas. O Tribunal tem agido sempre em prol da sociedade ao buscar regular a boa aplica\u00e7\u00e3o dos recursos p\u00fablicos\u201d, conta o homenageado.<\/p>\n<div class=\"m-banner-wrap m-banner-rectangle m-publicity-content-middle\" style=\"text-align: justify;\">\n<div>In\u00e1cio declara que a honraria recebida hoje lhe exige ainda mais comprometimento. \u201cEsse t\u00edtulo n\u00e3o d\u00e1 uma sensa\u00e7\u00e3o de dever cumprido, mas sim de mais responsabilidade. Agora, como Cidad\u00e3o Honor\u00e1rio, me sinto ainda mais respons\u00e1vel pelas minhas a\u00e7\u00f5es\u201d, comenta.<\/div>\n<\/div>\n<p style=\"text-align: justify;\">Em seu discurso, o homenageado agradeceu sobretudo a sua m\u00e3e, que faleceu h\u00e1 cerca de tr\u00eas meses, e relembrou que ela tamb\u00e9m foi servidora de carreira do TCDF. \u201cMinha m\u00e3e foi aprovada como auditora fiscal em 1972, e \u00e9 por isso que viemos morar em Bras\u00edlia\u201d, relembrou In\u00e1cio, natural de Teresina-PI. \u201cEla \u00e9 a verdadeira detentora desse t\u00edtulo.\u201d<\/p>\n<div class=\"m-banner-video m-banner-wrap m-banner-rectangle m-publicity-content-middle\" style=\"text-align: justify;\">\n<div class=\"MTP_VIDEO\">Presidente do TCDF, o conselheiro M\u00e1rcio Michel classifica o homenageado como um cidad\u00e3o de posi\u00e7\u00f5es firmes. \u201cO In\u00e1cio n\u00e3o \u00e9 duro, ele \u00e9 justo. Ser duro \u00e9 fazer maldade, e In\u00e1cio n\u00e3o faz maldade, faz justi\u00e7a. Ele busca na lei uma forma de ajudar a quem precisa\u201d, acredita.<\/div>\n<\/div>\n<p style=\"text-align: justify;\">O presidente da C\u00e2mara Legislativa, deputado Wellington Luiz, afirma que In\u00e1cio Magalh\u00e3es Filho \u00e9 \u201cuma das mais importantes personalidades do Distrito Federal\u201d. \u201c\u00c9 uma just\u00edssima homenagem\u201d, conta Wellington, respons\u00e1vel por conceder o t\u00edtulo a In\u00e1cio.<\/p>\n<p style=\"text-align: justify;\">A solenidade contou com a presen\u00e7a de representantes de \u00f3rg\u00e3os como Terracap, Novacap, Defensoria P\u00fablica (DPDF), da Controladoria-Geral (CGDF), Parque Tecnol\u00f3gico de Bras\u00edlia (Biotic) e Secretaria da Mulher.<\/p>\n<h3 style=\"text-align: justify;\">Mais sobre o homenageado<\/h3>\n<p style=\"text-align: justify;\">In\u00e1cio Magalh\u00e3es Filho, 60 anos, \u00e9 doutor em direito pela Universidade Aut\u00f3noma de Lisboa, mestre em Administra\u00e7\u00e3o P\u00fablica pelo Instituto Brasiliense de Direito P\u00fablico (IDP) e especialista em Direito P\u00fablico. \u00c9 professor de Direito Constitucional e Administrativo e tamb\u00e9m ministra cursos e palestras.<\/p>\n<p style=\"text-align: justify;\">Servidor de carreira do TCDF h\u00e1 quase 30 anos, tornou-se conselheiro em 2010, aprovado com 18 de 25 votos favor\u00e1veis \u00e0 \u00e9poca. Presidiu o Tribunal no bi\u00eanio 2013\/14.<\/p>\n<p style=\"text-align: justify;\">O homenageado tamb\u00e9m \u00e9 autor do livro \u201cLi\u00e7\u00f5es de Direito Previdenci\u00e1rio e Administrativo no Servi\u00e7o P\u00fablico\u201d, onde re\u00fane li\u00e7\u00f5es assimiladas ao longo da carreira. A obra traz diversas quest\u00f5es sobre temas como previd\u00eancia social, regime jur\u00eddico, benef\u00edcios previdenci\u00e1rios, acumula\u00e7\u00e3o de cargos, entre outros.<\/p>\n","protected":false},"excerpt":{"rendered":"<p>O conselheiro In\u00e1cio Magalh\u00e3es Filho, do Tribunal de Contas do Distrito Federal (TCDF), recebeu, na noite de hoje (10\/06), o t\u00edtulo de Cidad\u00e3o Honor\u00e1rio de Bras\u00edlia. A cerim\u00f4nia ocorreu no plen\u00e1rio da C\u00e2mara Legislativa (CLDF) e contou com cerca de 70 pessoas, entre membros do TCDF, autoridades de outros \u00f3rg\u00e3os e amigos e familiares do [&hellip;]<\/p>\n","protected":false},"author":5,"featured_media":53761,"comment_status":"open","ping_status":"open","sticky":false,"template":"","format":"standard","meta":{"footnotes":""},"categories":[21],"tags":[],"class_list":{"0":"post-53751","1":"post","2":"type-post","3":"status-publish","4":"format-standard","5":"has-post-thumbnail","7":"category-brasilia"},"yoast_head":"<!-- This site is optimized with the Yoast SEO Premium plugin v24.5 (Yoast SEO v27.5) - https:\/\/yoast.com\/product\/yoast-seo-premium-wordpress\/ -->\n<title>In\u00e1cio Magalh\u00e3es Filho recebe t\u00edtulo de Cidad\u00e3o Honor\u00e1rio de Bras\u00edlia - P31<\/title>\n<meta name=\"robots\" content=\"index, follow, max-snippet:-1, max-image-preview:large, max-video-preview:-1\" \/>\n<link rel=\"canonical\" href=\"https:\/\/www.p31noticias.com.br\/?p=53751\" \/>\n<meta property=\"og:locale\" content=\"pt_BR\" \/>\n<meta property=\"og:type\" content=\"article\" \/>\n<meta property=\"og:title\" content=\"In\u00e1cio Magalh\u00e3es Filho recebe t\u00edtulo de Cidad\u00e3o Honor\u00e1rio de Bras\u00edlia\" \/>\n<meta property=\"og:description\" content=\"O conselheiro In\u00e1cio Magalh\u00e3es Filho, do Tribunal de Contas do Distrito Federal (TCDF), recebeu, na noite de hoje (10\/06), o t\u00edtulo de Cidad\u00e3o Honor\u00e1rio de Bras\u00edlia. A cerim\u00f4nia ocorreu no plen\u00e1rio da C\u00e2mara Legislativa (CLDF) e contou com cerca de 70 pessoas, entre membros do TCDF, autoridades de outros \u00f3rg\u00e3os e amigos e familiares do [&hellip;]\" \/>\n<meta property=\"og:url\" content=\"https:\/\/www.p31noticias.com.br\/?p=53751\" \/>\n<meta property=\"og:site_name\" content=\"P31\" \/>\n<meta property=\"article:published_time\" content=\"2024-06-11T01:30:09+00:00\" \/>\n<meta property=\"article:modified_time\" content=\"2024-06-11T02:28:17+00:00\" \/>\n<meta property=\"og:image\" content=\"https:\/\/www.p31noticias.com.br\/wp-content\/uploads\/2024\/06\/Conselheiro-Inacio-Magalhaes-Filho-recebe-da-Camara-Legislativa-do-Distrito-Federal-CLDF-o-Titulo-de-Cidadao-Honorario-do-Distrito-Federal-Metropoles5.jpg\" \/>\n\t<meta property=\"og:image:width\" content=\"1280\" \/>\n\t<meta property=\"og:image:height\" content=\"854\" \/>\n\t<meta property=\"og:image:type\" content=\"image\/jpeg\" \/>\n<meta name=\"author\" content=\"Camilly Scheffer\" \/>\n<meta name=\"twitter:card\" content=\"summary_large_image\" \/>\n<meta name=\"twitter:label1\" content=\"Escrito por\" \/>\n\t<meta name=\"twitter:data1\" content=\"Camilly Scheffer\" \/>\n\t<meta name=\"twitter:label2\" content=\"Est. tempo de leitura\" \/>\n\t<meta name=\"twitter:data2\" content=\"3 minutos\" \/>\n<script type=\"application\/ld+json\" class=\"yoast-schema-graph\">{\"@context\":\"https:\\\/\\\/schema.org\",\"@graph\":[{\"@type\":\"Article\",\"@id\":\"https:\\\/\\\/www.p31noticias.com.br\\\/?p=53751#article\",\"isPartOf\":{\"@id\":\"https:\\\/\\\/www.p31noticias.com.br\\\/?p=53751\"},\"author\":{\"name\":\"Camilly Scheffer\",\"@id\":\"https:\\\/\\\/www.p31noticias.com.br\\\/#\\\/schema\\\/person\\\/d1bb0ccbf62b27e19ea4e75696908d43\"},\"headline\":\"In\u00e1cio Magalh\u00e3es Filho recebe t\u00edtulo de Cidad\u00e3o Honor\u00e1rio de Bras\u00edlia\",\"datePublished\":\"2024-06-11T01:30:09+00:00\",\"dateModified\":\"2024-06-11T02:28:17+00:00\",\"mainEntityOfPage\":{\"@id\":\"https:\\\/\\\/www.p31noticias.com.br\\\/?p=53751\"},\"wordCount\":586,\"commentCount\":0,\"image\":{\"@id\":\"https:\\\/\\\/www.p31noticias.com.br\\\/?p=53751#primaryimage\"},\"thumbnailUrl\":\"https:\\\/\\\/www.p31noticias.com.br\\\/wp-content\\\/uploads\\\/2024\\\/06\\\/Conselheiro-Inacio-Magalhaes-Filho-recebe-da-Camara-Legislativa-do-Distrito-Federal-CLDF-o-Titulo-de-Cidadao-Honorario-do-Distrito-Federal-Metropoles5.jpg\",\"articleSection\":[\"Bras\u00edlia\"],\"inLanguage\":\"pt-BR\",\"potentialAction\":[{\"@type\":\"CommentAction\",\"name\":\"Comment\",\"target\":[\"https:\\\/\\\/www.p31noticias.com.br\\\/?p=53751#respond\"]}],\"copyrightYear\":\"2024\",\"copyrightHolder\":{\"@id\":\"https:\\\/\\\/www.p31noticias.com.br\\\/#organization\"}},{\"@type\":\"WebPage\",\"@id\":\"https:\\\/\\\/www.p31noticias.com.br\\\/?p=53751\",\"url\":\"https:\\\/\\\/www.p31noticias.com.br\\\/?p=53751\",\"name\":\"In\u00e1cio Magalh\u00e3es Filho recebe t\u00edtulo de Cidad\u00e3o Honor\u00e1rio de Bras\u00edlia - P31\",\"isPartOf\":{\"@id\":\"https:\\\/\\\/www.p31noticias.com.br\\\/#website\"},\"primaryImageOfPage\":{\"@id\":\"https:\\\/\\\/www.p31noticias.com.br\\\/?p=53751#primaryimage\"},\"image\":{\"@id\":\"https:\\\/\\\/www.p31noticias.com.br\\\/?p=53751#primaryimage\"},\"thumbnailUrl\":\"https:\\\/\\\/www.p31noticias.com.br\\\/wp-content\\\/uploads\\\/2024\\\/06\\\/Conselheiro-Inacio-Magalhaes-Filho-recebe-da-Camara-Legislativa-do-Distrito-Federal-CLDF-o-Titulo-de-Cidadao-Honorario-do-Distrito-Federal-Metropoles5.jpg\",\"datePublished\":\"2024-06-11T01:30:09+00:00\",\"dateModified\":\"2024-06-11T02:28:17+00:00\",\"author\":{\"@id\":\"https:\\\/\\\/www.p31noticias.com.br\\\/#\\\/schema\\\/person\\\/d1bb0ccbf62b27e19ea4e75696908d43\"},\"breadcrumb\":{\"@id\":\"https:\\\/\\\/www.p31noticias.com.br\\\/?p=53751#breadcrumb\"},\"inLanguage\":\"pt-BR\",\"potentialAction\":[{\"@type\":\"ReadAction\",\"target\":[\"https:\\\/\\\/www.p31noticias.com.br\\\/?p=53751\"]}]},{\"@type\":\"ImageObject\",\"inLanguage\":\"pt-BR\",\"@id\":\"https:\\\/\\\/www.p31noticias.com.br\\\/?p=53751#primaryimage\",\"url\":\"https:\\\/\\\/www.p31noticias.com.br\\\/wp-content\\\/uploads\\\/2024\\\/06\\\/Conselheiro-Inacio-Magalhaes-Filho-recebe-da-Camara-Legislativa-do-Distrito-Federal-CLDF-o-Titulo-de-Cidadao-Honorario-do-Distrito-Federal-Metropoles5.jpg\",\"contentUrl\":\"https:\\\/\\\/www.p31noticias.com.br\\\/wp-content\\\/uploads\\\/2024\\\/06\\\/Conselheiro-Inacio-Magalhaes-Filho-recebe-da-Camara-Legislativa-do-Distrito-Federal-CLDF-o-Titulo-de-Cidadao-Honorario-do-Distrito-Federal-Metropoles5.jpg\",\"width\":1280,\"height\":854},{\"@type\":\"BreadcrumbList\",\"@id\":\"https:\\\/\\\/www.p31noticias.com.br\\\/?p=53751#breadcrumb\",\"itemListElement\":[{\"@type\":\"ListItem\",\"position\":1,\"name\":\"In\u00edcio\",\"item\":\"https:\\\/\\\/www.p31noticias.com.br\\\/\"},{\"@type\":\"ListItem\",\"position\":2,\"name\":\"In\u00e1cio Magalh\u00e3es Filho recebe t\u00edtulo de Cidad\u00e3o Honor\u00e1rio de Bras\u00edlia\"}]},{\"@type\":\"WebSite\",\"@id\":\"https:\\\/\\\/www.p31noticias.com.br\\\/#website\",\"url\":\"https:\\\/\\\/www.p31noticias.com.br\\\/\",\"name\":\"P31\",\"description\":\"NOT\u00cdCIAS\",\"potentialAction\":[{\"@type\":\"SearchAction\",\"target\":{\"@type\":\"EntryPoint\",\"urlTemplate\":\"https:\\\/\\\/www.p31noticias.com.br\\\/?s={search_term_string}\"},\"query-input\":{\"@type\":\"PropertyValueSpecification\",\"valueRequired\":true,\"valueName\":\"search_term_string\"}}],\"inLanguage\":\"pt-BR\"},{\"@type\":\"Person\",\"@id\":\"https:\\\/\\\/www.p31noticias.com.br\\\/#\\\/schema\\\/person\\\/d1bb0ccbf62b27e19ea4e75696908d43\",\"name\":\"Camilly Scheffer\",\"image\":{\"@type\":\"ImageObject\",\"inLanguage\":\"pt-BR\",\"@id\":\"https:\\\/\\\/secure.gravatar.com\\\/avatar\\\/06f4704b382d241ec2670712618fccea085b2db24d7b2d3b8691d904bbc1d557?s=96&d=mm&r=g\",\"url\":\"https:\\\/\\\/secure.gravatar.com\\\/avatar\\\/06f4704b382d241ec2670712618fccea085b2db24d7b2d3b8691d904bbc1d557?s=96&d=mm&r=g\",\"contentUrl\":\"https:\\\/\\\/secure.gravatar.com\\\/avatar\\\/06f4704b382d241ec2670712618fccea085b2db24d7b2d3b8691d904bbc1d557?s=96&d=mm&r=g\",\"caption\":\"Camilly Scheffer\"},\"url\":\"https:\\\/\\\/www.p31noticias.com.br\\\/?author=5\"}]}<\/script>\n<!-- \/ Yoast SEO Premium plugin. -->","yoast_head_json":{"title":"In\u00e1cio Magalh\u00e3es Filho recebe t\u00edtulo de Cidad\u00e3o Honor\u00e1rio de Bras\u00edlia - P31","robots":{"index":"index","follow":"follow","max-snippet":"max-snippet:-1","max-image-preview":"max-image-preview:large","max-video-preview":"max-video-preview:-1"},"canonical":"https:\/\/www.p31noticias.com.br\/?p=53751","og_locale":"pt_BR","og_type":"article","og_title":"In\u00e1cio Magalh\u00e3es Filho recebe t\u00edtulo de Cidad\u00e3o Honor\u00e1rio de Bras\u00edlia","og_description":"O conselheiro In\u00e1cio Magalh\u00e3es Filho, do Tribunal de Contas do Distrito Federal (TCDF), recebeu, na noite de hoje (10\/06), o t\u00edtulo de Cidad\u00e3o Honor\u00e1rio de Bras\u00edlia. A cerim\u00f4nia ocorreu no plen\u00e1rio da C\u00e2mara Legislativa (CLDF) e contou com cerca de 70 pessoas, entre membros do TCDF, autoridades de outros \u00f3rg\u00e3os e amigos e familiares do [&hellip;]","og_url":"https:\/\/www.p31noticias.com.br\/?p=53751","og_site_name":"P31","article_published_time":"2024-06-11T01:30:09+00:00","article_modified_time":"2024-06-11T02:28:17+00:00","og_image":[{"width":1280,"height":854,"url":"https:\/\/www.p31noticias.com.br\/wp-content\/uploads\/2024\/06\/Conselheiro-Inacio-Magalhaes-Filho-recebe-da-Camara-Legislativa-do-Distrito-Federal-CLDF-o-Titulo-de-Cidadao-Honorario-do-Distrito-Federal-Metropoles5.jpg","type":"image\/jpeg"}],"author":"Camilly Scheffer","twitter_card":"summary_large_image","twitter_misc":{"Escrito por":"Camilly Scheffer","Est. tempo de leitura":"3 minutos"},"schema":{"@context":"https:\/\/schema.org","@graph":[{"@type":"Article","@id":"https:\/\/www.p31noticias.com.br\/?p=53751#article","isPartOf":{"@id":"https:\/\/www.p31noticias.com.br\/?p=53751"},"author":{"name":"Camilly Scheffer","@id":"https:\/\/www.p31noticias.com.br\/#\/schema\/person\/d1bb0ccbf62b27e19ea4e75696908d43"},"headline":"In\u00e1cio Magalh\u00e3es Filho recebe t\u00edtulo de Cidad\u00e3o Honor\u00e1rio de Bras\u00edlia","datePublished":"2024-06-11T01:30:09+00:00","dateModified":"2024-06-11T02:28:17+00:00","mainEntityOfPage":{"@id":"https:\/\/www.p31noticias.com.br\/?p=53751"},"wordCount":586,"commentCount":0,"image":{"@id":"https:\/\/www.p31noticias.com.br\/?p=53751#primaryimage"},"thumbnailUrl":"https:\/\/www.p31noticias.com.br\/wp-content\/uploads\/2024\/06\/Conselheiro-Inacio-Magalhaes-Filho-recebe-da-Camara-Legislativa-do-Distrito-Federal-CLDF-o-Titulo-de-Cidadao-Honorario-do-Distrito-Federal-Metropoles5.jpg","articleSection":["Bras\u00edlia"],"inLanguage":"pt-BR","potentialAction":[{"@type":"CommentAction","name":"Comment","target":["https:\/\/www.p31noticias.com.br\/?p=53751#respond"]}],"copyrightYear":"2024","copyrightHolder":{"@id":"https:\/\/www.p31noticias.com.br\/#organization"}},{"@type":"WebPage","@id":"https:\/\/www.p31noticias.com.br\/?p=53751","url":"https:\/\/www.p31noticias.com.br\/?p=53751","name":"In\u00e1cio Magalh\u00e3es Filho recebe t\u00edtulo de Cidad\u00e3o Honor\u00e1rio de Bras\u00edlia - P31","isPartOf":{"@id":"https:\/\/www.p31noticias.com.br\/#website"},"primaryImageOfPage":{"@id":"https:\/\/www.p31noticias.com.br\/?p=53751#primaryimage"},"image":{"@id":"https:\/\/www.p31noticias.com.br\/?p=53751#primaryimage"},"thumbnailUrl":"https:\/\/www.p31noticias.com.br\/wp-content\/uploads\/2024\/06\/Conselheiro-Inacio-Magalhaes-Filho-recebe-da-Camara-Legislativa-do-Distrito-Federal-CLDF-o-Titulo-de-Cidadao-Honorario-do-Distrito-Federal-Metropoles5.jpg","datePublished":"2024-06-11T01:30:09+00:00","dateModified":"2024-06-11T02:28:17+00:00","author":{"@id":"https:\/\/www.p31noticias.com.br\/#\/schema\/person\/d1bb0ccbf62b27e19ea4e75696908d43"},"breadcrumb":{"@id":"https:\/\/www.p31noticias.com.br\/?p=53751#breadcrumb"},"inLanguage":"pt-BR","potentialAction":[{"@type":"ReadAction","target":["https:\/\/www.p31noticias.com.br\/?p=53751"]}]},{"@type":"ImageObject","inLanguage":"pt-BR","@id":"https:\/\/www.p31noticias.com.br\/?p=53751#primaryimage","url":"https:\/\/www.p31noticias.com.br\/wp-content\/uploads\/2024\/06\/Conselheiro-Inacio-Magalhaes-Filho-recebe-da-Camara-Legislativa-do-Distrito-Federal-CLDF-o-Titulo-de-Cidadao-Honorario-do-Distrito-Federal-Metropoles5.jpg","contentUrl":"https:\/\/www.p31noticias.com.br\/wp-content\/uploads\/2024\/06\/Conselheiro-Inacio-Magalhaes-Filho-recebe-da-Camara-Legislativa-do-Distrito-Federal-CLDF-o-Titulo-de-Cidadao-Honorario-do-Distrito-Federal-Metropoles5.jpg","width":1280,"height":854},{"@type":"BreadcrumbList","@id":"https:\/\/www.p31noticias.com.br\/?p=53751#breadcrumb","itemListElement":[{"@type":"ListItem","position":1,"name":"In\u00edcio","item":"https:\/\/www.p31noticias.com.br\/"},{"@type":"ListItem","position":2,"name":"In\u00e1cio Magalh\u00e3es Filho recebe t\u00edtulo de Cidad\u00e3o Honor\u00e1rio de Bras\u00edlia"}]},{"@type":"WebSite","@id":"https:\/\/www.p31noticias.com.br\/#website","url":"https:\/\/www.p31noticias.com.br\/","name":"P31","description":"NOT\u00cdCIAS","potentialAction":[{"@type":"SearchAction","target":{"@type":"EntryPoint","urlTemplate":"https:\/\/www.p31noticias.com.br\/?s={search_term_string}"},"query-input":{"@type":"PropertyValueSpecification","valueRequired":true,"valueName":"search_term_string"}}],"inLanguage":"pt-BR"},{"@type":"Person","@id":"https:\/\/www.p31noticias.com.br\/#\/schema\/person\/d1bb0ccbf62b27e19ea4e75696908d43","name":"Camilly Scheffer","image":{"@type":"ImageObject","inLanguage":"pt-BR","@id":"https:\/\/secure.gravatar.com\/avatar\/06f4704b382d241ec2670712618fccea085b2db24d7b2d3b8691d904bbc1d557?s=96&d=mm&r=g","url":"https:\/\/secure.gravatar.com\/avatar\/06f4704b382d241ec2670712618fccea085b2db24d7b2d3b8691d904bbc1d557?s=96&d=mm&r=g","contentUrl":"https:\/\/secure.gravatar.com\/avatar\/06f4704b382d241ec2670712618fccea085b2db24d7b2d3b8691d904bbc1d557?s=96&d=mm&r=g","caption":"Camilly Scheffer"},"url":"https:\/\/www.p31noticias.com.br\/?author=5"}]}},"amp_enabled":true,"_links":{"self":[{"href":"https:\/\/www.p31noticias.com.br\/index.php?rest_route=\/wp\/v2\/posts\/53751","targetHints":{"allow":["GET"]}}],"collection":[{"href":"https:\/\/www.p31noticias.com.br\/index.php?rest_route=\/wp\/v2\/posts"}],"about":[{"href":"https:\/\/www.p31noticias.com.br\/index.php?rest_route=\/wp\/v2\/types\/post"}],"author":[{"embeddable":true,"href":"https:\/\/www.p31noticias.com.br\/index.php?rest_route=\/wp\/v2\/users\/5"}],"replies":[{"embeddable":true,"href":"https:\/\/www.p31noticias.com.br\/index.php?rest_route=%2Fwp%2Fv2%2Fcomments&post=53751"}],"version-history":[{"count":2,"href":"https:\/\/www.p31noticias.com.br\/index.php?rest_route=\/wp\/v2\/posts\/53751\/revisions"}],"predecessor-version":[{"id":53762,"href":"https:\/\/www.p31noticias.com.br\/index.php?rest_route=\/wp\/v2\/posts\/53751\/revisions\/53762"}],"wp:featuredmedia":[{"embeddable":true,"href":"https:\/\/www.p31noticias.com.br\/index.php?rest_route=\/wp\/v2\/media\/53761"}],"wp:attachment":[{"href":"https:\/\/www.p31noticias.com.br\/index.php?rest_route=%2Fwp%2Fv2%2Fmedia&parent=53751"}],"wp:term":[{"taxonomy":"category","embeddable":true,"href":"https:\/\/www.p31noticias.com.br\/index.php?rest_route=%2Fwp%2Fv2%2Fcategories&post=53751"},{"taxonomy":"post_tag","embeddable":true,"href":"https:\/\/www.p31noticias.com.br\/index.php?rest_route=%2Fwp%2Fv2%2Ftags&post=53751"}],"curies":[{"name":"wp","href":"https:\/\/api.w.org\/{rel}","templated":true}]}}