{"id":53745,"date":"2024-06-10T22:22:38","date_gmt":"2024-06-11T01:22:38","guid":{"rendered":"https:\/\/p31noticias.com.br\/?p=53745"},"modified":"2024-06-10T22:22:38","modified_gmt":"2024-06-11T01:22:38","slug":"acao-no-parque-da-cidade-tera-foco-na-protecao-a-pessoa-idosa-2","status":"publish","type":"post","link":"https:\/\/www.p31noticias.com.br\/?p=53745","title":{"rendered":"A\u00e7\u00e3o no Parque da Cidade ter\u00e1 foco na prote\u00e7\u00e3o \u00e0 pessoa idosa"},"content":{"rendered":"<p style=\"text-align: justify;\"><em><strong>Evento Movimente-se: Viver 60+, promovido pela Sejus, ser\u00e1 realizado no s\u00e1bado (15), com servi\u00e7os de sa\u00fade e atividades como conversas, caminhada e auriculoterapia<\/strong><\/em><\/p>\n<p style=\"text-align: justify;\">Em alus\u00e3o ao Dia Mundial de Conscientiza\u00e7\u00e3o e Combate \u00e0 Viol\u00eancia contra a Pessoa Idosa, a Secretaria de Justi\u00e7a e Cidadania (Sejus), por meio da Subsecretaria de Pol\u00edticas para Idosos (Subidoso), vai realizar o evento\u00a0<em>Movimente-se: Viver 60+<\/em>. A a\u00e7\u00e3o que vai ocorrer no s\u00e1bado (15), no Estacionamento 13 do Parque da Cidade Sarah Kubitschek, das 9h \u00e0s 12h, vai promover caminhada, servi\u00e7os de sa\u00fade, como aferi\u00e7\u00e3o de press\u00e3o e medi\u00e7\u00e3o de glicemia, al\u00e9m de atividades como auriculoterapia, alongamento, dan\u00e7a, apresenta\u00e7\u00e3o de coral e sess\u00e3o de conversa.<\/p>\n<div class=\"olho-fish-right\" style=\"text-align: justify;\">\n<p class=\"olho__texto\" style=\"text-align: center;\"><em><strong>\u201c\u00c9 preciso definir a\u00e7\u00f5es protetivas para essa popula\u00e7\u00e3o a fim de que n\u00e3o sofra viol\u00eancia, neglig\u00eancia ou abandono\u201d<\/strong><\/em><\/p>\n<p class=\"olho__assinatura\" style=\"text-align: center;\"><em><strong>Marcela Passamani, secret\u00e1ria de Justi\u00e7a e Cidadania<\/strong><\/em><\/p>\n<\/div>\n<p style=\"text-align: justify;\">Para a secret\u00e1ria de Justi\u00e7a e Cidadania (Sejus-DF), Marcela Passamani, \u201co objetivo \u00e9 conscientizar a popula\u00e7\u00e3o sobre a import\u00e2ncia do combate \u00e0 viol\u00eancia cometida contra pessoas idosas e faz alus\u00e3o ao dia 15 de junho, data reconhecida oficialmente pela Organiza\u00e7\u00e3o das Na\u00e7\u00f5es Unidas (ONU), desde 2011. Al\u00e9m disso, \u00e9 preciso definir a\u00e7\u00f5es protetivas para essa popula\u00e7\u00e3o a fim de que n\u00e3o sofra viol\u00eancia, neglig\u00eancia ou abandono\u201d, explica.<\/p>\n<div id=\"attachment_634400\" class=\"wp-caption alignleft\" style=\"text-align: justify;\"><img loading=\"lazy\" decoding=\"async\" class=\"wp-image-634400\" src=\"http:\/\/agenciabrasilia.df.gov.br\/wp-conteudo\/uploads\/2024\/06\/fullbanner-movimente-se-viver-60-1-300x168.jpg\" sizes=\"auto, (max-width: 525px) 100vw, 525px\" srcset=\"https:\/\/www.agenciabrasilia.df.gov.br\/wp-conteudo\/uploads\/2024\/06\/fullbanner-movimente-se-viver-60-1-300x168.jpg 300w, https:\/\/www.agenciabrasilia.df.gov.br\/wp-conteudo\/uploads\/2024\/06\/fullbanner-movimente-se-viver-60-1.jpg 750w\" alt=\"\" width=\"525\" height=\"294\" aria-describedby=\"caption-attachment-634400\" \/><\/p>\n<p id=\"caption-attachment-634400\" class=\"wp-caption-text\">Arte: Divulga\u00e7\u00e3o\/Sejus-DF<\/p>\n<\/div>\n<p style=\"text-align: justify;\"><strong>Direitos garantidos<\/strong><\/p>\n<p style=\"text-align: justify;\">O Estatuto da Pessoa Idosa assegura direitos \u00e0s pessoas com 60 anos ou mais. No entanto, esta popula\u00e7\u00e3o enfrenta muitos desafios. De acordo a dona de casa e artes\u00e3 Dulcinea de Oliveira, \u00e9 preciso respeitar a pessoa idosa. \u201cTrabalhei, constitu\u00ed fam\u00edlia, criei 5 filhos e agora, na maturidade, busco viver com qualidade de vida. Viajo, leio, curto meus filhos e netos, participo da igreja e fa\u00e7o atividades artesanais. Ainda tenho muito para viver. Sei que existe preconceito contra o envelhecimento, mas precisamos combat\u00ea-lo e exigir respeito, uma vez que somos sujeitos de direitos\u201d, afirma.<\/p>\n<div id=\"noticias_relacionadas\" class=\"box-relacionadas related-news-shortcode relacionamento-right\" style=\"text-align: justify;\">\n<ul>\n<li><a href=\"https:\/\/agenciabrasilia.df.gov.br\/2024\/04\/20\/projeto-viver-60-promove-sessao-gratuita-de-cinema-para-pessoas-idosas\/\"><img decoding=\"async\" src=\"https:\/\/agenciabrasilia.df.gov.br\/wp-conteudo\/uploads\/2024\/04\/Evidencias-do-Amor.jpg\" alt=\"Projeto Viver 60+ promove sess\u00e3o gratuita de cinema para pessoas idosas\" \/>Projeto Viver 60+ promove sess\u00e3o gratuita de cinema para pessoas idosas<\/a><\/li>\n<li><a href=\"https:\/\/agenciabrasilia.df.gov.br\/2024\/04\/13\/simposio-capacita-servidores-no-atendimento-a-vitimas-de-violencia\/\"><img decoding=\"async\" src=\"https:\/\/agenciabrasilia.df.gov.br\/wp-conteudo\/uploads\/2024\/04\/direito-delas-materia.jpeg\" alt=\"Simp\u00f3sio capacita servidores no atendimento a v\u00edtimas de viol\u00eancia\" \/>Simp\u00f3sio capacita servidores no atendimento a v\u00edtimas de viol\u00eancia<\/a><\/li>\n<li><a href=\"https:\/\/agenciabrasilia.df.gov.br\/2024\/05\/15\/nucleo-do-direito-delas-leva-profissionalizacao-as-mulheres-vitimas-de-violencia\/\"><img decoding=\"async\" src=\"https:\/\/agenciabrasilia.df.gov.br\/wp-conteudo\/uploads\/2024\/05\/capa-1_1-1.jpg\" alt=\"N\u00facleo do Direito Delas leva profissionaliza\u00e7\u00e3o \u00e0s mulheres v\u00edtimas de viol\u00eancia\" \/>N\u00facleo do Direito Delas leva profissionaliza\u00e7\u00e3o \u00e0s mulheres v\u00edtimas de viol\u00eancia<\/a><\/li>\n<\/ul>\n<\/div>\n<p style=\"text-align: justify;\">As situa\u00e7\u00f5es vivenciadas por muitas pessoas idosas n\u00e3o se restringem ao etarismo, \u00e0s neglig\u00eancias e \u00e0s situa\u00e7\u00f5es de abandono. H\u00e1 tamb\u00e9m a viol\u00eancia f\u00edsica, sexual, psic\u00f3logica ou mesmo patrimonial, quando h\u00e1 uma explora\u00e7\u00e3o impr\u00f3pria ou ilegal ou mesmo o uso n\u00e3o consentido de seus recursos financeiros e patrimoniais. Para coibir tais situa\u00e7\u00f5es, o programa Direito Delas, iniciativa da Sejus-DF, faz o atendimento de pessoas idosas que sofrem viola\u00e7\u00f5es de direitos.<\/p>\n<p style=\"text-align: justify;\">O programa oferece atendimentos social, psicol\u00f3gico e jur\u00eddico em nove n\u00facleos existentes, sendo um em cada regi\u00e3o administrativa: Ceil\u00e2ndia, Estrutural, Guar\u00e1, Itapo\u00e3, Parano\u00e1, Planaltina, Plano Piloto, Recanto das Emas e Samambaia. Atende ainda mulheres em situa\u00e7\u00e3o de viol\u00eancia e seus familiares e crian\u00e7as e adolescentes de 7 a 14 anos v\u00edtimas de estupro.<\/p>\n<p style=\"text-align: justify;\"><em>*Com informa\u00e7\u00f5es da Sejus-DF<\/em><\/p>\n","protected":false},"excerpt":{"rendered":"<p>Evento Movimente-se: Viver 60+, promovido pela Sejus, ser\u00e1 realizado no s\u00e1bado (15), com servi\u00e7os de sa\u00fade e atividades como conversas, caminhada e auriculoterapia Em alus\u00e3o ao Dia Mundial de Conscientiza\u00e7\u00e3o e Combate \u00e0 Viol\u00eancia contra a Pessoa Idosa, a Secretaria de Justi\u00e7a e Cidadania (Sejus), por meio da Subsecretaria de Pol\u00edticas para Idosos (Subidoso), vai [&hellip;]<\/p>\n","protected":false},"author":2,"featured_media":53746,"comment_status":"open","ping_status":"open","sticky":false,"template":"","format":"standard","meta":{"footnotes":""},"categories":[21],"tags":[],"class_list":{"0":"post-53745","1":"post","2":"type-post","3":"status-publish","4":"format-standard","5":"has-post-thumbnail","7":"category-brasilia"},"yoast_head":"<!-- This site is optimized with the Yoast SEO Premium plugin v24.5 (Yoast SEO v27.5) - https:\/\/yoast.com\/product\/yoast-seo-premium-wordpress\/ -->\n<title>A\u00e7\u00e3o no Parque da Cidade ter\u00e1 foco na prote\u00e7\u00e3o \u00e0 pessoa idosa - P31<\/title>\n<meta name=\"robots\" content=\"index, follow, max-snippet:-1, max-image-preview:large, max-video-preview:-1\" \/>\n<link rel=\"canonical\" href=\"https:\/\/www.p31noticias.com.br\/?p=53745\" \/>\n<meta property=\"og:locale\" content=\"pt_BR\" \/>\n<meta property=\"og:type\" content=\"article\" \/>\n<meta property=\"og:title\" content=\"A\u00e7\u00e3o no Parque da Cidade ter\u00e1 foco na prote\u00e7\u00e3o \u00e0 pessoa idosa\" \/>\n<meta property=\"og:description\" content=\"Evento Movimente-se: Viver 60+, promovido pela Sejus, ser\u00e1 realizado no s\u00e1bado (15), com servi\u00e7os de sa\u00fade e atividades como conversas, caminhada e auriculoterapia Em alus\u00e3o ao Dia Mundial de Conscientiza\u00e7\u00e3o e Combate \u00e0 Viol\u00eancia contra a Pessoa Idosa, a Secretaria de Justi\u00e7a e Cidadania (Sejus), por meio da Subsecretaria de Pol\u00edticas para Idosos (Subidoso), vai [&hellip;]\" \/>\n<meta property=\"og:url\" content=\"https:\/\/www.p31noticias.com.br\/?p=53745\" \/>\n<meta property=\"og:site_name\" content=\"P31\" \/>\n<meta property=\"article:published_time\" content=\"2024-06-11T01:22:38+00:00\" \/>\n<meta property=\"og:image\" content=\"https:\/\/www.p31noticias.com.br\/wp-content\/uploads\/2024\/06\/fullbanner-movimente-se-viver-60-1.jpg\" \/>\n\t<meta property=\"og:image:width\" content=\"750\" \/>\n\t<meta property=\"og:image:height\" content=\"420\" \/>\n\t<meta property=\"og:image:type\" content=\"image\/jpeg\" \/>\n<meta name=\"author\" content=\"Gon\u00e7alves Junior\" \/>\n<meta name=\"twitter:card\" content=\"summary_large_image\" \/>\n<meta name=\"twitter:label1\" content=\"Escrito por\" \/>\n\t<meta name=\"twitter:data1\" content=\"Gon\u00e7alves Junior\" \/>\n\t<meta name=\"twitter:label2\" content=\"Est. tempo de leitura\" \/>\n\t<meta name=\"twitter:data2\" content=\"3 minutos\" \/>\n<script type=\"application\/ld+json\" class=\"yoast-schema-graph\">{\"@context\":\"https:\\\/\\\/schema.org\",\"@graph\":[{\"@type\":\"Article\",\"@id\":\"https:\\\/\\\/www.p31noticias.com.br\\\/?p=53745#article\",\"isPartOf\":{\"@id\":\"https:\\\/\\\/www.p31noticias.com.br\\\/?p=53745\"},\"author\":{\"name\":\"Gon\u00e7alves Junior\",\"@id\":\"https:\\\/\\\/www.p31noticias.com.br\\\/#\\\/schema\\\/person\\\/95f2ece30e3b4132065b915150cd0f94\"},\"headline\":\"A\u00e7\u00e3o no Parque da Cidade ter\u00e1 foco na prote\u00e7\u00e3o \u00e0 pessoa idosa\",\"datePublished\":\"2024-06-11T01:22:38+00:00\",\"mainEntityOfPage\":{\"@id\":\"https:\\\/\\\/www.p31noticias.com.br\\\/?p=53745\"},\"wordCount\":530,\"commentCount\":0,\"image\":{\"@id\":\"https:\\\/\\\/www.p31noticias.com.br\\\/?p=53745#primaryimage\"},\"thumbnailUrl\":\"https:\\\/\\\/www.p31noticias.com.br\\\/wp-content\\\/uploads\\\/2024\\\/06\\\/fullbanner-movimente-se-viver-60-1.jpg\",\"articleSection\":[\"Bras\u00edlia\"],\"inLanguage\":\"pt-BR\",\"potentialAction\":[{\"@type\":\"CommentAction\",\"name\":\"Comment\",\"target\":[\"https:\\\/\\\/www.p31noticias.com.br\\\/?p=53745#respond\"]}],\"copyrightYear\":\"2024\",\"copyrightHolder\":{\"@id\":\"https:\\\/\\\/www.p31noticias.com.br\\\/#organization\"}},{\"@type\":\"WebPage\",\"@id\":\"https:\\\/\\\/www.p31noticias.com.br\\\/?p=53745\",\"url\":\"https:\\\/\\\/www.p31noticias.com.br\\\/?p=53745\",\"name\":\"A\u00e7\u00e3o no Parque da Cidade ter\u00e1 foco na prote\u00e7\u00e3o \u00e0 pessoa idosa - P31\",\"isPartOf\":{\"@id\":\"https:\\\/\\\/www.p31noticias.com.br\\\/#website\"},\"primaryImageOfPage\":{\"@id\":\"https:\\\/\\\/www.p31noticias.com.br\\\/?p=53745#primaryimage\"},\"image\":{\"@id\":\"https:\\\/\\\/www.p31noticias.com.br\\\/?p=53745#primaryimage\"},\"thumbnailUrl\":\"https:\\\/\\\/www.p31noticias.com.br\\\/wp-content\\\/uploads\\\/2024\\\/06\\\/fullbanner-movimente-se-viver-60-1.jpg\",\"datePublished\":\"2024-06-11T01:22:38+00:00\",\"author\":{\"@id\":\"https:\\\/\\\/www.p31noticias.com.br\\\/#\\\/schema\\\/person\\\/95f2ece30e3b4132065b915150cd0f94\"},\"breadcrumb\":{\"@id\":\"https:\\\/\\\/www.p31noticias.com.br\\\/?p=53745#breadcrumb\"},\"inLanguage\":\"pt-BR\",\"potentialAction\":[{\"@type\":\"ReadAction\",\"target\":[\"https:\\\/\\\/www.p31noticias.com.br\\\/?p=53745\"]}]},{\"@type\":\"ImageObject\",\"inLanguage\":\"pt-BR\",\"@id\":\"https:\\\/\\\/www.p31noticias.com.br\\\/?p=53745#primaryimage\",\"url\":\"https:\\\/\\\/www.p31noticias.com.br\\\/wp-content\\\/uploads\\\/2024\\\/06\\\/fullbanner-movimente-se-viver-60-1.jpg\",\"contentUrl\":\"https:\\\/\\\/www.p31noticias.com.br\\\/wp-content\\\/uploads\\\/2024\\\/06\\\/fullbanner-movimente-se-viver-60-1.jpg\",\"width\":750,\"height\":420},{\"@type\":\"BreadcrumbList\",\"@id\":\"https:\\\/\\\/www.p31noticias.com.br\\\/?p=53745#breadcrumb\",\"itemListElement\":[{\"@type\":\"ListItem\",\"position\":1,\"name\":\"In\u00edcio\",\"item\":\"https:\\\/\\\/www.p31noticias.com.br\\\/\"},{\"@type\":\"ListItem\",\"position\":2,\"name\":\"A\u00e7\u00e3o no Parque da Cidade ter\u00e1 foco na prote\u00e7\u00e3o \u00e0 pessoa idosa\"}]},{\"@type\":\"WebSite\",\"@id\":\"https:\\\/\\\/www.p31noticias.com.br\\\/#website\",\"url\":\"https:\\\/\\\/www.p31noticias.com.br\\\/\",\"name\":\"P31\",\"description\":\"NOT\u00cdCIAS\",\"potentialAction\":[{\"@type\":\"SearchAction\",\"target\":{\"@type\":\"EntryPoint\",\"urlTemplate\":\"https:\\\/\\\/www.p31noticias.com.br\\\/?s={search_term_string}\"},\"query-input\":{\"@type\":\"PropertyValueSpecification\",\"valueRequired\":true,\"valueName\":\"search_term_string\"}}],\"inLanguage\":\"pt-BR\"},{\"@type\":\"Person\",\"@id\":\"https:\\\/\\\/www.p31noticias.com.br\\\/#\\\/schema\\\/person\\\/95f2ece30e3b4132065b915150cd0f94\",\"name\":\"Gon\u00e7alves Junior\",\"image\":{\"@type\":\"ImageObject\",\"inLanguage\":\"pt-BR\",\"@id\":\"https:\\\/\\\/secure.gravatar.com\\\/avatar\\\/6711f350116a89762687a48d66f723c799e5438a5b7578508d4294cd7a5d0800?s=96&d=mm&r=g\",\"url\":\"https:\\\/\\\/secure.gravatar.com\\\/avatar\\\/6711f350116a89762687a48d66f723c799e5438a5b7578508d4294cd7a5d0800?s=96&d=mm&r=g\",\"contentUrl\":\"https:\\\/\\\/secure.gravatar.com\\\/avatar\\\/6711f350116a89762687a48d66f723c799e5438a5b7578508d4294cd7a5d0800?s=96&d=mm&r=g\",\"caption\":\"Gon\u00e7alves Junior\"},\"url\":\"https:\\\/\\\/www.p31noticias.com.br\\\/?author=2\"}]}<\/script>\n<!-- \/ Yoast SEO Premium plugin. -->","yoast_head_json":{"title":"A\u00e7\u00e3o no Parque da Cidade ter\u00e1 foco na prote\u00e7\u00e3o \u00e0 pessoa idosa - P31","robots":{"index":"index","follow":"follow","max-snippet":"max-snippet:-1","max-image-preview":"max-image-preview:large","max-video-preview":"max-video-preview:-1"},"canonical":"https:\/\/www.p31noticias.com.br\/?p=53745","og_locale":"pt_BR","og_type":"article","og_title":"A\u00e7\u00e3o no Parque da Cidade ter\u00e1 foco na prote\u00e7\u00e3o \u00e0 pessoa idosa","og_description":"Evento Movimente-se: Viver 60+, promovido pela Sejus, ser\u00e1 realizado no s\u00e1bado (15), com servi\u00e7os de sa\u00fade e atividades como conversas, caminhada e auriculoterapia Em alus\u00e3o ao Dia Mundial de Conscientiza\u00e7\u00e3o e Combate \u00e0 Viol\u00eancia contra a Pessoa Idosa, a Secretaria de Justi\u00e7a e Cidadania (Sejus), por meio da Subsecretaria de Pol\u00edticas para Idosos (Subidoso), vai [&hellip;]","og_url":"https:\/\/www.p31noticias.com.br\/?p=53745","og_site_name":"P31","article_published_time":"2024-06-11T01:22:38+00:00","og_image":[{"width":750,"height":420,"url":"https:\/\/www.p31noticias.com.br\/wp-content\/uploads\/2024\/06\/fullbanner-movimente-se-viver-60-1.jpg","type":"image\/jpeg"}],"author":"Gon\u00e7alves Junior","twitter_card":"summary_large_image","twitter_misc":{"Escrito por":"Gon\u00e7alves Junior","Est. tempo de leitura":"3 minutos"},"schema":{"@context":"https:\/\/schema.org","@graph":[{"@type":"Article","@id":"https:\/\/www.p31noticias.com.br\/?p=53745#article","isPartOf":{"@id":"https:\/\/www.p31noticias.com.br\/?p=53745"},"author":{"name":"Gon\u00e7alves Junior","@id":"https:\/\/www.p31noticias.com.br\/#\/schema\/person\/95f2ece30e3b4132065b915150cd0f94"},"headline":"A\u00e7\u00e3o no Parque da Cidade ter\u00e1 foco na prote\u00e7\u00e3o \u00e0 pessoa idosa","datePublished":"2024-06-11T01:22:38+00:00","mainEntityOfPage":{"@id":"https:\/\/www.p31noticias.com.br\/?p=53745"},"wordCount":530,"commentCount":0,"image":{"@id":"https:\/\/www.p31noticias.com.br\/?p=53745#primaryimage"},"thumbnailUrl":"https:\/\/www.p31noticias.com.br\/wp-content\/uploads\/2024\/06\/fullbanner-movimente-se-viver-60-1.jpg","articleSection":["Bras\u00edlia"],"inLanguage":"pt-BR","potentialAction":[{"@type":"CommentAction","name":"Comment","target":["https:\/\/www.p31noticias.com.br\/?p=53745#respond"]}],"copyrightYear":"2024","copyrightHolder":{"@id":"https:\/\/www.p31noticias.com.br\/#organization"}},{"@type":"WebPage","@id":"https:\/\/www.p31noticias.com.br\/?p=53745","url":"https:\/\/www.p31noticias.com.br\/?p=53745","name":"A\u00e7\u00e3o no Parque da Cidade ter\u00e1 foco na prote\u00e7\u00e3o \u00e0 pessoa idosa - P31","isPartOf":{"@id":"https:\/\/www.p31noticias.com.br\/#website"},"primaryImageOfPage":{"@id":"https:\/\/www.p31noticias.com.br\/?p=53745#primaryimage"},"image":{"@id":"https:\/\/www.p31noticias.com.br\/?p=53745#primaryimage"},"thumbnailUrl":"https:\/\/www.p31noticias.com.br\/wp-content\/uploads\/2024\/06\/fullbanner-movimente-se-viver-60-1.jpg","datePublished":"2024-06-11T01:22:38+00:00","author":{"@id":"https:\/\/www.p31noticias.com.br\/#\/schema\/person\/95f2ece30e3b4132065b915150cd0f94"},"breadcrumb":{"@id":"https:\/\/www.p31noticias.com.br\/?p=53745#breadcrumb"},"inLanguage":"pt-BR","potentialAction":[{"@type":"ReadAction","target":["https:\/\/www.p31noticias.com.br\/?p=53745"]}]},{"@type":"ImageObject","inLanguage":"pt-BR","@id":"https:\/\/www.p31noticias.com.br\/?p=53745#primaryimage","url":"https:\/\/www.p31noticias.com.br\/wp-content\/uploads\/2024\/06\/fullbanner-movimente-se-viver-60-1.jpg","contentUrl":"https:\/\/www.p31noticias.com.br\/wp-content\/uploads\/2024\/06\/fullbanner-movimente-se-viver-60-1.jpg","width":750,"height":420},{"@type":"BreadcrumbList","@id":"https:\/\/www.p31noticias.com.br\/?p=53745#breadcrumb","itemListElement":[{"@type":"ListItem","position":1,"name":"In\u00edcio","item":"https:\/\/www.p31noticias.com.br\/"},{"@type":"ListItem","position":2,"name":"A\u00e7\u00e3o no Parque da Cidade ter\u00e1 foco na prote\u00e7\u00e3o \u00e0 pessoa idosa"}]},{"@type":"WebSite","@id":"https:\/\/www.p31noticias.com.br\/#website","url":"https:\/\/www.p31noticias.com.br\/","name":"P31","description":"NOT\u00cdCIAS","potentialAction":[{"@type":"SearchAction","target":{"@type":"EntryPoint","urlTemplate":"https:\/\/www.p31noticias.com.br\/?s={search_term_string}"},"query-input":{"@type":"PropertyValueSpecification","valueRequired":true,"valueName":"search_term_string"}}],"inLanguage":"pt-BR"},{"@type":"Person","@id":"https:\/\/www.p31noticias.com.br\/#\/schema\/person\/95f2ece30e3b4132065b915150cd0f94","name":"Gon\u00e7alves Junior","image":{"@type":"ImageObject","inLanguage":"pt-BR","@id":"https:\/\/secure.gravatar.com\/avatar\/6711f350116a89762687a48d66f723c799e5438a5b7578508d4294cd7a5d0800?s=96&d=mm&r=g","url":"https:\/\/secure.gravatar.com\/avatar\/6711f350116a89762687a48d66f723c799e5438a5b7578508d4294cd7a5d0800?s=96&d=mm&r=g","contentUrl":"https:\/\/secure.gravatar.com\/avatar\/6711f350116a89762687a48d66f723c799e5438a5b7578508d4294cd7a5d0800?s=96&d=mm&r=g","caption":"Gon\u00e7alves Junior"},"url":"https:\/\/www.p31noticias.com.br\/?author=2"}]}},"amp_enabled":true,"_links":{"self":[{"href":"https:\/\/www.p31noticias.com.br\/index.php?rest_route=\/wp\/v2\/posts\/53745","targetHints":{"allow":["GET"]}}],"collection":[{"href":"https:\/\/www.p31noticias.com.br\/index.php?rest_route=\/wp\/v2\/posts"}],"about":[{"href":"https:\/\/www.p31noticias.com.br\/index.php?rest_route=\/wp\/v2\/types\/post"}],"author":[{"embeddable":true,"href":"https:\/\/www.p31noticias.com.br\/index.php?rest_route=\/wp\/v2\/users\/2"}],"replies":[{"embeddable":true,"href":"https:\/\/www.p31noticias.com.br\/index.php?rest_route=%2Fwp%2Fv2%2Fcomments&post=53745"}],"version-history":[{"count":1,"href":"https:\/\/www.p31noticias.com.br\/index.php?rest_route=\/wp\/v2\/posts\/53745\/revisions"}],"predecessor-version":[{"id":53747,"href":"https:\/\/www.p31noticias.com.br\/index.php?rest_route=\/wp\/v2\/posts\/53745\/revisions\/53747"}],"wp:featuredmedia":[{"embeddable":true,"href":"https:\/\/www.p31noticias.com.br\/index.php?rest_route=\/wp\/v2\/media\/53746"}],"wp:attachment":[{"href":"https:\/\/www.p31noticias.com.br\/index.php?rest_route=%2Fwp%2Fv2%2Fmedia&parent=53745"}],"wp:term":[{"taxonomy":"category","embeddable":true,"href":"https:\/\/www.p31noticias.com.br\/index.php?rest_route=%2Fwp%2Fv2%2Fcategories&post=53745"},{"taxonomy":"post_tag","embeddable":true,"href":"https:\/\/www.p31noticias.com.br\/index.php?rest_route=%2Fwp%2Fv2%2Ftags&post=53745"}],"curies":[{"name":"wp","href":"https:\/\/api.w.org\/{rel}","templated":true}]}}